{"id":99308,"date":"2025-05-12T05:41:51","date_gmt":"2025-05-12T11:41:51","guid":{"rendered":"https:\/\/losperiodistas.com.mx\/portal\/?p=99308"},"modified":"2025-05-12T05:41:53","modified_gmt":"2025-05-12T11:41:53","slug":"hallan-cajas-con-pasaportes-y-documentacion-nazis-ocultas-desde-1941-ld","status":"publish","type":"post","link":"https:\/\/losperiodistas.com.mx\/portal\/hallan-cajas-con-pasaportes-y-documentacion-nazis-ocultas-desde-1941-ld\/","title":{"rendered":"Hallan cajas con pasaportes y documentaci\u00f3n nazis ocultas desde 1941 | LD"},"content":{"rendered":"\n<h2 class=\"wp-block-heading\">Fueron encontrados en dependencias de la Corte Suprema de Argentina y revelar\u00edan informaci\u00f3n crucial sobre financiaci\u00f3n.<\/h2>\n\n\n\n<figure class=\"wp-block-image size-full\"><img fetchpriority=\"high\" decoding=\"async\" width=\"697\" height=\"465\" src=\"https:\/\/losperiodistas.com.mx\/portal\/wp-content\/uploads\/2025\/05\/cajas-nazi-argentina.jpg.webp\" alt=\"\" class=\"wp-image-99309\" srcset=\"https:\/\/losperiodistas.com.mx\/portal\/wp-content\/uploads\/2025\/05\/cajas-nazi-argentina.jpg.webp 697w, https:\/\/losperiodistas.com.mx\/portal\/wp-content\/uploads\/2025\/05\/cajas-nazi-argentina.jpg-300x200.webp 300w\" sizes=\"(max-width: 697px) 100vw, 697px\" \/><figcaption class=\"wp-element-caption\">Hallan documentos relativos al nazismo en la Corte Suprema de Argentina. |\u00a0EFE<\/figcaption><\/figure>\n\n\n\n<p><\/p>\n\n\n\n<p class=\"has-vivid-red-color has-text-color has-link-color has-medium-font-size wp-elements-5ce6b0d7e54241a2a45f8f7094308b80\"><strong>Agencias \/ Libertad Digital<\/strong><\/p>\n\n\n\n<p>Varias cajas con&nbsp;<strong>libretas, postales, fotos y material de propaganda del nazismo<\/strong>&nbsp;que llegaron a Argentina en 1941 como parte de un env\u00edo diplom\u00e1tico alem\u00e1n fueron halladas recientemente en dependencias de la Corte Suprema del pa\u00eds suramericano, seg\u00fan informaron este domingo fuentes judiciales.<\/p>\n\n\n\n<p>El material fue encontrado&nbsp;<strong>de manera fortuita<\/strong>, en medio de las tareas para la creaci\u00f3n del museo del m\u00e1ximo tribunal y el traslado de documentaci\u00f3n de su archivo.<\/p>\n\n\n\n<p>Seg\u00fan inform\u00f3 la Corte, al abrir una de las cajas, se identific\u00f3 \u00abmaterial destinado a&nbsp;<strong>consolidar y propagar la ideolog\u00eda\u00bb de Adolf Hitler<\/strong>&nbsp;(1889-1945) en Argentina, en plena Segunda Guerra Mundial (1939-1945).<\/p>\n\n\n\n<p>El presidente del Supremo argentino, Horacio Rosatti, procedi\u00f3 el viernes pasado a la apertura formal de las cajas en el Palacio de Tribunales, ante la presencia de representantes de la Asociaci\u00f3n Mutual Israelita Argentina (AMIA) y del Museo del Holocausto de Buenos Aires y de investigadores y expertos en conservaci\u00f3n y restauraci\u00f3n.<\/p>\n\n\n\n<h3 class=\"wp-block-heading\">Env\u00edo diplom\u00e1tico desde Jap\u00f3n<\/h3>\n\n\n\n<p>La historia de estas cajas se remonta al 20 de junio de 1941, con la llegada a Buenos Aires de 83 bultos&nbsp;<strong>enviados por la embajada alemana en Tokio<\/strong>&nbsp;a bordo del vapor japon\u00e9s Nan-a-Maru.<\/p>\n\n\n\n<p>La representaci\u00f3n diplom\u00e1tica de Alemania en Argentina hab\u00eda declarado el contenido del env\u00edo como \u00abefectos personales\u00bb para los miembros de la embajada, solicitando su \u00ablibre despacho\u00bb.<\/p>\n\n\n\n<p>Pero la Divisi\u00f3n de Aduanas y Puertos de Argentina detuvo su ingreso y dio intervenci\u00f3n al entonces canciller Enrique Ruiz Gui\u00f1az\u00fa, al que alert\u00f3 sobre \u00abposibles inconvenientes dada la cantidad y la potencial naturaleza del material, que podr\u00edan afectar la neutralidad argentina ante el conflicto\u00bb b\u00e9lico, seg\u00fan inform\u00f3 la Corte Suprema.<\/p>\n\n\n\n<p>En ese momento, Argentina era gobernada por el presidente&nbsp;<strong>Roberto Marcelino Ortiz<\/strong>&nbsp;(1938-1942), que en septiembre de 1939 emiti\u00f3 un decreto declarando la neutralidad del pa\u00eds suramericano ante la guerra desatada en Europa.<\/p>\n\n\n\n<p>Ante la llegada de las cajas a Buenos Aires, la Comisi\u00f3n Especial Investigadora de las Actividades Antiargentinas, dependiente de la C\u00e1mara de Diputados, que funcion\u00f3 entre 1941 y 1943, tom\u00f3 cartas en el asunto.<\/p>\n\n\n\n<p>El diputado radical Ra\u00fal Damonte Taborda, presidente de esa comisi\u00f3n, solicit\u00f3 a la Aduana informaci\u00f3n sobre los env\u00edos en el vapor japon\u00e9s. El 8 de agosto de 1941, representantes de la Aduana, la Canciller\u00eda y la comisi\u00f3n parlamentaria abrieron cinco cajas al azar.<\/p>\n\n\n\n<p>En su interior encontraron postales, fotograf\u00edas y material propagand\u00edstico del r\u00e9gimen nazi, as\u00ed como&nbsp;<strong>miles de libretas pertenecientes a la Organizaci\u00f3n del Partido Nacionalsocialista Obrero Alem\u00e1n<\/strong>&nbsp;en el exterior y a la Uni\u00f3n Alemana de Gremios.<\/p>\n\n\n\n<h3 class=\"wp-block-heading\">Intervenci\u00f3n judicial<\/h3>\n\n\n\n<p>Los representantes diplom\u00e1ticos alemanes pidieron que les devolvieran las cajas para reenviarlas a su embajada en Tokio. El Gobierno argentino se mostr\u00f3 a favor de esa solicitud, pero la comisi\u00f3n investigadora recurri\u00f3 a la Justicia para impedirlo ante la presencia de \u00abpropaganda antidemocr\u00e1tica y lesiva para las naciones aliadas de Argentina\u00bb.<\/p>\n\n\n\n<p>El juez federal Miguel Luciano Jantus orden\u00f3 la incautaci\u00f3n de las encomiendas el 13 de septiembre de 1941.<\/p>\n\n\n\n<p>Tres d\u00edas despu\u00e9s, el 16 de septiembre de 1941, el magistrado remiti\u00f3 la causa a la Corte Suprema, al tratarse de un asunto que involucraba directamente a un pa\u00eds extranjero y, por lo tanto, de competencia del m\u00e1ximo tribunal.<\/p>\n\n\n\n<p>Seg\u00fan inform\u00f3 este domingo el Supremo, la mudanza de los archivos para l<strong>a futura instalaci\u00f3n del museo de la Corte<\/strong>&nbsp;llev\u00f3 a funcionarios a toparse con estas cajas que estaban arrumbadas en el subsuelo del edificio de los Tribunales, en Buenos Aires.<\/p>\n\n\n\n<p>Rosatti dispuso el traslado del material a una sala especialmente acondicionada en el cuarto piso del Palacio de Tribunales, con medidas de seguridad reforzadas.<\/p>\n\n\n\n<p>\u00abA partir de ahora, comenzar\u00e1 un inventario para relevar la documentaci\u00f3n. El objetivo principal es realizar un minucioso relevamiento para determinar si el material contiene informaci\u00f3n crucial sobre el Holocausto y si las pistas encontradas pueden arrojar luz sobre aspectos a\u00fan desconocidos, como la ruta del dinero nazi a nivel global\u00bb, indic\u00f3 la Corte<\/p>\n\n\n\n<p>Fuente: <a href=\"https:\/\/www.libertaddigital.com\/cultura\/historia\/2025-05-12\/hallan-cajas-con-pasaportes-y-documentacion-nazis-ocultas-desde-1941-7253115\/\">https:\/\/www.libertaddigital.com\/cultura\/historia\/2025-05-12\/hallan-cajas-con-pasaportes-y-documentacion-nazis-ocultas-desde-1941-7253115\/<\/a><\/p>\n","protected":false},"excerpt":{"rendered":"<p>Fueron encontrados en dependencias de la Corte Suprema de Argentina y revelar\u00edan informaci\u00f3n crucial sobre financiaci\u00f3n. Agencias \/ Libertad Digital [&hellip;]<\/p>\n","protected":false},"author":1,"featured_media":99309,"comment_status":"open","ping_status":"open","sticky":false,"template":"","format":"standard","meta":{"site-sidebar-layout":"default","site-content-layout":"","ast-site-content-layout":"default","site-content-style":"default","site-sidebar-style":"default","ast-global-header-display":"","ast-banner-title-visibility":"","ast-main-header-display":"","ast-hfb-above-header-display":"","ast-hfb-below-header-display":"","ast-hfb-mobile-header-display":"","site-post-title":"","ast-breadcrumbs-content":"","ast-featured-img":"","footer-sml-layout":"","theme-transparent-header-meta":"","adv-header-id-meta":"","stick-header-meta":"","header-above-stick-meta":"","header-main-stick-meta":"","header-below-stick-meta":"","astra-migrate-meta-layouts":"default","ast-page-background-enabled":"default","ast-page-background-meta":{"desktop":{"background-color":"var(--ast-global-color-4)","background-image":"","background-repeat":"repeat","background-position":"center center","background-size":"auto","background-attachment":"scroll","background-type":"","background-media":"","overlay-type":"","overlay-color":"","overlay-opacity":"","overlay-gradient":""},"tablet":{"background-color":"","background-image":"","background-repeat":"repeat","background-position":"center center","background-size":"auto","background-attachment":"scroll","background-type":"","background-media":"","overlay-type":"","overlay-color":"","overlay-opacity":"","overlay-gradient":""},"mobile":{"background-color":"","background-image":"","background-repeat":"repeat","background-position":"center center","background-size":"auto","background-attachment":"scroll","background-type":"","background-media":"","overlay-type":"","overlay-color":"","overlay-opacity":"","overlay-gradient":""}},"ast-content-background-meta":{"desktop":{"background-color":"var(--ast-global-color-5)","background-image":"","background-repeat":"repeat","background-position":"center center","background-size":"auto","background-attachment":"scroll","background-type":"","background-media":"","overlay-type":"","overlay-color":"","overlay-opacity":"","overlay-gradient":""},"tablet":{"background-color":"var(--ast-global-color-5)","background-image":"","background-repeat":"repeat","background-position":"center center","background-size":"auto","background-attachment":"scroll","background-type":"","background-media":"","overlay-type":"","overlay-color":"","overlay-opacity":"","overlay-gradient":""},"mobile":{"background-color":"var(--ast-global-color-5)","background-image":"","background-repeat":"repeat","background-position":"center center","background-size":"auto","background-attachment":"scroll","background-type":"","background-media":"","overlay-type":"","overlay-color":"","overlay-opacity":"","overlay-gradient":""}},"footnotes":""},"categories":[8],"tags":[38314,38313,38312,38311],"class_list":["post-99308","post","type-post","status-publish","format-standard","has-post-thumbnail","hentry","category-noticias","tag-argentina-nazis","tag-financiacion-nazi","tag-pasaportes-nazis","tag-propaganda-nazi"],"_links":{"self":[{"href":"https:\/\/losperiodistas.com.mx\/portal\/wp-json\/wp\/v2\/posts\/99308","targetHints":{"allow":["GET"]}}],"collection":[{"href":"https:\/\/losperiodistas.com.mx\/portal\/wp-json\/wp\/v2\/posts"}],"about":[{"href":"https:\/\/losperiodistas.com.mx\/portal\/wp-json\/wp\/v2\/types\/post"}],"author":[{"embeddable":true,"href":"https:\/\/losperiodistas.com.mx\/portal\/wp-json\/wp\/v2\/users\/1"}],"replies":[{"embeddable":true,"href":"https:\/\/losperiodistas.com.mx\/portal\/wp-json\/wp\/v2\/comments?post=99308"}],"version-history":[{"count":1,"href":"https:\/\/losperiodistas.com.mx\/portal\/wp-json\/wp\/v2\/posts\/99308\/revisions"}],"predecessor-version":[{"id":99310,"href":"https:\/\/losperiodistas.com.mx\/portal\/wp-json\/wp\/v2\/posts\/99308\/revisions\/99310"}],"wp:featuredmedia":[{"embeddable":true,"href":"https:\/\/losperiodistas.com.mx\/portal\/wp-json\/wp\/v2\/media\/99309"}],"wp:attachment":[{"href":"https:\/\/losperiodistas.com.mx\/portal\/wp-json\/wp\/v2\/media?parent=99308"}],"wp:term":[{"taxonomy":"category","embeddable":true,"href":"https:\/\/losperiodistas.com.mx\/portal\/wp-json\/wp\/v2\/categories?post=99308"},{"taxonomy":"post_tag","embeddable":true,"href":"https:\/\/losperiodistas.com.mx\/portal\/wp-json\/wp\/v2\/tags?post=99308"}],"curies":[{"name":"wp","href":"https:\/\/api.w.org\/{rel}","templated":true}]}}