{"id":99296,"date":"2025-05-11T09:10:03","date_gmt":"2025-05-11T15:10:03","guid":{"rendered":"https:\/\/losperiodistas.com.mx\/portal\/?p=99296"},"modified":"2025-05-11T09:11:48","modified_gmt":"2025-05-11T15:11:48","slug":"silvio-garattini-el-oncologo-de-96-anos-que-no-toma-medicinas-yo-jamas-almuerzo-pero-no-le-digo-que-no-a-un-postre-el-espanol","status":"publish","type":"post","link":"https:\/\/losperiodistas.com.mx\/portal\/silvio-garattini-el-oncologo-de-96-anos-que-no-toma-medicinas-yo-jamas-almuerzo-pero-no-le-digo-que-no-a-un-postre-el-espanol\/","title":{"rendered":"Silvio Garattini, el onc\u00f3logo de 96 a\u00f1os que no toma medicinas: \u00abYo jam\u00e1s almuerzo, pero no le digo que no a un postre\u00bb | El Espa\u00f1ol"},"content":{"rendered":"\n<h2 class=\"wp-block-heading\">Destaca mantener una buena alimentaci\u00f3n, realizar ejercicio y mantener una activa vida social como h\u00e1bitos claves para llegar a su edad.<\/h2>\n\n\n\n<h2 class=\"wp-block-heading has-medium-font-size\"><strong>M\u00e1s informaci\u00f3n:&nbsp;<\/strong><a href=\"https:\/\/www.elespanol.com\/ciencia\/salud\/20250306\/experta-longevidad-nutriente-ignorado-espana-ayudara-vivir-forma-saludable\/928657625_0.html?utm_cmp_rs=subtitle\">Soy experta en longevidad y estas son los cinco secretos ignorados en Espa\u00f1a para prolongar la vida<\/a><\/h2>\n\n\n\n<p><strong><a href=\"https:\/\/www.elespanol.com\/autor\/vicent_selva\/?utm_cmp_rs=authorpage\">Vicent Selva<\/a><\/strong><\/p>\n\n\n\n<figure class=\"wp-block-image size-large\"><img fetchpriority=\"high\" decoding=\"async\" width=\"1024\" height=\"576\" src=\"https:\/\/losperiodistas.com.mx\/portal\/wp-content\/uploads\/2025\/05\/1003743751355_255469829_1706x960-1024x576.webp\" alt=\"\" class=\"wp-image-99297\" srcset=\"https:\/\/losperiodistas.com.mx\/portal\/wp-content\/uploads\/2025\/05\/1003743751355_255469829_1706x960-1024x576.webp 1024w, https:\/\/losperiodistas.com.mx\/portal\/wp-content\/uploads\/2025\/05\/1003743751355_255469829_1706x960-300x169.webp 300w, https:\/\/losperiodistas.com.mx\/portal\/wp-content\/uploads\/2025\/05\/1003743751355_255469829_1706x960-768x432.webp 768w, https:\/\/losperiodistas.com.mx\/portal\/wp-content\/uploads\/2025\/05\/1003743751355_255469829_1706x960-1536x864.webp 1536w, https:\/\/losperiodistas.com.mx\/portal\/wp-content\/uploads\/2025\/05\/1003743751355_255469829_1706x960.webp 1706w\" sizes=\"(max-width: 1024px) 100vw, 1024px\" \/><figcaption class=\"wp-element-caption\">El cient\u00edfico y onc\u00f3logo Silvio Garattini.\u00a0E.E.<\/figcaption><\/figure>\n\n\n\n<p class=\"has-vivid-red-color has-text-color has-link-color has-medium-font-size wp-elements-4d665f4cc0f3fd576964b0e6bee08064\"><strong><a href=\"https:\/\/www.elespanol.com\/autor\/vicent_selva\/?utm_cmp_rs=authorpage\">Vicent Selva<\/a> \/ El Espa\u00f1ol<\/strong><\/p>\n\n\n\n<p id=\"paragraph_1\">La humanidad siempre ha so\u00f1ado con desafiar el tiempo, alargando su existencia hasta rozar la&nbsp;<a href=\"https:\/\/www.elespanol.com\/ciencia\/salud\/reglas-oro-harvard-alargar-vida-nadie-cumple-espana\/827667517_0.html?utm_cmp_rs=linksinline\">inmortalidad<\/a>. Para muchos, la certeza de la&nbsp;<a href=\"https:\/\/www.elespanol.com\/ciencia\/salud\/20250107\/siente-piensa-justo-momento-morir-dice-ciencia\/913659077_0.html?utm_cmp_rs=linksinline\">muerte<\/a>, el saber que todo tiene un final, resulta aterradora. Sin embargo, m\u00e1s all\u00e1 del deseo ut\u00f3pico de vivir para siempre, surgen preguntas fundamentales:&nbsp;<strong>\u00bfc\u00f3mo llegar a una edad avanzada en buenas condiciones<\/strong>? \u00bfPara qu\u00e9 alargar la vida si no se puede disfrutar plenamente?<\/p>\n\n\n\n<p id=\"paragraph_2\">Hoy, m\u00e1s que nunca, no solo aspiramos a vivir m\u00e1s, sino a vivir mejor. La longevidad, por s\u00ed sola, no basta;&nbsp;<strong>lo esencial es alcanzar la vejez con salud, vitalidad y calidad de vida<\/strong>, para evitar que cada a\u00f1o a\u00f1adido no sea m\u00e1s que una carga. Un tema de gran inter\u00e9s, no solo cient\u00edfico, sino tambi\u00e9n \u00e9tico y filos\u00f3fico, sobre el que ha hablado&nbsp;<strong>Silvio Garattini, prestigioso cient\u00edfico y onc\u00f3logo de 96 a\u00f1os<\/strong>, en algunas entrevistas al diario italiano&nbsp;<em>Corriere della Sera<\/em>.<\/p>\n\n\n\n<p id=\"paragraph_3\">En su larga trayectoria cient\u00edfica, destaca la fundaci\u00f3n del&nbsp;<strong>Instituto de Investigaciones Farmacol\u00f3gicas \u00abMario Negri\u00bb<\/strong>, en Mil\u00e1n. Desde esta instituci\u00f3n, ha desarrollado importantes&nbsp;<strong>investigaciones sobre los medicamentos<\/strong>&nbsp;que tomamos habitualmente, lo que le ha permitido conocer a fondo cu\u00e1les son algunas de las principales claves para vivir m\u00e1s y, sobre todo, mejor: prevenci\u00f3n, ejercicio y mantener la mente activa.<\/p>\n\n\n\n<h3 class=\"wp-block-heading\">La prevenci\u00f3n es la base<\/h3>\n\n\n\n<p id=\"paragraph_4\">Para Garattini, la base de una buena salud no reside \u00fanicamente en la capacidad de tratar enfermedades, sino en prevenirlas antes de que aparezcan. Sin embargo, lamenta que el sistema sanitario actual se haya orientado principalmente hacia la prescripci\u00f3n de f\u00e1rmacos, convirti\u00e9ndose en un negocio m\u00e1s que en una herramienta de bienestar.&nbsp;<strong>\u00abLa medicina se ha convertido en un mercado: demasiados medicamentos y, a menudo, recetados innecesariamente\u00bb,<\/strong>&nbsp;afirma.<\/p>\n\n\n\n<p id=\"paragraph_5\">Uno de los ejemplos m\u00e1s claros es la diabetes, que afecta a 3,7 millones de personas en Italia, su pa\u00eds natal. \u00abEs una enfermedad preferible, pero seguimos sin priorizar la prevenci\u00f3n\u00bb, explica. \u00abItalia es el pa\u00eds de la Uni\u00f3n Europea con el mayor n\u00famero de personas mayores. Pero&nbsp;<strong>si nos fijamos en la esperanza de vida saludable, bajamos mucho en el r\u00e1nking<\/strong>\u201d, advierte.<\/p>\n\n\n\n<p id=\"paragraph_6\">Su propuesta es clara:<strong>&nbsp;la educaci\u00f3n en salud debe comenzar desde la infancia, con clases semanales en las escuelas<\/strong>, y extenderse a la formaci\u00f3n de m\u00e9dicos y directivos del sistema sanitario. \u00abNo tenemos una Escuela Superior de Salud, los directivos muchas veces son solo amigos de los pol\u00edticos. Y tambi\u00e9n necesitamos hablar de salud en el aula, una hora a la semana ser\u00eda suficiente\u00bb, sostiene.<\/p>\n\n\n\n<p id=\"paragraph_7\">Su enfoque minimalista respecto a los medicamentos tambi\u00e9n es evidente en su vida personal: no ha tomado antibi\u00f3ticos en 40 a\u00f1os y el \u00fanico f\u00e1rmaco que ha necesitado recientemente ha sido un anticoagulante debido a una leve fibrilaci\u00f3n auricular. \u00ab<strong>Si los necesitara, los tomar\u00eda. Pero no tiene sentido contratarlos con fines propagand\u00edsticos<\/strong>\u00ab, afirma.<\/p>\n\n\n\n<h3 class=\"wp-block-heading\">Actividad f\u00edsica, alimentaci\u00f3n y vida social<\/h3>\n\n\n\n<p id=\"paragraph_8\">Entre los h\u00e1bitos que le han permitido alcanzar la cuarta edad en un estado \u00f3ptimo, destaca la actividad f\u00edsica diaria. A pesar de su avanzada edad,&nbsp;<strong>sigue caminando cinco kil\u00f3metros a paso r\u00e1pido cada d\u00eda<\/strong>, un ejercicio que considera fundamental tanto para el cuerpo como para la mente.\u00bbNo ayuda solo al f\u00edsico, sino tambi\u00e9n a la mente. Para m\u00ed, es una especie de meditaci\u00f3n\u00bb, comenta.<\/p>\n\n\n\n<figure class=\"wp-block-image\"><img decoding=\"async\" src=\"https:\/\/s1.elespanol.com\/2025\/03\/07\/actualidad\/929418023_253726079_1024x576.jpg\" alt=\"\"\/><\/figure>\n\n\n\n<p><a href=\"https:\/\/www.elespanol.com\/ciencia\/salud\/20250311\/adios-pasos-nuevos-ejercicios-cuidar-corazon-alargar-vida-recomiendan-espana\/929407582_0.html?utm_cmp_rs=relatednewsinline\">Adi\u00f3s a los 10.000 pasos: los nuevos ejercicios para cuidar el coraz\u00f3n y alargar la vida que se recomiendan en Espa\u00f1a<\/a><\/p>\n\n\n\n<p id=\"paragraph_9\">Su alimentaci\u00f3n sigue las&nbsp;<strong>bases de la dieta mediterr\u00e1nea, con un consumo equilibrado de frutas, verduras, pescado e hidratos de carbono complejos<\/strong>, reduciendo la carne y las grasas. No suele almorzar y asegura que las calor\u00edas deben ser proporcionales a la actividad que se realiza. \u00abLa alimentaci\u00f3n debe ser variada y moderada. Yo, por ejemplo, no almuerzo. Las calor\u00edas deben estar en proporci\u00f3n con la actividad que realizamos\u00bb, explica.&nbsp;Eso s\u00ed, no comparte la ac\u00e9rrima oposici\u00f3n al az\u00facar, siempre que se tome con moderaci\u00f3n. \u00abEl cerebro necesita 90 gramos de az\u00facar al d\u00eda, incluidos az\u00facares simples y complejos.&nbsp;<strong>Por ejemplo, nunca digo que no a un peque\u00f1o postre por la noche\u00bb.<\/strong><\/p>\n\n\n\n<p id=\"paragraph_10\">Pero, adem\u00e1s de la alimentaci\u00f3n y el ejercicio, hay otro factor clave: las relaciones sociales. \u00abEn el Instituto realizamos un estudio sobre 2.000 personas de 80 a\u00f1os seguidas durante 15 a\u00f1os.&nbsp;<strong>Aquellos que manten\u00edan pocas relaciones sociales ten\u00edan mayor riesgo de sufrir problemas cognitivos<\/strong>\u00ab, explica. En su caso, sigue trabajando todos los d\u00edas, impartiendo conferencias y participando en comit\u00e9s cient\u00edficos, pero tambi\u00e9n disfrutando del cine y del teatro.<\/p>\n\n\n\n<h3 class=\"wp-block-heading\">Los grandes enemigos de la salud<\/h3>\n\n\n\n<p id=\"paragraph_11\">Garattini ha sido un firme opositor del tabaco y el alcohol, dos factores de riesgo que, seg\u00fan \u00e9l, no reciben la suficiente atenci\u00f3n. \u00abEn Italia todav\u00eda hay 12 millones de fumadores. Los cigarrillos no solo son una causa de c\u00e1ncer de pulm\u00f3n, sino tambi\u00e9n&nbsp;<strong>un factor de riesgo para 27 enfermedades<\/strong>, incluidas las cataratas y la artritis reumatoide\u00bb, advierte.<\/p>\n\n\n\n<p id=\"paragraph_12\">Con respecto al&nbsp;<strong>alcohol<\/strong>, sostiene que a\u00fan&nbsp;<strong>no somos plenamente conscientes de su impacto negativo en la salud<\/strong>. Por ello, afirma que nunca regala botellas de vino, pues lo compara con \u00abregalar una cajetilla de cigarrillos\u00bb. En su vida personal, opta por cerveza sin alcohol y, ocasionalmente, ha probado vinos sin alcohol. \u00abEn mi opini\u00f3n, ese es el camino del futuro\u201d aventura.<\/p>\n\n\n\n<figure class=\"wp-block-image\"><img decoding=\"async\" src=\"https:\/\/s1.elespanol.com\/2024\/03\/15\/ciencia\/nutricion\/840176766_240771642_1024x576.jpg\" alt=\"\"\/><\/figure>\n\n\n\n<p><a href=\"https:\/\/www.elespanol.com\/ciencia\/nutricion\/20240319\/alcohol-malo-salud-solo-tome-copa-dice-ciencia\/840166379_0.html?utm_cmp_rs=relatednewsinline\">\u00bfEs el alcohol malo para la salud aunque solo se tome una copa? Esto es lo que dice la ciencia<\/a><\/p>\n\n\n\n<p id=\"paragraph_13\">A pesar de su longevidad, Garattini no se aferra al tiempo ni teme el futuro.\u00bbCada jornada es un equilibrio entre la conciencia de que ma\u00f1ana podr\u00eda no despertarme y la necesaria y beneficiosa planificaci\u00f3n de las cosas a medio y largo plazo\u00bb, afirma. Para \u00e9l,&nbsp;<strong>la longevidad no es cuesti\u00f3n de suerte, sino de elecciones diarias<\/strong>. Y su vida es la mejor prueba de que no basta con vivir m\u00e1s, sino que hay que vivir mejor.<\/p>\n\n\n\n<p>Fuente: <a href=\"https:\/\/www.elespanol.com\/ciencia\/salud\/20250510\/silvio-garattini-oncologo-anos-no-toma-medicinas-jamas-almuerzo-digo-postre\/1003743751350_0.html\">https:\/\/www.elespanol.com\/ciencia\/salud\/20250510\/silvio-garattini-oncologo-anos-no-toma-medicinas-jamas-almuerzo-digo-postre\/1003743751350_0.html<\/a><\/p>\n","protected":false},"excerpt":{"rendered":"<p>Destaca mantener una buena alimentaci\u00f3n, realizar ejercicio y mantener una activa vida social como h\u00e1bitos claves para llegar a su [&hellip;]<\/p>\n","protected":false},"author":1,"featured_media":99297,"comment_status":"open","ping_status":"open","sticky":false,"template":"","format":"standard","meta":{"site-sidebar-layout":"default","site-content-layout":"","ast-site-content-layout":"default","site-content-style":"default","site-sidebar-style":"default","ast-global-header-display":"","ast-banner-title-visibility":"","ast-main-header-display":"","ast-hfb-above-header-display":"","ast-hfb-below-header-display":"","ast-hfb-mobile-header-display":"","site-post-title":"","ast-breadcrumbs-content":"","ast-featured-img":"","footer-sml-layout":"","theme-transparent-header-meta":"","adv-header-id-meta":"","stick-header-meta":"","header-above-stick-meta":"","header-main-stick-meta":"","header-below-stick-meta":"","astra-migrate-meta-layouts":"default","ast-page-background-enabled":"default","ast-page-background-meta":{"desktop":{"background-color":"var(--ast-global-color-4)","background-image":"","background-repeat":"repeat","background-position":"center center","background-size":"auto","background-attachment":"scroll","background-type":"","background-media":"","overlay-type":"","overlay-color":"","overlay-opacity":"","overlay-gradient":""},"tablet":{"background-color":"","background-image":"","background-repeat":"repeat","background-position":"center center","background-size":"auto","background-attachment":"scroll","background-type":"","background-media":"","overlay-type":"","overlay-color":"","overlay-opacity":"","overlay-gradient":""},"mobile":{"background-color":"","background-image":"","background-repeat":"repeat","background-position":"center center","background-size":"auto","background-attachment":"scroll","background-type":"","background-media":"","overlay-type":"","overlay-color":"","overlay-opacity":"","overlay-gradient":""}},"ast-content-background-meta":{"desktop":{"background-color":"var(--ast-global-color-5)","background-image":"","background-repeat":"repeat","background-position":"center center","background-size":"auto","background-attachment":"scroll","background-type":"","background-media":"","overlay-type":"","overlay-color":"","overlay-opacity":"","overlay-gradient":""},"tablet":{"background-color":"var(--ast-global-color-5)","background-image":"","background-repeat":"repeat","background-position":"center center","background-size":"auto","background-attachment":"scroll","background-type":"","background-media":"","overlay-type":"","overlay-color":"","overlay-opacity":"","overlay-gradient":""},"mobile":{"background-color":"var(--ast-global-color-5)","background-image":"","background-repeat":"repeat","background-position":"center center","background-size":"auto","background-attachment":"scroll","background-type":"","background-media":"","overlay-type":"","overlay-color":"","overlay-opacity":"","overlay-gradient":""}},"footnotes":""},"categories":[8],"tags":[38304,38306,38301],"class_list":["post-99296","post","type-post","status-publish","format-standard","has-post-thumbnail","hentry","category-noticias","tag-edad-avanzada-en-buenas-c-ondiciones","tag-medicina-es-un-mercado","tag-oncologo-silvio-garattini"],"_links":{"self":[{"href":"https:\/\/losperiodistas.com.mx\/portal\/wp-json\/wp\/v2\/posts\/99296","targetHints":{"allow":["GET"]}}],"collection":[{"href":"https:\/\/losperiodistas.com.mx\/portal\/wp-json\/wp\/v2\/posts"}],"about":[{"href":"https:\/\/losperiodistas.com.mx\/portal\/wp-json\/wp\/v2\/types\/post"}],"author":[{"embeddable":true,"href":"https:\/\/losperiodistas.com.mx\/portal\/wp-json\/wp\/v2\/users\/1"}],"replies":[{"embeddable":true,"href":"https:\/\/losperiodistas.com.mx\/portal\/wp-json\/wp\/v2\/comments?post=99296"}],"version-history":[{"count":1,"href":"https:\/\/losperiodistas.com.mx\/portal\/wp-json\/wp\/v2\/posts\/99296\/revisions"}],"predecessor-version":[{"id":99298,"href":"https:\/\/losperiodistas.com.mx\/portal\/wp-json\/wp\/v2\/posts\/99296\/revisions\/99298"}],"wp:featuredmedia":[{"embeddable":true,"href":"https:\/\/losperiodistas.com.mx\/portal\/wp-json\/wp\/v2\/media\/99297"}],"wp:attachment":[{"href":"https:\/\/losperiodistas.com.mx\/portal\/wp-json\/wp\/v2\/media?parent=99296"}],"wp:term":[{"taxonomy":"category","embeddable":true,"href":"https:\/\/losperiodistas.com.mx\/portal\/wp-json\/wp\/v2\/categories?post=99296"},{"taxonomy":"post_tag","embeddable":true,"href":"https:\/\/losperiodistas.com.mx\/portal\/wp-json\/wp\/v2\/tags?post=99296"}],"curies":[{"name":"wp","href":"https:\/\/api.w.org\/{rel}","templated":true}]}}