{"id":99200,"date":"2025-05-10T09:43:37","date_gmt":"2025-05-10T15:43:37","guid":{"rendered":"https:\/\/losperiodistas.com.mx\/portal\/?p=99200"},"modified":"2025-05-10T09:43:39","modified_gmt":"2025-05-10T15:43:39","slug":"nuestra-vida-entera-gira-en-torno-a-la-conectividad-si-la-cortas-es-como-si-no-pudieras-respirar-ethic","status":"publish","type":"post","link":"https:\/\/losperiodistas.com.mx\/portal\/nuestra-vida-entera-gira-en-torno-a-la-conectividad-si-la-cortas-es-como-si-no-pudieras-respirar-ethic\/","title":{"rendered":"\u00abNuestra vida entera gira en torno a la conectividad. Si la cortas, es como si no pudieras respirar\u00bb | ethic"},"content":{"rendered":"\n<p style=\"text-decoration:underline;text-transform:uppercase\">Conversaci\u00f3n p\u00f3stuma con Daniel Dennett<\/p>\n\n\n\n<h3 class=\"wp-block-heading\">Conocido como el fil\u00f3sofo de la conciencia, Daniel Dennett (Boston, 1942 \u2013 Portland, 2024) fue uno de los pensadores sobre ciencia cognitiva m\u00e1s relevantes a nivel mundial. En esta entrevista publicada tras su muerte, Dennett reflexiona sobre la evoluci\u00f3n de la sociedad digital, los riesgos de la inteligencia artificial y un posible colapso de internet.<\/h3>\n\n\n\n<figure class=\"wp-block-image size-large\"><img fetchpriority=\"high\" decoding=\"async\" width=\"1024\" height=\"614\" src=\"https:\/\/losperiodistas.com.mx\/portal\/wp-content\/uploads\/2025\/05\/dennet-1024x614.webp\" alt=\"\" class=\"wp-image-99201\" srcset=\"https:\/\/losperiodistas.com.mx\/portal\/wp-content\/uploads\/2025\/05\/dennet-1024x614.webp 1024w, https:\/\/losperiodistas.com.mx\/portal\/wp-content\/uploads\/2025\/05\/dennet-300x180.webp 300w, https:\/\/losperiodistas.com.mx\/portal\/wp-content\/uploads\/2025\/05\/dennet-768x461.webp 768w, https:\/\/losperiodistas.com.mx\/portal\/wp-content\/uploads\/2025\/05\/dennet.webp 1500w\" sizes=\"(max-width: 1024px) 100vw, 1024px\" \/><\/figure>\n\n\n\n<p class=\"has-vivid-red-color has-text-color has-link-color has-medium-font-size wp-elements-b2ccc78f1052e2b3b1964168721aba18\"><strong>Por <a href=\"https:\/\/ethic.es\/articulistas\/esther-paniagua\">Esther Paniagua<\/a> \/ ethic<\/strong><\/p>\n\n\n\n<p>\u00abSoy un fil\u00f3sofo viejo, calvo, ateo y barbudo. Soy la persona equivocada para enviar este mensaje al mundo\u00bb. Fue lo primero que me dijo el&nbsp;<strong>cient\u00edfico cognitivo Daniel Dennett<\/strong>&nbsp;en la \u00fanica entrevista que pude hacerle antes de que falleciera el 19 de abril de 2024.<\/p>\n\n\n\n<p>Era una m\u00e1quina de generar titulares, a menudo pol\u00e9micos:&nbsp;<strong>\u00abInternet se vendr\u00e1 abajo y viviremos oleadas de p\u00e1nico\u00bb<\/strong>. Pero, \u00bfqui\u00e9n era Dennett? No solo un fil\u00f3sofo: era un hombre de ciencia. Sus investigaciones se centraron en la filosof\u00eda de la mente y en su relaci\u00f3n con la biolog\u00eda evolutiva y la ciencia cognitiva. Fue profesor de inform\u00e1tica y trabaj\u00f3 con algunos de los \u00abpadres\u00bb de la inteligencia artificial en Estados Unidos. Adem\u00e1s, era catedr\u00e1tico em\u00e9rito de Filosof\u00eda en la Universidad de Tufts, donde ejerci\u00f3 durante m\u00e1s de 50 a\u00f1os. Public\u00f3 centenares de art\u00edculos cient\u00edficos y m\u00e1s de veinte libros. El \u00faltimo fueron sus memorias,&nbsp;<a target=\"_blank\" href=\"https:\/\/arpaeditores.com\/products\/he-estado-pensando\" rel=\"noreferrer noopener\"><em>He estado pensando<\/em>&nbsp;<\/a>(Arpa, 2024), donde no solo ofrece retazos de su vida, sino que expone las bases de su pensamiento. Entre ellas la charla TED en la que abord\u00f3 una posible ca\u00edda masiva de internet, y qu\u00e9 hacer para mitigar su posible impacto.<\/p>\n\n\n\n<h2 class=\"wp-block-heading\">Bote salvavidas<\/h2>\n\n\n\n<p>A pesar de la importancia del tema, Dennett pidi\u00f3 que esa charla no se subiera a internet. Consideraba que no era la persona adecuada para decirlo. \u00c9l solo quer\u00eda amplificar el mensaje que un a\u00f1o antes hab\u00eda lanzado su amigo Danny Hillis \u2014pionero de la inform\u00e1tica\u2014 tambi\u00e9n en TED. \u00abEs mejor que sea visto como algo sobre lo que mucha gente est\u00e1 hablando\u00bb, sosten\u00eda el fil\u00f3sofo. Y era cierto. Ni Dennett ni Hillis eran los \u00fanicos advirtiendo sobre las vulnerabilidades de la red de redes, ni sobre la posibilidad de un gran apag\u00f3n.<\/p>\n\n\n\n<blockquote class=\"wp-block-quote is-layout-flow wp-block-quote-is-layout-flow\">\n<p class=\"has-pale-cyan-blue-background-color has-background has-medium-font-size\">\u00abNo es una cuesti\u00f3n de si pasar\u00e1 [una ca\u00edda global de internet], sino de cu\u00e1ndo\u00bb<\/p>\n<\/blockquote>\n\n\n\n<p>Asumiendo que una ca\u00edda global de internet provocar\u00eda un tremendo caos, lo que m\u00e1s le interesaba al pensador es c\u00f3mo podr\u00edamos salvarnos. \u00abNo hay mucha informaci\u00f3n sobre qu\u00e9 podr\u00eda pasar si internet colapsara, y todo parece muy tranquilizador. Suena casi como el presidente&nbsp;<a href=\"https:\/\/ethic.es\/trump-100-primeros-dias-poder\">Trump<\/a>&nbsp;sobre el coronavirus. Que si internet ha sido bellamente dise\u00f1ado para ser redundante, que est\u00e1 a prueba de fallos, que es un sistema hiperrobusto\u2026 Son comentarios que hay que tomar con pinzas\u00bb, dec\u00eda. Lo comparaba con el caso de British Telecom, que hab\u00eda usado plomo para proteger sus cables submarinos, y el metal acab\u00f3 hundi\u00e9ndose e impidiendo su sustituci\u00f3n. Los cables quedaron en desuso y su degradaci\u00f3n, seg\u00fan una investigaci\u00f3n de&nbsp;<em>The Wall Street Journal<\/em>, est\u00e1 envenenando a la poblaci\u00f3n.<\/p>\n\n\n\n<p>\u00abLos tecn\u00f3cratas no van a reconocer que son al menos parcialmente responsables de sus vulnerabilidades, ni van a pedir ayuda, por lo que tratan de incentivar cambios sin exponerse\u00bb, dec\u00eda Dennett. \u00ab<strong>Casi nadie quiere hacer sonar la alarma<\/strong>, pero lo que dicen los expertos es que no es una cuesti\u00f3n de&nbsp;<em>si<\/em>&nbsp;pasar\u00e1, sino de&nbsp;<em>cu\u00e1ndo\u00bb.<\/em><\/p>\n\n\n\n<p>Dennett se dedic\u00f3 a preguntarle a la gente a su alrededor: \u00ab\u00bfQu\u00e9 har\u00edas si despiertas una ma\u00f1ana y te encuentras con que no funciona tu tel\u00e9fono, ni tu televisi\u00f3n, ni la radio, ni tienes conexi\u00f3n y est\u00e1s sufriendo cortes de&nbsp;<a href=\"https:\/\/ethic.es\/gran-apagon-que-cuentan-los-datos\">electricidad<\/a>?\u00bb. Todos entraban en modo de supervivencia: \u00abEn una situaci\u00f3n as\u00ed, la gente se vuelve loca\u00bb.<\/p>\n\n\n\n<blockquote class=\"wp-block-quote is-layout-flow wp-block-quote-is-layout-flow\">\n<p class=\"has-pale-cyan-blue-background-color has-background has-medium-font-size\">\u00ab\u00bfQu\u00e9 har\u00edas si despiertas una ma\u00f1ana y te encuentras con que no funciona tu tel\u00e9fono, ni tu televisi\u00f3n, ni la radio, ni tienes conexi\u00f3n y est\u00e1s sufriendo cortes de electricidad?\u00bb<\/p>\n<\/blockquote>\n\n\n\n<p>Por eso, quer\u00eda impulsar un movimiento para comenzar a prepararse ante el apag\u00f3n masivo. Su propuesta consist\u00eda en organizar lo que llamaba \u00abbotes salvavidas\u00bb o&nbsp;<strong>\u00ababsorbedores de p\u00e1nico\u00bb<\/strong>&nbsp;locales. Cre\u00eda que los lugares ideales para ello eran las iglesias, ya que son f\u00e1cilmente identificables. \u00ab\u00bfQu\u00e9 pasa si estoy viajando y me encuentro en otro lugar del pa\u00eds? \u00bfC\u00f3mo puedo saber d\u00f3nde encontrar uno de estos grupos locales si internet no funciona? Simplemente tendr\u00edas que buscar uno de esos edificios con un peque\u00f1o campanario\u00bb, argumentaba el catedr\u00e1tico. \u00c9l mismo, ateo redomado, pas\u00f3 parte de su juventud en una iglesia: \u00abEra Boy Scout y mi tropa se reun\u00eda en el s\u00f3tano de la iglesia bautista. Yo no era bautista. No me importaba. Nunca sub\u00eda las escaleras\u00bb.<\/p>\n\n\n\n<h2 class=\"wp-block-heading\">Dependencia, socializaci\u00f3n, evoluci\u00f3n<\/h2>\n\n\n\n<p>A la pregunta sobre si una ca\u00edda de internet hoy en d\u00eda ser\u00eda peor que un apag\u00f3n el\u00e9ctrico en la \u00e9poca pre-digital Dennett contest\u00f3 que es \u00abcualitativamente diferente\u00bb. \u00abEn el siglo XIX la gente estaba acostumbrada a vivir sin comunicaci\u00f3n instant\u00e1nea. No ser\u00eda un problema para nada. Pero nos hemos vuelto tan dependientes\u2026 Nuestra vida entera gira en torno a la conectividad. Si la cortas, es como si no pudieras respirar\u00bb.<\/p>\n\n\n\n<p>\u00abComo sociedad, al menos en Estados Unidos y creo que tambi\u00e9n en Europa, damos por sentado muchas cosas y nos hemos puesto en una posici\u00f3n cada vez m\u00e1s dependiente de todo tipo de sistemas de soporte vital. Es como si estuvi\u00e9ramos viviendo en el espacio exterior o en el fondo del oc\u00e9ano con un equipo de buceo\u00bb, explic\u00f3.<\/p>\n\n\n\n<p>Adem\u00e1s, cre\u00eda que esto tambi\u00e9n podr\u00eda tener un impacto evolutivo, por ejemplo en la p\u00e9rdida de ciertas capacidades. \u00abEs la regla del \u201c\u00fasalo o pi\u00e9rdelo\u201d. Cuando encontramos un sustituto para algo que sol\u00edamos producir o hacer nosotros, ese talento o capacidad desaparece. Como la habilidad de los ni\u00f1os de leer mapas ahora que tienen GPS\u00bb. Asimismo, Dennett cre\u00eda que internet ha tenido un impacto en el debilitamiento del tejido social, entre otras cosas por \u00abhaber externalizado muchas relaciones humanas, sin invertir en ellas personalmente\u00bb.<\/p>\n\n\n\n<h2 class=\"wp-block-heading\">Religi\u00f3n, conciencia, IA<\/h2>\n\n\n\n<p>Adem\u00e1s de por su ate\u00edsmo (cient\u00edficamente) beligerante, Dennett era conocido por su<strong>&nbsp;teor\u00eda sobre la conciencia<\/strong>. En el libro La conciencia explicada, condensa su idea de que la conciencia no es m\u00e1s que \u00abun truco barato de la naturaleza\u00bb, una \u00abilusi\u00f3n de usuario\u00bb (cada persona) creada por una especie de \u00abm\u00e1quina virtual del cerebro\u00bb.&nbsp;En inform\u00e1tica, una m\u00e1quina virtual es una copia inmaterial de un ordenador f\u00edsico, que funciona dentro de un ordenador real. La ilusi\u00f3n de usuario de esa m\u00e1quina virtual, aplicada a la conciencia, ser\u00eda una simplificaci\u00f3n \u00fatil para nuestro desarrollo en la vida: un recurso del cerebro. Y la conciencia no ser\u00eda m\u00e1s que \u00abuna chistera maravillosa de trucos ingeniosos\u00bb. As\u00ed, Dennett desmitificaba un concepto sagrado para algunos, que inmediatamente se convirtieron en sus mayores detractores.<\/p>\n\n\n\n<p>Es algo similar a lo que sucede hoy con la IA, un mero sistema inform\u00e1tico cargado de misticismo y que, frente a la evidencia, muchos se empe\u00f1an en mantener en el espectro de lo m\u00e1gico. Precisamente, Dennett colabor\u00f3 con varios pioneros de la IA, como Marvin Minsky o Joseph Weizenbaum, a quienes inspiraba con sus teor\u00edas sobre la mente y el lenguaje.<\/p>\n\n\n\n<blockquote class=\"wp-block-quote is-layout-flow wp-block-quote-is-layout-flow\">\n<p class=\"has-pale-cyan-blue-background-color has-background has-medium-font-size\">\u00abQueremos m\u00e1quinas inteligentes, no colegas artificiales\u00bb<\/p>\n<\/blockquote>\n\n\n\n<p>Sin embargo, denostaba las ideas grandilocuentes de algunos investigadores del campo de la IA. Sobre un proyecto de investigaci\u00f3n multimillonario para desarrollar agentes aut\u00f3nomos, Dennett dec\u00eda: \u00abQueremos m\u00e1quinas inteligentes, no colegas artificiales\u00bb. Arg\u00fc\u00eda que esto no era una buena v\u00eda para entender la conciencia: \u00abLa vieja regla de que \u201csi lo creas, lo entiendes\u201d ya no es cierta pues la IA produce resultados que nadie sabe muy bien c\u00f3mo ha alcanzado\u00bb. Las llamadas&nbsp;<em>cajas negras.<\/em><\/p>\n\n\n\n<p>En opini\u00f3n del fil\u00f3sofo, se deber\u00eda priorizar la investigaci\u00f3n para comprender la conciencia y dotarla de una buena teor\u00eda, sin necesidad de crear un robot consciente aut\u00f3nomo. Adem\u00e1s, lo consideraba amoral: \u00abImagina que alguien te da la vida y te das cuenta de que esa persona tiene en su mano tu bot\u00f3n de&nbsp;<em>on<\/em>&nbsp;y&nbsp;<em>off<\/em>. \u00bfQu\u00e9 tipo de proyecto ser\u00eda ese?\u00bb.<\/p>\n\n\n\n<p>Tanto Dennett como Weizenbaum \u2014creador, en 1966, del primer chatbot de la historia (ELIZA)\u2014 advert\u00edan sobre la&nbsp;<strong>capacidad manipuladora de la IA<\/strong>, algo que pudieron comprobar con ELIZA hace 60 a\u00f1os. Adem\u00e1s, hablaba sobre la \u00abcompetencia sin comprensi\u00f3n\u00bb: al igual que un \u00e1rbol se desenvuelve en muchas situaciones sin comprenderlas, una m\u00e1quina tambi\u00e9n puede ser competente en una tarea aunque no entienda lo que est\u00e1 haciendo.<\/p>\n\n\n\n<p>El pensador no criticaba el desarrollo de herramientas con las que fuera f\u00e1cil interactuar a trav\u00e9s del lenguaje natural, sino su uso para personificar humanos. Le horrorizaba la reacci\u00f3n de admiraci\u00f3n hacia&nbsp;<strong>\u00abcreaciones que enga\u00f1an a la gente\u00bb<\/strong>. \u00abEn lugar de aplaudirlas, debemos condenarlas, y enviar a sus responsables a la c\u00e1rcel\u00bb.<\/p>\n\n\n\n<p>Al finalizar nuestra conversaci\u00f3n, envi\u00f3, en sus propias palabras, un \u00abapret\u00f3n de manos virtual, \u00a1o incluso un abrazo virtual!\u00bb. Y as\u00ed nos despedimos. Descanse en paz, profesor Dennett.<\/p>\n\n\n\n<p>Fuente: <a href=\"https:\/\/ethic.es\/conversacion-postuma-daniel-dennett\">https:\/\/ethic.es\/conversacion-postuma-daniel-dennett<\/a><\/p>\n","protected":false},"excerpt":{"rendered":"<p>Conversaci\u00f3n p\u00f3stuma con Daniel Dennett Conocido como el fil\u00f3sofo de la conciencia, Daniel Dennett (Boston, 1942 \u2013 Portland, 2024) fue [&hellip;]<\/p>\n","protected":false},"author":1,"featured_media":99201,"comment_status":"open","ping_status":"open","sticky":false,"template":"","format":"standard","meta":{"site-sidebar-layout":"default","site-content-layout":"","ast-site-content-layout":"default","site-content-style":"default","site-sidebar-style":"default","ast-global-header-display":"","ast-banner-title-visibility":"","ast-main-header-display":"","ast-hfb-above-header-display":"","ast-hfb-below-header-display":"","ast-hfb-mobile-header-display":"","site-post-title":"","ast-breadcrumbs-content":"","ast-featured-img":"","footer-sml-layout":"","theme-transparent-header-meta":"","adv-header-id-meta":"","stick-header-meta":"","header-above-stick-meta":"","header-main-stick-meta":"","header-below-stick-meta":"","astra-migrate-meta-layouts":"default","ast-page-background-enabled":"default","ast-page-background-meta":{"desktop":{"background-color":"var(--ast-global-color-4)","background-image":"","background-repeat":"repeat","background-position":"center center","background-size":"auto","background-attachment":"scroll","background-type":"","background-media":"","overlay-type":"","overlay-color":"","overlay-opacity":"","overlay-gradient":""},"tablet":{"background-color":"","background-image":"","background-repeat":"repeat","background-position":"center center","background-size":"auto","background-attachment":"scroll","background-type":"","background-media":"","overlay-type":"","overlay-color":"","overlay-opacity":"","overlay-gradient":""},"mobile":{"background-color":"","background-image":"","background-repeat":"repeat","background-position":"center center","background-size":"auto","background-attachment":"scroll","background-type":"","background-media":"","overlay-type":"","overlay-color":"","overlay-opacity":"","overlay-gradient":""}},"ast-content-background-meta":{"desktop":{"background-color":"var(--ast-global-color-5)","background-image":"","background-repeat":"repeat","background-position":"center center","background-size":"auto","background-attachment":"scroll","background-type":"","background-media":"","overlay-type":"","overlay-color":"","overlay-opacity":"","overlay-gradient":""},"tablet":{"background-color":"var(--ast-global-color-5)","background-image":"","background-repeat":"repeat","background-position":"center center","background-size":"auto","background-attachment":"scroll","background-type":"","background-media":"","overlay-type":"","overlay-color":"","overlay-opacity":"","overlay-gradient":""},"mobile":{"background-color":"var(--ast-global-color-5)","background-image":"","background-repeat":"repeat","background-position":"center center","background-size":"auto","background-attachment":"scroll","background-type":"","background-media":"","overlay-type":"","overlay-color":"","overlay-opacity":"","overlay-gradient":""}},"footnotes":""},"categories":[8],"tags":[3958],"class_list":["post-99200","post","type-post","status-publish","format-standard","has-post-thumbnail","hentry","category-noticias","tag-filosofia"],"_links":{"self":[{"href":"https:\/\/losperiodistas.com.mx\/portal\/wp-json\/wp\/v2\/posts\/99200","targetHints":{"allow":["GET"]}}],"collection":[{"href":"https:\/\/losperiodistas.com.mx\/portal\/wp-json\/wp\/v2\/posts"}],"about":[{"href":"https:\/\/losperiodistas.com.mx\/portal\/wp-json\/wp\/v2\/types\/post"}],"author":[{"embeddable":true,"href":"https:\/\/losperiodistas.com.mx\/portal\/wp-json\/wp\/v2\/users\/1"}],"replies":[{"embeddable":true,"href":"https:\/\/losperiodistas.com.mx\/portal\/wp-json\/wp\/v2\/comments?post=99200"}],"version-history":[{"count":1,"href":"https:\/\/losperiodistas.com.mx\/portal\/wp-json\/wp\/v2\/posts\/99200\/revisions"}],"predecessor-version":[{"id":99203,"href":"https:\/\/losperiodistas.com.mx\/portal\/wp-json\/wp\/v2\/posts\/99200\/revisions\/99203"}],"wp:featuredmedia":[{"embeddable":true,"href":"https:\/\/losperiodistas.com.mx\/portal\/wp-json\/wp\/v2\/media\/99201"}],"wp:attachment":[{"href":"https:\/\/losperiodistas.com.mx\/portal\/wp-json\/wp\/v2\/media?parent=99200"}],"wp:term":[{"taxonomy":"category","embeddable":true,"href":"https:\/\/losperiodistas.com.mx\/portal\/wp-json\/wp\/v2\/categories?post=99200"},{"taxonomy":"post_tag","embeddable":true,"href":"https:\/\/losperiodistas.com.mx\/portal\/wp-json\/wp\/v2\/tags?post=99200"}],"curies":[{"name":"wp","href":"https:\/\/api.w.org\/{rel}","templated":true}]}}