{"id":99195,"date":"2025-05-10T09:30:22","date_gmt":"2025-05-10T15:30:22","guid":{"rendered":"https:\/\/losperiodistas.com.mx\/portal\/?p=99195"},"modified":"2025-05-10T09:31:25","modified_gmt":"2025-05-10T15:31:25","slug":"la-caseta-de-la-feria-de-abril-en-la-que-no-se-bebe-no-se-come-ni-se-baila-solo-se-cose-efe","status":"publish","type":"post","link":"https:\/\/losperiodistas.com.mx\/portal\/la-caseta-de-la-feria-de-abril-en-la-que-no-se-bebe-no-se-come-ni-se-baila-solo-se-cose-efe\/","title":{"rendered":"La caseta de la Feria de Abril en la que no se bebe, no se come ni se baila, solo se cose | EFE"},"content":{"rendered":"\n<figure class=\"wp-block-image size-large\"><img fetchpriority=\"high\" decoding=\"async\" width=\"1024\" height=\"683\" src=\"https:\/\/losperiodistas.com.mx\/portal\/wp-content\/uploads\/2025\/05\/GRAF1803-ESPANA-FERIA-SEVILLA-1024x683.webp\" alt=\"\" class=\"wp-image-99196\" srcset=\"https:\/\/losperiodistas.com.mx\/portal\/wp-content\/uploads\/2025\/05\/GRAF1803-ESPANA-FERIA-SEVILLA-1024x683.webp 1024w, https:\/\/losperiodistas.com.mx\/portal\/wp-content\/uploads\/2025\/05\/GRAF1803-ESPANA-FERIA-SEVILLA-300x200.webp 300w, https:\/\/losperiodistas.com.mx\/portal\/wp-content\/uploads\/2025\/05\/GRAF1803-ESPANA-FERIA-SEVILLA-768x512.webp 768w, https:\/\/losperiodistas.com.mx\/portal\/wp-content\/uploads\/2025\/05\/GRAF1803-ESPANA-FERIA-SEVILLA-1536x1024.webp 1536w, https:\/\/losperiodistas.com.mx\/portal\/wp-content\/uploads\/2025\/05\/GRAF1803-ESPANA-FERIA-SEVILLA-2048x1365.webp 2048w\" sizes=\"(max-width: 1024px) 100vw, 1024px\" \/><figcaption class=\"wp-element-caption\">Dos mujeres ante un taller de costura que se monta a pie de la Feria de Abril de Sevilla para arreglar vestidos o chaquetas de lo necesiten. EFE\/Ra\u00fal Caro.<\/figcaption><\/figure>\n\n\n\n<p class=\"has-vivid-red-color has-text-color has-link-color has-medium-font-size wp-elements-17fc4dde2266d359d02782573b73a68a\"><strong>Ferm\u00edn Cabanillas \/ EFE<\/strong><\/p>\n\n\n\n<p>Sevilla (EFE).- Entre las casi 1.100 casetas de la\u00a0<a href=\"https:\/\/efe.com\/andalucia\/2025-05-04\/arranca-la-feria-de-abril-de-sevilla-de-la-vuelta-a-su-formato-antiguo\/\" target=\"_blank\" rel=\"noreferrer noopener\">Feria de Abril de Sevilla<\/a>\u00a0hay una en la que no hay bebida ni comida ni gente bailando sevillanas. Hay un equipo de mujeres que, aguja en mano, arregla los desperfectos. Se trata de roturas o desgarros en los trajes de flamenca de las miles de mujeres que pasan estos d\u00edas por el Real.<\/p>\n\n\n\n<p>Se trata de una iniciativa del Ayuntamiento con la&nbsp;<a href=\"https:\/\/www.mitrajedeflamenca.es\/\" target=\"_blank\" rel=\"noreferrer noopener\">empresa sevillana \u2018Aires de Feria\u2019<\/a>. Esta se ha desvelado como un servicio p\u00fablico de primer orden. El pasado mi\u00e9rcoles, por ejemplo, sus costureras arreglaron m\u00e1s de 150 trajes. Estos sufrieron alg\u00fan problema. De este modo, se permiti\u00f3 a sus propietarias volver flamantes a seguir disfrutando de la fiesta.<\/p>\n\n\n\n<p>En realidad, es un servicio que no est\u00e1 enfocado solo para mujeres. Aunque, vistas las colas y la demanda que est\u00e1 teniendo est\u00e1 claro que, o bien la feria pasa factura m\u00e1s a sus trajes que a los de ellos, o a las mujeres les preocupa m\u00e1s estar impecables durante su estancia en El Real.<\/p>\n\n\n\n<h2 class=\"wp-block-heading\" id=\"h-el-peligro-de-subir-a-un-coche-de-caballos\">El \u00abpeligro\u00bb de subir a un coche de caballos<\/h2>\n\n\n\n<p>Cuando EFE visita este taller de costura en plena Feria de Abril coinciden dos mujeres que han tenido el mismo problema. Se trata de que el traje se les ha rasgado al subirse a un coche de caballos. Es el caso de Mabel, que al intentar subir, \u201cnada m\u00e1s levantar la pierna se ha abierto el vestido\u201d. De este modo ha acudido r\u00e1pidamente a intentar que la costurera arregle el desaguisado.<\/p>\n\n\n\n<p>A Mar\u00eda le pas\u00f3 m\u00e1s o menos lo mismo. \u201cAl subir al coche de caballos se ha rajado toda la parte de la espalda. Me he puesto un mant\u00f3n de mi madre para llegar hasta aqu\u00ed\u201d, explica. Da las gracias a su hermana. Esta fue quien le cont\u00f3 que funcionaba este servicio que le ha evitado tener que volver a su casa para cambiarse de traje.<\/p>\n\n\n\n<p>De modo que al llegar a la caseta en la Feria de Abril, de momento, ha tenido que armarse de paciencia. Una decena de personas esperaban para ser atendidas, cada una con un destrozo m\u00e1s o menos importante en su traje.<\/p>\n\n\n\n<figure class=\"wp-block-image\"><img decoding=\"async\" src=\"https:\/\/i0.wp.com\/efe.com\/wp-content\/uploads\/2025\/05\/GRAF1805-ESPANA-FERIA-SEVILLA.webp?resize=980%2C654&amp;ssl=1\" alt=\"Feria de Abril \" class=\"wp-image-1865927\"\/><figcaption class=\"wp-element-caption\">Espera en la caseta de la Feria de Abril de Sevilla que arregla vestidos o chaquetas que hayan sufrido incidencias para poder seguir en el Real. EFE\/Ra\u00fal Caro<\/figcaption><\/figure>\n\n\n\n<p>Para solventarlo est\u00e1n, entre otras, Noelia Ruiz Caro. Define este servicio como \u201calgo r\u00e1pido, para que no tengan que ir a casa a cambiarse\u201d. Solucionan de todo en un tiempo m\u00e1s o menos corto. Cuestiones como \u201ccremalleras rotas, volantes que se pisan y est\u00e1n arrastrando\u201d. Tambi\u00e9n la reposici\u00f3n de botones o cremalleras de hombre, que en el caso de ellos es el servicio m\u00e1s demandado.<\/p>\n\n\n\n<h2 class=\"wp-block-heading\" id=\"h-un-apano-que-soluciona-el-dia\">Un \u00abapa\u00f1o\u00bb que soluciona el d\u00eda<\/h2>\n\n\n\n<p>Explica Noelia que pueden arreglar incluso unos tacones de esparto a los que la tira se le rompe \u201ccon un apa\u00f1o para que pueda disfrutar del d\u00eda\u201d. Todo en manos de las cinco profesionales de la costura que no paran en todo el d\u00eda. Incluso antes de abrir sus puertas ya hay gente esperando para ver si se arregla su particular problema.<\/p>\n\n\n\n<p>Adem\u00e1s, vista la demanda de este servicio, que es completamente gratuito para quien lo usa, ha habido que reforzar el equipo de costureras para conseguir, sobre todo, \u201cque la gente se vaya contenta, que es lo importante\u201d.<\/p>\n\n\n\n<p>\u201cHay quien ha venido porque la feria le coge muy lejos de su pueblo, gente que viene aqu\u00ed a echar el d\u00eda y se encuentra con un destrozo en el traje, y su casa le coge lejos para solucionarlo\u201d, a\u00f1ade la misma responsable de la caseta, que calcula que pueden hacer al d\u00eda una media de 150 arreglos distintos, entre las 15.00 y las 21.00 horas, aunque durante toda la feria se est\u00e1n encontrando gente que llega con un problema justo cuando est\u00e1n cerrando sus puertas.<\/p>\n\n\n\n<p>Noelia hace un balance muy positivo de su trabajo. Explica que algunas mujeres llegan \u201cdesesperadas\u201d en busca de pegamento para sus tacones e incluso vino una que lo ped\u00eda para su dentadura postiza, o una chica que les pidi\u00f3 ayuda para colocarse bien el mant\u00f3n porque no atinaba a hacerlo sola. \u00abDentro de lo que podamos, lo damos todo\u201d, dice antes de despedirse.<\/p>\n\n\n\n<p>Fuente: <a href=\"https:\/\/efe.com\/andalucia\/2025-05-10\/feria-de-abril-arreglos-trajes\/\">https:\/\/efe.com\/andalucia\/2025-05-10\/feria-de-abril-arreglos-trajes\/<\/a><\/p>\n","protected":false},"excerpt":{"rendered":"<p>Ferm\u00edn Cabanillas \/ EFE Sevilla (EFE).- Entre las casi 1.100 casetas de la\u00a0Feria de Abril de Sevilla\u00a0hay una en la [&hellip;]<\/p>\n","protected":false},"author":1,"featured_media":99196,"comment_status":"open","ping_status":"open","sticky":false,"template":"","format":"standard","meta":{"site-sidebar-layout":"default","site-content-layout":"","ast-site-content-layout":"default","site-content-style":"default","site-sidebar-style":"default","ast-global-header-display":"","ast-banner-title-visibility":"","ast-main-header-display":"","ast-hfb-above-header-display":"","ast-hfb-below-header-display":"","ast-hfb-mobile-header-display":"","site-post-title":"","ast-breadcrumbs-content":"","ast-featured-img":"","footer-sml-layout":"","theme-transparent-header-meta":"","adv-header-id-meta":"","stick-header-meta":"","header-above-stick-meta":"","header-main-stick-meta":"","header-below-stick-meta":"","astra-migrate-meta-layouts":"default","ast-page-background-enabled":"default","ast-page-background-meta":{"desktop":{"background-color":"var(--ast-global-color-4)","background-image":"","background-repeat":"repeat","background-position":"center center","background-size":"auto","background-attachment":"scroll","background-type":"","background-media":"","overlay-type":"","overlay-color":"","overlay-opacity":"","overlay-gradient":""},"tablet":{"background-color":"","background-image":"","background-repeat":"repeat","background-position":"center center","background-size":"auto","background-attachment":"scroll","background-type":"","background-media":"","overlay-type":"","overlay-color":"","overlay-opacity":"","overlay-gradient":""},"mobile":{"background-color":"","background-image":"","background-repeat":"repeat","background-position":"center center","background-size":"auto","background-attachment":"scroll","background-type":"","background-media":"","overlay-type":"","overlay-color":"","overlay-opacity":"","overlay-gradient":""}},"ast-content-background-meta":{"desktop":{"background-color":"var(--ast-global-color-5)","background-image":"","background-repeat":"repeat","background-position":"center center","background-size":"auto","background-attachment":"scroll","background-type":"","background-media":"","overlay-type":"","overlay-color":"","overlay-opacity":"","overlay-gradient":""},"tablet":{"background-color":"var(--ast-global-color-5)","background-image":"","background-repeat":"repeat","background-position":"center center","background-size":"auto","background-attachment":"scroll","background-type":"","background-media":"","overlay-type":"","overlay-color":"","overlay-opacity":"","overlay-gradient":""},"mobile":{"background-color":"var(--ast-global-color-5)","background-image":"","background-repeat":"repeat","background-position":"center center","background-size":"auto","background-attachment":"scroll","background-type":"","background-media":"","overlay-type":"","overlay-color":"","overlay-opacity":"","overlay-gradient":""}},"footnotes":""},"categories":[8],"tags":[38246,9972],"class_list":["post-99195","post","type-post","status-publish","format-standard","has-post-thumbnail","hentry","category-noticias","tag-aires-de-feria","tag-feria-de-sevilla"],"_links":{"self":[{"href":"https:\/\/losperiodistas.com.mx\/portal\/wp-json\/wp\/v2\/posts\/99195","targetHints":{"allow":["GET"]}}],"collection":[{"href":"https:\/\/losperiodistas.com.mx\/portal\/wp-json\/wp\/v2\/posts"}],"about":[{"href":"https:\/\/losperiodistas.com.mx\/portal\/wp-json\/wp\/v2\/types\/post"}],"author":[{"embeddable":true,"href":"https:\/\/losperiodistas.com.mx\/portal\/wp-json\/wp\/v2\/users\/1"}],"replies":[{"embeddable":true,"href":"https:\/\/losperiodistas.com.mx\/portal\/wp-json\/wp\/v2\/comments?post=99195"}],"version-history":[{"count":1,"href":"https:\/\/losperiodistas.com.mx\/portal\/wp-json\/wp\/v2\/posts\/99195\/revisions"}],"predecessor-version":[{"id":99197,"href":"https:\/\/losperiodistas.com.mx\/portal\/wp-json\/wp\/v2\/posts\/99195\/revisions\/99197"}],"wp:featuredmedia":[{"embeddable":true,"href":"https:\/\/losperiodistas.com.mx\/portal\/wp-json\/wp\/v2\/media\/99196"}],"wp:attachment":[{"href":"https:\/\/losperiodistas.com.mx\/portal\/wp-json\/wp\/v2\/media?parent=99195"}],"wp:term":[{"taxonomy":"category","embeddable":true,"href":"https:\/\/losperiodistas.com.mx\/portal\/wp-json\/wp\/v2\/categories?post=99195"},{"taxonomy":"post_tag","embeddable":true,"href":"https:\/\/losperiodistas.com.mx\/portal\/wp-json\/wp\/v2\/tags?post=99195"}],"curies":[{"name":"wp","href":"https:\/\/api.w.org\/{rel}","templated":true}]}}