{"id":99167,"date":"2025-05-09T09:25:02","date_gmt":"2025-05-09T15:25:02","guid":{"rendered":"https:\/\/losperiodistas.com.mx\/portal\/?p=99167"},"modified":"2025-05-09T09:25:04","modified_gmt":"2025-05-09T15:25:04","slug":"el-eterno-retorno-al-la-la-la-la-historia-del-vestido-yeye-con-el-que-massiel-gano-eurovision-tele-cinco","status":"publish","type":"post","link":"https:\/\/losperiodistas.com.mx\/portal\/el-eterno-retorno-al-la-la-la-la-historia-del-vestido-yeye-con-el-que-massiel-gano-eurovision-tele-cinco\/","title":{"rendered":"El eterno retorno al &#8216;La, la, la&#8217;: la historia del vestido yey\u00e9 con el que Massiel gan\u00f3 Eurovisi\u00f3n | Tele Cinco"},"content":{"rendered":"\n<p class=\"has-pale-ocean-gradient-background has-background has-medium-font-size\">La serie televisiva &#8216;La canci\u00f3n&#8217; revive la historia de c\u00f3mo Massiel dio la sorpresa en el Royal Albert Hall en 1968. La cantante eligi\u00f3 el m\u00edtico vestido blanco con margaritas bordadas en una tienda parisina de Courr\u00e8ges<\/p>\n\n\n\n<p><a href=\"https:\/\/www.telecinco.es\/autores\/jorge-luis-garcia\/#utm_source=autor\"><\/a><\/p>\n\n\n\n<figure class=\"wp-block-image\"><img decoding=\"async\" src=\"https:\/\/album.mediaset.es\/eimg\/2025\/05\/08\/el-eterno-retorno-al-la-la-la_a4d5.jpg\" alt=\"El eterno retorno al 'La la la'\" title=\"El eterno retorno al 'La la la'\"\/><figcaption class=\"wp-element-caption\">Massiel celebrando el triunfo en Eurovisi\u00f3n en los brazos del derrotado Cliff Richards Cordon Press<\/figcaption><\/figure>\n\n\n\n<p class=\"has-vivid-red-color has-text-color has-link-color has-medium-font-size wp-elements-1abcfbf1ba36d4aeb370f3909f848fc9\"><strong><a href=\"https:\/\/www.telecinco.es\/autores\/jorge-luis-garcia\/#utm_source=autor\">Jorge Luis Garc\u00eda<\/a> \/ Tele Cinco<\/strong><\/p>\n\n\n\n<ul class=\"wp-block-list\">\n<li><a href=\"https:\/\/www.telecinco.es\/noticias\/cultura\/20240629\/lalala-serie-massiel-mitico-triunfo-eurovisivo_18_012895715.html#utm_source=sumario&amp;utm_medium=articulo\">&#8216;La, la, la&#8217; no se acaba nunca: llega la serie sobre Massiel y su m\u00edtico triunfo eurovisivo<\/a><\/li>\n<\/ul>\n\n\n\n<p>Han pasado m\u00e1s de cinco d\u00e9cadas, pero aquella&nbsp;<strong>primavera de 1968<\/strong>&nbsp;sigue siendo el gran hito de Espa\u00f1a en el&nbsp;<strong>festival de Eurovisi\u00f3n<\/strong>. Pese a haber sido mil veces contada, la historia de c\u00f3mo<strong>&nbsp;Massiel&nbsp;<\/strong>dio la gran campanada en el<strong>&nbsp;Royal Albert Hall de Londres<\/strong>&nbsp;entonando el&nbsp;<strong>&#8216;L,a la, la&#8217;&nbsp;<\/strong>nos sigue fascinando. En la memoria de quienes lo vivieron fue uno de los grandes acontecimientos socioculturales de aquel pa\u00eds que quer\u00eda parecer moderno sin serlo todav\u00eda y se sigue transmitiendo como tal a las nuevas generaciones, ahora en formato de serie de televisi\u00f3n,<strong>&nbsp;&#8216;La canci\u00f3n&#8217;<\/strong>, protagonizada por<strong>&nbsp;Carolina Yuste<\/strong>&nbsp;y<strong>&nbsp;Patrick Criado<\/strong>.<\/p>\n\n\n\n<figure class=\"wp-block-image\"><img decoding=\"async\" src=\"https:\/\/album.mediaset.es\/eimg\/2016\/12\/29\/4SNEkML7HsGiRPjhCxii84.jpg\" alt=\"Massiel y el \u2018La, la, la\u2019, triunfo y pol\u00e9mica\"\/><figcaption class=\"wp-element-caption\"><a href=\"https:\/\/www.telecinco.es\/noticias\/cultura\/20250508\/massiel-lalala-historia-vestido-yeye-gano-eurovision-upp3rs_18_015509506.html\">VIDEO<\/a><\/figcaption><\/figure>\n\n\n\n<p>Massiel y el \u2018La, la, la\u2019, triunfo y pol\u00e9mica<\/p>\n\n\n\n<p>Lo cierto es que todos los sucesos que llevaron a Massiel a aquel escenario<strong>&nbsp;el 6 de abril de 1968&nbsp;<\/strong>son dignos de una ficci\u00f3n televisiva.&nbsp;<strong>Joan Manuel Serrat<\/strong>, el inicialmente elegido para defender el tema escrito por Ram\u00f3n Arcusa y Manuel de la Calva -el D\u00fao Din\u00e1mico-, insisti\u00f3 en<strong>&nbsp;cantar en catal\u00e1n<\/strong>&nbsp;y el r\u00e9gimen se neg\u00f3 en redondo. Entonces hubo que buscar una alternativa a contrarreloj.<\/p>\n\n\n\n<p>Massiel, que entonces ten\u00eda 21 a\u00f1os y se encontraba de gira por Latinoam\u00e9rica, fue convocada de urgencia para ser la representante espa\u00f1ola tan solo dos semanas antes de la cita londinense. Tuvo apenas&nbsp;<strong>nueve d\u00edas para aprenderse la canci\u00f3n<\/strong>,<strong>&nbsp;grabarla<\/strong>, hacer&nbsp;<strong>promoci\u00f3n&nbsp;<\/strong>y preparar la actuaci\u00f3n. Y en medio de ese marem\u00e1gnum tambi\u00e9n hab\u00eda que&nbsp;<strong>decidir c\u00f3mo ir\u00eda vestida<\/strong>.<\/p>\n\n\n\n<h3 class=\"wp-block-heading\">Un soplo de aire fresco<\/h3>\n\n\n\n<p>Las opciones de vestuario que le presentaron a Massiel no le convencieron en absoluto y decidi\u00f3&nbsp;<strong>ir de tiendas a Par\u00eds&nbsp;<\/strong>para elegirlo ella misma. Encontr\u00f3 el ahora m\u00edtico<strong>&nbsp;vestido blanco con margaritas bordadas<\/strong>&nbsp;en una boutique de&nbsp;<strong>Courr\u00e8ges<\/strong>, la marca m\u00e1s vanguardista de la \u00e9poca, y lo pag\u00f3 de su propio bolsillo.<\/p>\n\n\n\n<p>El vestido<strong>&nbsp;corto, de corte recto y sin mangas<\/strong>, era una elecci\u00f3n un tanto arriesgada para la Espa\u00f1a de finales de los 60, pero reflejaba perfectamente el estilo de la cantante, mucho m\u00e1s&nbsp;<strong>moderno y pop&nbsp;<\/strong>que el de la mayor\u00eda de sus coet\u00e1neas. \u00abElla pas\u00f3 un poco por encima y pens\u00f3 que ten\u00eda que traer el resto del mundo a Espa\u00f1a, arrojar un poco de luz\u00bb, explica Isis Velasco Vilanova directora del dise\u00f1o de vestuario de &#8216;La canci\u00f3n&#8217; en &#8216;Vanity Fair&#8217;.<\/p>\n\n\n\n<p><img decoding=\"async\" src=\"https:\/\/album.mediaset.es\/eimg\/2024\/06\/28\/jefa-massiel-ganando-puntos-en-el-royal-albert-hall-de-londres-1968_f87a.jpg\" srcset=\"https:\/\/album.mediaset.es\/eimg\/2024\/06\/28\/jefa-massiel-ganando-puntos-en-el-royal-albert-hall-de-londres-1968_f87a.jpg?w=1024 1024w, https:\/\/album.mediaset.es\/eimg\/2024\/06\/28\/jefa-massiel-ganando-puntos-en-el-royal-albert-hall-de-londres-1968_f87a.jpg?w=800 800w, https:\/\/album.mediaset.es\/eimg\/2024\/06\/28\/jefa-massiel-ganando-puntos-en-el-royal-albert-hall-de-londres-1968_f87a.jpg?w=768 768w, https:\/\/album.mediaset.es\/eimg\/2024\/06\/28\/jefa-massiel-ganando-puntos-en-el-royal-albert-hall-de-londres-1968_f87a.jpg?w=640 640w, https:\/\/album.mediaset.es\/eimg\/2024\/06\/28\/jefa-massiel-ganando-puntos-en-el-royal-albert-hall-de-londres-1968_f87a.jpg?w=600 600w, https:\/\/album.mediaset.es\/eimg\/2024\/06\/28\/jefa-massiel-ganando-puntos-en-el-royal-albert-hall-de-londres-1968_f87a.jpg?w=480 480w, https:\/\/album.mediaset.es\/eimg\/2024\/06\/28\/jefa-massiel-ganando-puntos-en-el-royal-albert-hall-de-londres-1968_f87a.jpg?w=360 360w, https:\/\/album.mediaset.es\/eimg\/2024\/06\/28\/jefa-massiel-ganando-puntos-en-el-royal-albert-hall-de-londres-1968_f87a.jpg?w=320 320w\" alt=\"Jefa. Massiel ganando puntos en el Royal Albert Hall, de Londres. 1968.\"><\/p>\n\n\n\n<p>Jefa. Massiel ganando puntos en el Royal Albert Hall, de Londres. 1968.Redacci\u00f3n Uppers<\/p>\n\n\n\n<p>En aquella \u00e9poca la mayor\u00eda de int\u00e9rpretes eurovisivas llevaban trajes m\u00e1s sobrios o elegantes. Por eso el vestido de Massiel fue como&nbsp;<strong>un soplo de aire fresco<\/strong>, conect\u00f3 con el esp\u00edritu joven del momento y, casi por accidente, dio una imagen de Espa\u00f1a m\u00e1s moderna de la que realmente ten\u00eda. Las margaritas, que simbolizaban<strong>&nbsp;paz e inocencia,<\/strong>&nbsp;pusieron la r\u00fabrica a su declaraci\u00f3n de intenciones yey\u00e9.<\/p>\n\n\n\n<h3 class=\"wp-block-heading\">Pol\u00e9mica y propaganda<\/h3>\n\n\n\n<p>Massiel gan\u00f3 por un solo punto al gran favorito,&nbsp;<strong>Cliff Richards<\/strong>&nbsp;y su &#8216;Congratulations&#8217;, gracias a los votos de Alemania y Yugoslavia en una de las finales m\u00e1s re\u00f1idas y emocionantes de la historia del festival. Mucho tiempo despu\u00e9s surgieron rumores de que el r\u00e9gimen franquista hab\u00eda intentado&nbsp;<strong>comprar votos<\/strong>&nbsp;para asegurarse la victoria como maniobra propagandista, pero la protagonista siempre ha defendido la limpieza de su triunfo.<\/p>\n\n\n\n<p>Definitivamente preferimos pensar que Massiel gan\u00f3 m\u00e1s por detalles como el impacto de su vestido, que se ha convertido en<strong>&nbsp;icono de toda una \u00e9poca<\/strong>&nbsp;y ha sido&nbsp;<strong>replicado y homenajeado<\/strong>&nbsp;en numerosas ocasiones, que porque Franco moviera algunos hilos oscuros.<\/p>\n\n\n\n<p>Fuente: <a href=\"https:\/\/www.telecinco.es\/noticias\/cultura\/20250508\/massiel-lalala-historia-vestido-yeye-gano-eurovision-upp3rs_18_015509506.html\">https:\/\/www.telecinco.es\/noticias\/cultura\/20250508\/massiel-lalala-historia-vestido-yeye-gano-eurovision-upp3rs_18_015509506.html<\/a><\/p>\n","protected":false},"excerpt":{"rendered":"<p>La serie televisiva &#8216;La canci\u00f3n&#8217; revive la historia de c\u00f3mo Massiel dio la sorpresa en el Royal Albert Hall en [&hellip;]<\/p>\n","protected":false},"author":1,"featured_media":99168,"comment_status":"open","ping_status":"open","sticky":false,"template":"","format":"standard","meta":{"site-sidebar-layout":"default","site-content-layout":"","ast-site-content-layout":"default","site-content-style":"default","site-sidebar-style":"default","ast-global-header-display":"","ast-banner-title-visibility":"","ast-main-header-display":"","ast-hfb-above-header-display":"","ast-hfb-below-header-display":"","ast-hfb-mobile-header-display":"","site-post-title":"","ast-breadcrumbs-content":"","ast-featured-img":"","footer-sml-layout":"","theme-transparent-header-meta":"","adv-header-id-meta":"","stick-header-meta":"","header-above-stick-meta":"","header-main-stick-meta":"","header-below-stick-meta":"","astra-migrate-meta-layouts":"default","ast-page-background-enabled":"default","ast-page-background-meta":{"desktop":{"background-color":"var(--ast-global-color-4)","background-image":"","background-repeat":"repeat","background-position":"center center","background-size":"auto","background-attachment":"scroll","background-type":"","background-media":"","overlay-type":"","overlay-color":"","overlay-opacity":"","overlay-gradient":""},"tablet":{"background-color":"","background-image":"","background-repeat":"repeat","background-position":"center center","background-size":"auto","background-attachment":"scroll","background-type":"","background-media":"","overlay-type":"","overlay-color":"","overlay-opacity":"","overlay-gradient":""},"mobile":{"background-color":"","background-image":"","background-repeat":"repeat","background-position":"center center","background-size":"auto","background-attachment":"scroll","background-type":"","background-media":"","overlay-type":"","overlay-color":"","overlay-opacity":"","overlay-gradient":""}},"ast-content-background-meta":{"desktop":{"background-color":"var(--ast-global-color-5)","background-image":"","background-repeat":"repeat","background-position":"center center","background-size":"auto","background-attachment":"scroll","background-type":"","background-media":"","overlay-type":"","overlay-color":"","overlay-opacity":"","overlay-gradient":""},"tablet":{"background-color":"var(--ast-global-color-5)","background-image":"","background-repeat":"repeat","background-position":"center center","background-size":"auto","background-attachment":"scroll","background-type":"","background-media":"","overlay-type":"","overlay-color":"","overlay-opacity":"","overlay-gradient":""},"mobile":{"background-color":"var(--ast-global-color-5)","background-image":"","background-repeat":"repeat","background-position":"center center","background-size":"auto","background-attachment":"scroll","background-type":"","background-media":"","overlay-type":"","overlay-color":"","overlay-opacity":"","overlay-gradient":""}},"footnotes":""},"categories":[8],"tags":[38225,23953,38224],"class_list":["post-99167","post","type-post","status-publish","format-standard","has-post-thumbnail","hentry","category-noticias","tag-la-la-lavestido-yeye","tag-eurovision","tag-massiel"],"_links":{"self":[{"href":"https:\/\/losperiodistas.com.mx\/portal\/wp-json\/wp\/v2\/posts\/99167","targetHints":{"allow":["GET"]}}],"collection":[{"href":"https:\/\/losperiodistas.com.mx\/portal\/wp-json\/wp\/v2\/posts"}],"about":[{"href":"https:\/\/losperiodistas.com.mx\/portal\/wp-json\/wp\/v2\/types\/post"}],"author":[{"embeddable":true,"href":"https:\/\/losperiodistas.com.mx\/portal\/wp-json\/wp\/v2\/users\/1"}],"replies":[{"embeddable":true,"href":"https:\/\/losperiodistas.com.mx\/portal\/wp-json\/wp\/v2\/comments?post=99167"}],"version-history":[{"count":1,"href":"https:\/\/losperiodistas.com.mx\/portal\/wp-json\/wp\/v2\/posts\/99167\/revisions"}],"predecessor-version":[{"id":99169,"href":"https:\/\/losperiodistas.com.mx\/portal\/wp-json\/wp\/v2\/posts\/99167\/revisions\/99169"}],"wp:featuredmedia":[{"embeddable":true,"href":"https:\/\/losperiodistas.com.mx\/portal\/wp-json\/wp\/v2\/media\/99168"}],"wp:attachment":[{"href":"https:\/\/losperiodistas.com.mx\/portal\/wp-json\/wp\/v2\/media?parent=99167"}],"wp:term":[{"taxonomy":"category","embeddable":true,"href":"https:\/\/losperiodistas.com.mx\/portal\/wp-json\/wp\/v2\/categories?post=99167"},{"taxonomy":"post_tag","embeddable":true,"href":"https:\/\/losperiodistas.com.mx\/portal\/wp-json\/wp\/v2\/tags?post=99167"}],"curies":[{"name":"wp","href":"https:\/\/api.w.org\/{rel}","templated":true}]}}