{"id":99162,"date":"2025-05-09T08:51:11","date_gmt":"2025-05-09T14:51:11","guid":{"rendered":"https:\/\/losperiodistas.com.mx\/portal\/?p=99162"},"modified":"2025-05-09T08:51:12","modified_gmt":"2025-05-09T14:51:12","slug":"asi-son-los-agustinos-la-orden-a-la-que-pertenece-el-nuevo-papa-misioneros-y-estudiosos-con-figuras-historicas-entre-sus-filas-como-lutero-y-mendel-el-mundo","status":"publish","type":"post","link":"https:\/\/losperiodistas.com.mx\/portal\/asi-son-los-agustinos-la-orden-a-la-que-pertenece-el-nuevo-papa-misioneros-y-estudiosos-con-figuras-historicas-entre-sus-filas-como-lutero-y-mendel-el-mundo\/","title":{"rendered":"As\u00ed son los Agustinos, la orden a la que pertenece el nuevo Papa: misioneros y estudiosos con figuras hist\u00f3ricas entre sus filas como Lutero y Mendel | El Mundo"},"content":{"rendered":"\n<p class=\"has-pale-cyan-blue-background-color has-background has-medium-font-size\">Entre los pilares de la espiritualidad agustiniana destacan la devoci\u00f3n a la Virgen Mar\u00eda, la dedicaci\u00f3n a los estudios, particularmente en filosof\u00eda y teolog\u00eda, y la misi\u00f3n educativa<\/p>\n\n\n\n<figure class=\"wp-block-image size-large\"><img fetchpriority=\"high\" decoding=\"async\" width=\"1024\" height=\"682\" src=\"https:\/\/losperiodistas.com.mx\/portal\/wp-content\/uploads\/2025\/05\/17467791069698-1024x682.webp\" alt=\"\" class=\"wp-image-99163\" srcset=\"https:\/\/losperiodistas.com.mx\/portal\/wp-content\/uploads\/2025\/05\/17467791069698-1024x682.webp 1024w, https:\/\/losperiodistas.com.mx\/portal\/wp-content\/uploads\/2025\/05\/17467791069698-300x200.webp 300w, https:\/\/losperiodistas.com.mx\/portal\/wp-content\/uploads\/2025\/05\/17467791069698-768x512.webp 768w, https:\/\/losperiodistas.com.mx\/portal\/wp-content\/uploads\/2025\/05\/17467791069698.webp 1220w\" sizes=\"(max-width: 1024px) 100vw, 1024px\" \/><figcaption class=\"wp-element-caption\">Ilustraci\u00f3n de varios religiosos agustinos de fecha indeterminada. CORRIERE DELLA SERA<\/figcaption><\/figure>\n\n\n\n<p class=\"has-vivid-red-color has-text-color has-link-color has-medium-font-size wp-elements-440e9c0fec6bc262503830843554df57\"><strong>Claudio Del Frate \/ Corriere della Sera \/ El Mundo<\/strong><\/p>\n\n\n\n<p>La&nbsp;<strong>Orden de San Agust\u00edn<\/strong>, a la que pertenece el nuevo&nbsp;<a href=\"https:\/\/www.elmundo.es\/internacional\/2025\/05\/08\/681ce6bee85ece752e8b45c6.html\" target=\"_blank\" rel=\"noreferrer noopener\">Papa Le\u00f3n XIV<\/a>, fue fundada oficialmente en el siglo XIII y ha desempe\u00f1ado un papel relevante tanto en la misi\u00f3n evangelizadora como en la vida intelectual de la Iglesia. Su historia, marcada por la expansi\u00f3n global y por momentos de crisis, ha producido figuras de gran peso como&nbsp;<strong>Mart\u00edn Lutero<\/strong>&nbsp;y&nbsp;<strong>Gregor Mendel<\/strong>.<\/p>\n\n\n\n<figure class=\"wp-block-audio\"><audio controls src=\"https:\/\/omny.fm\/shows\/el-mundo-al-dia\/habemus-papam-qui-n-es-le-n-xiv\"><\/audio><\/figure>\n\n\n\n<p>El Papa reci\u00e9n elegido, Francis Robert Prevost, quien ha asumido el nombre de Le\u00f3n XIV, proviene de esta orden religiosa. \u00c9l mismo lo record\u00f3 durante su primer discurso desde el balc\u00f3n de la&nbsp;<strong>Bas\u00edlica de San Pedro<\/strong>, al saludar a los fieles. No es casual que haya escogido el nombre de un pont\u00edfice que, en su momento, fue clave para la supervivencia de los agustinos:&nbsp;<strong>Le\u00f3n XIII<\/strong>.<\/p>\n\n\n\n<p>La fundaci\u00f3n formal de la orden data del 16 de diciembre de 1243, cuando el Papa&nbsp;<strong>Inocencio IV<\/strong>&nbsp;convoc\u00f3 a diversas comunidades erem\u00edticas del Lacio a unirse en una sola congregaci\u00f3n.<\/p>\n\n\n\n<p>Durante el&nbsp;<strong>Renacimiento<\/strong>, en plena efervescencia del Humanismo, la orden vivi\u00f3 su mayor auge, con la apertura de misiones en Am\u00e9rica, Asia y \u00c1frica. En 1551, los agustinos establecieron su primera comunidad en&nbsp;<strong>Lima, Per\u00fa<\/strong>, pa\u00eds donde el Papa Prevost desempe\u00f1\u00f3 gran parte de su labor pastoral.<\/p>\n\n\n\n<p>M\u00e1s en El Mundo<\/p>\n\n\n\n<p><a href=\"https:\/\/www.elmundo.es\/internacional\/2025\/05\/08\/681d095dfc6c83c2678b4594.html\"><\/a><\/p>\n\n\n\n<figure class=\"wp-block-image\"><a href=\"https:\/\/www.elmundo.es\/internacional\/2025\/05\/08\/681d095dfc6c83c2678b4594.html\"><img decoding=\"async\" src=\"https:\/\/phantom-elmundo.uecdn.es\/effa1cb13c225fa97f2c3cea216fcefa\/crop\/205x222\/1843x1314\/resize\/250\/f\/jpg\/assets\/multimedia\/imagenes\/2025\/05\/08\/17467329736409.jpg\" alt=\"Le\u00f3n XIV ha visitado Espa\u00f1a en varias ocasiones, la \u00faltima vez hace menos de un a\u00f1o en \u00c1vila\"\/><\/a><\/figure>\n\n\n\n<p><a href=\"https:\/\/www.elmundo.es\/internacional\/2025\/05\/08\/681d095dfc6c83c2678b4594.html\"><strong>Le\u00f3n XIV ha visitado Espa\u00f1a en varias ocasiones, la \u00faltima vez hace menos de un a\u00f1o en \u00c1vila<\/strong><\/a><\/p>\n\n\n\n<p><a href=\"https:\/\/www.elmundo.es\/internacional\/2025\/05\/08\/681c8a3ffc6c8384738b456f.html\"><\/a><\/p>\n\n\n\n<figure class=\"wp-block-image\"><a href=\"https:\/\/www.elmundo.es\/internacional\/2025\/05\/08\/681c8a3ffc6c8384738b456f.html\"><img decoding=\"async\" src=\"https:\/\/phantom-elmundo.uecdn.es\/ae7830091559847ae3bf2fedea492552\/resize\/250\/f\/jpg\/assets\/multimedia\/imagenes\/2025\/05\/08\/17467019628057.jpg\" alt=\"Detienen a un m\u00e9dico jefe en Italia por golpear y violar a una m\u00e9dico que entr\u00f3 en su despacho para hablar de las vacaciones\"\/><\/a><\/figure>\n\n\n\n<p><a href=\"https:\/\/www.elmundo.es\/internacional\/2025\/05\/08\/681c8a3ffc6c8384738b456f.html\"><strong>Detienen a un m\u00e9dico jefe en Italia por golpear y violar a una m\u00e9dico que entr\u00f3 en su despacho para hablar de las vacaciones<\/strong><\/a><\/p>\n\n\n\n<p>La orden sufri\u00f3 una fuerte decadencia a lo largo del siglo XVIII, especialmente cuando el&nbsp;<strong>emperador Jos\u00e9 II<\/strong>&nbsp;del Imperio Austroh\u00fangaro orden\u00f3 la supresi\u00f3n de numerosos monasterios y confisc\u00f3 sus bienes. La recuperaci\u00f3n lleg\u00f3 en la segunda mitad del siglo XIX, gracias al apoyo decidido del Papa Le\u00f3n XIII.<\/p>\n\n\n\n<p>Entre los pilares de la espiritualidad agustiniana destacan la devoci\u00f3n a la&nbsp;<strong>Virgen Mar\u00eda<\/strong>, la dedicaci\u00f3n a los estudios \u2014particularmente en filosof\u00eda y teolog\u00eda\u2014 y la misi\u00f3n educativa. Esta vocaci\u00f3n intelectual ha dejado una huella profunda en la historia de la ciencia y de la Iglesia.&nbsp;<strong>Mart\u00edn Lutero<\/strong>, antes de romper con Roma, fue fraile agustino; y&nbsp;<strong>Gregor Mendel<\/strong>, considerado el padre de la gen\u00e9tica moderna, tambi\u00e9n form\u00f3 parte de la orden.<\/p>\n\n\n\n<p>Fuente: <a href=\"https:\/\/www.elmundo.es\/internacional\/2025\/05\/09\/681dbc1ee4d4d862518b45c5.html\">https:\/\/www.elmundo.es\/internacional\/2025\/05\/09\/681dbc1ee4d4d862518b45c5.html<\/a><\/p>\n","protected":false},"excerpt":{"rendered":"<p>Entre los pilares de la espiritualidad agustiniana destacan la devoci\u00f3n a la Virgen Mar\u00eda, la dedicaci\u00f3n a los estudios, particularmente [&hellip;]<\/p>\n","protected":false},"author":1,"featured_media":99163,"comment_status":"open","ping_status":"open","sticky":false,"template":"","format":"standard","meta":{"site-sidebar-layout":"default","site-content-layout":"","ast-site-content-layout":"default","site-content-style":"default","site-sidebar-style":"default","ast-global-header-display":"","ast-banner-title-visibility":"","ast-main-header-display":"","ast-hfb-above-header-display":"","ast-hfb-below-header-display":"","ast-hfb-mobile-header-display":"","site-post-title":"","ast-breadcrumbs-content":"","ast-featured-img":"","footer-sml-layout":"","theme-transparent-header-meta":"","adv-header-id-meta":"","stick-header-meta":"","header-above-stick-meta":"","header-main-stick-meta":"","header-below-stick-meta":"","astra-migrate-meta-layouts":"default","ast-page-background-enabled":"default","ast-page-background-meta":{"desktop":{"background-color":"var(--ast-global-color-4)","background-image":"","background-repeat":"repeat","background-position":"center center","background-size":"auto","background-attachment":"scroll","background-type":"","background-media":"","overlay-type":"","overlay-color":"","overlay-opacity":"","overlay-gradient":""},"tablet":{"background-color":"","background-image":"","background-repeat":"repeat","background-position":"center center","background-size":"auto","background-attachment":"scroll","background-type":"","background-media":"","overlay-type":"","overlay-color":"","overlay-opacity":"","overlay-gradient":""},"mobile":{"background-color":"","background-image":"","background-repeat":"repeat","background-position":"center center","background-size":"auto","background-attachment":"scroll","background-type":"","background-media":"","overlay-type":"","overlay-color":"","overlay-opacity":"","overlay-gradient":""}},"ast-content-background-meta":{"desktop":{"background-color":"var(--ast-global-color-5)","background-image":"","background-repeat":"repeat","background-position":"center center","background-size":"auto","background-attachment":"scroll","background-type":"","background-media":"","overlay-type":"","overlay-color":"","overlay-opacity":"","overlay-gradient":""},"tablet":{"background-color":"var(--ast-global-color-5)","background-image":"","background-repeat":"repeat","background-position":"center center","background-size":"auto","background-attachment":"scroll","background-type":"","background-media":"","overlay-type":"","overlay-color":"","overlay-opacity":"","overlay-gradient":""},"mobile":{"background-color":"var(--ast-global-color-5)","background-image":"","background-repeat":"repeat","background-position":"center center","background-size":"auto","background-attachment":"scroll","background-type":"","background-media":"","overlay-type":"","overlay-color":"","overlay-opacity":"","overlay-gradient":""}},"footnotes":""},"categories":[8],"tags":[38222,38221,38219,38220],"class_list":["post-99162","post","type-post","status-publish","format-standard","has-post-thumbnail","hentry","category-noticias","tag-gregor-mendel","tag-martin-lutero","tag-orden-de-san-agustin","tag-papa-leon-xiv"],"_links":{"self":[{"href":"https:\/\/losperiodistas.com.mx\/portal\/wp-json\/wp\/v2\/posts\/99162","targetHints":{"allow":["GET"]}}],"collection":[{"href":"https:\/\/losperiodistas.com.mx\/portal\/wp-json\/wp\/v2\/posts"}],"about":[{"href":"https:\/\/losperiodistas.com.mx\/portal\/wp-json\/wp\/v2\/types\/post"}],"author":[{"embeddable":true,"href":"https:\/\/losperiodistas.com.mx\/portal\/wp-json\/wp\/v2\/users\/1"}],"replies":[{"embeddable":true,"href":"https:\/\/losperiodistas.com.mx\/portal\/wp-json\/wp\/v2\/comments?post=99162"}],"version-history":[{"count":1,"href":"https:\/\/losperiodistas.com.mx\/portal\/wp-json\/wp\/v2\/posts\/99162\/revisions"}],"predecessor-version":[{"id":99164,"href":"https:\/\/losperiodistas.com.mx\/portal\/wp-json\/wp\/v2\/posts\/99162\/revisions\/99164"}],"wp:featuredmedia":[{"embeddable":true,"href":"https:\/\/losperiodistas.com.mx\/portal\/wp-json\/wp\/v2\/media\/99163"}],"wp:attachment":[{"href":"https:\/\/losperiodistas.com.mx\/portal\/wp-json\/wp\/v2\/media?parent=99162"}],"wp:term":[{"taxonomy":"category","embeddable":true,"href":"https:\/\/losperiodistas.com.mx\/portal\/wp-json\/wp\/v2\/categories?post=99162"},{"taxonomy":"post_tag","embeddable":true,"href":"https:\/\/losperiodistas.com.mx\/portal\/wp-json\/wp\/v2\/tags?post=99162"}],"curies":[{"name":"wp","href":"https:\/\/api.w.org\/{rel}","templated":true}]}}