{"id":99159,"date":"2025-05-09T08:40:41","date_gmt":"2025-05-09T14:40:41","guid":{"rendered":"https:\/\/losperiodistas.com.mx\/portal\/?p=99159"},"modified":"2025-05-09T08:40:42","modified_gmt":"2025-05-09T14:40:42","slug":"el-hermano-del-leon-xiv-bromeabamos-con-que-seria-papa-desde-que-tenia-6-anos-efe","status":"publish","type":"post","link":"https:\/\/losperiodistas.com.mx\/portal\/el-hermano-del-leon-xiv-bromeabamos-con-que-seria-papa-desde-que-tenia-6-anos-efe\/","title":{"rendered":"El hermano del Le\u00f3n XIV: \u00abBrome\u00e1bamos con que ser\u00eda papa desde que ten\u00eda 6 a\u00f1os\u00bb | EFE"},"content":{"rendered":"\n<figure class=\"wp-block-image size-full\"><img fetchpriority=\"high\" decoding=\"async\" width=\"900\" height=\"599\" src=\"https:\/\/losperiodistas.com.mx\/portal\/wp-content\/uploads\/2025\/05\/hermano-leon-xiv.webp\" alt=\"\" class=\"wp-image-99160\" srcset=\"https:\/\/losperiodistas.com.mx\/portal\/wp-content\/uploads\/2025\/05\/hermano-leon-xiv.webp 900w, https:\/\/losperiodistas.com.mx\/portal\/wp-content\/uploads\/2025\/05\/hermano-leon-xiv-300x200.webp 300w, https:\/\/losperiodistas.com.mx\/portal\/wp-content\/uploads\/2025\/05\/hermano-leon-xiv-768x511.webp 768w\" sizes=\"(max-width: 900px) 100vw, 900px\" \/><figcaption class=\"wp-element-caption\">El papa Le\u00f3n XIV durante la misa de hoy en la Capilla Sixtina. EFE\/EPA\/Vatican Media<\/figcaption><\/figure>\n\n\n\n<p class=\"has-vivid-red-color has-text-color has-link-color has-medium-font-size wp-elements-23db7e95974579b190d8bc7ea9a6cef6\"><strong>Agencia EFE<\/strong><\/p>\n\n\n\n<p><\/p>\n\n\n\n<p>Miami (EE.UU.) (EFE).- Louis Prevost, hermano de Le\u00f3n XIV residente en Florida, afirm\u00f3 exultante que \u00abenloqueci\u00f3\u00bb de alegr\u00eda sin poder controlar su emoci\u00f3n al conocer la elecci\u00f3n del&nbsp;<a href=\"https:\/\/efe.com\/mundo\/2025-05-09\/leon-xiv-actos-nuevo-papa\/\">nuevo pont\u00edfice<\/a>&nbsp;y desvel\u00f3 que su familia sol\u00eda \u00abbromear con que ser\u00eda papa desde que ten\u00eda seis a\u00f1os\u00bb.<\/p>\n\n\n\n<p>\u00abCuando el cardenal sali\u00f3 y empez\u00f3 a leer su nombre, en cuanto dijo \u2018Rob\u2019, supe que iba a decir \u2018Roberto\u2019. \u00a1Y lo dijo! Y simplemente enloquec\u00ed. \u00a1Es Rob, oh, Dios m\u00edo!\u00bb, declar\u00f3 la noche del jueves al canal WBBH, en Port Charlotte, en el sudeste de Florida, donde reside.<\/p>\n\n\n\n<p>\u00abEs impactante, sorprendente, casi me deja sin palabras\u00bb, manifest\u00f3 a esta cadena de la costa oeste de Florida.<\/p>\n\n\n\n<p>\u00abEs alucinante que mi hermano haya sido elegido papa\u00bb, manifest\u00f3.<\/p>\n\n\n\n<p>Record\u00f3 que su familia bromeaba sobre el futuro de su hermano cuando era ni\u00f1o.<\/p>\n\n\n\n<figure class=\"wp-block-embed is-type-wp-embed is-provider-efe-noticias wp-block-embed-efe-noticias\"><div class=\"wp-block-embed__wrapper\">\n<blockquote class=\"wp-embedded-content\" data-secret=\"of0gH6HgiA\"><a href=\"https:\/\/efe.com\/mundo\/2025-05-09\/leon-xiv-actos-nuevo-papa\/\">La misa de inicio del pontificado de Le\u00f3n XIV ser\u00e1 el 18 de mayo y el 21 ver\u00e1 a los fieles<\/a><\/blockquote><iframe class=\"wp-embedded-content\" sandbox=\"allow-scripts\" security=\"restricted\" style=\"position: absolute; visibility: hidden;\" title=\"\u00abLa misa de inicio del pontificado de Le\u00f3n XIV ser\u00e1 el 18 de mayo y el 21 ver\u00e1 a los fieles\u00bb \u2014 EFE Noticias\" src=\"https:\/\/efe.com\/mundo\/2025-05-09\/leon-xiv-actos-nuevo-papa\/embed\/#?secret=Epp3wjr0Da#?secret=of0gH6HgiA\" data-secret=\"of0gH6HgiA\" width=\"500\" height=\"282\" frameborder=\"0\" marginwidth=\"0\" marginheight=\"0\" scrolling=\"no\"><\/iframe>\n<\/div><\/figure>\n\n\n\n<p>\u00abSab\u00edamos que ten\u00eda algo especial. Sol\u00edamos bromear con que ser\u00eda papa desde que ten\u00eda seis a\u00f1os\u00bb.<\/p>\n\n\n\n<h2 class=\"wp-block-heading\" id=\"h-vocacion-clara\">Vocaci\u00f3n clara<\/h2>\n\n\n\n<p>John Prevost, otro de los hermanos, cont\u00f3 al canal NBC Chicago que siempre sintieron que Robert -a quien llaman familiarmente Rob- ten\u00eda una vocaci\u00f3n clara: sinti\u00f3 la llamada a ser sacerdote en primer grado e ingres\u00f3 en el seminario en octavo.<\/p>\n\n\n\n<p>Louis comparti\u00f3 con el canal local sus deseos sobre el liderazgo de su hermano como pont\u00edfice. \u00abEs incre\u00edble, es genial. Solo espero que aqu\u00ed y en el extranjero la gente no politice esto\u00bb.<\/p>\n\n\n\n<p>\u00ab\u2018Oh, es estadounidense, va a arruinar la Iglesia\u2019\u2026 Espero que eso no ocurra. Dejemos el nacionalismo de lado y seamos simplemente la Iglesia Cat\u00f3lica.\u00bb<\/p>\n\n\n\n<p>Fuente: <a href=\"https:\/\/efe.com\/mundo\/2025-05-09\/hermano-leon-xiv-alegria-nombramiento\/\">https:\/\/efe.com\/mundo\/2025-05-09\/hermano-leon-xiv-alegria-nombramiento\/<\/a><\/p>\n","protected":false},"excerpt":{"rendered":"<p>Agencia EFE Miami (EE.UU.) (EFE).- Louis Prevost, hermano de Le\u00f3n XIV residente en Florida, afirm\u00f3 exultante que \u00abenloqueci\u00f3\u00bb de alegr\u00eda [&hellip;]<\/p>\n","protected":false},"author":1,"featured_media":99160,"comment_status":"open","ping_status":"open","sticky":false,"template":"","format":"standard","meta":{"site-sidebar-layout":"default","site-content-layout":"","ast-site-content-layout":"default","site-content-style":"default","site-sidebar-style":"default","ast-global-header-display":"","ast-banner-title-visibility":"","ast-main-header-display":"","ast-hfb-above-header-display":"","ast-hfb-below-header-display":"","ast-hfb-mobile-header-display":"","site-post-title":"","ast-breadcrumbs-content":"","ast-featured-img":"","footer-sml-layout":"","theme-transparent-header-meta":"","adv-header-id-meta":"","stick-header-meta":"","header-above-stick-meta":"","header-main-stick-meta":"","header-below-stick-meta":"","astra-migrate-meta-layouts":"default","ast-page-background-enabled":"default","ast-page-background-meta":{"desktop":{"background-color":"var(--ast-global-color-4)","background-image":"","background-repeat":"repeat","background-position":"center center","background-size":"auto","background-attachment":"scroll","background-type":"","background-media":"","overlay-type":"","overlay-color":"","overlay-opacity":"","overlay-gradient":""},"tablet":{"background-color":"","background-image":"","background-repeat":"repeat","background-position":"center center","background-size":"auto","background-attachment":"scroll","background-type":"","background-media":"","overlay-type":"","overlay-color":"","overlay-opacity":"","overlay-gradient":""},"mobile":{"background-color":"","background-image":"","background-repeat":"repeat","background-position":"center center","background-size":"auto","background-attachment":"scroll","background-type":"","background-media":"","overlay-type":"","overlay-color":"","overlay-opacity":"","overlay-gradient":""}},"ast-content-background-meta":{"desktop":{"background-color":"var(--ast-global-color-5)","background-image":"","background-repeat":"repeat","background-position":"center center","background-size":"auto","background-attachment":"scroll","background-type":"","background-media":"","overlay-type":"","overlay-color":"","overlay-opacity":"","overlay-gradient":""},"tablet":{"background-color":"var(--ast-global-color-5)","background-image":"","background-repeat":"repeat","background-position":"center center","background-size":"auto","background-attachment":"scroll","background-type":"","background-media":"","overlay-type":"","overlay-color":"","overlay-opacity":"","overlay-gradient":""},"mobile":{"background-color":"var(--ast-global-color-5)","background-image":"","background-repeat":"repeat","background-position":"center center","background-size":"auto","background-attachment":"scroll","background-type":"","background-media":"","overlay-type":"","overlay-color":"","overlay-opacity":"","overlay-gradient":""}},"footnotes":""},"categories":[8],"tags":[38217,38218],"class_list":["post-99159","post","type-post","status-publish","format-standard","has-post-thumbnail","hentry","category-noticias","tag-hermanos-del-papa-leon-xiv","tag-prevost-sonaba-ser-papa"],"_links":{"self":[{"href":"https:\/\/losperiodistas.com.mx\/portal\/wp-json\/wp\/v2\/posts\/99159","targetHints":{"allow":["GET"]}}],"collection":[{"href":"https:\/\/losperiodistas.com.mx\/portal\/wp-json\/wp\/v2\/posts"}],"about":[{"href":"https:\/\/losperiodistas.com.mx\/portal\/wp-json\/wp\/v2\/types\/post"}],"author":[{"embeddable":true,"href":"https:\/\/losperiodistas.com.mx\/portal\/wp-json\/wp\/v2\/users\/1"}],"replies":[{"embeddable":true,"href":"https:\/\/losperiodistas.com.mx\/portal\/wp-json\/wp\/v2\/comments?post=99159"}],"version-history":[{"count":1,"href":"https:\/\/losperiodistas.com.mx\/portal\/wp-json\/wp\/v2\/posts\/99159\/revisions"}],"predecessor-version":[{"id":99161,"href":"https:\/\/losperiodistas.com.mx\/portal\/wp-json\/wp\/v2\/posts\/99159\/revisions\/99161"}],"wp:featuredmedia":[{"embeddable":true,"href":"https:\/\/losperiodistas.com.mx\/portal\/wp-json\/wp\/v2\/media\/99160"}],"wp:attachment":[{"href":"https:\/\/losperiodistas.com.mx\/portal\/wp-json\/wp\/v2\/media?parent=99159"}],"wp:term":[{"taxonomy":"category","embeddable":true,"href":"https:\/\/losperiodistas.com.mx\/portal\/wp-json\/wp\/v2\/categories?post=99159"},{"taxonomy":"post_tag","embeddable":true,"href":"https:\/\/losperiodistas.com.mx\/portal\/wp-json\/wp\/v2\/tags?post=99159"}],"curies":[{"name":"wp","href":"https:\/\/api.w.org\/{rel}","templated":true}]}}