{"id":99156,"date":"2025-05-09T07:58:33","date_gmt":"2025-05-09T13:58:33","guid":{"rendered":"https:\/\/losperiodistas.com.mx\/portal\/?p=99156"},"modified":"2025-05-09T07:58:34","modified_gmt":"2025-05-09T13:58:34","slug":"mil-empleos-en-puebla-quedan-en-el-aire-por-aranceles-de-trump-revelan-industriales-la-silla-rota","status":"publish","type":"post","link":"https:\/\/losperiodistas.com.mx\/portal\/mil-empleos-en-puebla-quedan-en-el-aire-por-aranceles-de-trump-revelan-industriales-la-silla-rota\/","title":{"rendered":"Mil empleos en Puebla quedan en el aire por aranceles de Trump, revelan industriales | La Silla Rota"},"content":{"rendered":"\n<h2 class=\"wp-block-heading\">Los sectores m\u00e1s golpeados por la incertidumbre son el metalmec\u00e1nico, pl\u00e1sticos y autopartes, que en conjunto concentran casi la mitad de la actividad industrial en Puebla<\/h2>\n\n\n\n<figure class=\"wp-block-image\"><img decoding=\"async\" src=\"https:\/\/lasillarota.com\/u\/fotografias\/m\/2025\/5\/8\/f960x540-732522_806597_5050.jpg\" alt=\"Canacintra prev\u00e9 que el impacto econ\u00f3mico se reflejar\u00e1 con claridad al cierre del segundo trimestre\n\"\/><figcaption class=\"wp-element-caption\">Canacintra prev\u00e9 que el impacto econ\u00f3mico se reflejar\u00e1 con claridad al cierre del segundo trimestreCr\u00e9ditos: Cuartoscuro<\/figcaption><\/figure>\n\n\n\n<p><a href=\"https:\/\/lasillarota.com\/autor\/francisco-herrera-corresponsal.html\"><\/a><\/p>\n\n\n\n<p class=\"has-vivid-red-color has-text-color has-link-color has-medium-font-size wp-elements-8cb5757aeedc3f9d9706afb4fefc2ca8\"><strong><a href=\"https:\/\/lasillarota.com\/autor\/francisco-herrera-corresponsal.html\">Por\u00a0FRANCISCO HERRERA \/ CORRESPONSAL<\/a> \/ La Silla Rota<\/strong><\/p>\n\n\n\n<p>Cerca de&nbsp;<strong>mil empleos no se generar\u00e1n en Puebla<\/strong>&nbsp;debido a la&nbsp;<a href=\"https:\/\/lasillarota.com\/mundo\/2025\/5\/8\/rusia-china-lanzan-aviso-trump-con-alianza-estrategica-comercial-535214.html\" target=\"_blank\" rel=\"noreferrer noopener\">amenaza de nuevos aranceles impulsados por Donald Trump<\/a>, presidente de Estados Unidos, revel\u00f3 la&nbsp;<strong>C\u00e1mara Nacional de la Industria de la Transformaci\u00f3n<\/strong>&nbsp;(Canacintra).<\/p>\n\n\n\n<p>La&nbsp;<strong>incertidumbre<\/strong>&nbsp;ante la posible imposici\u00f3n de&nbsp;<strong>nuevos impuestos a productos importados&nbsp;<\/strong>llev\u00f3 a seis empresas del sector automotriz instaladas en Puebla a<strong>&nbsp;poner en pausa sus planes de inversi\u00f3n<\/strong>&nbsp;para el primer semestre de 2024.<\/p>\n\n\n\n<p>Una de estas compa\u00f1\u00edas&nbsp;<strong>cancel\u00f3 de forma definitiva sus inversiones previstas<\/strong>&nbsp;para el resto del a\u00f1o, que&nbsp;inclu\u00edan la creaci\u00f3n de 400 empleos directos. Adem\u00e1s,&nbsp;<strong>qued\u00f3 suspendida hasta 2025 la construcci\u00f3n de una nave industrial<\/strong>&nbsp;cuya inversi\u00f3n superaba los 10 millones de d\u00f3lares, tan solo por la compra de un terreno de 50 mil metros cuadrados, inform\u00f3 Carlos Sosa Sp\u00edndola, presidente de la Canacintra en Puebla.<\/p>\n\n\n\n<h3 class=\"wp-block-heading\">Te podr\u00eda interesar<\/h3>\n\n\n\n<ul class=\"wp-block-list\">\n<li><a href=\"https:\/\/lasillarota.com\/estados\/2025\/5\/4\/asi-serian-las-nuevas-actas-de-nacimiento-en-puebla-533709.html\"><em>Puebla<\/em>As\u00ed ser\u00edan las nuevas actas de nacimiento en Puebla<\/a><\/li>\n\n\n\n<li><a href=\"https:\/\/lasillarota.com\/estados\/2025\/4\/7\/puebla-gasto-mil-millones-en-un-tren-que-termino-en-quiebra-fue-vendido-la-4t-530517.html\"><em>Trenes<\/em>Puebla gast\u00f3 mil millones en un tren que termin\u00f3 en quiebra y fue vendido a la 4T<\/a><\/li>\n<\/ul>\n\n\n\n<h2 class=\"wp-block-heading\">Posponen planes de inversi\u00f3n&nbsp;<\/h2>\n\n\n\n<p>Actualmente, las&nbsp;<strong>otras cinco empresas afiliadas<\/strong>&nbsp;a Canacintra&nbsp;<a href=\"https:\/\/lasillarota.com\/estados\/2025\/4\/8\/aranceles-de-trump-empiezan-afectar-puebla-estas-son-las-consecuencias-530718.html\" target=\"_blank\" rel=\"noreferrer noopener\">han pospuesto sus planes de inversi\u00f3n<\/a>&nbsp;para el segundo semestre, a la espera de que se&nbsp;<strong>flexibilicen las restricciones al comercio entre M\u00e9xico y Estados Unidos<\/strong>. Se trata de al menos 600 empleos que hab\u00edan sido anunciados a inicios del a\u00f1o, pero que se mantienen en \u201cstand by\u201d.https:\/\/6501f8de72e6f71a694fd844ad46a828.safeframe.googlesyndication.com\/safeframe\/1-0-44\/html\/container.html?n=0<\/p>\n\n\n\n<p>Se estableci\u00f3 que los&nbsp;autom\u00f3viles que cumplan con la regla de producir el 75% de sus componentes en Norteam\u00e9rica podr\u00e1n considerarse como productos protegidos por el Tratado entre M\u00e9xico,&nbsp;Estados Unidos y Canad\u00e1 (T-MEC). Sin embargo, a\u00fan persisten dudas sobre los aranceles aplicables a ciertos componentes importados de otros pa\u00edses.<\/p>\n\n\n\n<figure class=\"wp-block-image\"><img decoding=\"async\" src=\"https:\/\/lasillarota.com\/u\/fotografias\/m\/2025\/5\/8\/f768x1-732526_732653_5050.jpg\" alt=\"\"\/><\/figure>\n\n\n\n<h2 class=\"wp-block-heading\">Industria proveedora de automotrices, en riesgo<\/h2>\n\n\n\n<p>Los&nbsp;sectores m\u00e1s afectados hasta ahora son el metalmec\u00e1nico, el de pl\u00e1sticos y el automotriz, particularmente en la&nbsp;<a href=\"https:\/\/lasillarota.com\/nacion\/2025\/5\/2\/autopartes-hechas-en-mexico-no-pagaran-aranceles-de-eu-ebrard-534143.html\" target=\"_blank\" rel=\"noreferrer noopener\">producci\u00f3n de autopartes<\/a>. En conjunto, representan casi el 50% de la actividad industrial en el estado.<\/p>\n\n\n\n<p>Estas industrias no solo abastecen a empresas instaladas en Puebla, como Volkswagen de M\u00e9xico y Audi, sino tambi\u00e9n a fabricantes ubicados en otras entidades del pa\u00eds.<\/p>\n\n\n\n<p>De acuerdo con representantes de Canacintra,<strong>&nbsp;a\u00fan no es posible cuantificar con precisi\u00f3n el impacto de los aranceles<\/strong>; se espera que los efectos puedan medirse con mayor claridad al cierre del segundo trimestre del a\u00f1o.<\/p>\n\n\n\n<p><strong>Otro sector que se ver\u00e1 afectado en Puebla es el agroalimentario<\/strong>. No obstante, el presidente de la Canacintra consider\u00f3 que esto responde a un factor externo, ya que \u201clos consumidores estadounidenses est\u00e1n comprando menos ante la incertidumbre dentro de su pa\u00eds\u201d.<\/p>\n\n\n\n<figure class=\"wp-block-image\"><img decoding=\"async\" src=\"https:\/\/lasillarota.com\/u\/fotografias\/m\/2025\/5\/8\/f768x1-732525_732652_5050.jpg\" alt=\"\"\/><\/figure>\n\n\n\n<p><\/p>\n\n\n\n<p>Fuente: <a href=\"https:\/\/lasillarota.com\/estados\/2025\/5\/8\/mil-empleos-en-puebla-quedan-en-el-aire-por-aranceles-de-trump-revelan-industriales-535237.html\">https:\/\/lasillarota.com\/estados\/2025\/5\/8\/mil-empleos-en-puebla-quedan-en-el-aire-por-aranceles-de-trump-revelan-industriales-535237.html<\/a><\/p>\n","protected":false},"excerpt":{"rendered":"<p>Los sectores m\u00e1s golpeados por la incertidumbre son el metalmec\u00e1nico, pl\u00e1sticos y autopartes, que en conjunto concentran casi la mitad [&hellip;]<\/p>\n","protected":false},"author":1,"featured_media":99157,"comment_status":"open","ping_status":"open","sticky":false,"template":"","format":"standard","meta":{"site-sidebar-layout":"default","site-content-layout":"","ast-site-content-layout":"default","site-content-style":"default","site-sidebar-style":"default","ast-global-header-display":"","ast-banner-title-visibility":"","ast-main-header-display":"","ast-hfb-above-header-display":"","ast-hfb-below-header-display":"","ast-hfb-mobile-header-display":"","site-post-title":"","ast-breadcrumbs-content":"","ast-featured-img":"","footer-sml-layout":"","theme-transparent-header-meta":"","adv-header-id-meta":"","stick-header-meta":"","header-above-stick-meta":"","header-main-stick-meta":"","header-below-stick-meta":"","astra-migrate-meta-layouts":"default","ast-page-background-enabled":"default","ast-page-background-meta":{"desktop":{"background-color":"var(--ast-global-color-4)","background-image":"","background-repeat":"repeat","background-position":"center center","background-size":"auto","background-attachment":"scroll","background-type":"","background-media":"","overlay-type":"","overlay-color":"","overlay-opacity":"","overlay-gradient":""},"tablet":{"background-color":"","background-image":"","background-repeat":"repeat","background-position":"center center","background-size":"auto","background-attachment":"scroll","background-type":"","background-media":"","overlay-type":"","overlay-color":"","overlay-opacity":"","overlay-gradient":""},"mobile":{"background-color":"","background-image":"","background-repeat":"repeat","background-position":"center center","background-size":"auto","background-attachment":"scroll","background-type":"","background-media":"","overlay-type":"","overlay-color":"","overlay-opacity":"","overlay-gradient":""}},"ast-content-background-meta":{"desktop":{"background-color":"var(--ast-global-color-5)","background-image":"","background-repeat":"repeat","background-position":"center center","background-size":"auto","background-attachment":"scroll","background-type":"","background-media":"","overlay-type":"","overlay-color":"","overlay-opacity":"","overlay-gradient":""},"tablet":{"background-color":"var(--ast-global-color-5)","background-image":"","background-repeat":"repeat","background-position":"center center","background-size":"auto","background-attachment":"scroll","background-type":"","background-media":"","overlay-type":"","overlay-color":"","overlay-opacity":"","overlay-gradient":""},"mobile":{"background-color":"var(--ast-global-color-5)","background-image":"","background-repeat":"repeat","background-position":"center center","background-size":"auto","background-attachment":"scroll","background-type":"","background-media":"","overlay-type":"","overlay-color":"","overlay-opacity":"","overlay-gradient":""}},"footnotes":""},"categories":[8],"tags":[32436,38215,38214,38216],"class_list":["post-99156","post","type-post","status-publish","format-standard","has-post-thumbnail","hentry","category-noticias","tag-aranceles-trump","tag-industriales-puebla","tag-puebla-empleos","tag-puebla-pierde-empleos"],"_links":{"self":[{"href":"https:\/\/losperiodistas.com.mx\/portal\/wp-json\/wp\/v2\/posts\/99156","targetHints":{"allow":["GET"]}}],"collection":[{"href":"https:\/\/losperiodistas.com.mx\/portal\/wp-json\/wp\/v2\/posts"}],"about":[{"href":"https:\/\/losperiodistas.com.mx\/portal\/wp-json\/wp\/v2\/types\/post"}],"author":[{"embeddable":true,"href":"https:\/\/losperiodistas.com.mx\/portal\/wp-json\/wp\/v2\/users\/1"}],"replies":[{"embeddable":true,"href":"https:\/\/losperiodistas.com.mx\/portal\/wp-json\/wp\/v2\/comments?post=99156"}],"version-history":[{"count":1,"href":"https:\/\/losperiodistas.com.mx\/portal\/wp-json\/wp\/v2\/posts\/99156\/revisions"}],"predecessor-version":[{"id":99158,"href":"https:\/\/losperiodistas.com.mx\/portal\/wp-json\/wp\/v2\/posts\/99156\/revisions\/99158"}],"wp:featuredmedia":[{"embeddable":true,"href":"https:\/\/losperiodistas.com.mx\/portal\/wp-json\/wp\/v2\/media\/99157"}],"wp:attachment":[{"href":"https:\/\/losperiodistas.com.mx\/portal\/wp-json\/wp\/v2\/media?parent=99156"}],"wp:term":[{"taxonomy":"category","embeddable":true,"href":"https:\/\/losperiodistas.com.mx\/portal\/wp-json\/wp\/v2\/categories?post=99156"},{"taxonomy":"post_tag","embeddable":true,"href":"https:\/\/losperiodistas.com.mx\/portal\/wp-json\/wp\/v2\/tags?post=99156"}],"curies":[{"name":"wp","href":"https:\/\/api.w.org\/{rel}","templated":true}]}}