{"id":99147,"date":"2025-05-09T07:52:02","date_gmt":"2025-05-09T13:52:02","guid":{"rendered":"https:\/\/losperiodistas.com.mx\/portal\/?p=99147"},"modified":"2025-05-09T07:52:03","modified_gmt":"2025-05-09T13:52:03","slug":"lo-que-sabemos-sobre-las-opiniones-politicas-y-sociales-del-papa-leon-xiv-twp","status":"publish","type":"post","link":"https:\/\/losperiodistas.com.mx\/portal\/lo-que-sabemos-sobre-las-opiniones-politicas-y-sociales-del-papa-leon-xiv-twp\/","title":{"rendered":"Lo que sabemos sobre las opiniones pol\u00edticas y sociales del Papa Le\u00f3n XIV | TWP"},"content":{"rendered":"\n<p class=\"has-medium-font-size\">Profundizando en las opiniones del nuevo pont\u00edfice, incluidos los derechos LGBTQ+, el clima y las mujeres en la Iglesia.<\/p>\n\n\n\n<figure class=\"wp-block-image size-large\"><img fetchpriority=\"high\" decoding=\"async\" width=\"1024\" height=\"683\" src=\"https:\/\/losperiodistas.com.mx\/portal\/wp-content\/uploads\/2025\/05\/imrs-1024x683.jpeg\" alt=\"\" class=\"wp-image-99148\" srcset=\"https:\/\/losperiodistas.com.mx\/portal\/wp-content\/uploads\/2025\/05\/imrs-1024x683.jpeg 1024w, https:\/\/losperiodistas.com.mx\/portal\/wp-content\/uploads\/2025\/05\/imrs-300x200.jpeg 300w, https:\/\/losperiodistas.com.mx\/portal\/wp-content\/uploads\/2025\/05\/imrs-768x512.jpeg 768w, https:\/\/losperiodistas.com.mx\/portal\/wp-content\/uploads\/2025\/05\/imrs.jpeg 1200w\" sizes=\"(max-width: 1024px) 100vw, 1024px\" \/><figcaption class=\"wp-element-caption\">El cardenal Robert Prevost dirige el rezo del rosario por el papa Francisco el 3 de marzo en la Plaza de San Pedro del Vaticano. (Evandro Inetti\/Zuma Press Wire)<\/figcaption><\/figure>\n\n\n\n<p class=\"has-vivid-red-color has-text-color has-link-color has-medium-font-size wp-elements-6186fa5fc9ac768adf53665874fbc338\"><strong>Por\u00a0<a href=\"https:\/\/www.washingtonpost.com\/people\/anumita-kaur\/\">Anumita Kaur<\/a> \/ The Washington Post<\/strong><\/p>\n\n\n\n<p><a href=\"https:\/\/www.washingtonpost.com\/world\/2025\/05\/08\/pope-prevost-american-vatican\/\" target=\"_blank\" rel=\"noreferrer noopener\">El Papa Le\u00f3n XIV<\/a>&nbsp;pas\u00f3 dos d\u00e9cadas trabajando en el enclave m\u00e1s pobre del Per\u00fa y parece seguir el ejemplo del Papa Francisco, quien dej\u00f3 un legado como \u201cel Papa del pueblo\u201d por su ayuda a los marginados de la sociedad.<\/p>\n\n\n\n<p>El pont\u00edfice nacido en Chicago es el primero de Estados Unidos en liderar la Iglesia Cat\u00f3lica, y si bien sus posiciones sobre algunos de los temas m\u00e1s candentes de la iglesia siguen sin estar claras, ha se\u00f1alado continuidad con su predecesor, quien desafi\u00f3 las normas, abraz\u00f3 a los migrantes y a los pobres y busc\u00f3 construir una iglesia inclusiva.<\/p>\n\n\n\n<p>\u201cEl obispo no debe ser un peque\u00f1o pr\u00edncipe sentado en su reino, sino m\u00e1s bien llamado a ser aut\u00e9nticamente humilde, a estar cerca de la gente a la que sirve, a caminar con ellos, a sufrir con ellos y a buscar maneras de vivir mejor el mensaje del Evangelio en medio de su pueblo\u201d, dijo el entonces cardenal Robert Prevost en una&nbsp;<a href=\"https:\/\/www.youtube.com\/watch?v=AVRu6DWxF-A\" target=\"_blank\" rel=\"noreferrer noopener\">entrevista<\/a>&nbsp;en octubre.<\/p>\n\n\n\n<p>Esto es lo que sabemos hasta ahora sobre las opiniones pol\u00edticas y sociales de Le\u00f3n XIV.M\u00e1s sobre el c\u00f3nclavePr\u00f3ximo<a href=\"https:\/\/www.washingtonpost.com\/world\/2025\/05\/08\/conclave-vote-pope-news-results\/\"><\/a><\/p>\n\n\n\n<h3 class=\"wp-block-heading\">Ha votado en las primarias republicanas<\/h3>\n\n\n\n<p>Originario de Chicago,\u00a0Leo XIV vot\u00f3 en las primarias republicanas de Illinois en 2012, 2014 y 2016, seg\u00fan los registros de registro de votantes.<\/p>\n\n\n\n<p>Tambi\u00e9n ha votado en las elecciones generales, la \u00faltima vez en ausencia en noviembre. (Illinois no tiene registro de partidos, pero&nbsp;los votantes eligen las primarias de su partido en las que quieren votar).<\/p>\n\n\n\n<figure class=\"wp-block-image size-large\"><img decoding=\"async\" width=\"1024\" height=\"684\" src=\"https:\/\/losperiodistas.com.mx\/portal\/wp-content\/uploads\/2025\/05\/imrs-1024x684.avif\" alt=\"\" class=\"wp-image-99150\" srcset=\"https:\/\/losperiodistas.com.mx\/portal\/wp-content\/uploads\/2025\/05\/imrs-1024x684.avif 1024w, https:\/\/losperiodistas.com.mx\/portal\/wp-content\/uploads\/2025\/05\/imrs-300x200.avif 300w, https:\/\/losperiodistas.com.mx\/portal\/wp-content\/uploads\/2025\/05\/imrs-768x513.avif 768w, https:\/\/losperiodistas.com.mx\/portal\/wp-content\/uploads\/2025\/05\/imrs.avif 1200w\" sizes=\"(max-width: 1024px) 100vw, 1024px\" \/><figcaption class=\"wp-element-caption\">Prevost, entonces obispo, bendice a una mujer durante una misa en Motupe, Per\u00fa, en 2020. (Hermandad Cruz de Motupe\/AP)<\/figcaption><\/figure>\n\n\n\n<h3 class=\"wp-block-heading\">Sus opiniones sobre las mujeres en la Iglesia parecen estar alineadas con las de Francisco.<\/h3>\n\n\n\n<p>Durante su papado, Francisco abri\u00f3 m\u00e1s roles de liderazgo a las mujeres que cualquier otro pont\u00edfice anterior y estableci\u00f3 comisiones para estudiar la posibilidad de que las mujeres se convirtieran en di\u00e1conos.<\/p>\n\n\n\n<p>Francisco tambi\u00e9n&nbsp;<a href=\"https:\/\/www.washingtonpost.com\/world\/2025\/05\/08\/pope-prevost-american-vatican\/\" target=\"_blank\" rel=\"noreferrer noopener\">recurri\u00f3 repetidamente al entonces cardenal Prevost<\/a>&nbsp;, incluso encarg\u00e1ndole la supervisi\u00f3n de una reforma revolucionaria que a\u00f1adi\u00f3 a tres mujeres al bloque de votaci\u00f3n que decide qu\u00e9 nominaciones de obispos se presentan al papa. Sin embargo, Francisco mantuvo l\u00edmites claros, afirmando repetidamente la doctrina de la Iglesia que proh\u00edbe la ordenaci\u00f3n sacerdotal de mujeres.<\/p>\n\n\n\n<p>Le\u00f3n ha expresado l\u00edmites similares sobre el gobierno de las mujeres en la Iglesia Cat\u00f3lica. Durante una conferencia de prensa en el Vaticano en 2023, afirm\u00f3 que \u00ablas mujeres pueden aportar mucho a la vida de la Iglesia en muchos niveles diferentes\u00bb, reconociendo el \u00ablento proceso\u00bb de expansi\u00f3n de los roles de las mujeres dentro de la Iglesia y la Santa Sede. Sin embargo, rechaz\u00f3 la idea de que la ordenaci\u00f3n de mujeres necesariamente abordar\u00eda las preocupaciones sobre la representaci\u00f3n o la igualdad, afirmando que \u00ab&#8217;clericalizar a las mujeres&#8217; no necesariamente resuelve un problema, sino que podr\u00eda generar uno nuevo\u00bb,&nbsp;<a href=\"https:\/\/web.archive.org\/web\/20250508183132\/https:\/\/www.ncregister.com\/cna\/cardinal-at-synod-on-synodality-clericalizing-women-will-not-solve-problems\" target=\"_blank\" rel=\"noreferrer noopener\">inform\u00f3 entonces el National Catholic Register.<\/a><\/p>\n\n\n\n<figure class=\"wp-block-image size-large\"><img decoding=\"async\" width=\"1024\" height=\"684\" src=\"https:\/\/losperiodistas.com.mx\/portal\/wp-content\/uploads\/2025\/05\/imrs-1-1024x684.webp\" alt=\"\" class=\"wp-image-99149\" srcset=\"https:\/\/losperiodistas.com.mx\/portal\/wp-content\/uploads\/2025\/05\/imrs-1-1024x684.webp 1024w, https:\/\/losperiodistas.com.mx\/portal\/wp-content\/uploads\/2025\/05\/imrs-1-300x200.webp 300w, https:\/\/losperiodistas.com.mx\/portal\/wp-content\/uploads\/2025\/05\/imrs-1-768x513.webp 768w, https:\/\/losperiodistas.com.mx\/portal\/wp-content\/uploads\/2025\/05\/imrs-1.webp 1200w\" sizes=\"(max-width: 1024px) 100vw, 1024px\" \/><figcaption class=\"wp-element-caption\">Prevost, entonces cardenal, durante una visita el a\u00f1o pasado a Chulucanas, Per\u00fa. (Paul Sunci\u00f3n\/AFP\/Getty Images)<\/figcaption><\/figure>\n\n\n\n<h3 class=\"wp-block-heading\">Ha defendido la acci\u00f3n para abordar la crisis clim\u00e1tica.<\/h3>\n\n\n\n<p>El entonces cardenal Prevost inst\u00f3 en una ocasi\u00f3n a la sociedad a pasar&nbsp;<a href=\"https:\/\/www.vaticannews.va\/en\/vatican-city\/news\/2024-11\/climate-change-conference-latin-america-cardinals-rome.html\" target=\"_blank\" rel=\"noreferrer noopener\">de las palabras a los hechos<\/a>&nbsp;para abordar la crisis clim\u00e1tica. Seg\u00fan&nbsp;<a href=\"https:\/\/www.vaticannews.va\/en\/vatican-city\/news\/2024-11\/climate-change-conference-latin-america-cardinals-rome.html\" target=\"_blank\" rel=\"noreferrer noopener\">Vatican News<\/a>&nbsp;, el dominio sobre la naturaleza no debe convertirse en una tiran\u00eda, sino que debe ser una relaci\u00f3n de reciprocidad con el medio ambiente.<\/p>\n\n\n\n<p>Francis&nbsp;<a href=\"https:\/\/www.washingtonpost.com\/climate-environment\/2025\/04\/22\/pope-francis-climate-future\/\" target=\"_blank\" rel=\"noreferrer noopener\">se dedic\u00f3<\/a>&nbsp;a abordar la crisis clim\u00e1tica: escribi\u00f3 extensamente sobre el cambio clim\u00e1tico, organiz\u00f3 cumbres ambientales y se reuni\u00f3 con activistas clim\u00e1ticos, formuladores de pol\u00edticas e incluso ejecutivos petroleros.<\/p>\n\n\n\n<h3 class=\"wp-block-heading\">Sus opiniones sobre temas LGBTQ+ pueden diferir de las de Francisco.<\/h3>\n\n\n\n<p>Francisco hizo avances en la difusi\u00f3n de la comunidad LGBTQ+,&nbsp;<a href=\"https:\/\/www.washingtonpost.com\/world\/2025\/04\/23\/pope-francis-lgbtq-relationship\/\" target=\"_blank\" rel=\"noreferrer noopener\">y en una ocasi\u00f3n afirm\u00f3<\/a>&nbsp;: \u201cSi alguien es gay y busca al Se\u00f1or y tiene buena voluntad, entonces&nbsp;<a href=\"https:\/\/www.washingtonpost.com\/local\/2013\/07\/29\/0d26789e-f87e-11e2-b018-5b8251f0c56e_story.html\" target=\"_blank\" rel=\"noreferrer noopener\">\u00bfqui\u00e9n soy yo para juzgar<\/a>&nbsp;?\u201d.<\/p>\n\n\n\n<p>En un discurso a los obispos en 2012, Leon dijo que los medios de comunicaci\u00f3n occidentales y la cultura popular promov\u00edan \u201cla simpat\u00eda por creencias y pr\u00e1cticas que est\u00e1n en desacuerdo con el Evangelio\u201d.<\/p>\n\n\n\n<p>\u201cObserven, por ejemplo, c\u00f3mo las familias alternativas compuestas por parejas homosexuales y sus hijos adoptivos son retratadas de manera tan benigna y compasiva en los programas de televisi\u00f3n y en el cine\u201d, dijo en ese momento, seg\u00fan el Arlington Catholic Herald.<\/p>\n\n\n\n<h3 class=\"wp-block-heading\">Los migrantes son una preocupaci\u00f3n especial para \u00e9l<\/h3>\n\n\n\n<p>Jes\u00fas Le\u00f3n \u00c1ngeles, coordinador de un grupo cat\u00f3lico peruano que conoce a Prevost desde 2018, afirm\u00f3 que el nuevo papa ha mostrado especial preocupaci\u00f3n por los migrantes venezolanos en Per\u00fa,&nbsp;<a href=\"https:\/\/www.reuters.com\/world\/prevost-first-us-pope-supported-francis-shunned-spotlight-2025-05-08\/\" target=\"_blank\" rel=\"noreferrer noopener\">seg\u00fan inform\u00f3 Reuters.<\/a>&nbsp;\u00abEs una persona a la que le gusta ayudar\u00bb, afirm\u00f3 Le\u00f3n \u00c1ngeles.<\/p>\n\n\n\n<p>Francisco&nbsp;<a href=\"https:\/\/www.washingtonpost.com\/video\/world\/2021-pope-condemns-exploitation-of-refugees\/2021\/12\/05\/f8eba872-6a05-42a2-813c-2dee8efa886c_video.html\" target=\"_blank\" rel=\"noreferrer noopener\">expres\u00f3 sistem\u00e1ticamente<\/a>&nbsp;su compasi\u00f3n por los migrantes, defendiendo sus derechos a lo largo de su papado.&nbsp;<a href=\"https:\/\/catholicweekly.com.au\/pope-francis-washes-feet-of-muslim-refugees\/\" target=\"_blank\" rel=\"noreferrer noopener\">Lav\u00f3 los pies a los migrantes \u00e1rabes<\/a>&nbsp;que buscaban asilo en Europa,&nbsp;<a href=\"https:\/\/www.washingtonpost.com\/video\/national\/pope-francis-calls-on-congress-to-embrace-immigrants\/2015\/09\/24\/19a5dfc4-62cb-11e5-8475-781cc9851652_video.html\" target=\"_blank\" rel=\"noreferrer noopener\">implor\u00f3 a los l\u00edderes estadounidenses<\/a>&nbsp;que aceptaran a los inmigrantes y,&nbsp;<a href=\"https:\/\/www.washingtonpost.com\/world\/2025\/01\/20\/pope-francis-trump-deportation-undocumented-disgrace\/\" target=\"_blank\" rel=\"noreferrer noopener\">en enero<\/a>&nbsp;, calific\u00f3 de \u00abverg\u00fcenza\u00bb los planes de la administraci\u00f3n Trump para la deportaci\u00f3n masiva de inmigrantes indocumentados.1:07<\/p>\n\n\n\n<p>https:\/\/imasdk.googleapis.com\/js\/core\/bridge3.695.1_en.html#fid=goog_1453048280Esto es lo que sabemos sobre el cardenal Robert Prevost, ahora Le\u00f3n XIV, el hombre de 69 a\u00f1os del sur de Chicago que fue elegido para dirigir la Iglesia cat\u00f3lica. (Video: Zoeann Murphy\/The Washington Post)<\/p>\n\n\n\n<p><em>Anthony Faiola, Michelle Boorstein, Stefano Pitrelli, Razzan Nakhlawi, Aaron Schaffer, Mar\u00eda Luisa Pa\u00fal, Emily Wax-Thibodeaux, Gaya Gupta y Rachel Hatzipanagos contribuyeron a este informe.<\/em><\/p>\n\n\n\n<p>Fuente: <a href=\"https:\/\/www.washingtonpost.com\/world\/2025\/05\/08\/pope-leo-xiv-views-political-robert-prevost\/\">https:\/\/www.washingtonpost.com\/world\/2025\/05\/08\/pope-leo-xiv-views-political-robert-prevost\/<\/a><\/p>\n\n\n\n<p><\/p>\n","protected":false},"excerpt":{"rendered":"<p>Profundizando en las opiniones del nuevo pont\u00edfice, incluidos los derechos LGBTQ+, el clima y las mujeres en la Iglesia. Por\u00a0Anumita [&hellip;]<\/p>\n","protected":false},"author":1,"featured_media":99148,"comment_status":"open","ping_status":"open","sticky":false,"template":"","format":"standard","meta":{"site-sidebar-layout":"default","site-content-layout":"","ast-site-content-layout":"default","site-content-style":"default","site-sidebar-style":"default","ast-global-header-display":"","ast-banner-title-visibility":"","ast-main-header-display":"","ast-hfb-above-header-display":"","ast-hfb-below-header-display":"","ast-hfb-mobile-header-display":"","site-post-title":"","ast-breadcrumbs-content":"","ast-featured-img":"","footer-sml-layout":"","theme-transparent-header-meta":"","adv-header-id-meta":"","stick-header-meta":"","header-above-stick-meta":"","header-main-stick-meta":"","header-below-stick-meta":"","astra-migrate-meta-layouts":"default","ast-page-background-enabled":"default","ast-page-background-meta":{"desktop":{"background-color":"var(--ast-global-color-4)","background-image":"","background-repeat":"repeat","background-position":"center center","background-size":"auto","background-attachment":"scroll","background-type":"","background-media":"","overlay-type":"","overlay-color":"","overlay-opacity":"","overlay-gradient":""},"tablet":{"background-color":"","background-image":"","background-repeat":"repeat","background-position":"center center","background-size":"auto","background-attachment":"scroll","background-type":"","background-media":"","overlay-type":"","overlay-color":"","overlay-opacity":"","overlay-gradient":""},"mobile":{"background-color":"","background-image":"","background-repeat":"repeat","background-position":"center center","background-size":"auto","background-attachment":"scroll","background-type":"","background-media":"","overlay-type":"","overlay-color":"","overlay-opacity":"","overlay-gradient":""}},"ast-content-background-meta":{"desktop":{"background-color":"var(--ast-global-color-5)","background-image":"","background-repeat":"repeat","background-position":"center center","background-size":"auto","background-attachment":"scroll","background-type":"","background-media":"","overlay-type":"","overlay-color":"","overlay-opacity":"","overlay-gradient":""},"tablet":{"background-color":"var(--ast-global-color-5)","background-image":"","background-repeat":"repeat","background-position":"center center","background-size":"auto","background-attachment":"scroll","background-type":"","background-media":"","overlay-type":"","overlay-color":"","overlay-opacity":"","overlay-gradient":""},"mobile":{"background-color":"var(--ast-global-color-5)","background-image":"","background-repeat":"repeat","background-position":"center center","background-size":"auto","background-attachment":"scroll","background-type":"","background-media":"","overlay-type":"","overlay-color":"","overlay-opacity":"","overlay-gradient":""}},"footnotes":""},"categories":[1],"tags":[38213],"class_list":["post-99147","post","type-post","status-publish","format-standard","has-post-thumbnail","hentry","category-sin-categoria","tag-opiniones-politicas-de-leon-xiv"],"_links":{"self":[{"href":"https:\/\/losperiodistas.com.mx\/portal\/wp-json\/wp\/v2\/posts\/99147","targetHints":{"allow":["GET"]}}],"collection":[{"href":"https:\/\/losperiodistas.com.mx\/portal\/wp-json\/wp\/v2\/posts"}],"about":[{"href":"https:\/\/losperiodistas.com.mx\/portal\/wp-json\/wp\/v2\/types\/post"}],"author":[{"embeddable":true,"href":"https:\/\/losperiodistas.com.mx\/portal\/wp-json\/wp\/v2\/users\/1"}],"replies":[{"embeddable":true,"href":"https:\/\/losperiodistas.com.mx\/portal\/wp-json\/wp\/v2\/comments?post=99147"}],"version-history":[{"count":1,"href":"https:\/\/losperiodistas.com.mx\/portal\/wp-json\/wp\/v2\/posts\/99147\/revisions"}],"predecessor-version":[{"id":99151,"href":"https:\/\/losperiodistas.com.mx\/portal\/wp-json\/wp\/v2\/posts\/99147\/revisions\/99151"}],"wp:featuredmedia":[{"embeddable":true,"href":"https:\/\/losperiodistas.com.mx\/portal\/wp-json\/wp\/v2\/media\/99148"}],"wp:attachment":[{"href":"https:\/\/losperiodistas.com.mx\/portal\/wp-json\/wp\/v2\/media?parent=99147"}],"wp:term":[{"taxonomy":"category","embeddable":true,"href":"https:\/\/losperiodistas.com.mx\/portal\/wp-json\/wp\/v2\/categories?post=99147"},{"taxonomy":"post_tag","embeddable":true,"href":"https:\/\/losperiodistas.com.mx\/portal\/wp-json\/wp\/v2\/tags?post=99147"}],"curies":[{"name":"wp","href":"https:\/\/api.w.org\/{rel}","templated":true}]}}