{"id":99139,"date":"2025-05-09T07:13:07","date_gmt":"2025-05-09T13:13:07","guid":{"rendered":"https:\/\/losperiodistas.com.mx\/portal\/?p=99139"},"modified":"2025-05-09T07:13:10","modified_gmt":"2025-05-09T13:13:10","slug":"la-fe-como-pilar-de-unidad-la-primera-homilia-del-papa-leo-xiv-en-la-capilla-sixtina-exaudi","status":"publish","type":"post","link":"https:\/\/losperiodistas.com.mx\/portal\/la-fe-como-pilar-de-unidad-la-primera-homilia-del-papa-leo-xiv-en-la-capilla-sixtina-exaudi\/","title":{"rendered":"La fe como pilar de unidad: la primera homil\u00eda del Papa Leo XIV en la Capilla Sixtina | Exaudi"},"content":{"rendered":"\n<p class=\"has-luminous-vivid-amber-background-color has-background has-medium-font-size\">El Pont\u00edfice llama a los Cardenales a vivir la fe con alegr\u00eda y a ser testigos del Evangelio<\/p>\n\n\n\n<figure class=\"wp-block-image size-full\"><img fetchpriority=\"high\" decoding=\"async\" width=\"750\" height=\"422\" src=\"https:\/\/losperiodistas.com.mx\/portal\/wp-content\/uploads\/2025\/05\/cq5dam.thumbnail.cropped.750.422-8.jpeg\" alt=\"\" class=\"wp-image-99140\" srcset=\"https:\/\/losperiodistas.com.mx\/portal\/wp-content\/uploads\/2025\/05\/cq5dam.thumbnail.cropped.750.422-8.jpeg 750w, https:\/\/losperiodistas.com.mx\/portal\/wp-content\/uploads\/2025\/05\/cq5dam.thumbnail.cropped.750.422-8-300x169.jpeg 300w\" sizes=\"(max-width: 750px) 100vw, 750px\" \/><\/figure>\n\n\n\n<p><\/p>\n\n\n\n<p class=\"has-vivid-red-color has-text-color has-link-color has-medium-font-size wp-elements-eba9c95c662bca8ec7984edd54541a44\"><strong>Redacci\u00f3n Exaudi<\/strong><\/p>\n\n\n\n<p>En la ma\u00f1ana del 9 de mayo de 2025, la Capilla Sixtina fue el escenario de un momento hist\u00f3rico: la primera Misa celebrada por el reci\u00e9n elegido Papa Leo XIV junto al Colegio de Cardenales. El eco de los c\u00e1nticos sagrados y la majestuosidad de los frescos de Miguel \u00c1ngel enmarcaron una ceremonia que marca el inicio de un nuevo cap\u00edtulo para la Iglesia Cat\u00f3lica.<\/p>\n\n\n\n<p>En su homil\u00eda, el Papa Leo XIV subray\u00f3 la importancia de la fe como fundamento de la unidad eclesial. \u00abEstamos llamados a ser testigos de nuestra fe gozosa en Cristo Salvador\u00bb, proclam\u00f3 con voz firme, mirando a los Cardenales que participaron en el c\u00f3nclave. El Pont\u00edfice enfatiz\u00f3 que donde falta la fe, la vida pierde su sentido, y anim\u00f3 a los presentes a vivir su vocaci\u00f3n con un profundo sentido de misi\u00f3n y entrega.<\/p>\n\n\n\n<figure class=\"wp-block-image\"><img decoding=\"async\" src=\"https:\/\/www.exaudi.org\/wp-content\/uploads\/2025\/05\/Estamos-llamados-a-dar-testimonio-de-nuestra-gozosa-fe-en-Cristo-Salvador%E2%80%A6.El-Papa-Leon-XIV-ofrecio-este-emotivo-recordatorio-durante-su-primera-Misa-como-Pontifice-el-viernes-9-de-mayo-de-2025-junto-c.jpg\" alt=\"\" class=\"wp-image-125582\"\/><\/figure>\n\n\n\n<p>El Papa destac\u00f3 el simbolismo de la Capilla Sixtina, lugar donde los Cardenales, guiados por el Esp\u00edritu Santo, discernieron su elecci\u00f3n. \u00abAqu\u00ed, bajo la mirada del Juicio Final, hemos tomado una decisi\u00f3n que marca el rumbo de la Iglesia. No podemos olvidar que nuestra misi\u00f3n es ser luz para el mundo, reflejando el amor y la misericordia de Cristo\u00bb, afirm\u00f3.<\/p>\n\n\n\n<p>A lo largo de su discurso, Leo XIV invit\u00f3 al Colegio Cardenalicio a renovar su compromiso con la evangelizaci\u00f3n, subrayando que \u00abel mundo necesita el testimonio valiente de hombres de fe\u00bb. Adem\u00e1s, inst\u00f3 a no temer los desaf\u00edos contempor\u00e1neos, recordando que la Iglesia ha sido y ser\u00e1 un faro de esperanza en medio de las adversidades.<\/p>\n\n\n\n<figure class=\"wp-block-image\"><img decoding=\"async\" src=\"https:\/\/www.exaudi.org\/wp-content\/uploads\/2025\/05\/Estamos-llamados-a-dar-testimonio-de-nuestra-gozosa-fe-en-Cristo-Salvador%E2%80%A6.El-Papa-Leon-XIV-ofrecio-este-emotivo-recordatorio-durante-su-primera-Misa-como-Pontifice-el-viernes-9-de-mayo-de-2025-jun-5.jpg\" alt=\"\" class=\"wp-image-125576\"\/><\/figure>\n\n\n\n<p>El Papa tambi\u00e9n hizo referencia a los j\u00f3venes, pidiendo a los Cardenales que sean cercanos a ellos y los gu\u00eden con el ejemplo. \u00abLa juventud necesita referentes que vivan con coherencia el Evangelio, que sean ejemplo de alegr\u00eda y esperanza\u00bb, se\u00f1al\u00f3.<\/p>\n\n\n\n<p>Con un gesto solemne, Leo XIV finaliz\u00f3 su homil\u00eda impartiendo una bendici\u00f3n especial a los presentes y a toda la Iglesia universal, pidiendo al Esp\u00edritu Santo que ilumine su camino en este nuevo periodo de servicio.<\/p>\n\n\n\n<figure class=\"wp-block-image\"><img decoding=\"async\" src=\"https:\/\/www.exaudi.org\/wp-content\/uploads\/2025\/05\/cq5dam.thumbnail.cropped.750.422-9.jpeg\" alt=\"\" class=\"wp-image-125570\"\/><\/figure>\n\n\n\n<p>La primera Misa del Papa Leo XIV lanz\u00f3 un mensaje claro y firme: la fe compartida es el cimiento sobre el cual se construye la unidad y la misi\u00f3n de la Iglesia.<\/p>\n\n\n\n<p>Su llamado a la unidad, la evangelizaci\u00f3n y el compromiso con los m\u00e1s j\u00f3venes marcan el inicio de una nueva etapa para la Iglesia, una etapa que promete estar profundamente arraigada en el Evangelio y en el testimonio valiente de la fe.<\/p>\n\n\n\n<p><a href=\"https:\/\/www.exaudi.org\/wp-content\/uploads\/2025\/05\/20250509-libretto-messa-cardinali_250509_105539.pdf\" target=\"_blank\" rel=\"noreferrer noopener\"><em><strong>Libreto de la misa con los cardenales<\/strong><\/em><\/a><\/p>\n\n\n\n<figure class=\"wp-block-embed is-type-video is-provider-youtube wp-block-embed-youtube wp-embed-aspect-16-9 wp-has-aspect-ratio\"><div class=\"wp-block-embed__wrapper\">\n<iframe title=\"Santa Misa presidida por el Papa Le\u00f3n XIV - 09 de mayo de 2025\" width=\"500\" height=\"281\" src=\"https:\/\/www.youtube.com\/embed\/BWXLS2qVjtY?feature=oembed\" frameborder=\"0\" allow=\"accelerometer; autoplay; clipboard-write; encrypted-media; gyroscope; picture-in-picture; web-share\" referrerpolicy=\"strict-origin-when-cross-origin\" allowfullscreen><\/iframe>\n<\/div><\/figure>\n\n\n\n<figure class=\"wp-block-embed is-type-video is-provider-youtube wp-block-embed-youtube wp-embed-aspect-16-9 wp-has-aspect-ratio\"><div class=\"wp-block-embed__wrapper\">\n<iframe title=\"Hoy, 9 de mayo, en la Capilla Sixtina se est\u00e1 celebrando la primera Misa presidida por el Papa Le\u00f3n\" width=\"500\" height=\"281\" src=\"https:\/\/www.youtube.com\/embed\/hU1n06_EcD0?feature=oembed\" frameborder=\"0\" allow=\"accelerometer; autoplay; clipboard-write; encrypted-media; gyroscope; picture-in-picture; web-share\" referrerpolicy=\"strict-origin-when-cross-origin\" allowfullscreen><\/iframe>\n<\/div><\/figure>\n\n\n\n<p><\/p>\n\n\n\n<p>Fuente: <a href=\"https:\/\/www.exaudi.org\/es\/fe-pilar-unidad-primera-homilia-leo-xiv\/\">https:\/\/www.exaudi.org\/es\/fe-pilar-unidad-primera-homilia-leo-xiv\/<\/a><a href=\"mailto:redaccionexaudi@exaudi.org\" target=\"_blank\" rel=\"noreferrer noopener\"><\/a><a href=\"https:\/\/www.facebook.com\/ExaudiNoticias\/\" target=\"_blank\" rel=\"noreferrer noopener\"><\/a><a href=\"https:\/\/www.instagram.com\/exaudi_noticias\/\" target=\"_blank\" rel=\"noreferrer noopener\"><\/a><a href=\"https:\/\/www.youtube.com\/@exaudicatholicnews\" target=\"_blank\" rel=\"noreferrer noopener\"><\/a><\/p>\n","protected":false},"excerpt":{"rendered":"<p>El Pont\u00edfice llama a los Cardenales a vivir la fe con alegr\u00eda y a ser testigos del Evangelio Redacci\u00f3n Exaudi [&hellip;]<\/p>\n","protected":false},"author":1,"featured_media":99140,"comment_status":"open","ping_status":"open","sticky":false,"template":"","format":"standard","meta":{"site-sidebar-layout":"default","site-content-layout":"","ast-site-content-layout":"default","site-content-style":"default","site-sidebar-style":"default","ast-global-header-display":"","ast-banner-title-visibility":"","ast-main-header-display":"","ast-hfb-above-header-display":"","ast-hfb-below-header-display":"","ast-hfb-mobile-header-display":"","site-post-title":"","ast-breadcrumbs-content":"","ast-featured-img":"","footer-sml-layout":"","theme-transparent-header-meta":"","adv-header-id-meta":"","stick-header-meta":"","header-above-stick-meta":"","header-main-stick-meta":"","header-below-stick-meta":"","astra-migrate-meta-layouts":"default","ast-page-background-enabled":"default","ast-page-background-meta":{"desktop":{"background-color":"var(--ast-global-color-4)","background-image":"","background-repeat":"repeat","background-position":"center center","background-size":"auto","background-attachment":"scroll","background-type":"","background-media":"","overlay-type":"","overlay-color":"","overlay-opacity":"","overlay-gradient":""},"tablet":{"background-color":"","background-image":"","background-repeat":"repeat","background-position":"center center","background-size":"auto","background-attachment":"scroll","background-type":"","background-media":"","overlay-type":"","overlay-color":"","overlay-opacity":"","overlay-gradient":""},"mobile":{"background-color":"","background-image":"","background-repeat":"repeat","background-position":"center center","background-size":"auto","background-attachment":"scroll","background-type":"","background-media":"","overlay-type":"","overlay-color":"","overlay-opacity":"","overlay-gradient":""}},"ast-content-background-meta":{"desktop":{"background-color":"var(--ast-global-color-5)","background-image":"","background-repeat":"repeat","background-position":"center center","background-size":"auto","background-attachment":"scroll","background-type":"","background-media":"","overlay-type":"","overlay-color":"","overlay-opacity":"","overlay-gradient":""},"tablet":{"background-color":"var(--ast-global-color-5)","background-image":"","background-repeat":"repeat","background-position":"center center","background-size":"auto","background-attachment":"scroll","background-type":"","background-media":"","overlay-type":"","overlay-color":"","overlay-opacity":"","overlay-gradient":""},"mobile":{"background-color":"var(--ast-global-color-5)","background-image":"","background-repeat":"repeat","background-position":"center center","background-size":"auto","background-attachment":"scroll","background-type":"","background-media":"","overlay-type":"","overlay-color":"","overlay-opacity":"","overlay-gradient":""}},"footnotes":""},"categories":[8],"tags":[38212,38211],"class_list":["post-99139","post","type-post","status-publish","format-standard","has-post-thumbnail","hentry","category-noticias","tag-la-fe-pilar-de-unidad","tag-primera-misa-leon-xiv"],"_links":{"self":[{"href":"https:\/\/losperiodistas.com.mx\/portal\/wp-json\/wp\/v2\/posts\/99139","targetHints":{"allow":["GET"]}}],"collection":[{"href":"https:\/\/losperiodistas.com.mx\/portal\/wp-json\/wp\/v2\/posts"}],"about":[{"href":"https:\/\/losperiodistas.com.mx\/portal\/wp-json\/wp\/v2\/types\/post"}],"author":[{"embeddable":true,"href":"https:\/\/losperiodistas.com.mx\/portal\/wp-json\/wp\/v2\/users\/1"}],"replies":[{"embeddable":true,"href":"https:\/\/losperiodistas.com.mx\/portal\/wp-json\/wp\/v2\/comments?post=99139"}],"version-history":[{"count":1,"href":"https:\/\/losperiodistas.com.mx\/portal\/wp-json\/wp\/v2\/posts\/99139\/revisions"}],"predecessor-version":[{"id":99143,"href":"https:\/\/losperiodistas.com.mx\/portal\/wp-json\/wp\/v2\/posts\/99139\/revisions\/99143"}],"wp:featuredmedia":[{"embeddable":true,"href":"https:\/\/losperiodistas.com.mx\/portal\/wp-json\/wp\/v2\/media\/99140"}],"wp:attachment":[{"href":"https:\/\/losperiodistas.com.mx\/portal\/wp-json\/wp\/v2\/media?parent=99139"}],"wp:term":[{"taxonomy":"category","embeddable":true,"href":"https:\/\/losperiodistas.com.mx\/portal\/wp-json\/wp\/v2\/categories?post=99139"},{"taxonomy":"post_tag","embeddable":true,"href":"https:\/\/losperiodistas.com.mx\/portal\/wp-json\/wp\/v2\/tags?post=99139"}],"curies":[{"name":"wp","href":"https:\/\/api.w.org\/{rel}","templated":true}]}}