{"id":99136,"date":"2025-05-08T16:33:16","date_gmt":"2025-05-08T22:33:16","guid":{"rendered":"https:\/\/losperiodistas.com.mx\/portal\/?p=99136"},"modified":"2025-05-08T16:33:17","modified_gmt":"2025-05-08T22:33:17","slug":"el-vaticano-elige-un-leon-contra-donald-trump-el-confidencial","status":"publish","type":"post","link":"https:\/\/losperiodistas.com.mx\/portal\/el-vaticano-elige-un-leon-contra-donald-trump-el-confidencial\/","title":{"rendered":"El Vaticano elige un le\u00f3n contra Donald Trump | El Confidencial"},"content":{"rendered":"\n<h2 class=\"wp-block-heading has-luminous-vivid-amber-background-color has-background\">Prevost se convierte en el primer pont\u00edfice estadounidense de la historia y expone un programa de gobierno continuista con Francisco que remarca el compromiso misionero y ecologista en la Iglesia de los desheredados<\/h2>\n\n\n\n<figure class=\"wp-block-image\"><img decoding=\"async\" src=\"https:\/\/images.ecestaticos.com\/WOgyXJ_mIGtQikKLuNji1_jH2pM=\/53x0:2073x1515\/1200x900\/filters:fill(white):format(jpg)\/f.elconfidencial.com%2Foriginal%2F93a%2F010%2F48e%2F93a01048ed66cf66760fe18339cba5bb.jpg\" alt=\"Foto: El nuevo papa Le\u00f3n XIV, el cardenal estadounidense Roberto Francisco Prevost, bendice a los fieles desde el balc\u00f3n. (EFE\/Alessandro di Meo)\"\/><figcaption class=\"wp-element-caption\">El nuevo papa Le\u00f3n XIV, el cardenal estadounidense Roberto Francisco Prevost, bendice a los fieles desde el balc\u00f3n. (<a href=\"https:\/\/blogs.elconfidencial.com\/espana\/no-es-no\/2025-05-08\/leon-xiv-papa-estadounidense-trump-1hms_4125237\/\">EFE\/Alessandro di Meo<\/a>)<\/figcaption><\/figure>\n\n\n\n<p>Por\u00a0<a href=\"https:\/\/www.elconfidencial.com\/autores\/ruben-amon-438\/\">Rub\u00e9n Am\u00f3n \/ El Confidencial<\/a><\/p>\n\n\n\n<p><\/p>\n\n\n\n<p>No hubo dudas, no pod\u00eda haberlas. El espesor del humo blanco atraves\u00f3 la&nbsp;<a href=\"https:\/\/www.elconfidencial.com\/mundo\/2025-04-25\/las-40-personas-encargadas-acompanar-ataud-papa-francisco-antes-entierro-1qrt_4116594\/\">plaza de San Pedro<\/a>&nbsp;como el chorro de un g\u00e9iser. Y sobrevino entonces una conmoci\u00f3n que se prolong\u00f3 hasta que el nuevo Papa alcanz\u00f3 a&nbsp;<strong>asomarse al balc\u00f3n de San Pedro<\/strong>, atravesando inmaculado el tel\u00f3n de terciopelo rojo.&nbsp;<\/p>\n\n\n\n<p>&#8216;<a href=\"https:\/\/www.elconfidencial.com\/mundo\/2025-05-06\/conclave-vaticano-secreto-eleccion-papa-1hms_4122466\/\">Habemus papam<\/a>&#8216;. Es la metamorfosis del hombre cualquiera convertido&nbsp;<strong>vicario de Dios en la Tierra.<\/strong>&nbsp;Por esa raz\u00f3n \u00ababjura de su nombre\u00bb. Y por id\u00e9ntico motivo adquiere un apelativo revestido de simbolismo y de vocaci\u00f3n universal. El heredero de Francisco se llama\u2026&nbsp;<strong>Le\u00f3n XIV<\/strong>.<\/p>\n\n\n\n<figure class=\"wp-block-image\"><img decoding=\"async\" src=\"https:\/\/images.ecestaticos.com\/OkaOx7djrUXZRHsB4qQ9-M0b_JM=\/42x6:2173x1604\/1200x900\/filters:fill(white):format(jpg)\/f.elconfidencial.com%2Foriginal%2F328%2Fdd3%2Fb8b%2F328dd3b8b13aa33c88bfb73f05b34e53.jpg\" alt=\"Foto: Nubes sobre la Plaza de San Pedro en el segundo d\u00eda del c\u00f3nclave, en la Ciudad del Vaticano. (EFE\/Giuseppe Lami)\"\/><\/figure>\n\n\n\n<p>TE PUEDE INTERESAR<a href=\"https:\/\/blogs.elconfidencial.com\/espana\/no-es-no\/2025-05-08\/vaticano-conclave-turismo-fe-1hms_4125025\/\">El Vaticano es el gran teatro del mundo<\/a> | Rub\u00e9n Am\u00f3n. Roma<\/p>\n\n\n\n<p>Estaba&nbsp;<strong>en la periferia de las quinielas,&nbsp;<\/strong>como lo estaba y lo est\u00e1 en la&nbsp;<a href=\"https:\/\/blogs.elconfidencial.com\/espana\/no-es-no\/2025-04-22\/papa-pobres-francisco-bergoglio-1hms_4113393\/\">Iglesia de los desheredados<\/a>&nbsp;y los arrabales. Y no es cuesti\u00f3n de abusar prematuramente de las etiquetas, pero su origen<strong>, su afinidad a Francisco<\/strong>&nbsp;y sus posiciones sobre la inmigraci\u00f3n, el capitalismo y el ecologismo lo convierten en el antagonista y en la contrafigura de&nbsp;<strong>Donald Trump<\/strong>.&nbsp;<\/p>\n\n\n\n<p>Lo explica el recordatorio que&nbsp;<a href=\"https:\/\/www.elconfidencial.com\/mundo\/2025-05-08\/que-estudio-a-que-se-dedicaba-robert-francis-prevot-antes-papa-1qrt_4125231\/\">Prevost<\/a>&nbsp;hizo de Francisco. El homenaje. Y la f\u00f3rmula continuista que implica anteponer la defensa de los pobres. Recordaba&nbsp;<a href=\"https:\/\/blogs.elconfidencial.com\/espana\/no-es-no\/2025-04-28\/francisco-papa-conservador-politica-1hms_4117383\/\">Leon XIV<\/a>&nbsp;<strong>la dimensi\u00f3n misionera de la Iglesia<\/strong>. Que fue la suya cuando se comprometi\u00f3 hasta las trancas en los suburbios de Per\u00fa.<\/p>\n\n\n\n<figure class=\"wp-block-image\"><img decoding=\"async\" src=\"https:\/\/images.ecestaticos.com\/UjopI2Snlzbr-HzJqIkZ6Wd0Bds=\/0x0:2020x1515\/1200x900\/filters:fill(white):format(jpg)\/f.elconfidencial.com%2Foriginal%2Fb4d%2F659%2F3f2%2Fb4d6593f2c4c43362aadbe30201de236.jpg\" alt=\"Foto: El Papa Leon XIV. (Reuters\/Claudia Greco)\"\/><\/figure>\n\n\n\n<p>TE PUEDE INTERESAR<a href=\"https:\/\/www.elconfidencial.com\/mundo\/2025-05-08\/nuevo-papa-eleccion-habemus-papam-1hms_4123263\/\">\u00abHabemus papam\u00bb: el estadounidense Robert Prevost ser\u00e1 el papa Leon XIV<\/a> | Irene Hdez. Velasco. Roma\u00a0Gr\u00e1ficos: Jos\u00e9 Ram\u00f3n P\u00e9rez<\/p>\n\n\n\n<p>All\u00ed aprendi\u00f3 el espa\u00f1ol que nos mostr\u00f3 en el balc\u00f3n de San Pedro, aunque&nbsp;<a href=\"https:\/\/www.elconfidencial.com\/mundo\/2025-05-08\/por-que-cardenal-robert-francis-prevost-ha-elegido-nombre-leon-xiv-lo-que-se-sabe-anteriores-pontifices-mismo-nombre-1qrt_4125103\/\">el nuevo Papa<\/a>&nbsp;hablaba un italiano impecable. Tiene<strong>&nbsp;una edad \u00abperfecta\u00bb, 69 a\u00f1os<\/strong>, ni demasiado mayor ni excesivamente joven. Y es&nbsp;<strong>el primer pont\u00edfice estadounidense de la historia<\/strong>, adem\u00e1s de vestirse con los h\u00e1bitos sofisticados de anta\u00f1o, exponer un aspecto impecable y aportar un linaje que nos concierne: el segundo apellido es Mart\u00ednez a cuenta de sus<strong>&nbsp;or\u00edgenes espa\u00f1oles&nbsp;<\/strong>y adquiri\u00f3 incluso la nacionalidad peruana.&nbsp;<\/p>\n\n\n\n<p>Se hab\u00edan disipado todas las nubes de&nbsp;<a href=\"https:\/\/www.elconfidencial.com\/mundo\/2025-04-22\/papa-francisco-muerte-roma-iglesia-1hms_4113312\/\">Roma<\/a>&nbsp;para que pudiera percibirse el aliento de Dios en la chimenea. Y para dar sentido a la alegor\u00eda trinitaria que se hab\u00eda escenificado unos momentos antes de las&nbsp;<strong>18.07, la hora del prodigio<\/strong>. No es que apareciera una gaviota a la vera de la chimenea druida. Apareci\u00f3 otra. Y lo hizo luego un polluelo, como si la dramaturgia accidental propusiera a los fieles y a los espectadores&nbsp;<strong>la imagen de la Sagrada Familia<\/strong>.<\/p>\n\n\n\n<figure class=\"wp-block-image\"><img decoding=\"async\" src=\"https:\/\/images.ecestaticos.com\/11COyJ3KeGihsEMEkXi_mD0ULi8=\/0x0:2272x1515\/1200x900\/filters:fill(white):format(jpg)\/f.elconfidencial.com%2Foriginal%2Fb77%2F07f%2F94d%2Fb7707f94d73199496da17454b0396e4a.jpg\" alt=\"Foto: El nuevo papa, Le\u00f3n XIV, en el momento de su mensaje a los fieles. (Reuters\/Yara Nardi)\"\/><\/figure>\n\n\n\n<p>TE PUEDE INTERESAR<a href=\"https:\/\/www.elconfidencial.com\/mundo\/2025-05-08\/papa-prevost-iglesia-francisco-1hms_4125224\/\">El padre Prevost &#8216;Bob&#8217;: un papa estadounidense &#8216;en espa\u00f1ol&#8217;, misionero y continuista con Francisco<\/a> | Irene Hdez. Velasco. Roma<\/p>\n\n\n\n<p>La premonici\u00f3n anticipaba el trance de la fumata blanca. Y predispon\u00eda un glorioso&nbsp;<strong>espect\u00e1culo teatral que ara\u00f1aba las entra\u00f1as<\/strong>&nbsp;de fieles y profanos. No digamos cuando prorrumpi\u00f3 un \u00abescuadr\u00f3n\u00bb de la&nbsp;<a href=\"https:\/\/www.elconfidencial.com\/mundo\/2025-04-23\/feretro-papa-francisco-san-pedro-capilla-fieles_4114386\/\">Guardia Suiza<\/a>&nbsp;con las alabardas apuntando al cielo. Y cuando desfilaron todos los ej\u00e9rcitos italianos -tierra, mar y aire- en la explanada de la fachada de San Pedro<strong>&nbsp;enfatizando la connotaci\u00f3n castrense.<\/strong>&nbsp;Sonaba el himno nacional a t\u00edtulo reivindicativo. Y lo hac\u00eda el del Vaticano mientras los fieles y los turistas -decenas de miles- colapsaban la&nbsp;<a href=\"https:\/\/blogs.elconfidencial.com\/espana\/no-es-no\/2025-05-08\/vaticano-conclave-turismo-fe-1hms_4125025\/\">plaza de San Pedro<\/a>&nbsp;exhibiendo sus propias banderas. La polaca y la espa\u00f1ola y la surcoreana. La alemana y la de M\u00e9xico, aunque finalmente se alz\u00f3 con m\u00e1s rotundidad el estandarte de\u2026.Estados Unidos.&nbsp;<\/p>\n\n\n\n<p>Tendr\u00e1n que esperar los purpurados italianos. Tanto se hab\u00eda dado por hecho el relevo de&nbsp;<a href=\"https:\/\/blogs.elconfidencial.com\/espana\/no-es-no\/2025-05-08\/vaticano-elecciones-papales-parolin-italia-1hms_4124157\/\">Parolin<\/a>&nbsp;-y de sus compatriotas- que&nbsp;<strong>los vaticanistas \u00abtricolores\u00bb<\/strong>&nbsp;debieron quedarse estupefactos cuando apareci\u00f3&nbsp;<strong>el Papa de Chicago<\/strong>.&nbsp;<\/p>\n\n\n\n<p>Se quedan en Am\u00e9rica las llaves de San Pedro despu\u00e9s de 12 a\u00f1os de hegemon\u00eda \u00abargentina\u00bb. Y consolidan el peso de la Iglesia en uno de los pa\u00edses del mundo con mayor n\u00famero de cat\u00f3licos y m\u00e1s competencia de \u00abalternativas\u00bb cristianas. Hablamos de&nbsp;<strong>61 millones de fieles leales a Roma<\/strong>,&nbsp;<a href=\"https:\/\/blogs.elconfidencial.com\/mundo\/tribuna-internacional\/2024-08-12\/vance-elecciones-eeuu-trump-partido-republicano_3937185\/\">incluido el vicepresidente Vance<\/a>&nbsp;despu\u00e9s de su recent\u00edsima conversi\u00f3n y constre\u00f1ido ahora a digerir el antagonismo de Roma.<\/p>\n\n\n\n<p><a href=\"https:\/\/player.elconfidencial.com\/embed\/video\/113039\/640\/360\/1-663\">https:\/\/player.elconfidencial.com\/embed\/video\/113039\/640\/360\/1-663<\/a><\/p>\n\n\n\n<p>&#8216;Habemus papam&#8217; Le\u00f3n XIV<\/p>\n\n\n\n<p>Estamos en los tiempos de&nbsp;<strong>la idolatr\u00eda tecnol\u00f3gica<\/strong>, pero la noticia del resultado electoral en el aula de la&nbsp;<a href=\"https:\/\/blogs.elconfidencial.com\/espana\/no-es-no\/2025-05-07\/fumata-blanca-conclave-vaticano-1hms_4123114\/\">Capilla Sixtina<\/a>&nbsp;la supimos con el humo de una chimenea y con el&nbsp;<strong>badajo de una campana<\/strong>&nbsp;cuyo movimiento pendular propagaba el acontecimiento \u00aburbi et orbi\u00bb, a la ciudad y al mundo. Roma opone a Washington un le\u00f3n.<\/p>\n\n\n\n<p>Fuente: <a href=\"https:\/\/blogs.elconfidencial.com\/espana\/no-es-no\/2025-05-08\/leon-xiv-papa-estadounidense-trump-1hms_4125237\/\">https:\/\/blogs.elconfidencial.com\/espana\/no-es-no\/2025-05-08\/leon-xiv-papa-estadounidense-trump-1hms_4125237\/<\/a><\/p>\n\n\n\n<p><\/p>\n","protected":false},"excerpt":{"rendered":"<p>Prevost se convierte en el primer pont\u00edfice estadounidense de la historia y expone un programa de gobierno continuista con Francisco [&hellip;]<\/p>\n","protected":false},"author":1,"featured_media":99137,"comment_status":"open","ping_status":"open","sticky":false,"template":"","format":"standard","meta":{"site-sidebar-layout":"default","site-content-layout":"","ast-site-content-layout":"default","site-content-style":"default","site-sidebar-style":"default","ast-global-header-display":"","ast-banner-title-visibility":"","ast-main-header-display":"","ast-hfb-above-header-display":"","ast-hfb-below-header-display":"","ast-hfb-mobile-header-display":"","site-post-title":"","ast-breadcrumbs-content":"","ast-featured-img":"","footer-sml-layout":"","theme-transparent-header-meta":"","adv-header-id-meta":"","stick-header-meta":"","header-above-stick-meta":"","header-main-stick-meta":"","header-below-stick-meta":"","astra-migrate-meta-layouts":"default","ast-page-background-enabled":"default","ast-page-background-meta":{"desktop":{"background-color":"var(--ast-global-color-4)","background-image":"","background-repeat":"repeat","background-position":"center center","background-size":"auto","background-attachment":"scroll","background-type":"","background-media":"","overlay-type":"","overlay-color":"","overlay-opacity":"","overlay-gradient":""},"tablet":{"background-color":"","background-image":"","background-repeat":"repeat","background-position":"center center","background-size":"auto","background-attachment":"scroll","background-type":"","background-media":"","overlay-type":"","overlay-color":"","overlay-opacity":"","overlay-gradient":""},"mobile":{"background-color":"","background-image":"","background-repeat":"repeat","background-position":"center center","background-size":"auto","background-attachment":"scroll","background-type":"","background-media":"","overlay-type":"","overlay-color":"","overlay-opacity":"","overlay-gradient":""}},"ast-content-background-meta":{"desktop":{"background-color":"var(--ast-global-color-5)","background-image":"","background-repeat":"repeat","background-position":"center center","background-size":"auto","background-attachment":"scroll","background-type":"","background-media":"","overlay-type":"","overlay-color":"","overlay-opacity":"","overlay-gradient":""},"tablet":{"background-color":"var(--ast-global-color-5)","background-image":"","background-repeat":"repeat","background-position":"center center","background-size":"auto","background-attachment":"scroll","background-type":"","background-media":"","overlay-type":"","overlay-color":"","overlay-opacity":"","overlay-gradient":""},"mobile":{"background-color":"var(--ast-global-color-5)","background-image":"","background-repeat":"repeat","background-position":"center center","background-size":"auto","background-attachment":"scroll","background-type":"","background-media":"","overlay-type":"","overlay-color":"","overlay-opacity":"","overlay-gradient":""}},"footnotes":""},"categories":[8],"tags":[38209,38210,38205,196],"class_list":["post-99136","post","type-post","status-publish","format-standard","has-post-thumbnail","hentry","category-noticias","tag-continbuismno-vaticano","tag-iglesia-de-los-desheredados","tag-leon-xiv","tag-papa-francisco"],"_links":{"self":[{"href":"https:\/\/losperiodistas.com.mx\/portal\/wp-json\/wp\/v2\/posts\/99136","targetHints":{"allow":["GET"]}}],"collection":[{"href":"https:\/\/losperiodistas.com.mx\/portal\/wp-json\/wp\/v2\/posts"}],"about":[{"href":"https:\/\/losperiodistas.com.mx\/portal\/wp-json\/wp\/v2\/types\/post"}],"author":[{"embeddable":true,"href":"https:\/\/losperiodistas.com.mx\/portal\/wp-json\/wp\/v2\/users\/1"}],"replies":[{"embeddable":true,"href":"https:\/\/losperiodistas.com.mx\/portal\/wp-json\/wp\/v2\/comments?post=99136"}],"version-history":[{"count":1,"href":"https:\/\/losperiodistas.com.mx\/portal\/wp-json\/wp\/v2\/posts\/99136\/revisions"}],"predecessor-version":[{"id":99138,"href":"https:\/\/losperiodistas.com.mx\/portal\/wp-json\/wp\/v2\/posts\/99136\/revisions\/99138"}],"wp:featuredmedia":[{"embeddable":true,"href":"https:\/\/losperiodistas.com.mx\/portal\/wp-json\/wp\/v2\/media\/99137"}],"wp:attachment":[{"href":"https:\/\/losperiodistas.com.mx\/portal\/wp-json\/wp\/v2\/media?parent=99136"}],"wp:term":[{"taxonomy":"category","embeddable":true,"href":"https:\/\/losperiodistas.com.mx\/portal\/wp-json\/wp\/v2\/categories?post=99136"},{"taxonomy":"post_tag","embeddable":true,"href":"https:\/\/losperiodistas.com.mx\/portal\/wp-json\/wp\/v2\/tags?post=99136"}],"curies":[{"name":"wp","href":"https:\/\/api.w.org\/{rel}","templated":true}]}}