{"id":99133,"date":"2025-05-08T13:06:48","date_gmt":"2025-05-08T19:06:48","guid":{"rendered":"https:\/\/losperiodistas.com.mx\/portal\/?p=99133"},"modified":"2025-05-08T13:06:49","modified_gmt":"2025-05-08T19:06:49","slug":"el-discreto-cardenal-prevost-jefe-de-los-obispos-del-mundo-y-experto-en-latinoamerica-efe","status":"publish","type":"post","link":"https:\/\/losperiodistas.com.mx\/portal\/el-discreto-cardenal-prevost-jefe-de-los-obispos-del-mundo-y-experto-en-latinoamerica-efe\/","title":{"rendered":"El discreto cardenal Prevost, jefe de los obispos del mundo y experto en Latinoam\u00e9rica | EFE"},"content":{"rendered":"\n<figure class=\"wp-block-image size-full\"><img fetchpriority=\"high\" decoding=\"async\" width=\"900\" height=\"609\" src=\"https:\/\/losperiodistas.com.mx\/portal\/wp-content\/uploads\/2025\/05\/robert-francis-prevost-papa.webp\" alt=\"\" class=\"wp-image-99134\" srcset=\"https:\/\/losperiodistas.com.mx\/portal\/wp-content\/uploads\/2025\/05\/robert-francis-prevost-papa.webp 900w, https:\/\/losperiodistas.com.mx\/portal\/wp-content\/uploads\/2025\/05\/robert-francis-prevost-papa-300x203.webp 300w, https:\/\/losperiodistas.com.mx\/portal\/wp-content\/uploads\/2025\/05\/robert-francis-prevost-papa-768x520.webp 768w\" sizes=\"(max-width: 900px) 100vw, 900px\" \/><figcaption class=\"wp-element-caption\">El cardenal estadounidense Roberto Francisco Prevost, que ser\u00e1 el nuevo papa. EFE\/EPA\/Alessandro Di Meo\/Archivo<\/figcaption><\/figure>\n\n\n\n<p><\/p>\n\n\n\n<p class=\"has-black-color has-text-color has-link-color has-medium-font-size wp-elements-09e6f22450915de06cc334ca90dc73a9\"><strong>Gonzalo S\u00e1nchez \/ EFE<\/strong><br><br>Ciudad del Vaticano (EFE).- Afable, moderado, reservado,\u00a0<a href=\"https:\/\/efe.com\/mundo\/2025-05-08\/nuevo-papa-cardenal-roberto-francisco-prevost\/\">el cardenal estadounidense Robert Francis Prevost, desde este jueves el papa Le\u00f3n XIV<\/a>, fue una de las grandes apuestas de Francisco, que lo design\u00f3 responsable de los obispos de todo el mundo y de su comisi\u00f3n para Latinoam\u00e9rica.<\/p>\n\n\n\n<figure class=\"wp-block-embed is-type-wp-embed is-provider-efe-noticias wp-block-embed-efe-noticias\"><div class=\"wp-block-embed__wrapper\">\n<blockquote class=\"wp-embedded-content\" data-secret=\"HHk7ooA2f6\"><a href=\"https:\/\/efe.com\/mundo\/2025-05-07\/robert-prevost-papa-peru\/\">El cardenal &#8216;papable&#8217; estadounidense Robert Prevost tambi\u00e9n tiene la nacionalidad peruana<\/a><\/blockquote><iframe class=\"wp-embedded-content\" sandbox=\"allow-scripts\" security=\"restricted\" style=\"position: absolute; visibility: hidden;\" title=\"\u00abEl cardenal &#8216;papable&#8217; estadounidense Robert Prevost tambi\u00e9n tiene la nacionalidad peruana\u00bb \u2014 EFE Noticias\" src=\"https:\/\/efe.com\/mundo\/2025-05-07\/robert-prevost-papa-peru\/embed\/#?secret=zhpu0b3mq1#?secret=HHk7ooA2f6\" data-secret=\"HHk7ooA2f6\" width=\"500\" height=\"282\" frameborder=\"0\" marginwidth=\"0\" marginheight=\"0\" scrolling=\"no\"><\/iframe>\n<\/div><\/figure>\n\n\n\n<p>Este misionero de la antigua Orden de San Agust\u00edn, que tambi\u00e9n tiene nacionalidad peruana, ha sido en los \u00faltimos a\u00f1os un estrecho colaborador del difunto papa Francisco y entr\u00f3 a su estilo, discretamente, en la lista de \u2018papables\u2019 para este c\u00f3nclave, como un \u2018outsider\u2019 en medio de otros grandes nombres.<\/p>\n\n\n\n<h2 class=\"wp-block-heading\" id=\"h-puente-entre-las-facciones-conservadora-y-reformadora\">Puente entre las facciones conservadora y reformadora<\/h2>\n\n\n\n<p>Su talante moderado le posiciona como puente entre las facciones conservadora y reformadora de la iglesia y su vasto conocimiento de Am\u00e9rica le ha valido el respaldo de los cardenales del sur y del norte del continente, muchos de los \u00faltimos cr\u00edticos con Francisco.<br><br>Prevost naci\u00f3 en 1955 en Chicago (EE.UU). Su carrera eclesi\u00e1stica comenz\u00f3 con el noviciado agustino de Saint Louis donde, en 1981, asumi\u00f3 sus votos. Luego llegar\u00edan los estudios en Teolog\u00eda y un viaje de juventud a Roma para estudiar Derecho Can\u00f3nico.<br>Tras ordenarse sacerdote en 1982, con 28 a\u00f1os, fue enseguida enviado al que se convertir\u00eda en su segundo pa\u00eds: Per\u00fa, mediante su a misi\u00f3n de Chulucanas, en Piura (1985-1986).<br><br>Esta ser\u00eda el primer paso de un largo camino en Latinoam\u00e9rica que prosigui\u00f3 en 1988 en la misi\u00f3n peruana de Trujillo, seleccionando vocaciones agustinas en ciudades como Chulucanas, Iquitos y Apur\u00edmac y ejerciendo otros roles durante una d\u00e9cada en esa archidi\u00f3cesis.<br><br>Prevost tambi\u00e9n acumula una dilatada experiencia docente en su pa\u00eds, tambi\u00e9n como prior general del Cap\u00edtulo Agustino de Chicago, hasta que en 2014, desde Roma, el papa Francisco le puso al frente de la di\u00f3cesis peruana de Chiclayo, como administrador apost\u00f3lico.<\/p>\n\n\n\n<h2 class=\"wp-block-heading\" id=\"h-obispo-de-chiclayo-nombrado-por-francisco\">Obispo de Chiclayo nombrado por Francisco<\/h2>\n\n\n\n<p>Un a\u00f1o despu\u00e9s ser\u00eda nombrado por Francisco obispo de Chiclayo y desde 2018 fue vicepresidente segundo de la Conferencia Episcopal de Per\u00fa, afrontando entre otras cosas la grave crisis por los abusos del grupo Sodalicio de Vida Cristiana, disuelto este a\u00f1o por el papa.<br><br>Tras un lustro peruano, en 2023 el pont\u00edfice argentino le llam\u00f3 a Roma para hacerle cardenal y nombrarle prefecto del Dicasterio para los Obispos, el ministerio vaticano que elige a los monse\u00f1ores de todo el planeta.<\/p>\n\n\n\n<figure class=\"wp-block-image\"><img decoding=\"async\" src=\"https:\/\/i0.wp.com\/efe.com\/wp-content\/uploads\/2025\/05\/cardenal-robert-francis-prevost-papa.webp?resize=900%2C600&amp;ssl=1\" alt=\"El nuevo papa Roberto Francisco Prevost \" class=\"wp-image-1864459\"\/><figcaption class=\"wp-element-caption\">El nuevo papa Roberto Francisco Prevost EFE\/EPA\/Alessandro Di Meo<\/figcaption><\/figure>\n\n\n\n<p>Al frente de esta poderosa instituci\u00f3n, que controla una enorme red de prelados en todo el mundo, asisti\u00f3 tambi\u00e9n a las pugnas de su mentor, el papa Francisco, con los conservadores cat\u00f3licos, plasmadas por ejemplo con la destituci\u00f3n del obispo estadounidense Joseph Strickland en noviembre de 2011, desleal con la Santa Sede.<br><br>Pero Francisco tambi\u00e9n lo puso como presidente de la Pontificia Comisi\u00f3n para Am\u00e9rica Latina gracias a su gran conocimiento sobre la realidad y las periferias del subcontinente.<\/p>\n\n\n\n<h2 class=\"wp-block-heading\" id=\"h-prevost-y-su-relacion-con-america\">Prevost y su relaci\u00f3n con Am\u00e9rica<\/h2>\n\n\n\n<p>Su rol de \u00abojeador\u00bb de obispos y su experiencia sudamericana hace que Prevost mantenga un contacto continuo con la jerarqu\u00eda eclesi\u00e1stica alrededor del mundo, sobre todo en Am\u00e9rica, la regi\u00f3n con la mitad de los cat\u00f3licos del planeta (unos 637 millones en 2004).<br><br>Pero su elecci\u00f3n pontificia resulta una novedad no solo porque es considerado un cardenal joven, con 69 a\u00f1os, sino tambi\u00e9n porque se convierte en el primer papa llegado del coraz\u00f3n de un imperio ya suficientemente poderoso, los Estados Unidos.<\/p>\n\n\n\n<figure class=\"wp-block-embed is-type-wp-embed is-provider-efe-noticias wp-block-embed-efe-noticias\"><div class=\"wp-block-embed__wrapper\">\n<blockquote class=\"wp-embedded-content\" data-secret=\"rSRaNuPya8\"><a href=\"https:\/\/efe.com\/mundo\/2025-05-08\/nuevo-papa-cardenal-roberto-francisco-prevost\/\">El nuevo papa es el cardenal estadounidense Prevost y se llamar\u00e1 Le\u00f3n XIV<\/a><\/blockquote><iframe class=\"wp-embedded-content\" sandbox=\"allow-scripts\" security=\"restricted\" style=\"position: absolute; visibility: hidden;\" title=\"\u00abEl nuevo papa es el cardenal estadounidense Prevost y se llamar\u00e1 Le\u00f3n XIV\u00bb \u2014 EFE Noticias\" src=\"https:\/\/efe.com\/mundo\/2025-05-08\/nuevo-papa-cardenal-roberto-francisco-prevost\/embed\/#?secret=Gi4X7R5EYP#?secret=rSRaNuPya8\" data-secret=\"rSRaNuPya8\" width=\"500\" height=\"282\" frameborder=\"0\" marginwidth=\"0\" marginheight=\"0\" scrolling=\"no\"><\/iframe>\n<\/div><\/figure>\n\n\n\n<p>A nivel de magisterio, aunque cauto, se ha pronunciado en l\u00ednea con el papa Francisco, defendiendo la idea de un clero \u00abcercano al pueblo\u00bb, diametralmente opuesto a la figura de un \u00abdirectivo\u00bb o \u00abun gestor.<br><br>Y sobre la lacra de los abusos que ha sacudido la iglesia en los \u00faltimos a\u00f1os, y que el pont\u00edfice argentino afront\u00f3, ha reclamado la obligaci\u00f3n de \u00abser transparente y acompa\u00f1ar a las v\u00edctimas\u00bb.<\/p>\n\n\n\n<p>Fuente: <a href=\"https:\/\/efe.com\/mundo\/2025-05-08\/cardenal-robert-francis-prevost-america-papa-leon-xiv\/\">https:\/\/efe.com\/mundo\/2025-05-08\/cardenal-robert-francis-prevost-america-papa-leon-xiv\/<\/a><\/p>\n\n\n\n<p><\/p>\n","protected":false},"excerpt":{"rendered":"<p>Gonzalo S\u00e1nchez \/ EFE Ciudad del Vaticano (EFE).- Afable, moderado, reservado,\u00a0el cardenal estadounidense Robert Francis Prevost, desde este jueves el [&hellip;]<\/p>\n","protected":false},"author":1,"featured_media":99134,"comment_status":"open","ping_status":"open","sticky":false,"template":"","format":"standard","meta":{"site-sidebar-layout":"default","site-content-layout":"","ast-site-content-layout":"default","site-content-style":"default","site-sidebar-style":"default","ast-global-header-display":"","ast-banner-title-visibility":"","ast-main-header-display":"","ast-hfb-above-header-display":"","ast-hfb-below-header-display":"","ast-hfb-mobile-header-display":"","site-post-title":"","ast-breadcrumbs-content":"","ast-featured-img":"","footer-sml-layout":"","theme-transparent-header-meta":"","adv-header-id-meta":"","stick-header-meta":"","header-above-stick-meta":"","header-main-stick-meta":"","header-below-stick-meta":"","astra-migrate-meta-layouts":"default","ast-page-background-enabled":"default","ast-page-background-meta":{"desktop":{"background-color":"var(--ast-global-color-4)","background-image":"","background-repeat":"repeat","background-position":"center center","background-size":"auto","background-attachment":"scroll","background-type":"","background-media":"","overlay-type":"","overlay-color":"","overlay-opacity":"","overlay-gradient":""},"tablet":{"background-color":"","background-image":"","background-repeat":"repeat","background-position":"center center","background-size":"auto","background-attachment":"scroll","background-type":"","background-media":"","overlay-type":"","overlay-color":"","overlay-opacity":"","overlay-gradient":""},"mobile":{"background-color":"","background-image":"","background-repeat":"repeat","background-position":"center center","background-size":"auto","background-attachment":"scroll","background-type":"","background-media":"","overlay-type":"","overlay-color":"","overlay-opacity":"","overlay-gradient":""}},"ast-content-background-meta":{"desktop":{"background-color":"var(--ast-global-color-5)","background-image":"","background-repeat":"repeat","background-position":"center center","background-size":"auto","background-attachment":"scroll","background-type":"","background-media":"","overlay-type":"","overlay-color":"","overlay-opacity":"","overlay-gradient":""},"tablet":{"background-color":"var(--ast-global-color-5)","background-image":"","background-repeat":"repeat","background-position":"center center","background-size":"auto","background-attachment":"scroll","background-type":"","background-media":"","overlay-type":"","overlay-color":"","overlay-opacity":"","overlay-gradient":""},"mobile":{"background-color":"var(--ast-global-color-5)","background-image":"","background-repeat":"repeat","background-position":"center center","background-size":"auto","background-attachment":"scroll","background-type":"","background-media":"","overlay-type":"","overlay-color":"","overlay-opacity":"","overlay-gradient":""}},"footnotes":""},"categories":[8],"tags":[38208,38205,38207],"class_list":["post-99133","post","type-post","status-publish","format-standard","has-post-thumbnail","hentry","category-noticias","tag-jefe-de-os-obispos","tag-leon-xiv","tag-robert-francis-prevost"],"_links":{"self":[{"href":"https:\/\/losperiodistas.com.mx\/portal\/wp-json\/wp\/v2\/posts\/99133","targetHints":{"allow":["GET"]}}],"collection":[{"href":"https:\/\/losperiodistas.com.mx\/portal\/wp-json\/wp\/v2\/posts"}],"about":[{"href":"https:\/\/losperiodistas.com.mx\/portal\/wp-json\/wp\/v2\/types\/post"}],"author":[{"embeddable":true,"href":"https:\/\/losperiodistas.com.mx\/portal\/wp-json\/wp\/v2\/users\/1"}],"replies":[{"embeddable":true,"href":"https:\/\/losperiodistas.com.mx\/portal\/wp-json\/wp\/v2\/comments?post=99133"}],"version-history":[{"count":1,"href":"https:\/\/losperiodistas.com.mx\/portal\/wp-json\/wp\/v2\/posts\/99133\/revisions"}],"predecessor-version":[{"id":99135,"href":"https:\/\/losperiodistas.com.mx\/portal\/wp-json\/wp\/v2\/posts\/99133\/revisions\/99135"}],"wp:featuredmedia":[{"embeddable":true,"href":"https:\/\/losperiodistas.com.mx\/portal\/wp-json\/wp\/v2\/media\/99134"}],"wp:attachment":[{"href":"https:\/\/losperiodistas.com.mx\/portal\/wp-json\/wp\/v2\/media?parent=99133"}],"wp:term":[{"taxonomy":"category","embeddable":true,"href":"https:\/\/losperiodistas.com.mx\/portal\/wp-json\/wp\/v2\/categories?post=99133"},{"taxonomy":"post_tag","embeddable":true,"href":"https:\/\/losperiodistas.com.mx\/portal\/wp-json\/wp\/v2\/tags?post=99133"}],"curies":[{"name":"wp","href":"https:\/\/api.w.org\/{rel}","templated":true}]}}