{"id":98687,"date":"2025-04-30T16:20:07","date_gmt":"2025-04-30T22:20:07","guid":{"rendered":"https:\/\/losperiodistas.com.mx\/portal\/?p=98687"},"modified":"2025-04-30T16:20:09","modified_gmt":"2025-04-30T22:20:09","slug":"fin-del-monopolio-en-el-preconclave-el-ala-del-concilio-vaticano-ii-toma-la-palabra-vida-nueva","status":"publish","type":"post","link":"https:\/\/losperiodistas.com.mx\/portal\/fin-del-monopolio-en-el-preconclave-el-ala-del-concilio-vaticano-ii-toma-la-palabra-vida-nueva\/","title":{"rendered":"Fin del monopolio en el prec\u00f3nclave: el ala del Concilio Vaticano II toma la palabra | Vida Nueva"},"content":{"rendered":"\n<p><\/p>\n\n\n\n<h2 class=\"wp-block-heading has-luminous-vivid-amber-background-color has-background\">Los \u2018papables\u2019 de las quinielas medi\u00e1ticas todav\u00eda no han tomado la palabra y se reservan para los d\u00edas previos a entrar en la Capilla Sixtina. Hoy probablemente se abordar\u00e1 la crisis financiera por la que atraviesa la Santa Sede<\/h2>\n\n\n\n<figure class=\"wp-block-image size-large\"><img fetchpriority=\"high\" decoding=\"async\" width=\"1024\" height=\"526\" src=\"https:\/\/losperiodistas.com.mx\/portal\/wp-content\/uploads\/2025\/04\/CONCLAVECONGREGACIONESa-1024x526.webp\" alt=\"\" class=\"wp-image-98688\" srcset=\"https:\/\/losperiodistas.com.mx\/portal\/wp-content\/uploads\/2025\/04\/CONCLAVECONGREGACIONESa-1024x526.webp 1024w, https:\/\/losperiodistas.com.mx\/portal\/wp-content\/uploads\/2025\/04\/CONCLAVECONGREGACIONESa-300x154.webp 300w, https:\/\/losperiodistas.com.mx\/portal\/wp-content\/uploads\/2025\/04\/CONCLAVECONGREGACIONESa-768x395.webp 768w, https:\/\/losperiodistas.com.mx\/portal\/wp-content\/uploads\/2025\/04\/CONCLAVECONGREGACIONESa.webp 1170w\" sizes=\"(max-width: 1024px) 100vw, 1024px\" \/><figcaption class=\"wp-element-caption\">Cardenales durante las congregaciones generales<\/figcaption><\/figure>\n\n\n\n<p class=\"has-vivid-red-color has-white-background-color has-text-color has-background has-link-color has-medium-font-size wp-elements-4ae8a0f4ffe9c20b25c0e71d7e516a07\"><strong>Por\u00a0<a href=\"https:\/\/www.vidanuevadigital.com\/autor\/jose-beltran\/\">Jos\u00e9 Beltr\u00e1n<\/a> \/ Vida Nueva Digital<\/strong><\/p>\n\n\n\n<p>Tal y como adelant\u00f3 \u2018Vida Nueva\u2019,<strong>\u00a0los cardenales del ala m\u00e1s conservadora de la Iglesia decidieron imponer en tromba su discurso nost\u00e1lgico que presenta como fallido el pontificado de<a href=\"https:\/\/www.vidanuevadigital.com\/2025\/04\/29\/obispos-recuerdan-los-dias-blancos-que-francisco-dejo-a-colombia-tras-su-visita\/\">\u00a0Francisco<\/a>.<\/strong>\u00a0La estrategia para influir en el devenir del<a href=\"https:\/\/www.vidanuevadigital.com\/tag\/conclave\/\">\u00a0c\u00f3nclave<\/a>\u00a0pasaba por pedir la palabra uno detr\u00e1s de otro el pasado lunes con el fin de generar una corriente de opini\u00f3n orientada a promover un candidato que aferrado a la tradici\u00f3n en lugar de poner la mirada en un posible Papa que a\u00fane fidelidad y renovaci\u00f3n.<\/p>\n\n\n\n<hr class=\"wp-block-separator has-alpha-channel-opacity\"\/>\n\n\n\n<ul class=\"wp-block-list\">\n<li><a href=\"https:\/\/www.vidanuevadigital.com\/2024\/01\/05\/vuelve-el-whatsapp-de-vida-nueva-te-contamos-como-seguir-nuestro-canal-para-recibir-gratis-la-mejor-informacion\/\">WHATSAPP: Sigue nuestro canal para recibir gratis la mejor informaci\u00f3n<\/a><\/li>\n\n\n\n<li><a href=\"https:\/\/www.vidanuevadigital.com\/newsletter\/\">Reg\u00edstrate en el bolet\u00edn gratuito y recibe un avance de los contenidos<\/a><\/li>\n<\/ul>\n\n\n\n<hr class=\"wp-block-separator has-alpha-channel-opacity\"\/>\n\n\n\n<p>Tras esa primera serie de purpurados, pr\u00e1cticamente todos italianos y mayores de 80 a\u00f1os, ayer ya se empezaron a escuchar voces que, en fondo y forma,&nbsp;<strong>abordaban la necesidad de dar continuidad a las reformas, como la sinodalidad, y estilo del papa Francisco,<\/strong>&nbsp;pero, sobre todo, a aterrizar definitivamente el Concilio Vaticano II. En esta sexta congregaci\u00f3n general, estuvieron presentes 183 cardenales, de los cuales 124 eran electores.<\/p>\n\n\n\n<h3 class=\"wp-block-heading\">Otros temas<\/h3>\n\n\n\n<p>El propio comunicado del Vaticano, que en d\u00edas anteriores se limit\u00f3 a mencionar que los purpurados estaban analizando la realidad de la Iglesia y del mundo, ayer ya dej\u00f3 caer sobre la sexta sesi\u00f3n de las congregaciones que en el interior del Aula Nueva del S\u00ednodo se abordaron temas como \u201c<strong>las cuestiones sociales, el individualismo, el relativismo, la soledad,<\/strong>&nbsp;la centralidad de Jes\u00fas para responder a las necesidades del mundo moderno, la necesidad de consolaci\u00f3n, la evangelizaci\u00f3n y la responsabilidad de la Iglesia en favor de la paz\u201d.<\/p>\n\n\n\n\n\n<figure class=\"wp-block-image\"><img decoding=\"async\" src=\"https:\/\/www.vidanuevadigital.com\/wp-content\/uploads\/2025\/04\/quintacongregaciongeneralconclave.jpg\" alt=\"Quintacongregaciongeneralconclave\"\/><\/figure>\n\n\n\n<p><a href=\"https:\/\/www.vidanuevadigital.com\/wp-content\/uploads\/2025\/04\/quintacongregaciongeneralconclave.jpg\"><\/a><\/p>\n\n\n\n<p>Voces eclesiales tambi\u00e9n han compartido con \u2018Vida Nueva\u2019 que los \u2018papables\u2019 de las quinielas, tanto de un lado como de otro, todav\u00eda no han tomado la palabra y se reservan para los d\u00edas previos a entrar en la Capilla Sixtina. De la misma manera,&nbsp;<strong>el cardenal Reinhard Marx expuso en el foro que hoy probablemente se abordar\u00e1 la crisis financiera por la que atraviesa la Santa Sede.<\/strong><\/p>\n\n\n\n<p>Fuente: <a href=\"https:\/\/www.vidanuevadigital.com\/2025\/04\/30\/fin-del-monopolio-en-el-preconclave-el-ala-del-concilio-vaticano-ii-toma-la-palabra-en-el-preconclave\/amp\/\">https:\/\/www.vidanuevadigital.com\/2025\/04\/30\/fin-del-monopolio-en-el-preconclave-el-ala-del-concilio-vaticano-ii-toma-la-palabra-en-el-preconclave\/amp\/<\/a><\/p>\n","protected":false},"excerpt":{"rendered":"<p>Los \u2018papables\u2019 de las quinielas medi\u00e1ticas todav\u00eda no han tomado la palabra y se reservan para los d\u00edas previos a [&hellip;]<\/p>\n","protected":false},"author":1,"featured_media":98688,"comment_status":"open","ping_status":"open","sticky":false,"template":"","format":"standard","meta":{"site-sidebar-layout":"default","site-content-layout":"","ast-site-content-layout":"default","site-content-style":"default","site-sidebar-style":"default","ast-global-header-display":"","ast-banner-title-visibility":"","ast-main-header-display":"","ast-hfb-above-header-display":"","ast-hfb-below-header-display":"","ast-hfb-mobile-header-display":"","site-post-title":"","ast-breadcrumbs-content":"","ast-featured-img":"","footer-sml-layout":"","theme-transparent-header-meta":"","adv-header-id-meta":"","stick-header-meta":"","header-above-stick-meta":"","header-main-stick-meta":"","header-below-stick-meta":"","astra-migrate-meta-layouts":"default","ast-page-background-enabled":"default","ast-page-background-meta":{"desktop":{"background-color":"var(--ast-global-color-4)","background-image":"","background-repeat":"repeat","background-position":"center center","background-size":"auto","background-attachment":"scroll","background-type":"","background-media":"","overlay-type":"","overlay-color":"","overlay-opacity":"","overlay-gradient":""},"tablet":{"background-color":"","background-image":"","background-repeat":"repeat","background-position":"center center","background-size":"auto","background-attachment":"scroll","background-type":"","background-media":"","overlay-type":"","overlay-color":"","overlay-opacity":"","overlay-gradient":""},"mobile":{"background-color":"","background-image":"","background-repeat":"repeat","background-position":"center center","background-size":"auto","background-attachment":"scroll","background-type":"","background-media":"","overlay-type":"","overlay-color":"","overlay-opacity":"","overlay-gradient":""}},"ast-content-background-meta":{"desktop":{"background-color":"var(--ast-global-color-5)","background-image":"","background-repeat":"repeat","background-position":"center center","background-size":"auto","background-attachment":"scroll","background-type":"","background-media":"","overlay-type":"","overlay-color":"","overlay-opacity":"","overlay-gradient":""},"tablet":{"background-color":"var(--ast-global-color-5)","background-image":"","background-repeat":"repeat","background-position":"center center","background-size":"auto","background-attachment":"scroll","background-type":"","background-media":"","overlay-type":"","overlay-color":"","overlay-opacity":"","overlay-gradient":""},"mobile":{"background-color":"var(--ast-global-color-5)","background-image":"","background-repeat":"repeat","background-position":"center center","background-size":"auto","background-attachment":"scroll","background-type":"","background-media":"","overlay-type":"","overlay-color":"","overlay-opacity":"","overlay-gradient":""}},"footnotes":""},"categories":[8],"tags":[37965,37632,37966],"class_list":["post-98687","post","type-post","status-publish","format-standard","has-post-thumbnail","hentry","category-noticias","tag-ala-concilio-vaticano-ii","tag-conclave-2025","tag-crisis-financiera-vaticano"],"_links":{"self":[{"href":"https:\/\/losperiodistas.com.mx\/portal\/wp-json\/wp\/v2\/posts\/98687","targetHints":{"allow":["GET"]}}],"collection":[{"href":"https:\/\/losperiodistas.com.mx\/portal\/wp-json\/wp\/v2\/posts"}],"about":[{"href":"https:\/\/losperiodistas.com.mx\/portal\/wp-json\/wp\/v2\/types\/post"}],"author":[{"embeddable":true,"href":"https:\/\/losperiodistas.com.mx\/portal\/wp-json\/wp\/v2\/users\/1"}],"replies":[{"embeddable":true,"href":"https:\/\/losperiodistas.com.mx\/portal\/wp-json\/wp\/v2\/comments?post=98687"}],"version-history":[{"count":1,"href":"https:\/\/losperiodistas.com.mx\/portal\/wp-json\/wp\/v2\/posts\/98687\/revisions"}],"predecessor-version":[{"id":98689,"href":"https:\/\/losperiodistas.com.mx\/portal\/wp-json\/wp\/v2\/posts\/98687\/revisions\/98689"}],"wp:featuredmedia":[{"embeddable":true,"href":"https:\/\/losperiodistas.com.mx\/portal\/wp-json\/wp\/v2\/media\/98688"}],"wp:attachment":[{"href":"https:\/\/losperiodistas.com.mx\/portal\/wp-json\/wp\/v2\/media?parent=98687"}],"wp:term":[{"taxonomy":"category","embeddable":true,"href":"https:\/\/losperiodistas.com.mx\/portal\/wp-json\/wp\/v2\/categories?post=98687"},{"taxonomy":"post_tag","embeddable":true,"href":"https:\/\/losperiodistas.com.mx\/portal\/wp-json\/wp\/v2\/tags?post=98687"}],"curies":[{"name":"wp","href":"https:\/\/api.w.org\/{rel}","templated":true}]}}