{"id":98684,"date":"2025-04-30T16:09:07","date_gmt":"2025-04-30T22:09:07","guid":{"rendered":"https:\/\/losperiodistas.com.mx\/portal\/?p=98684"},"modified":"2025-04-30T16:09:09","modified_gmt":"2025-04-30T22:09:09","slug":"la-princesa-y-monja-que-se-invoca-en-los-aquelarres-quien-era-santa-walpurgis-la-patrona-de-las-brujas-el-cultural","status":"publish","type":"post","link":"https:\/\/losperiodistas.com.mx\/portal\/la-princesa-y-monja-que-se-invoca-en-los-aquelarres-quien-era-santa-walpurgis-la-patrona-de-las-brujas-el-cultural\/","title":{"rendered":"La princesa y monja que se invoca en los aquelarres: \u00bfQui\u00e9n era santa Walpurgis, la patrona de las brujas? | El Cultural"},"content":{"rendered":"\n<h2 class=\"wp-block-heading has-luminous-dusk-gradient-background has-background\"> Este mi\u00e9rcoles, 30 de abril, es el d\u00eda (y la noche) de esta santa, que encarna la feminidad y la protecci\u00f3n de las mujeres. Bajo su influjo, hechiceras y nigromantes pueden reunirse hasta el amanecer.<\/h2>\n\n\n\n<figure class=\"wp-block-image size-large\"><img fetchpriority=\"high\" decoding=\"async\" width=\"1024\" height=\"576\" src=\"https:\/\/losperiodistas.com.mx\/portal\/wp-content\/uploads\/2025\/04\/1003743735807_255181418_1706x960-1024x576.webp\" alt=\"\" class=\"wp-image-98685\" srcset=\"https:\/\/losperiodistas.com.mx\/portal\/wp-content\/uploads\/2025\/04\/1003743735807_255181418_1706x960-1024x576.webp 1024w, https:\/\/losperiodistas.com.mx\/portal\/wp-content\/uploads\/2025\/04\/1003743735807_255181418_1706x960-300x169.webp 300w, https:\/\/losperiodistas.com.mx\/portal\/wp-content\/uploads\/2025\/04\/1003743735807_255181418_1706x960-768x432.webp 768w, https:\/\/losperiodistas.com.mx\/portal\/wp-content\/uploads\/2025\/04\/1003743735807_255181418_1706x960-1536x864.webp 1536w, https:\/\/losperiodistas.com.mx\/portal\/wp-content\/uploads\/2025\/04\/1003743735807_255181418_1706x960.webp 1706w\" sizes=\"(max-width: 1024px) 100vw, 1024px\" \/><figcaption class=\"wp-element-caption\">Fritz Roeber: &#8216;Escena de la Noche de Walpurgis de &#8216;Fausto\u00bb, h. 1910. Museo de la Abad\u00eda de Liesborn, Alemania <\/figcaption><\/figure>\n\n\n\n<h2 class=\"wp-block-heading\"><\/h2>\n\n\n\n<p class=\"has-vivid-red-color has-text-color has-link-color wp-elements-b93c9ea3c9d5e9a54a1b3bb6d634b9ce\"><strong><a href=\"https:\/\/www.elespanol.com\/autor\/javier-perez-fernandez\/?utm_cmp_rs=authorpage\">Javier P\u00e9rez Fern\u00e1ndez<\/a> \/ El Cultural<\/strong><\/p>\n\n\n\n<p><\/p>\n\n\n\n<p id=\"paragraph_1\">La cultura es un hojaldre, compuesto de sucesivas capas que se hornean en el tiempo, ese fuego en el que todos ardemos.<\/p>\n\n\n\n<p id=\"paragraph_2\">Cada pueblo y cada tiempo tienen sus miedos, y la religi\u00f3n viene a aliviarlos con sus pa\u00f1os de esperanza, rituales y superstici\u00f3n. Por eso&nbsp;<strong>no es tan extra\u00f1o que la llegada del cristianismo hiciera coincidir las nuevas fiestas con celebraciones ancestrales<\/strong>, como el nacimiento del sol, que pon\u00eda fin al declive de los d\u00edas, o el solsticio de verano. As\u00ed fue como se fij\u00f3 la Navidad el 24 de diciembre y San Juan el 24 de junio.<\/p>\n\n\n\n<p id=\"paragraph_3\">Antes del triunfo del cristianismo en Europa, los pueblos germ\u00e1nicos celebraban el fin del encierro invernal el primero de mayo.&nbsp;<strong>Hab\u00eda que ahuyentar de alguna manera a los malos esp\u00edritus del fr\u00edo<\/strong>&nbsp;y celebrar la llegada de horas m\u00e1s benignas. Y el cristianismo dedic\u00f3 ese d\u00eda a santa Walpurgis.<\/p>\n\n\n\n<figure class=\"wp-block-image\"><img decoding=\"async\" src=\"https:\/\/s1.elespanol.com\/2022\/12\/17\/el-cultural\/letras\/726687433_229574191_1024x576.jpg\" alt=\"\"\/><\/figure>\n\n\n\n<p><a href=\"https:\/\/www.elespanol.com\/el-cultural\/letras\/20221224\/regreso-brujas-horripilantes-ancianas-canibales-simbolos-feministas\/726677368_0.html?utm_cmp_rs=relatednewsinline\">El regreso de las brujas: de horripilantes ancianas can\u00edbales a s\u00edmbolos feministas<\/a><\/p>\n\n\n\n<p id=\"paragraph_4\"><strong>\u00bfPero qui\u00e9n era esta mujer?<\/strong><\/p>\n\n\n\n<p id=\"paragraph_5\">Walburga de Heidenheim, naci\u00f3 en Wessex, Inglaterra, en el a\u00f1o 710 y falleci\u00f3 en Heidenheim, Alemania, el 25 de febrero de 779. Como monja benedictina, form\u00f3 parte de la misi\u00f3n sajona que&nbsp;<strong>se envi\u00f3 a evangelizar las tierras germanas<\/strong>, contando, por iniciativa de san Bonifacio, por primera vez con mujeres misioneras, ya que el santo consideraba que ser\u00edan mejor recibidas en muchos lugares y llegar\u00edan con mayor facilidad al alma de otras mujeres, que eran las que ense\u00f1aban a los ni\u00f1os en su m\u00e1s tierna edad.<\/p>\n\n\n\n<p id=\"paragraph_6\">Dice la leyenda que Walburga era princesa, hija del rey san Ricardo el Saj\u00f3n, aunque hasta hoy se discute la calidad de rey de este se\u00f1or feudal. Al partir su padre en peregrinaci\u00f3n hacia Roma con sus dos hijos varones, la dej\u00f3 en un convento con once a\u00f1os de edad. All\u00ed se form\u00f3 durante veintis\u00e9is a\u00f1os hasta el punto de convertirse luego en&nbsp;<strong>la primera escritora tanto de Inglaterra como de Alemania<\/strong>, aunque sus obras, referidas a las vidas de su padre y hermanos, estaban escritas en lat\u00edn.<\/p>\n\n\n\n<p id=\"paragraph_7\">En el a\u00f1o 748&nbsp;<strong>Walburga fue requerida para evangelizar Alemania e inici\u00f3 la arriesgada traves\u00eda mar\u00edtima<\/strong>, pero se desat\u00f3 una fuerte tormenta que solo se aplac\u00f3 cuando la futura santa se arrodill\u00f3 en la proa del nav\u00edo y rog\u00f3 que se calmasen las olas, que inmediatamente le obedecieron. Al llegar a puerto, los marineros no tardaron en contar este prodigio a quien les quiso escuchar, lo que hizo que Walburga comenzara con buen pie su andadura misionera.<\/p>\n\n\n\n<p><img decoding=\"async\" alt=\"Juan de Roelas: 'Santa Walburga', hacia 605. Iglesia de San Miguel and San Juli\u00e1n, Valladolid\" height=\"1052\" src=\"https:\/\/s1.elespanol.com\/2025\/04\/29\/actualidad\/1003743735809_255181484_1706x1052.jpg\" width=\"1706\"><\/p>\n\n\n\n<p>Juan de Roelas: &#8216;Santa Walburga&#8217;, hacia 605. Iglesia de San Miguel and San Juli\u00e1n, Valladolid<\/p>\n\n\n\n<p id=\"paragraph_8\">Durante los a\u00f1os que pas\u00f3 en Alemania&nbsp;<strong>se le atribuyeron muchos milagros y gran poder sobre los malos esp\u00edritus<\/strong>, que acataban obedientemente sus \u00f3rdenes. Se dijo que de su tumba brot\u00f3 durante mucho tiempo un aceite milagroso que curaba las heridas y alejaba los malos pensamientos.<\/p>\n\n\n\n<p id=\"paragraph_9\">Tambi\u00e9n se dice, y esto puede dar buena idea del car\u00e1cter que se le atribu\u00eda, que habiendo amenazado ruina el monasterio de Heidenheim, donde la santa estaba enterrada, los obreros que restauraban el edificio&nbsp;<strong>profanaron su sepultura y la santa se les apareci\u00f3<\/strong>, exigiendo que devolvieran a su lugar sus restos, cosa que hicieron inmediatamente.<\/p>\n\n\n\n<figure class=\"wp-block-image\"><img decoding=\"async\" src=\"https:\/\/s1.elespanol.com\/2022\/07\/13\/el-cultural\/letras\/687441334_225768939_1024x576.jpg\" alt=\"\"\/><\/figure>\n\n\n\n<p><a href=\"https:\/\/www.elespanol.com\/el-cultural\/letras\/20220721\/brujas-aquelarres-locuras\/687431312_0.html?utm_cmp_rs=relatednewsinline\">&#8216;Brujas&#8217;: de aquelarres y locuras<\/a><\/p>\n\n\n\n<p id=\"paragraph_10\">En la Noche de Santa Walpurgis, la del 30 de abril al 1 de mayo,&nbsp;<strong>las brujas tienen permitido celebrar sus aquelarres<\/strong>&nbsp;hasta que, a la llegada del amanecer, la santa les ordena detenerse y desaparecer de la tierra.<\/p>\n\n\n\n<p id=\"paragraph_11\">Esa es la historia, o la leyenda, o ambas cosas mezcladas, que tan magistralmente celebr\u00f3&nbsp;<a href=\"https:\/\/www.elespanol.com\/el-cultural\/letras\/20150515\/goethe-vida-obra-arte\/33496727_0.html?utm_cmp_rs=linksinline\">Goethe<\/a>&nbsp;en su&nbsp;<em>Fausto<\/em>. Se dice que se le asign\u00f3 esa fecha en el santoral para que fuese el d\u00eda de la vida, en contraposici\u00f3n al 1 de noviembre, seis meses despu\u00e9s, que es el d\u00eda de los muertos.<\/p>\n\n\n\n<p id=\"paragraph_12\">A santa Walpurgis&nbsp;<strong>se la consideraba patrona de las campesinas, las sirvientas, las mujeres humildes en general,<\/strong>&nbsp;y tambi\u00e9n curiosamente, de las brujas y los tah\u00fares.<\/p>\n\n\n\n<p id=\"paragraph_13\">En Alemania se afirmaba, y de ah\u00ed sali\u00f3 el relato de Goethe, que en&nbsp;<strong>la Noche de Walpurgis las brujas volaban hacia el Brocken<\/strong>, la monta\u00f1a m\u00e1s alta del macizo del Harz, para celebrar all\u00ed su gran asamblea. Todav\u00eda hoy se celebra esta fiesta, a modo de Halloween europeo, con grandes hogueras en los montes, tambores y fiesta nocturna.<\/p>\n\n\n\n<p><img decoding=\"async\" alt=\"Imagen de Walburga en la catedral de Contern, Luxemburgo\" height=\"1695\" width=\"1706\" src=\"https:\/\/s1.elespanol.com\/2025\/04\/25\/actualidad\/1003743730452_255098041_1706x1695.jpg\"><\/p>\n\n\n\n<p>Imagen de Walburga en la catedral de Contern, Luxemburgo<\/p>\n\n\n\n<p id=\"paragraph_14\">En los viejos tiempos no se lo tomaban tan a la ligera, y de hecho los fuegos se encend\u00edan para evitar las malas artes de las brujas, que esa noche se sent\u00edan libres. Se colocaban crucifijos en las puertas,&nbsp;<strong>las escobas se dejaban boca arriba para que no saliesen volando solas<\/strong>, y se hac\u00edan sonar las campanas de las iglesias toda la noche.<\/p>\n\n\n\n<p id=\"paragraph_15\">Sin embargo, otra parte del pueblo, los que seguramente ser\u00edan se\u00f1alados como libertinos y gente de mal vivir, festejaban la noche con bebida y encuentros er\u00f3ticos para celebrar el mes de la libertad y la fecundidad, pues&nbsp;<strong>algunos afirmaban que Walpurgis hab\u00eda denostado la monogamia<\/strong>, por considerar que contribu\u00eda al despoblamiento de Alemania. Por ese motivo, era tradici\u00f3n que no se celebrasen matrimonios en mayo si se esperaba que los esposos se mantuviesen fieles.<\/p>\n\n\n\n<figure class=\"wp-block-image\"><img decoding=\"async\" src=\"https:\/\/s1.elespanol.com\/2023\/06\/22\/el-cultural\/historia\/773433423_234171140_1024x576.jpg\" alt=\"\"\/><\/figure>\n\n\n\n<p><a href=\"https:\/\/www.elespanol.com\/el-cultural\/historia\/20230627\/bruja-enterrada-mar-evitar-magia-historias-muertos-siguen-vivos\/773423028_0.html?utm_cmp_rs=relatednewsinline\">La bruja enterrada bajo el mar para evitar su magia y otras historias de muertos que siguen vivos<\/a><\/p>\n\n\n\n<p id=\"paragraph_16\">Aunque en teor\u00eda santa Walpurgis era capaz de alejar a las brujas con solo una palabra suya, esto fue interpretado tambi\u00e9n como se\u00f1al de que las mandaba, cosa que encajaba muy bien, en la mentalidad de la \u00e9poca, con su car\u00e1cter de<strong>&nbsp;santa femenina por excelencia y protectora de las mujeres.<\/strong><\/p>\n\n\n\n<p id=\"paragraph_17\">Aparte de la ya mencionada escena del&nbsp;<em>Fausto<\/em>&nbsp;de Goethe,&nbsp;<strong>la Noche de Walpurgis aparece en otras muchas obras literarias y musicales<\/strong>. Es especialmente destacable la cantata para solistas, coro y orquesta&nbsp;<em>Die Erste Walpurgisnacht<\/em>, o la<a href=\"https:\/\/www.elespanol.com\/el-cultural\/escenarios\/musica\/20241011\/romanticismo-altos-vuelos-orquesta-nacional-batuta-andres-orozco-estrada\/891661291_0.html?utm_cmp_rs=linksinline\">&nbsp;<em>Primera noche de Walpurgis<\/em>, de Felix Mendelssohn<\/a>. La letra es una balada del propio Goethe, que ya la escribi\u00f3 pensando en musicalizarla, y as\u00ed se lo propuso a su amigo el compositor Carl Friedrich Zelter. Este rechaz\u00f3 el encargo y se lo transmiti\u00f3 a su alumno Mendelssohn. La obra se estren\u00f3 en Berl\u00edn el 10 de enero de 1833, cuando Goethe ya hab\u00eda fallecido.<\/p>\n\n\n\n<p id=\"paragraph_18\">Mendelssohn no qued\u00f3 muy satisfecho del resultado y reescribi\u00f3 en parte la obra, para volver a estrenar la nueva versi\u00f3n diez a\u00f1os despu\u00e9s, esta vez en Leipzig,&nbsp;<strong>contando entre el p\u00fablico con Schumann y Berlioz, que alabaron profusamente la cantata.<\/strong><\/p>\n\n\n\n<p id=\"paragraph_19\">Les dejo con ella en la versi\u00f3n de la orquesta sinf\u00f3nica de la radio de Frankfurt, dirigida por&nbsp;<a href=\"https:\/\/www.elespanol.com\/el-cultural\/escenarios\/musica\/20241011\/romanticismo-altos-vuelos-orquesta-nacional-batuta-andres-orozco-estrada\/891661291_0.html?utm_cmp_rs=linksinline\">Andr\u00e9s Orozco Estrada<\/a>, en una grabaci\u00f3n de 2014 en la impresionante abad\u00eda de Eberbach.<\/p>\n\n\n\n<figure class=\"wp-block-embed is-type-video is-provider-youtube wp-block-embed-youtube wp-embed-aspect-16-9 wp-has-aspect-ratio\"><div class=\"wp-block-embed__wrapper\">\n<iframe title=\"Mendelssohn: Die erste Walpurgisnacht \u2219 hr-Sinfonieorchester \u2219 Andr\u00e9s Orozco-Estrada\" width=\"500\" height=\"281\" src=\"https:\/\/www.youtube.com\/embed\/RkH7hUVSDfQ?feature=oembed\" frameborder=\"0\" allow=\"accelerometer; autoplay; clipboard-write; encrypted-media; gyroscope; picture-in-picture; web-share\" referrerpolicy=\"strict-origin-when-cross-origin\" allowfullscreen><\/iframe>\n<\/div><\/figure>\n\n\n\n<p><\/p>\n\n\n\n<p>Fuente: <a href=\"https:\/\/www.elespanol.com\/el-cultural\/historia\/20250430\/princesa-monja-invoca-aquelarres-santa-walpurgis-patrona-brujas\/1003743730116_0.html\">https:\/\/www.elespanol.com\/el-cultural\/historia\/20250430\/princesa-monja-invoca-aquelarres-santa-walpurgis-patrona-brujas\/1003743730116_0.html<\/a><\/p>\n","protected":false},"excerpt":{"rendered":"<p>Este mi\u00e9rcoles, 30 de abril, es el d\u00eda (y la noche) de esta santa, que encarna la feminidad y la [&hellip;]<\/p>\n","protected":false},"author":1,"featured_media":98685,"comment_status":"open","ping_status":"open","sticky":false,"template":"","format":"standard","meta":{"site-sidebar-layout":"default","site-content-layout":"","ast-site-content-layout":"default","site-content-style":"default","site-sidebar-style":"default","ast-global-header-display":"","ast-banner-title-visibility":"","ast-main-header-display":"","ast-hfb-above-header-display":"","ast-hfb-below-header-display":"","ast-hfb-mobile-header-display":"","site-post-title":"","ast-breadcrumbs-content":"","ast-featured-img":"","footer-sml-layout":"","theme-transparent-header-meta":"","adv-header-id-meta":"","stick-header-meta":"","header-above-stick-meta":"","header-main-stick-meta":"","header-below-stick-meta":"","astra-migrate-meta-layouts":"default","ast-page-background-enabled":"default","ast-page-background-meta":{"desktop":{"background-color":"var(--ast-global-color-4)","background-image":"","background-repeat":"repeat","background-position":"center center","background-size":"auto","background-attachment":"scroll","background-type":"","background-media":"","overlay-type":"","overlay-color":"","overlay-opacity":"","overlay-gradient":""},"tablet":{"background-color":"","background-image":"","background-repeat":"repeat","background-position":"center center","background-size":"auto","background-attachment":"scroll","background-type":"","background-media":"","overlay-type":"","overlay-color":"","overlay-opacity":"","overlay-gradient":""},"mobile":{"background-color":"","background-image":"","background-repeat":"repeat","background-position":"center center","background-size":"auto","background-attachment":"scroll","background-type":"","background-media":"","overlay-type":"","overlay-color":"","overlay-opacity":"","overlay-gradient":""}},"ast-content-background-meta":{"desktop":{"background-color":"var(--ast-global-color-5)","background-image":"","background-repeat":"repeat","background-position":"center center","background-size":"auto","background-attachment":"scroll","background-type":"","background-media":"","overlay-type":"","overlay-color":"","overlay-opacity":"","overlay-gradient":""},"tablet":{"background-color":"var(--ast-global-color-5)","background-image":"","background-repeat":"repeat","background-position":"center center","background-size":"auto","background-attachment":"scroll","background-type":"","background-media":"","overlay-type":"","overlay-color":"","overlay-opacity":"","overlay-gradient":""},"mobile":{"background-color":"var(--ast-global-color-5)","background-image":"","background-repeat":"repeat","background-position":"center center","background-size":"auto","background-attachment":"scroll","background-type":"","background-media":"","overlay-type":"","overlay-color":"","overlay-opacity":"","overlay-gradient":""}},"footnotes":""},"categories":[8],"tags":[37962,37964,37961,37963],"class_list":["post-98684","post","type-post","status-publish","format-standard","has-post-thumbnail","hentry","category-noticias","tag-la-patrona-de-las-brujas","tag-monja-benedictiva","tag-santa-walpurgis","tag-walburga-de-heidenheim"],"_links":{"self":[{"href":"https:\/\/losperiodistas.com.mx\/portal\/wp-json\/wp\/v2\/posts\/98684","targetHints":{"allow":["GET"]}}],"collection":[{"href":"https:\/\/losperiodistas.com.mx\/portal\/wp-json\/wp\/v2\/posts"}],"about":[{"href":"https:\/\/losperiodistas.com.mx\/portal\/wp-json\/wp\/v2\/types\/post"}],"author":[{"embeddable":true,"href":"https:\/\/losperiodistas.com.mx\/portal\/wp-json\/wp\/v2\/users\/1"}],"replies":[{"embeddable":true,"href":"https:\/\/losperiodistas.com.mx\/portal\/wp-json\/wp\/v2\/comments?post=98684"}],"version-history":[{"count":1,"href":"https:\/\/losperiodistas.com.mx\/portal\/wp-json\/wp\/v2\/posts\/98684\/revisions"}],"predecessor-version":[{"id":98686,"href":"https:\/\/losperiodistas.com.mx\/portal\/wp-json\/wp\/v2\/posts\/98684\/revisions\/98686"}],"wp:featuredmedia":[{"embeddable":true,"href":"https:\/\/losperiodistas.com.mx\/portal\/wp-json\/wp\/v2\/media\/98685"}],"wp:attachment":[{"href":"https:\/\/losperiodistas.com.mx\/portal\/wp-json\/wp\/v2\/media?parent=98684"}],"wp:term":[{"taxonomy":"category","embeddable":true,"href":"https:\/\/losperiodistas.com.mx\/portal\/wp-json\/wp\/v2\/categories?post=98684"},{"taxonomy":"post_tag","embeddable":true,"href":"https:\/\/losperiodistas.com.mx\/portal\/wp-json\/wp\/v2\/tags?post=98684"}],"curies":[{"name":"wp","href":"https:\/\/api.w.org\/{rel}","templated":true}]}}