{"id":98679,"date":"2025-04-30T16:01:02","date_gmt":"2025-04-30T22:01:02","guid":{"rendered":"https:\/\/losperiodistas.com.mx\/portal\/?p=98679"},"modified":"2025-04-30T16:04:00","modified_gmt":"2025-04-30T22:04:00","slug":"opinion-los-argumentos-ad-hominem-de-sheinbaum","status":"publish","type":"post","link":"https:\/\/losperiodistas.com.mx\/portal\/opinion-los-argumentos-ad-hominem-de-sheinbaum\/","title":{"rendered":"Opini\u00f3n | Los argumentos ad hominem de Sheinbaum"},"content":{"rendered":"\n<p class=\"has-vivid-red-color has-text-color has-link-color wp-elements-66d711a89e1ca15ffea39ab4f895b819\" style=\"font-size:22px\"><strong><em>Por Dr. Fidencio Aguilar V\u00edquez<\/em><\/strong><\/p>\n\n\n\n<p>En la pol\u00edtica, ya como ciencia, ya como arte, una cosa es el&nbsp;<strong>debate<\/strong>&nbsp;y otra el&nbsp;<strong>ataque<\/strong>. Mientras el primero enriquece la democracia, el segundo la empobrece. La&nbsp;<strong>presidenta Claudia Sheinbaum<\/strong>&nbsp;parece haber optado por el camino del&nbsp;<strong>ataque f\u00e1cil<\/strong>. Su respuesta reciente al&nbsp;<strong>expresidente Ernesto Zedillo<\/strong>&nbsp;es un ejemplo claro de esa estrategia: desviar el fondo con un&nbsp;<em>ad hominem<\/em>.<\/p>\n\n\n\n<p><strong>Zedillo<\/strong>, un presidente m\u00e1s t\u00e9cnico que carism\u00e1tico, lanz\u00f3 una&nbsp;<strong>cr\u00edtica seria<\/strong>: con el morenismo se est\u00e1 demoliendo el&nbsp;<strong>r\u00e9gimen democr\u00e1tico<\/strong>&nbsp;en M\u00e9xico (1). El se\u00f1alamiento es fuerte, pero no infundado. Basta ver c\u00f3mo el actual oficialismo ha ido&nbsp;<strong>colonizando instituciones aut\u00f3nomas<\/strong>&nbsp;y demolido la independencia judicial. Pero Sheinbaum no respondi\u00f3 con argumentos sobre la&nbsp;<strong>salud de la democracia<\/strong>, sino con una vieja consigna:&nbsp;<em>\u201c\u00c9l aval\u00f3 el FOBAPROA\u201d<\/em>.<\/p>\n\n\n\n<p>Es cierto que&nbsp;<strong>Zedillo<\/strong>&nbsp;impuls\u00f3 el&nbsp;<strong>rescate bancario<\/strong>. Y tambi\u00e9n es cierto que ese episodio dej\u00f3 cicatrices profundas en la memoria nacional, junto con otros tambi\u00e9n mencionados por la presidenta. Pero usar esos hechos para&nbsp;<strong>invalidar cualquier cr\u00edtica<\/strong>&nbsp;presente es falaz. Es el t\u00edpico \u201ct\u00fa hiciste algo peor\u201d, que en nada aclara el fondo de la discusi\u00f3n y confirma el argumento&nbsp;<em>ad hominem<\/em>&nbsp;que no es realmente argumento (esto lo sabe incluso un alumno o alumna de bachillerato).<\/p>\n\n\n\n<p><strong>Sheinbaum<\/strong>, con formaci\u00f3n cient\u00edfica, deber\u00eda saber que la l\u00f3gica importa. Un&nbsp;<em>ad hominem<\/em>&nbsp;no rebate, s\u00f3lo&nbsp;<strong>descalifica<\/strong>. Si Zedillo se equivoc\u00f3 en los noventa, eso no significa que el morenismo acierte hoy. Mucho menos significa que la democracia no est\u00e9 en riesgo ni que los&nbsp;<strong>graves problemas&nbsp;<\/strong>de finanzas p\u00fablicas, de seguridad, educaci\u00f3n y salud sean inventos de mentes perversas.<\/p>\n\n\n\n<p>Lo preocupante no es s\u00f3lo el&nbsp;<strong>recurso ret\u00f3rico<\/strong>, sino lo que esconde. Porque si el r\u00e9gimen no tiene c\u00f3mo defenderse m\u00e1s que atacando a sus cr\u00edticos, algo va mal. La seguridad, la educaci\u00f3n, la salud y la econom\u00eda, por mencionar los rubros m\u00e1s relevantes, tienen m\u00e1s&nbsp;<strong>datos que discursos<\/strong>. Y esos datos inquietan.<\/p>\n\n\n\n<p>Un ejemplo grave lo encontramos en el manejo de la&nbsp;<strong>deuda p\u00fablica<\/strong>. Mientras se acusa a los tecn\u00f3cratas del pasado de hipotecar al pa\u00eds, el actual gobierno ha hecho lo propio, pero en mayor escala. En 2024, la&nbsp;<strong>deuda p\u00fablica aument\u00f3<\/strong>&nbsp;en 2.6 billones de pesos (2). Es la mayor cifra en un solo a\u00f1o desde que se tiene registro.<\/p>\n\n\n\n<p>A manera de comparaci\u00f3n, el&nbsp;<strong>rescate bancario del FOBAPROA<\/strong>&nbsp;en 1998 implic\u00f3 una deuda p\u00fablica de 552 mil millones de pesos (3). A valores nominales, el endeudamiento de 2024 es casi cinco veces mayor. Y si bien el contexto es distinto, la&nbsp;<strong>magnitud<\/strong>&nbsp;no puede ignorarse. Mucho menos cuando ese aumento no est\u00e1 ligado a inversi\u00f3n productiva, sino al&nbsp;<strong>gasto electoral y clientelar<\/strong>.<\/p>\n\n\n\n<p>Hoy la&nbsp;<strong>deuda total de M\u00e9xico<\/strong>&nbsp;supera los 17.5 billones de pesos, el 51.7% del PIB (4). En 2018, al inicio del<strong>&nbsp;sexenio de L\u00f3pez Obrador<\/strong>, era de 10.5 billones, equivalente al 45% del PIB. En lugar de la prometida austeridad republicana, hemos tenido una expansi\u00f3n silenciosa pero feroz del endeudamiento. La pregunta es: \u00bfqui\u00e9n pagar\u00e1 la factura?<\/p>\n\n\n\n<p>En este contexto, la&nbsp;<strong>cr\u00edtica de Zedillo<\/strong>&nbsp;adquiere una nueva dimensi\u00f3n. No se trata de revivir&nbsp;<strong>viejas batallas ideol\u00f3gicas<\/strong>, sino de mirar con seriedad lo que est\u00e1 ocurriendo. Si los actuales gobernantes no toleran la cr\u00edtica y responden con ataques personales, est\u00e1n confirmando el<strong>&nbsp;autoritarismo<\/strong>&nbsp;que se les imputa. Y eso s\u00ed es preocupante para cualquier democracia.<\/p>\n\n\n\n<p>La ciudadan\u00eda necesita claridad, no esl\u00f3ganes. Argumentos, no ofensas. Si&nbsp;<strong>Sheinbaum<\/strong>&nbsp;aspira a gobernar un pa\u00eds complejo, debe elevar el nivel del discurso. Porque si su principal recurso es el&nbsp;<em>ad hominem<\/em>, confirma que&nbsp;<strong>no hay proyecto<\/strong>, s\u00f3lo&nbsp;<strong>poder<\/strong>. Una democracia, un Estado de derecho, una sociedad igualitaria e incluyente, un M\u00e9xico justo, necesita&nbsp;<strong>ciudadanos<\/strong>, no&nbsp;<em>mes\u00edas<\/em>&nbsp;ni redentores.<\/p>\n\n\n\n<figure class=\"wp-block-image size-large\"><img fetchpriority=\"high\" decoding=\"async\" width=\"1024\" height=\"441\" src=\"https:\/\/losperiodistas.com.mx\/portal\/wp-content\/uploads\/2025\/04\/Captura-de-pantalla-2025-04-30-a-las-4.02.38\u202fp.m-1024x441.png\" alt=\"\" class=\"wp-image-98681\" srcset=\"https:\/\/losperiodistas.com.mx\/portal\/wp-content\/uploads\/2025\/04\/Captura-de-pantalla-2025-04-30-a-las-4.02.38\u202fp.m-1024x441.png 1024w, https:\/\/losperiodistas.com.mx\/portal\/wp-content\/uploads\/2025\/04\/Captura-de-pantalla-2025-04-30-a-las-4.02.38\u202fp.m-300x129.png 300w, https:\/\/losperiodistas.com.mx\/portal\/wp-content\/uploads\/2025\/04\/Captura-de-pantalla-2025-04-30-a-las-4.02.38\u202fp.m-768x331.png 768w, https:\/\/losperiodistas.com.mx\/portal\/wp-content\/uploads\/2025\/04\/Captura-de-pantalla-2025-04-30-a-las-4.02.38\u202fp.m.png 1342w\" sizes=\"(max-width: 1024px) 100vw, 1024px\" \/><\/figure>\n\n\n\n<hr class=\"wp-block-separator has-alpha-channel-opacity\"\/>\n\n\n\n<p><strong>+ OPINI\u00d3N INVITADA: Las opiniones expresadas son responsabilidad del autor<\/strong><\/p>\n\n\n\n<p><\/p>\n","protected":false},"excerpt":{"rendered":"<p>Por Dr. Fidencio Aguilar V\u00edquez En la pol\u00edtica, ya como ciencia, ya como arte, una cosa es el&nbsp;debate&nbsp;y otra el&nbsp;ataque. [&hellip;]<\/p>\n","protected":false},"author":1,"featured_media":71831,"comment_status":"open","ping_status":"open","sticky":false,"template":"","format":"standard","meta":{"site-sidebar-layout":"default","site-content-layout":"","ast-site-content-layout":"default","site-content-style":"default","site-sidebar-style":"default","ast-global-header-display":"","ast-banner-title-visibility":"","ast-main-header-display":"","ast-hfb-above-header-display":"","ast-hfb-below-header-display":"","ast-hfb-mobile-header-display":"","site-post-title":"","ast-breadcrumbs-content":"","ast-featured-img":"","footer-sml-layout":"","theme-transparent-header-meta":"","adv-header-id-meta":"","stick-header-meta":"","header-above-stick-meta":"","header-main-stick-meta":"","header-below-stick-meta":"","astra-migrate-meta-layouts":"default","ast-page-background-enabled":"default","ast-page-background-meta":{"desktop":{"background-color":"var(--ast-global-color-4)","background-image":"","background-repeat":"repeat","background-position":"center center","background-size":"auto","background-attachment":"scroll","background-type":"","background-media":"","overlay-type":"","overlay-color":"","overlay-opacity":"","overlay-gradient":""},"tablet":{"background-color":"","background-image":"","background-repeat":"repeat","background-position":"center center","background-size":"auto","background-attachment":"scroll","background-type":"","background-media":"","overlay-type":"","overlay-color":"","overlay-opacity":"","overlay-gradient":""},"mobile":{"background-color":"","background-image":"","background-repeat":"repeat","background-position":"center center","background-size":"auto","background-attachment":"scroll","background-type":"","background-media":"","overlay-type":"","overlay-color":"","overlay-opacity":"","overlay-gradient":""}},"ast-content-background-meta":{"desktop":{"background-color":"var(--ast-global-color-5)","background-image":"","background-repeat":"repeat","background-position":"center center","background-size":"auto","background-attachment":"scroll","background-type":"","background-media":"","overlay-type":"","overlay-color":"","overlay-opacity":"","overlay-gradient":""},"tablet":{"background-color":"var(--ast-global-color-5)","background-image":"","background-repeat":"repeat","background-position":"center center","background-size":"auto","background-attachment":"scroll","background-type":"","background-media":"","overlay-type":"","overlay-color":"","overlay-opacity":"","overlay-gradient":""},"mobile":{"background-color":"var(--ast-global-color-5)","background-image":"","background-repeat":"repeat","background-position":"center center","background-size":"auto","background-attachment":"scroll","background-type":"","background-media":"","overlay-type":"","overlay-color":"","overlay-opacity":"","overlay-gradient":""}},"footnotes":""},"categories":[8,22],"tags":[6892,16903],"class_list":["post-98679","post","type-post","status-publish","format-standard","has-post-thumbnail","hentry","category-noticias","category-opinion-invitada","tag-ernesto-zedillo","tag-sheinbaum"],"_links":{"self":[{"href":"https:\/\/losperiodistas.com.mx\/portal\/wp-json\/wp\/v2\/posts\/98679","targetHints":{"allow":["GET"]}}],"collection":[{"href":"https:\/\/losperiodistas.com.mx\/portal\/wp-json\/wp\/v2\/posts"}],"about":[{"href":"https:\/\/losperiodistas.com.mx\/portal\/wp-json\/wp\/v2\/types\/post"}],"author":[{"embeddable":true,"href":"https:\/\/losperiodistas.com.mx\/portal\/wp-json\/wp\/v2\/users\/1"}],"replies":[{"embeddable":true,"href":"https:\/\/losperiodistas.com.mx\/portal\/wp-json\/wp\/v2\/comments?post=98679"}],"version-history":[{"count":2,"href":"https:\/\/losperiodistas.com.mx\/portal\/wp-json\/wp\/v2\/posts\/98679\/revisions"}],"predecessor-version":[{"id":98682,"href":"https:\/\/losperiodistas.com.mx\/portal\/wp-json\/wp\/v2\/posts\/98679\/revisions\/98682"}],"wp:featuredmedia":[{"embeddable":true,"href":"https:\/\/losperiodistas.com.mx\/portal\/wp-json\/wp\/v2\/media\/71831"}],"wp:attachment":[{"href":"https:\/\/losperiodistas.com.mx\/portal\/wp-json\/wp\/v2\/media?parent=98679"}],"wp:term":[{"taxonomy":"category","embeddable":true,"href":"https:\/\/losperiodistas.com.mx\/portal\/wp-json\/wp\/v2\/categories?post=98679"},{"taxonomy":"post_tag","embeddable":true,"href":"https:\/\/losperiodistas.com.mx\/portal\/wp-json\/wp\/v2\/tags?post=98679"}],"curies":[{"name":"wp","href":"https:\/\/api.w.org\/{rel}","templated":true}]}}