{"id":98658,"date":"2025-04-30T08:42:00","date_gmt":"2025-04-30T14:42:00","guid":{"rendered":"https:\/\/losperiodistas.com.mx\/portal\/?p=98658"},"modified":"2025-04-30T08:42:01","modified_gmt":"2025-04-30T14:42:01","slug":"opinion-olas-de-calor-y-apagones-caos-o-aprendizaje","status":"publish","type":"post","link":"https:\/\/losperiodistas.com.mx\/portal\/opinion-olas-de-calor-y-apagones-caos-o-aprendizaje\/","title":{"rendered":"Opini\u00f3n | Olas de calor y apagones \u00bfCaos o aprendizaje?"},"content":{"rendered":"\n<figure class=\"wp-block-image alignright size-full is-resized\"><img fetchpriority=\"high\" decoding=\"async\" width=\"500\" height=\"500\" src=\"https:\/\/losperiodistas.com.mx\/portal\/wp-content\/uploads\/2024\/11\/WhatsApp-Image-2024-11-08-at-15.02.41-1.jpeg\" alt=\"\" class=\"wp-image-91308\" style=\"width:255px;height:auto\" srcset=\"https:\/\/losperiodistas.com.mx\/portal\/wp-content\/uploads\/2024\/11\/WhatsApp-Image-2024-11-08-at-15.02.41-1.jpeg 500w, https:\/\/losperiodistas.com.mx\/portal\/wp-content\/uploads\/2024\/11\/WhatsApp-Image-2024-11-08-at-15.02.41-1-300x300.jpeg 300w, https:\/\/losperiodistas.com.mx\/portal\/wp-content\/uploads\/2024\/11\/WhatsApp-Image-2024-11-08-at-15.02.41-1-150x150.jpeg 150w\" sizes=\"(max-width: 500px) 100vw, 500px\" \/><\/figure>\n\n\n\n<p><\/p>\n\n\n\n<p><\/p>\n\n\n\n<p><\/p>\n\n\n\n<p class=\"has-vivid-red-color has-text-color has-link-color wp-elements-663ac52e36c2f706628e19f20e0e3641\" style=\"font-size:26px\"><strong><em>Por Ricardo Mart\u00ednez Mart\u00ednez<\/em><\/strong><\/p>\n\n\n\n<p><strong><a href=\"http:\/\/@ricardommz07\">@ricardommz07<\/a><\/strong><\/p>\n\n\n\n<p>En 2012, India colaps\u00f3 energ\u00e9ticamente. En 2024 fue M\u00e9xico. En 2025, hace unos d\u00edas, toco el turno a Espa\u00f1a. La lecci\u00f3n es brutalmente clara: si el sistema el\u00e9ctrico sigue siendo centralizado, vulnerable y reactivo, el colapso no es una posibilidad remota, sino una certeza que solo espera fecha.<\/p>\n\n\n\n<p>M\u00e9xico lo vivi\u00f3 de forma dolorosa en mayo del a\u00f1o pasado. Una ola de calor desbord\u00f3 la capacidad del sistema, dejando a millones sin luz y al pa\u00eds bajo alerta operativa. Este a\u00f1o, Europa fue escenario de lo mismo: un fallo en el suroeste espa\u00f1ol dispar\u00f3 un apag\u00f3n que afect\u00f3 a la pen\u00ednsula entera. No se trata de accidentes casual, sino de s\u00edntomas de un modelo que ya no responde ni a las exigencias del clima ni a las din\u00e1micas sociales.<\/p>\n\n\n\n<p>En julio de 2012, m\u00e1s de 600 millones de personas en India quedaron sin electricidad durante varios d\u00edas. Sin embargo, una peque\u00f1a aldea rural del Rajast\u00e1n continu\u00f3 su vida con normalidad. Mientras los trenes colapsaban, los ascensores se deten\u00edan y las ciudades se paralizaban, Khareda Lakshmipura segu\u00eda funcionando gracias a una microrred solar inteligente instalada por la empresa Gram Power. Paneles solares, bater\u00edas, contadores digitales y cables sobre postes de madera. Nada extraordinario, excepto por su impacto: autonom\u00eda energ\u00e9tica local en medio del caos nacional.<\/p>\n\n\n\n<p>Diez a\u00f1os despu\u00e9s, lo que parec\u00eda una innovaci\u00f3n marginal se revela como una necesidad urgente. El modelo de microrredes el\u00e9ctricas \u2014locales, limpias y gestionadas por la comunidad\u2014 no solo ofrece resiliencia ante el colapso, sino que tambi\u00e9n democratiza el acceso y rompe con la l\u00f3gica de dependencia estructural.<\/p>\n\n\n\n<p>M\u00e9xico est\u00e1 parado sobre un tesoro energ\u00e9tico sin explotar. M\u00e1s de 200 d\u00edas de sol al a\u00f1o, potencial e\u00f3lico inigualable en regiones como el Istmo de Tehuantepec y una red de comunidades con alta capacidad de organizaci\u00f3n social. En esta ocasi\u00f3n, no estamos ante problema&nbsp; t\u00e9cnico: es pol\u00edtico, es estructural y es cultural.<\/p>\n\n\n\n<p>El pa\u00eds ha invertido por d\u00e9cadas en grandes infraestructuras, pero ha dejado fuera a miles de comunidades rurales. En vez de esperar una cobertura nacional que nunca llega, \u00bfpor qu\u00e9 no apostar por una estrategia de autonom\u00eda energ\u00e9tica desde lo local? El costo de una microrred para cien viviendas ronda los 35 mil d\u00f3lares. Puede parecer alto, pero frente al costo de los apagones, los subsidios regresivos o el gasto privado en generadores di\u00e9sel, es una inversi\u00f3n m\u00ednima.<\/p>\n\n\n\n<p>Y, sin embargo, la transici\u00f3n no llegar\u00e1 sola. Se necesita visi\u00f3n. Se necesita voluntad p\u00fablica. Y se necesita, sobre todo, canalizar los esfuerzos de universidades, cooperativas, t\u00e9cnicos, comunidades ind\u00edgenas y gobiernos locales para dise\u00f1ar alianzas reales que apuesten por estas soluciones.<\/p>\n\n\n\n<p>La electricidad del siglo XX se pens\u00f3 como un asunto de grandes torres, largas distancias y control centralizado. Pero el siglo XXI exige otra narrativa: la de una red descentralizada, resiliente, y con rostro humano.<\/p>\n\n\n\n<p>Las microrredes de enerrg\u00eda no son un lujo ni una utop\u00eda tecnol\u00f3gica. Son una alternativa tangible, viable y urgente.<\/p>\n\n\n\n<p>La pr\u00f3xima vez que haya un apag\u00f3n \u2014y lo habr\u00e1\u2014 la pregunta no deber\u00eda ser por qu\u00e9 fall\u00f3 el sistema, sino por qu\u00e9 seguimos dejando el futuro energ\u00e9tico en manos de unos pocos, cuando tantos podr\u00edan construirlo desde abajo. Porque no se trata solo de tener energ\u00eda, sino de qui\u00e9n la controla, para qu\u00e9 se usa y qui\u00e9n decide cu\u00e1ndo se enciende la luz, y en esta ocasi\u00f3n, no es met\u00e1fora.<\/p>\n\n\n\n<p><\/p>\n","protected":false},"excerpt":{"rendered":"<p>Por Ricardo Mart\u00ednez Mart\u00ednez @ricardommz07 En 2012, India colaps\u00f3 energ\u00e9ticamente. En 2024 fue M\u00e9xico. En 2025, hace unos d\u00edas, toco [&hellip;]<\/p>\n","protected":false},"author":1,"featured_media":91308,"comment_status":"open","ping_status":"open","sticky":false,"template":"","format":"standard","meta":{"site-sidebar-layout":"default","site-content-layout":"","ast-site-content-layout":"default","site-content-style":"default","site-sidebar-style":"default","ast-global-header-display":"","ast-banner-title-visibility":"","ast-main-header-display":"","ast-hfb-above-header-display":"","ast-hfb-below-header-display":"","ast-hfb-mobile-header-display":"","site-post-title":"","ast-breadcrumbs-content":"","ast-featured-img":"","footer-sml-layout":"","theme-transparent-header-meta":"","adv-header-id-meta":"","stick-header-meta":"","header-above-stick-meta":"","header-main-stick-meta":"","header-below-stick-meta":"","astra-migrate-meta-layouts":"default","ast-page-background-enabled":"default","ast-page-background-meta":{"desktop":{"background-color":"var(--ast-global-color-4)","background-image":"","background-repeat":"repeat","background-position":"center center","background-size":"auto","background-attachment":"scroll","background-type":"","background-media":"","overlay-type":"","overlay-color":"","overlay-opacity":"","overlay-gradient":""},"tablet":{"background-color":"","background-image":"","background-repeat":"repeat","background-position":"center center","background-size":"auto","background-attachment":"scroll","background-type":"","background-media":"","overlay-type":"","overlay-color":"","overlay-opacity":"","overlay-gradient":""},"mobile":{"background-color":"","background-image":"","background-repeat":"repeat","background-position":"center center","background-size":"auto","background-attachment":"scroll","background-type":"","background-media":"","overlay-type":"","overlay-color":"","overlay-opacity":"","overlay-gradient":""}},"ast-content-background-meta":{"desktop":{"background-color":"var(--ast-global-color-5)","background-image":"","background-repeat":"repeat","background-position":"center center","background-size":"auto","background-attachment":"scroll","background-type":"","background-media":"","overlay-type":"","overlay-color":"","overlay-opacity":"","overlay-gradient":""},"tablet":{"background-color":"var(--ast-global-color-5)","background-image":"","background-repeat":"repeat","background-position":"center center","background-size":"auto","background-attachment":"scroll","background-type":"","background-media":"","overlay-type":"","overlay-color":"","overlay-opacity":"","overlay-gradient":""},"mobile":{"background-color":"var(--ast-global-color-5)","background-image":"","background-repeat":"repeat","background-position":"center center","background-size":"auto","background-attachment":"scroll","background-type":"","background-media":"","overlay-type":"","overlay-color":"","overlay-opacity":"","overlay-gradient":""}},"footnotes":""},"categories":[32663,8,21],"tags":[37905,25146,17453],"class_list":["post-98658","post","type-post","status-publish","format-standard","has-post-thumbnail","hentry","category-entre-ruidos-y-senales","category-noticias","category-opinion","tag-apagon-espana","tag-apagones","tag-olas-de-calor"],"_links":{"self":[{"href":"https:\/\/losperiodistas.com.mx\/portal\/wp-json\/wp\/v2\/posts\/98658","targetHints":{"allow":["GET"]}}],"collection":[{"href":"https:\/\/losperiodistas.com.mx\/portal\/wp-json\/wp\/v2\/posts"}],"about":[{"href":"https:\/\/losperiodistas.com.mx\/portal\/wp-json\/wp\/v2\/types\/post"}],"author":[{"embeddable":true,"href":"https:\/\/losperiodistas.com.mx\/portal\/wp-json\/wp\/v2\/users\/1"}],"replies":[{"embeddable":true,"href":"https:\/\/losperiodistas.com.mx\/portal\/wp-json\/wp\/v2\/comments?post=98658"}],"version-history":[{"count":1,"href":"https:\/\/losperiodistas.com.mx\/portal\/wp-json\/wp\/v2\/posts\/98658\/revisions"}],"predecessor-version":[{"id":98659,"href":"https:\/\/losperiodistas.com.mx\/portal\/wp-json\/wp\/v2\/posts\/98658\/revisions\/98659"}],"wp:featuredmedia":[{"embeddable":true,"href":"https:\/\/losperiodistas.com.mx\/portal\/wp-json\/wp\/v2\/media\/91308"}],"wp:attachment":[{"href":"https:\/\/losperiodistas.com.mx\/portal\/wp-json\/wp\/v2\/media?parent=98658"}],"wp:term":[{"taxonomy":"category","embeddable":true,"href":"https:\/\/losperiodistas.com.mx\/portal\/wp-json\/wp\/v2\/categories?post=98658"},{"taxonomy":"post_tag","embeddable":true,"href":"https:\/\/losperiodistas.com.mx\/portal\/wp-json\/wp\/v2\/tags?post=98658"}],"curies":[{"name":"wp","href":"https:\/\/api.w.org\/{rel}","templated":true}]}}