{"id":98655,"date":"2025-04-30T08:24:57","date_gmt":"2025-04-30T14:24:57","guid":{"rendered":"https:\/\/losperiodistas.com.mx\/portal\/?p=98655"},"modified":"2025-04-30T08:25:02","modified_gmt":"2025-04-30T14:25:02","slug":"un-nino-arana-un-cuadro-de-rothko-valorado-en-50-millones-de-euros-el-pais","status":"publish","type":"post","link":"https:\/\/losperiodistas.com.mx\/portal\/un-nino-arana-un-cuadro-de-rothko-valorado-en-50-millones-de-euros-el-pais\/","title":{"rendered":"Un ni\u00f1o ara\u00f1a un cuadro de Rothko valorado en 50 millones de euros | El Pa\u00eds"},"content":{"rendered":"\n<h2 class=\"wp-block-heading has-very-light-gray-to-cyan-bluish-gray-gradient-background has-background\">El cuadro, titulado \u2018Grey, Orange on Maroon, No. 8\u2032, se expon\u00eda en el museo Boijmans de R\u00f3terdam y ya se encuentra en proceso de restauraci\u00f3n<\/h2>\n\n\n\n<figure class=\"wp-block-image size-large\"><img fetchpriority=\"high\" decoding=\"async\" width=\"1024\" height=\"684\" src=\"https:\/\/losperiodistas.com.mx\/portal\/wp-content\/uploads\/2025\/04\/DRLEO6TTGNAKDPXTUKGMGYAANQ-copia-1024x684.jpg\" alt=\"\" class=\"wp-image-98656\" srcset=\"https:\/\/losperiodistas.com.mx\/portal\/wp-content\/uploads\/2025\/04\/DRLEO6TTGNAKDPXTUKGMGYAANQ-copia-1024x684.jpg 1024w, https:\/\/losperiodistas.com.mx\/portal\/wp-content\/uploads\/2025\/04\/DRLEO6TTGNAKDPXTUKGMGYAANQ-copia-300x200.jpg 300w, https:\/\/losperiodistas.com.mx\/portal\/wp-content\/uploads\/2025\/04\/DRLEO6TTGNAKDPXTUKGMGYAANQ-copia-768x513.jpg 768w, https:\/\/losperiodistas.com.mx\/portal\/wp-content\/uploads\/2025\/04\/DRLEO6TTGNAKDPXTUKGMGYAANQ-copia.jpg 1200w\" sizes=\"(max-width: 1024px) 100vw, 1024px\" \/><figcaption class=\"wp-element-caption\">La obra &#8216;Grey, Orange on Maroon, No. 8&#8217;, de Mark Rothko, expuesto en el Museo Boijmans de Roterdam.Lotte Stekelenburg (Museum Boijmans Van Beuningen)<\/figcaption><\/figure>\n\n\n\n<p class=\"has-vivid-red-color has-text-color has-link-color has-medium-font-size wp-elements-cbce441dca0e1e16c3bda9365e1b9532\"><strong>El Pa\u00eds<\/strong><\/p>\n\n\n\n<p>Un ni\u00f1o da\u00f1\u00f3 el pasado lunes la obra&nbsp;<a href=\"https:\/\/www.boijmans.nl\/en\/collection\/artworks\/4056\/grey-orange-on-maroon-no-8\"><em>Grey, Orange on Maroon, No. 8<\/em><\/a>&nbsp;(1960), del pintor estadounidense&nbsp;<a href=\"https:\/\/elpais.com\/noticias\/mark-rothko\/\">Mark Rothko<\/a>, con un valor estimado en los 50 millones de euros seg\u00fan el peri\u00f3dico holand\u00e9s&nbsp;<em>Algemeen Dagblad&nbsp;<\/em>(<em>AD<\/em>), que se expon\u00eda en el museo&nbsp;<a href=\"https:\/\/www.boijmans.nl\/\">Museo Boijmans Van Beuningen<\/a>&nbsp;de R\u00f3terdam, en los Pa\u00edses Bajos. El da\u00f1o tuvo lugar en un \u201cmomento sin vigilancia\u201d, seg\u00fan explicaron fuentes del museo al diario&nbsp;<em>AD<\/em>.M\u00e1s informaci\u00f3n<\/p>\n\n\n\n<p class=\"has-ast-global-color-6-background-color has-background\"><a href=\"https:\/\/elpais.com\/espana\/madrid\/2025-02-27\/destruyendo-el-arte-urbano-a-martillazos.html#?rel=mas_sumario\">Destruyendo el arte urbano a martillazos<\/a><\/p>\n\n\n\n<p>El museo est\u00e1 trabajando en la restauraci\u00f3n del cuadro y asegura que, en cualquier caso, el da\u00f1o es superficial. \u201cSon visibles peque\u00f1os ara\u00f1azos en la capa de pintura sin barnizar en la parte inferior de la obra\u201d, dijo un portavoz del museo a la BBC. \u201cSe ha buscado asesoramiento en conservaci\u00f3n tanto en los Pa\u00edses Bajos como en el extranjero. Actualmente estamos investigando los pr\u00f3ximos pasos para el tratamiento de la pintura\u201d, a\u00f1adi\u00f3 el portavoz. No es una restauraci\u00f3n sencilla por la compleja mezcla de pigmentos, resinas y colas que usaba el artista. El cuadro se mostraba en el Dep\u00f3sito del museo \u2014un almac\u00e9n accesible al p\u00fablico\u2014 como parte de una exposici\u00f3n de \u201cfavoritos del p\u00fablico\u201d de la colecci\u00f3n.<\/p>\n\n\n\n<p>Rothko es, junto con&nbsp;<a href=\"https:\/\/elpais.com\/noticias\/jackson-pollock\/\">Jackson Pollock<\/a>, uno de los popes del&nbsp;<a href=\"https:\/\/elpais.com\/cultura\/2017\/02\/02\/actualidad\/1486060673_516486.html\">expresionismo abstracto<\/a>, una corriente nacida en el Nueva York tras la Segunda Guerra Mundial que desplaz\u00f3 la capitalidad art\u00edstica mundial hacia la ciudad de los rascacielos desde el tradicional protagonismo parisino. Rohtko, estadounidense de origen let\u00f3n, es conocido por sus \u201ccampos de color\u201d, unas texturas casi monocromas que, para muchos espectadores, sugieren experiencias m\u00edsticas.<\/p>\n\n\n\n<p>Algunas pinturas modernas sin barnizar, como este&nbsp;<em>Grey, Orange on Maroon, No. 8,<\/em>&nbsp;son \u201cparticularmente susceptibles a sufrir da\u00f1os\u201d, seg\u00fan explica a la BBC Sophie McAloone, directora de conservaci\u00f3n en la Fine Art Restoration Company. Esto se debe \u201ca una combinaci\u00f3n de sus complejos materiales modernos, la falta de una capa protectora tradicional y la intensidad de los campos de color planos, que hacen que incluso el da\u00f1o m\u00e1s peque\u00f1o sea inmediatamente perceptible\u201d, se\u00f1ala la experta. Los ara\u00f1azos propinados por el ni\u00f1o en las capas superiores de la pintura pueden afectar significativamente a la experiencia de la obra.<\/p>\n\n\n\n<p>No es la primera vez que se da la noticia de un Rothko da\u00f1ado. En 2012, la obra&nbsp;<a href=\"https:\/\/www.tate.org.uk\/art\/artworks\/rothko-black-on-maroon-t01031\"><em>Black on Maroon<\/em><\/a>&nbsp;de 1958 fue objeto de un acto de vandalismo deliberado por parte de Wlodzimierz Umaniec en la galer\u00eda Tate Modern de Londres que mantuvo al cuadro 18 meses en proceso de restauraci\u00f3n, con complicaciones de la misma naturaleza que las actuales, aunque en mayor grado. El joven polaco firm\u00f3 la obra con su nombre art\u00edstico y la atribuy\u00f3 al movimiento art\u00edstico del \u201camarillismo\u201d, al que dec\u00eda pertenecer, con la excusa de que Duchamp tambi\u00e9n se apropiaba de obras ajenas. Fue condenado a dos a\u00f1os de prisi\u00f3n y posteriormente pidi\u00f3 disculpas \u201cal pueblo brit\u00e1nico\u201d por sus actos. Sobre las disculpas del ni\u00f1o del museo neerland\u00e9s no hay noticias.<\/p>\n\n\n\n<p>Fuente: <a href=\"https:\/\/elpais.com\/cultura\/2025-04-30\/un-nino-arana-un-cuadro-de-rothko-valorado-en-50-millones-de-euros.html\">https:\/\/elpais.com\/cultura\/2025-04-30\/un-nino-arana-un-cuadro-de-rothko-valorado-en-50-millones-de-euros.html<\/a><\/p>\n","protected":false},"excerpt":{"rendered":"<p>El cuadro, titulado \u2018Grey, Orange on Maroon, No. 8\u2032, se expon\u00eda en el museo Boijmans de R\u00f3terdam y ya se [&hellip;]<\/p>\n","protected":false},"author":1,"featured_media":98656,"comment_status":"open","ping_status":"open","sticky":false,"template":"","format":"standard","meta":{"site-sidebar-layout":"default","site-content-layout":"","ast-site-content-layout":"default","site-content-style":"default","site-sidebar-style":"default","ast-global-header-display":"","ast-banner-title-visibility":"","ast-main-header-display":"","ast-hfb-above-header-display":"","ast-hfb-below-header-display":"","ast-hfb-mobile-header-display":"","site-post-title":"","ast-breadcrumbs-content":"","ast-featured-img":"","footer-sml-layout":"","theme-transparent-header-meta":"","adv-header-id-meta":"","stick-header-meta":"","header-above-stick-meta":"","header-main-stick-meta":"","header-below-stick-meta":"","astra-migrate-meta-layouts":"default","ast-page-background-enabled":"default","ast-page-background-meta":{"desktop":{"background-color":"var(--ast-global-color-4)","background-image":"","background-repeat":"repeat","background-position":"center center","background-size":"auto","background-attachment":"scroll","background-type":"","background-media":"","overlay-type":"","overlay-color":"","overlay-opacity":"","overlay-gradient":""},"tablet":{"background-color":"","background-image":"","background-repeat":"repeat","background-position":"center center","background-size":"auto","background-attachment":"scroll","background-type":"","background-media":"","overlay-type":"","overlay-color":"","overlay-opacity":"","overlay-gradient":""},"mobile":{"background-color":"","background-image":"","background-repeat":"repeat","background-position":"center center","background-size":"auto","background-attachment":"scroll","background-type":"","background-media":"","overlay-type":"","overlay-color":"","overlay-opacity":"","overlay-gradient":""}},"ast-content-background-meta":{"desktop":{"background-color":"var(--ast-global-color-5)","background-image":"","background-repeat":"repeat","background-position":"center center","background-size":"auto","background-attachment":"scroll","background-type":"","background-media":"","overlay-type":"","overlay-color":"","overlay-opacity":"","overlay-gradient":""},"tablet":{"background-color":"var(--ast-global-color-5)","background-image":"","background-repeat":"repeat","background-position":"center center","background-size":"auto","background-attachment":"scroll","background-type":"","background-media":"","overlay-type":"","overlay-color":"","overlay-opacity":"","overlay-gradient":""},"mobile":{"background-color":"var(--ast-global-color-5)","background-image":"","background-repeat":"repeat","background-position":"center center","background-size":"auto","background-attachment":"scroll","background-type":"","background-media":"","overlay-type":"","overlay-color":"","overlay-opacity":"","overlay-gradient":""}},"footnotes":""},"categories":[8],"tags":[37950,37947,37949,37948],"class_list":["post-98655","post","type-post","status-publish","format-standard","has-post-thumbnail","hentry","category-noticias","tag-destruccion-arte","tag-museo-boijmans-de-roterdam","tag-orange-on-maroon","tag-rothko"],"_links":{"self":[{"href":"https:\/\/losperiodistas.com.mx\/portal\/wp-json\/wp\/v2\/posts\/98655","targetHints":{"allow":["GET"]}}],"collection":[{"href":"https:\/\/losperiodistas.com.mx\/portal\/wp-json\/wp\/v2\/posts"}],"about":[{"href":"https:\/\/losperiodistas.com.mx\/portal\/wp-json\/wp\/v2\/types\/post"}],"author":[{"embeddable":true,"href":"https:\/\/losperiodistas.com.mx\/portal\/wp-json\/wp\/v2\/users\/1"}],"replies":[{"embeddable":true,"href":"https:\/\/losperiodistas.com.mx\/portal\/wp-json\/wp\/v2\/comments?post=98655"}],"version-history":[{"count":1,"href":"https:\/\/losperiodistas.com.mx\/portal\/wp-json\/wp\/v2\/posts\/98655\/revisions"}],"predecessor-version":[{"id":98657,"href":"https:\/\/losperiodistas.com.mx\/portal\/wp-json\/wp\/v2\/posts\/98655\/revisions\/98657"}],"wp:featuredmedia":[{"embeddable":true,"href":"https:\/\/losperiodistas.com.mx\/portal\/wp-json\/wp\/v2\/media\/98656"}],"wp:attachment":[{"href":"https:\/\/losperiodistas.com.mx\/portal\/wp-json\/wp\/v2\/media?parent=98655"}],"wp:term":[{"taxonomy":"category","embeddable":true,"href":"https:\/\/losperiodistas.com.mx\/portal\/wp-json\/wp\/v2\/categories?post=98655"},{"taxonomy":"post_tag","embeddable":true,"href":"https:\/\/losperiodistas.com.mx\/portal\/wp-json\/wp\/v2\/tags?post=98655"}],"curies":[{"name":"wp","href":"https:\/\/api.w.org\/{rel}","templated":true}]}}