{"id":98652,"date":"2025-04-30T08:01:53","date_gmt":"2025-04-30T14:01:53","guid":{"rendered":"https:\/\/losperiodistas.com.mx\/portal\/?p=98652"},"modified":"2025-04-30T08:01:54","modified_gmt":"2025-04-30T14:01:54","slug":"el-verdadero-drama-es-la-incapacidad-de-los-padres-para-conectar-con-sus-hijos-adolescentes-stephen-graham-xlsemanal","status":"publish","type":"post","link":"https:\/\/losperiodistas.com.mx\/portal\/el-verdadero-drama-es-la-incapacidad-de-los-padres-para-conectar-con-sus-hijos-adolescentes-stephen-graham-xlsemanal\/","title":{"rendered":"\u00abEl verdadero drama es la incapacidad de los padres para conectar con sus hijos adolescentes\u00bb: Stephen Graham | XLSemanal"},"content":{"rendered":"\n<p class=\"has-pale-cyan-blue-background-color has-background has-medium-font-size\">Es un actor brit\u00e1nico muy conocido, pero ha sido la serie &#8216;Adolescencia&#8217;, de la que Stephen Graham es productor, guionista y protagonista, la que lo ha colocado en el centro de la conversaci\u00f3n. Aunque ha interpretado a g\u00e1nsteres y soci\u00f3patas, la verdadera &#8216;pel\u00edcula de terror&#8217; estaba en una familia &#8216;normal&#8217;. Hablamos con el hombre del momento, que se emociona hasta la l\u00e1grima cuando habla de sus hijos.<\/p>\n\n\n\n<figure class=\"wp-block-image size-large\"><img fetchpriority=\"high\" decoding=\"async\" width=\"1015\" height=\"1024\" src=\"https:\/\/losperiodistas.com.mx\/portal\/wp-content\/uploads\/2025\/04\/stephen-graham-apertura-1015x1024.jpg\" alt=\"\" class=\"wp-image-98653\" srcset=\"https:\/\/losperiodistas.com.mx\/portal\/wp-content\/uploads\/2025\/04\/stephen-graham-apertura-1015x1024.jpg 1015w, https:\/\/losperiodistas.com.mx\/portal\/wp-content\/uploads\/2025\/04\/stephen-graham-apertura-297x300.jpg 297w, https:\/\/losperiodistas.com.mx\/portal\/wp-content\/uploads\/2025\/04\/stephen-graham-apertura-150x150.jpg 150w, https:\/\/losperiodistas.com.mx\/portal\/wp-content\/uploads\/2025\/04\/stephen-graham-apertura-768x775.jpg 768w, https:\/\/losperiodistas.com.mx\/portal\/wp-content\/uploads\/2025\/04\/stephen-graham-apertura-1523x1536.jpg 1523w, https:\/\/losperiodistas.com.mx\/portal\/wp-content\/uploads\/2025\/04\/stephen-graham-apertura-2031x2048.jpg 2031w\" sizes=\"(max-width: 1015px) 100vw, 1015px\" \/><\/figure>\n\n\n\n<p class=\"has-vivid-red-color has-text-color has-link-color has-medium-font-size wp-elements-e0a32ab3b2c75b1e3e4c731913ea7ccd\"><strong><a>Guy Kelly<\/a> \/ XLSemanal<\/strong><\/p>\n\n\n\n<p>Stephen Graham tiene una peque\u00f1a, pero no insignificante, cicatriz sobre el ojo derecho. Mientras tomamos un caf\u00e9 en un estudio en Londres, es f\u00e1cil dejarse llevar por la imaginaci\u00f3n dilucidando c\u00f3mo se la hizo. Despu\u00e9s de todo, Graham, de 51 a\u00f1os, ha pasado casi 30 interpretando a tipos duros y desagradables&nbsp;en pel\u00edculas y series tan conocidas como&nbsp;<em>Snatch, Boardwalk Empire, This is England, El Irland\u00e9s&nbsp;<\/em>o<em>&nbsp;Peaky Blinders.<\/em><\/p>\n\n\n\n<p>\u00bfY esa cicatriz? \u00abLa verdad \u2013dice Graham, pas\u00e1ndose un dedo por la herida\u2013 es que me choqu\u00e9 contra una farola\u00bb. \u00bfEn serio? \u00abFui con mi mujer y mi hija al teatro y volv\u00edamos a casa caminando. Mi esposa hablaba por tel\u00e9fono con Alfie, nuestro hijo, que estaba haciendo un curso de barbero y le hab\u00eda cortado el pelo a uno de sus amigos por primera vez. Le dije: &#8216;\u00a1Preg\u00fantale c\u00f3mo le fue! \u00a1Preg\u00fantale c\u00f3mo le fue!&#8217;. And\u00e1bamos r\u00e1pido y&#8230; pum. Nuestra hija, Grace, cuenta que fue como en los dibujos animados. \u00a1Totalmente c\u00f3mico!\u00bb. R\u00ede al recordarlo.<img decoding=\"async\" alt=\"alternative text\" src=\"https:\/\/www.abc.es\/xlsemanal\/wp-content\/uploads\/sites\/5\/2025\/04\/Adolescencia-serie-Stephen-Graham.jpg\"><strong>El padre de la criatura.&nbsp;<\/strong>Stephen Graham, creador, guionista y protagonista de&nbsp;<em>Adolescencia,<\/em>&nbsp;con el actor con Owen Cooper, de 15 a\u00f1os y sin experiencia previa como actor, en una pasaje de la exitosa y dram\u00e1tica serie.<\/p>\n\n\n\n<p>La historia dice mucho sobre Graham. Este tipo que lagrimea varias veces mientras hablamos, dos de ellas simplemente al expresar lo orgulloso que est\u00e1 de sus hijos, es uno de los tipos m\u00e1s duros de la pantalla. \u00abMi familia me llama &#8216;el idiota sentimental&#8217;&#8230;\u00bb.<\/p>\n\n\n\n<p>Los Graham, incluyendo a sus perros, viven en un pueblo de Leicestershire y pasan el tiempo \u00absiendo normales\u00bb, dice. \u00c9l es compacto (no mide m\u00e1s de 1,65 metros), con una complexi\u00f3n robusta, y muy inquieto; est\u00e1 siempre trabajando, investigando y, desde 2020 \u2013cuando \u00e9l y su mujer, la actriz Hannah Walters, fundaron Matriarch Productions\u2013, generando ideas para guiones. Graham es disl\u00e9xico (su mujer siempre lo ha ayudado a leer y elegir los guiones), pero rebosa ideas.<\/p>\n\n\n\n<h2 class=\"wp-block-heading\">A los 20 a\u00f1os, la salud mental de Graham se desmoron\u00f3, intent\u00f3 suicidarse. \u00abNunca es bueno caer tan bajo. Pero, si logras mirar alrededor, ves que hay gente que te apoya\u00bb. Entre ellas estaba Hannah Walters, hoy su mujer y socia<\/h2>\n\n\n\n<p>Tras el \u00e9xito de su pel\u00edcula&nbsp;<em>Boiling point,&nbsp;<\/em>en 2021, en la que Graham interpreta a un jefe de cocina en un fren\u00e9tico restaurante, y que se film\u00f3 en una sola toma, la productora de Brad Pitt, Plan B, les pidi\u00f3 que hicieran una serie para Netflix utilizando el mismo audaz m\u00e9todo de rodaje. Depend\u00eda de ellos decidir qu\u00e9 historia val\u00eda la pena contar. Esa historia es&nbsp;<em>Adolescencia.<\/em><\/p>\n\n\n\n<p>\u00abA veces, la idea de algo surge de repente, \u00a1zas!, pero est\u00e1 respaldada por mucha investigaci\u00f3n\u00bb, explica Graham, que hab\u00eda reparado en la aterradora tendencia a los asesinatos con arma blanca entre adolescentes en Gran Breta\u00f1a, a menudo cometidos tras peque\u00f1as discusiones en redes.<\/p>\n\n\n\n<figure class=\"wp-block-image\"><img decoding=\"async\" src=\"https:\/\/www.abc.es\/xlsemanal\/wp-content\/uploads\/sites\/5\/2025\/04\/Stephen_Graham-con-Scorsese-y-De-Niro.jpg\" alt=\"[ALTERNATIVE TEXT]\"\/><figcaption class=\"wp-element-caption\"><strong>\u00abTanta gente maravillosa&#8230;\u00bb&nbsp;<\/strong>Martin Scorsese, con quien ha rodado tres pel\u00edculas, llama a Graham \u00abmi Joe Pesci brit\u00e1nico\u00bb. En la imagen superior: con Scorsese y Robert De Niro en el rodaje de&nbsp;<em>El irland\u00e9s;<\/em>&nbsp;abajo a la izquierda: con Jason Statham y Brad Pitt en&nbsp;<em>Snatch. Cerdos<strong>&nbsp;<\/strong><strong>&nbsp;<\/strong>y diamantes;&nbsp;<\/em>a la derecha: Graham en la serie&nbsp;<em>Boardwalk empire.<\/em>&nbsp;\u00abMi vida es muy rara. Soy un chico de Kirkby y, aun as\u00ed, he conocido a tanta gente maravillosa&#8230;\u00bb.&nbsp;\/<\/figcaption><\/figure>\n\n\n\n<p>Su inspiraci\u00f3n no fue un caso espec\u00edfico, pero hay muchos para elegir: Ava White, una ni\u00f1a de 12 a\u00f1os apu\u00f1alada en 2021 por un chico de 15 en Liverpool por una discusi\u00f3n sobre un v\u00eddeo; Brianna Ghey, la chica transg\u00e9nero de 16 a\u00f1os apu\u00f1alada mortalmente en 2023 por dos adolescentes; Axel Rudakubana, de 17 a\u00f1os, que asesin\u00f3 a tres chicas que asist\u00edan a una clase de baile en Southport&#8230; Graham ley\u00f3 art\u00edculo tras art\u00edculo y pens\u00f3: \u00ab\u00bfQu\u00e9 est\u00e1 pasando en nuestra sociedad para que esto se est\u00e9 convirtiendo en algo casi habitual?\u00bb. Se pellizca la nariz y se seca las l\u00e1grimas.<\/p>\n\n\n\n<p>\u00abMe conmueve porque es la p\u00e9rdida de una vida joven sin ninguna raz\u00f3n. Ninguna en absoluto. Ni\u00f1os asesinados por ni\u00f1os. Pens\u00e9 en analizarlo con la mayor cercan\u00eda posible, porque esto nos podr\u00eda pasar a cualquiera\u00bb.<img decoding=\"async\" alt=\"alternative text\" src=\"https:\/\/www.abc.es\/xlsemanal\/wp-content\/uploads\/sites\/5\/2025\/04\/Stephen-Graham-en-familia.jpg\"><strong>Una familia afortunada.&nbsp;<\/strong>Stephen<strong>&nbsp;<\/strong>Graham y su mujer llevan<strong>&nbsp;<\/strong>tres d\u00e9cadas juntos. Tienen dos hijos, de<strong>&nbsp;<\/strong>18 y 20 a\u00f1os.<strong>&nbsp;<\/strong>En la foto,<strong>&nbsp;<\/strong>en una imagen<strong>&nbsp;<\/strong>de un documental en el<strong>&nbsp;<\/strong>que participaron en Channel4.<\/p>\n\n\n\n<p><em>Adolescencia<\/em>&nbsp;es una serie extraordinaria no solo por lo que cuenta (un ni\u00f1o de 13 a\u00f1os es acusado de asesinar a otra chica del colegio), sino por c\u00f3mo lo hace. Al magn\u00edfico guion de Graham y Jack Thorne se une la proeza t\u00e9cnica de rodar cada uno de los cuatro cap\u00edtulos en un plano secuencia. Para lograr un episodio entero sin errores tuvieron que hacer unas diez tomas completas de cada uno. \u00abComo actor, es una experiencia incre\u00edble\u00bb, dice Graham.<\/p>\n\n\n\n<p>Graham interpreta al padre del adolescente, y la atenci\u00f3n se centra en esa familia &#8216;normal&#8217; ante un hecho inimaginable: el padre tiene un negocio de fontaner\u00eda, viven en una bonita casa con una hija que es una buena estudiante y un hijo que, a simple vista, parece incapaz de cometer un asesinato. Parte de la misi\u00f3n de su productora, asegura Graham, es contar historias de la clase trabajadora sin estar plagadas de clich\u00e9s. Insisti\u00f3 en que el guion no fuera: \u00abMam\u00e1 es alcoh\u00f3lica, pap\u00e1 golpea al ni\u00f1o, el t\u00edo toc\u00f3 al ni\u00f1o cuando era peque\u00f1o&#8230; No quer\u00eda eso\u00bb.&nbsp;<\/p>\n\n\n\n<h2 class=\"wp-block-heading\">\u00abCuando yo era peque\u00f1o, discut\u00eda y me peleaba, pero luego pod\u00eda ir a casa y desconectar un rato. Hoy, con el m\u00f3vil, los ni\u00f1os no pueden escapar\u00bb<\/h2>\n\n\n\n<p><em>Adolescencia&nbsp;<\/em>explora temas que siempre le han interesado: las presiones cuando eres joven y las dificultades de criar ni\u00f1os. A mediados de la d\u00e9cada de 2000, cuando estuvo sin trabajo durante ocho meses despu\u00e9s de&nbsp;<em>This is England&nbsp;<\/em>\u2013un rodaje en el que interpreta a un&nbsp;<em>skinhead<\/em>&nbsp;y que le result\u00f3 emocionalmente insoportable, hasta el punto de que se desquici\u00f3 y recurri\u00f3 al alcohol (lleva sobrio mucho tiempo)\u2013, consider\u00f3 dejar la interpretaci\u00f3n y convertirse en trabajador social.<\/p>\n\n\n\n<p>Su infancia no fue precisamente f\u00e1cil. Nacido en Kirkby, a nueve kil\u00f3metros de Liverpool, su madre (fallecida en 2022) era trabajadora social y crio a Graham sola durante los primeros diez a\u00f1os de su vida. Entonces apareci\u00f3 su padrastro, Mike Fazakerley, a quien llama &#8216;pap\u00e1&#8217;, aunque tambi\u00e9n mantiene una buena relaci\u00f3n con su padre biol\u00f3gico, por quien tiene ascendencia jamaicana.<img decoding=\"async\" alt=\"alternative text\" src=\"https:\/\/www.abc.es\/xlsemanal\/wp-content\/uploads\/sites\/5\/2025\/04\/graham-con-springsteen.jpg\"><strong>The Boss.&nbsp;<\/strong>Graham acaba de interpretar al padre de Bruce Springsteen en el pr\u00f3ximo biopic sobre el m\u00fasico, protagonizado por Jeremy Allen White. Springsteen lo hab\u00eda visto en&nbsp;<em>This is England<\/em>&nbsp;y aprob\u00f3 su elecci\u00f3n. \u00ab\u00a1El mism\u00edsimo The Boss!<strong>&nbsp;<\/strong>Y me abraz\u00f3 cuando estaba caracterizado del personaje, su padre\u00bb, momento que recoge la foto. \u00abFue incre\u00edble\u00bb, suspira Graham.<\/p>\n\n\n\n<p>El joven Graham sufr\u00eda acoso racista en el colegio (su padre es de piel oscura y su padrastro, de origen africano, tambi\u00e9n) y tampoco ayudaba su intrepidez. A los 10 a\u00f1os se cay\u00f3 del s\u00e9ptimo piso de un aparcamiento y se fractur\u00f3 el brazo, la clav\u00edcula y ambas piernas.&nbsp;Por suerte su padrastro, enfermero pedi\u00e1trico, era un apasionado de la cultura y le ense\u00f1\u00f3 museos, galer\u00edas y toda la oferta de pel\u00edculas que hab\u00eda en el videoclub. Y cambi\u00f3 su vida. \u00abA veces solo hace falta una persona que crea en ti\u00bb. Graham le agradece a &#8216;pap\u00e1&#8217; que lo ayudase a aceptar su origen interracial. \u00abMe ayud\u00f3 a entender qui\u00e9n soy y que lo que soy es suficientemente&nbsp;bueno\u00bb.<\/p>\n\n\n\n<p>\u00abSupongo que el cine fue mi forma de escapar, donde vi la oportunidad de ser alguien. Luego tuve suerte porque Drew Schofield (un actor popular entonces) viv\u00eda en la calle de mi abuela. As\u00ed que supe que era posible. Cuando el tutor del colegio me pregunt\u00f3 qu\u00e9 quer\u00eda ser, dije &#8216;actor&#8217;, y me dijo que deb\u00eda buscar un trabajo de verdad. Le dije: &#8216;Es un trabajo de verdad, Drew es actor&#8217;. No supo qu\u00e9 responder\u00bb.<img decoding=\"async\" alt=\"alternative text\" src=\"https:\/\/www.abc.es\/xlsemanal\/wp-content\/uploads\/sites\/5\/2025\/04\/Stephen-Graham-Hierve.jpg\"><strong>El trampol\u00edn.&nbsp;<\/strong>Graham en la pel\u00edcula&nbsp;<em>Boiling point&nbsp;<\/em>rodada, de principio a fin, en un \u00fanico plano secuencia de dos horas. Fue este filme el que anim\u00f3 a los productores de Netflix a producir&nbsp;<em>Adolescencia<\/em>.<\/p>\n\n\n\n<p>Siguiendo el consejo de Schofield, Graham pas\u00f3 del teatro escolar a un programa juvenil de arte dram\u00e1tico en Liverpool. Eso lo mantuvo alejado de los problemas, pero no pudo protegerlo de todo. A los 20 a\u00f1os su salud mental se desmoron\u00f3, en parte porque se tom\u00f3 demasiado en serio su inmersi\u00f3n en los personajes como aprendizaje actoral, lo que lo llev\u00f3 a una \u00abpsicosis autoinducida\u00bb, y en parte debido a que su madre dio a luz a un beb\u00e9 que naci\u00f3 muerto. Graham entr\u00f3 en una espiral descendente e intent\u00f3 suicidarse. \u00abNunca es bueno caer tan bajo, pero si logras mirar a tu alrededor ves que hay gente que te apoya\u00bb, dice sobre aquella \u00e9poca. Sus padres se dieron cuenta de la gravedad de la situaci\u00f3n cuando vieron las marcas que hab\u00eda dejado en su cuello su intento de ahorcarse y fueron los primeros en ayudarlo. Tambi\u00e9n lo hicieron sus amigos; entre ellos, Hannah Walters, entonces solo una amiga del teatro. M\u00e1s de 30 a\u00f1os despu\u00e9s siguen juntos.<\/p>\n\n\n\n<p>Por dura que haya sido su propia vida, no envidia a los j\u00f3venes de hoy, dice. En la era de las redes sociales, los ni\u00f1os no pueden escapar de ning\u00fan problema. \u00abCuando era peque\u00f1o, discut\u00eda y me peleaba, pero luego pod\u00eda ir a casa y desconectar un rato. \u00bfPero hoy? \u2013coge su tel\u00e9fono\u2013. \u00a1Ping, ping, ping! Con estas cosas no puedes huir\u00bb. \u00c9l y su hijo, Alfie, se llevan muy bien, pero entiende que no en todas las casas es as\u00ed. \u00abUn amigo de Alfie vino una vez a jugar con \u00e9l y me dijo que su padre nunca le hab\u00eda dicho que lo quer\u00eda ni lo hab\u00eda abrazado. Me pareci\u00f3 muy triste\u00bb. Por eso, \u00abadem\u00e1s de la cultura&nbsp;<em>incel<\/em>&nbsp;y la pornograf\u00eda, la dificultad de los padres para conectar con sus hijos\u00bb aliment\u00f3&nbsp;<em>Adolescencia.&nbsp;<\/em><\/p>\n\n\n\n<p>Toca su m\u00f3vil de nuevo. \u00abAhora, estos aparatos est\u00e1n criando a nuestros hijos tanto como nosotros, si no m\u00e1s. Es muy peligroso\u00bb.<\/p>\n\n\n\n<p>En este momento, Graham est\u00e1, dice, \u00abt\u00e9cnicamente desempleado\u00bb. Es un estado que todav\u00eda le molesta un poco. \u00abAntes ten\u00eda ese s\u00edndrome del impostor. Esa mentalidad de clase trabajadora de: &#8216;\u00bfCu\u00e1ndo me lo van a quitar todo? \u00bfMe van a descubrir?&#8217;. Pero hace unos a\u00f1os eso se disip\u00f3\u00bb. Ahora, por fin, puede admitir que le va bien. \u00abS\u00ed, s\u00ed, nos va muy bien. Y estoy agradecido. Pero nos ha costado mucho trabajo llegar hasta aqu\u00ed\u00bb<\/p>\n\n\n\n<hr class=\"wp-block-separator has-alpha-channel-opacity\"\/>\n\n\n\n<h6 class=\"wp-block-heading\"><em><strong>\u00a9 The Telegraph<\/strong><\/em><\/h6>\n\n\n\n<p>Fuente: <a href=\"https:\/\/www.abc.es\/xlsemanal\/personajes\/stephen-graham-adolescencia-serie-manosfera-violencia-redes-sociales.html\">https:\/\/www.abc.es\/xlsemanal\/personajes\/stephen-graham-adolescencia-serie-manosfera-violencia-redes-sociales.html<\/a><\/p>\n","protected":false},"excerpt":{"rendered":"<p>Es un actor brit\u00e1nico muy conocido, pero ha sido la serie &#8216;Adolescencia&#8217;, de la que Stephen Graham es productor, guionista [&hellip;]<\/p>\n","protected":false},"author":1,"featured_media":98653,"comment_status":"open","ping_status":"open","sticky":false,"template":"","format":"standard","meta":{"site-sidebar-layout":"default","site-content-layout":"","ast-site-content-layout":"default","site-content-style":"default","site-sidebar-style":"default","ast-global-header-display":"","ast-banner-title-visibility":"","ast-main-header-display":"","ast-hfb-above-header-display":"","ast-hfb-below-header-display":"","ast-hfb-mobile-header-display":"","site-post-title":"","ast-breadcrumbs-content":"","ast-featured-img":"","footer-sml-layout":"","theme-transparent-header-meta":"","adv-header-id-meta":"","stick-header-meta":"","header-above-stick-meta":"","header-main-stick-meta":"","header-below-stick-meta":"","astra-migrate-meta-layouts":"default","ast-page-background-enabled":"default","ast-page-background-meta":{"desktop":{"background-color":"var(--ast-global-color-4)","background-image":"","background-repeat":"repeat","background-position":"center center","background-size":"auto","background-attachment":"scroll","background-type":"","background-media":"","overlay-type":"","overlay-color":"","overlay-opacity":"","overlay-gradient":""},"tablet":{"background-color":"","background-image":"","background-repeat":"repeat","background-position":"center center","background-size":"auto","background-attachment":"scroll","background-type":"","background-media":"","overlay-type":"","overlay-color":"","overlay-opacity":"","overlay-gradient":""},"mobile":{"background-color":"","background-image":"","background-repeat":"repeat","background-position":"center center","background-size":"auto","background-attachment":"scroll","background-type":"","background-media":"","overlay-type":"","overlay-color":"","overlay-opacity":"","overlay-gradient":""}},"ast-content-background-meta":{"desktop":{"background-color":"var(--ast-global-color-5)","background-image":"","background-repeat":"repeat","background-position":"center center","background-size":"auto","background-attachment":"scroll","background-type":"","background-media":"","overlay-type":"","overlay-color":"","overlay-opacity":"","overlay-gradient":""},"tablet":{"background-color":"var(--ast-global-color-5)","background-image":"","background-repeat":"repeat","background-position":"center center","background-size":"auto","background-attachment":"scroll","background-type":"","background-media":"","overlay-type":"","overlay-color":"","overlay-opacity":"","overlay-gradient":""},"mobile":{"background-color":"var(--ast-global-color-5)","background-image":"","background-repeat":"repeat","background-position":"center center","background-size":"auto","background-attachment":"scroll","background-type":"","background-media":"","overlay-type":"","overlay-color":"","overlay-opacity":"","overlay-gradient":""}},"footnotes":""},"categories":[8],"tags":[37946,37945,37944,37943],"class_list":["post-98652","post","type-post","status-publish","format-standard","has-post-thumbnail","hentry","category-noticias","tag-drama-adolescencia","tag-padres-y-adoleswcentes","tag-serie-adolescencia","tag-stephen-graham"],"_links":{"self":[{"href":"https:\/\/losperiodistas.com.mx\/portal\/wp-json\/wp\/v2\/posts\/98652","targetHints":{"allow":["GET"]}}],"collection":[{"href":"https:\/\/losperiodistas.com.mx\/portal\/wp-json\/wp\/v2\/posts"}],"about":[{"href":"https:\/\/losperiodistas.com.mx\/portal\/wp-json\/wp\/v2\/types\/post"}],"author":[{"embeddable":true,"href":"https:\/\/losperiodistas.com.mx\/portal\/wp-json\/wp\/v2\/users\/1"}],"replies":[{"embeddable":true,"href":"https:\/\/losperiodistas.com.mx\/portal\/wp-json\/wp\/v2\/comments?post=98652"}],"version-history":[{"count":1,"href":"https:\/\/losperiodistas.com.mx\/portal\/wp-json\/wp\/v2\/posts\/98652\/revisions"}],"predecessor-version":[{"id":98654,"href":"https:\/\/losperiodistas.com.mx\/portal\/wp-json\/wp\/v2\/posts\/98652\/revisions\/98654"}],"wp:featuredmedia":[{"embeddable":true,"href":"https:\/\/losperiodistas.com.mx\/portal\/wp-json\/wp\/v2\/media\/98653"}],"wp:attachment":[{"href":"https:\/\/losperiodistas.com.mx\/portal\/wp-json\/wp\/v2\/media?parent=98652"}],"wp:term":[{"taxonomy":"category","embeddable":true,"href":"https:\/\/losperiodistas.com.mx\/portal\/wp-json\/wp\/v2\/categories?post=98652"},{"taxonomy":"post_tag","embeddable":true,"href":"https:\/\/losperiodistas.com.mx\/portal\/wp-json\/wp\/v2\/tags?post=98652"}],"curies":[{"name":"wp","href":"https:\/\/api.w.org\/{rel}","templated":true}]}}