{"id":98646,"date":"2025-04-30T06:52:14","date_gmt":"2025-04-30T12:52:14","guid":{"rendered":"https:\/\/losperiodistas.com.mx\/portal\/?p=98646"},"modified":"2025-04-30T06:52:15","modified_gmt":"2025-04-30T12:52:15","slug":"veracruz-ataques-secuestros-y-amenazas-contra-candidatos-paralizan-campanas-electorales-proceso","status":"publish","type":"post","link":"https:\/\/losperiodistas.com.mx\/portal\/veracruz-ataques-secuestros-y-amenazas-contra-candidatos-paralizan-campanas-electorales-proceso\/","title":{"rendered":"Veracruz: ataques, secuestros y amenazas contra candidatos paralizan campa\u00f1as electorales | Proceso"},"content":{"rendered":"\n<p class=\"has-light-green-cyan-background-color has-background has-medium-font-size\"><strong>Las campa\u00f1as para renovar alcald\u00edas empezaron con el asesinato de un candidato, que se suma a los 18 que han muerto desde que empez\u00f3 el proceso electoral. Hasta ahora 23 aspirantes han solicitado protecci\u00f3n en sus recorridos. El secretario de Gobierno estatal dice que no hay focos rojos.<\/strong><a href=\"javascript:void(0)\"><\/a><\/p>\n\n\n\n<p><\/p>\n\n\n\n<figure class=\"wp-block-image\"><a href=\"https:\/\/www.proceso.com.mx\/u\/fotografias\/m\/2025\/4\/29\/f1280x720-222250_353925_5050.jpeg\"><img decoding=\"async\" src=\"https:\/\/www.proceso.com.mx\/u\/fotografias\/m\/2025\/4\/29\/f685x385-222250_259943_5050.jpeg\" alt=\"Veracruz: ataques, secuestros y amenazas contra candidatos paralizan campa\u00f1as electorales\"\/><\/a><figcaption class=\"wp-element-caption\">Patrullaje en Orizaba, Veracruz. Foto: Yerania Rol\u00f3n \/ Cuartoscuro<\/figcaption><\/figure>\n\n\n\n<p><\/p>\n\n\n\n<p class=\"has-vivid-red-color has-text-color has-link-color has-medium-font-size wp-elements-1e5e18c9835ca57eb86796be6d3d752e\"><strong><a href=\"https:\/\/www.proceso.com.mx\/autor\/flavia-morales.html\">Por\u00a0Flavia Morales<\/a> \/ Proceso<\/strong><\/p>\n\n\n\n<p><\/p>\n\n\n\n<p>XALAPA, Ver. (<strong>Proceso<\/strong>).- Las campa\u00f1as en Veracruz rumbo a las elecciones del 1 de junio se iniciaron este martes 29 de abril con saldo rojo.<\/p>\n\n\n\n<p>Germ\u00e1n Anuar Valencia, candidato de Morena a la alcald\u00eda de Coxquihui, en el norte del estado, se alistaba para iniciar su primer recorrido cuando un comando irrumpi\u00f3 en su vivienda y lo atac\u00f3 a balazos. En el lugar, seis personas, entre ellas un beb\u00e9 de diez meses, fueron lesionadas.<\/p>\n\n\n\n<p class=\"has-ast-global-color-6-background-color has-background\"><strong>Noticias Relacionadas<\/strong><\/p>\n\n\n\n<ul class=\"wp-block-list\">\n<li><a href=\"https:\/\/www.proceso.com.mx\/nacional\/estados\/2025\/4\/29\/asesinan-german-anuar-candidato-de-morena-la-alcaldia-de-coxquihui-veracruz-350297.html\">Asesinan a Germ\u00e1n Anuar, candidato de Morena a la alcald\u00eda de Coxquihui, Veracruz<\/a><\/li>\n\n\n\n<li><a href=\"https:\/\/www.proceso.com.mx\/nacional\/estados\/2025\/3\/20\/escalada-de-violencia-en-veracruz-hallan-tres-personas-desmembradas-en-bolsas-negras-347787.html\">Escalada de violencia en Veracruz: Hallan a tres personas desmembradas en bolsas negras<\/a><\/li>\n\n\n\n<li><a href=\"https:\/\/www.proceso.com.mx\/nacional\/estados\/2025\/3\/16\/veracruz-vive-un-fin-de-semana-de-violencia-hay-nueve-personas-asesinadas-347520.html\">Veracruz vive un fin de semana de violencia; hay nueve personas asesinadas<\/a><\/li>\n<\/ul>\n\n\n\n<p>Anuar Valencia, conocido como El Napo en la regi\u00f3n, no hab\u00eda solicitado seguridad ni hab\u00eda denunciado amenazas previas.<\/p>\n\n\n\n<p>El programa Votar entre balas, de la organizaci\u00f3n Data C\u00edvica, document\u00f3 entre el 1 de noviembre de 2024 \u2014cuando inici\u00f3 el proceso electoral\u2014 y hasta el 30 de marzo de 2025 un total de 18 v\u00edctimas de violencia electoral, incluyendo asesinatos, secuestros, ataques armados y amenazas contra funcionarios, candidatos y fuerzas de seguridad.<\/p>\n\n\n\n<p>Al arranque de las campa\u00f1as, 23 candidatos han solicitado medidas de seguridad para recorrer el territorio. El secretario de gobierno, Ricardo Ahued, confirm\u00f3 que el protocolo es designar entre uno y dos elementos de seguridad p\u00fablica estatal para que acompa\u00f1en a los candidatos en sus recorridos por los municipios.<\/p>\n\n\n\n<p>A pesar de los hechos de violencia y la denuncia de dirigentes locales, el secretario de gobierno asegur\u00f3 que no hay focos rojos y afirm\u00f3 que se brindar\u00e1 seguridad y acompa\u00f1amiento tanto a autoridades como a candidatos, en coordinaci\u00f3n con la Guardia Nacional y la Secretar\u00eda de Seguridad P\u00fablica, para garantizar certeza y resguardo durante toda la jornada electoral.<\/p>\n\n\n\n<figure class=\"wp-block-image\"><img decoding=\"async\" src=\"https:\/\/www.proceso.com.mx\/u\/fotografias\/m\/2025\/4\/29\/f768x1-222247_222374_5050.jpeg\" alt=\"\"\/><figcaption class=\"wp-element-caption\">Ahued Bardahuil. Seguridad a candidatos. Foto: Facebook.<\/figcaption><\/figure>\n\n\n\n<h2 class=\"wp-block-heading\">Aspirantes se repliegan<\/h2>\n\n\n\n<p>Antes del asesinato de Germ\u00e1n Anuar, otros candidatos fueron obligados a renunciar. Uno de ellos es Crisp\u00edn Hern\u00e1ndez, aspirante del Partido del Trabajo a la presidencia municipal de Mixtla de Altamirano, en la sierra de Zongolica.<\/p>\n\n\n\n<p>Unas horas antes de que su camioneta fuera atacada a balazos e incendiada (en la madrugada del 1 de abril) fue citado a una reuni\u00f3n sobre cuyos otros participantes no da detalles, pero en la que, seg\u00fan relat\u00f3, se le pidi\u00f3 declinar su candidatura y sumarse al proyecto de una aspirante del PRI. A cambio, le ofrecieron \u201ctranquilidad\u201d.<\/p>\n\n\n\n<p>\u201cNo hice caso. Pero despu\u00e9s del ataque entend\u00ed que ninguna candidatura vale una vida\u201d, declar\u00f3 tras su ataque a principios de abril. Hern\u00e1ndez tambi\u00e9n presidi\u00f3 en 2019 el concejo municipal de Mixtla, tras el asesinato de la alcaldesa Marisela Vallejo. Tras el atentado, anunci\u00f3 su retiro de la contienda.<\/p>\n\n\n\n<p>Su caso refleja el escenario que enfrentan diversos aspirantes: amenazas, hostigamiento y actos de violencia dirigidos a presionarlos para que renuncien a sus aspiraciones pol\u00edticas.<\/p>\n\n\n\n<p>Es el mismo caso de Anell Acevedo, candidata del Partido del Trabajo en La Antigua, quien renunci\u00f3 tras recibir una advertencia. En un video publicado en sus redes sociales declar\u00f3:<\/p>\n\n\n\n<blockquote class=\"wp-block-quote is-layout-flow wp-block-quote-is-layout-flow\">\n<p>Recib\u00ed una sugerencia para que me retirara de la contienda electoral. Fue dif\u00edcil. Sent\u00ed mucho miedo, porque eso no es pol\u00edtica. La pol\u00edtica no debe hacerse bajo amenazas. Tengo hijos, y por eso decid\u00ed hacer caso y salirme. No s\u00e9 de d\u00f3nde vino la amenaza.<\/p>\n<\/blockquote>\n\n\n\n<figure class=\"wp-block-image\"><img decoding=\"async\" src=\"https:\/\/www.proceso.com.mx\/u\/fotografias\/m\/2025\/4\/29\/f768x1-222248_222375_5050.jpeg\" alt=\"\"\/><figcaption class=\"wp-element-caption\">Anell Acevedo. Amenazas. Foto: Facebook.<\/figcaption><\/figure>\n\n\n\n<p>El dirigente del Partido del Trabajo, Vicente Aguilar, solicit\u00f3 p\u00fablicamente la intervenci\u00f3n de la Guardia Nacional para proteger a sus candidatos, mientras que otro (cuya identidad fue reservada), quien sufri\u00f3 un secuestro, fue llamado por la fiscal\u00eda a declarar, pues al parecer simul\u00f3 la privaci\u00f3n ilegal de la libertad.<\/p>\n\n\n\n<h2 class=\"wp-block-heading\"><br>&nbsp;<\/h2>\n\n\n\n<h2 class=\"wp-block-heading\">Todos en la mira<\/h2>\n\n\n\n<p>Pese a que el dirigente estatal de Morena, Esteban Ram\u00edrez Zepeta, neg\u00f3 p\u00fablicamente que existan amenazas contra candidatos de su partido, los hechos documentados demuestran lo contrario.<\/p>\n\n\n\n<p>Elvia Merl\u00edn Castro, aspirante en Cosoleacaque, renunci\u00f3 a su candidatura tras recibir amenazas. En Jilotepec, Jos\u00e9 Antonio Olivares Solano denunci\u00f3 que su vivienda fue atacada a balazos.<\/p>\n\n\n\n<p>El 9 de febrero, Vicente Dom\u00ednguez, un empresario que participaba en el proceso interno de Morena en Cotaxtla, fue secuestrado mientras pintaba bardas. Tres d\u00edas despu\u00e9s apareci\u00f3 golpeado, pero con vida.<\/p>\n\n\n\n<p>Ayer martes 29, la presidenta de Morena, Mar\u00eda Luisa Alcalde, estaba en Veracruz cuando Germ\u00e1n Anuar fue asesinado. En sus redes sociales conden\u00f3 el asesinato. Horas despu\u00e9s la Fiscal\u00eda de Veracruz inform\u00f3 a trav\u00e9s de un comunicado de prensa que el candidato asesinado era investigado por estar involucrado en el asesinato reciente de dos personas.<\/p>\n\n\n\n<figure class=\"wp-block-image\"><img decoding=\"async\" src=\"https:\/\/www.proceso.com.mx\/u\/fotografias\/m\/2025\/4\/29\/f768x1-222249_222376_5050.jpeg\" alt=\"\"\/><figcaption class=\"wp-element-caption\">Ram\u00edrez Zepeta. Otra realidad. Foto: Facebook.<\/figcaption><\/figure>\n\n\n\n<p>Desde noviembre de 2024, cuando arranc\u00f3 el proceso electoral para renovar 212 alcald\u00edas, los partidos pol\u00edticos han denunciado m\u00faltiples hechos de violencia. Luis Carbonell, dirigente estatal de Movimiento Ciudadano, afirm\u00f3 que el partido ha presentado diez solicitudes de protecci\u00f3n para sus aspirantes.<\/p>\n\n\n\n<p>El caso m\u00e1s grave ocurri\u00f3 en Naranjos Amatl\u00e1n, donde Carlos Antonio Salinas Guerrero, comisionado municipal de Movimiento Ciudadano, desapareci\u00f3 el 3 de enero. Era considerado el perfil m\u00e1s fuerte para la candidatura a la alcald\u00eda. Hasta ahora contin\u00faa desaparecido.<\/p>\n\n\n\n<p>Carbonell tambi\u00e9n report\u00f3 amenazas contra aspirantes en municipios como P\u00e1nuco, Soteapan, Misantla, Acayucan, Pueblo Viejo, Isla, Coxquihui y Papantla. \u201cA muchos les pidieron dejar la contienda, o de lo contrario pondr\u00edan en riesgo su vida. Algunos siguen en campa\u00f1a, pero bajo protocolo de seguridad\u201d, afirm\u00f3.<\/p>\n\n\n\n<p>Movimiento Ciudadano es el partido con mayor crecimiento en Veracruz y seg\u00fan sus cifras ha postulado m\u00e1s de 2 mil candidaturas. En varios casos los aspirantes recorren sus municipios acompa\u00f1ados de escoltas o personal de seguridad.<\/p>\n\n\n\n<p><strong>Ayer martes, el dirigente nacional Jorge \u00c1lvarez M\u00e1ynez se\u00f1al\u00f3 en Veracruz que no pedir\u00e1n un trato especial para sus candidatos, sino que se garantice una elecci\u00f3n que se d\u00e9 en paz y tranquilidad.<\/strong><\/p>\n\n\n\n<p>El PAN tambi\u00e9n ha denunciado amenazas, como en el caso de Jos\u00e9 Antonio Mar\u00edn, aspirante a la alcald\u00eda de R\u00edo Blanco, quien solicit\u00f3 protecci\u00f3n tras sufrir amenazas.<\/p>\n\n\n\n<p>Federico Salom\u00f3n, l\u00edder estatal del PAN, afirm\u00f3 que 17 municipios del estado son considerados \u201cfocos rojos\u201d por la violencia pol\u00edtica. \u201cNos piden denunciar, pero no vemos acciones inmediatas. Hay temor real de participar. El gobierno debe actuar y generar condiciones seguras para todos\u201d, dijo.<\/p>\n\n\n\n<p>Uno de los casos m\u00e1s recientes fue el de Iv\u00e1n L\u00f3pez, candidato del PAN a la presidencia municipal de Cosautl\u00e1n de Carvajal, quien renunci\u00f3 tras recibir amenazas contra \u00e9l y su familia.<\/p>\n\n\n\n<p>\u201cValoro mucho mi paz y estabilidad emocional. No puedo poner en riesgo la integridad de los m\u00edos ni de quienes me apoyan. Por eso he decidido no participar\u201d, declar\u00f3 en redes sociales.<\/p>\n\n\n\n<p>El dirigente estatal del PRI, Adolfo Ram\u00edrez Arana, exigi\u00f3 en conferencia de prensa la intervenci\u00f3n de la Federaci\u00f3n y del gobierno del estado. Desde la C\u00e1mara de Diputados, y a trav\u00e9s de la diputada federal Lorena Pi\u00f1\u00f3n Rivera, el partido solicit\u00f3 al secretario de Seguridad federal, Omar Garc\u00eda Harfuch, la creaci\u00f3n de una Comisi\u00f3n Interinstitucional de Seguridad Electoral Municipal y la implementaci\u00f3n de un protocolo estatal de protecci\u00f3n a candidaturas en riesgo.<\/p>\n\n\n\n<p>Ram\u00edrez anunci\u00f3 que presentar\u00e1 una denuncia formal por amenazas contra Mar\u00eda Anel Poizot Irisson, aspirante en Tecolutla. \u201cLe han dicho que no debi\u00f3 meterse al proceso y que se baje de la contienda\u201d, se\u00f1al\u00f3.<\/p>\n\n\n\n<p>Reconoci\u00f3 que varios aspirantes han evitado denunciar por miedo a represalias. \u201cLes pedimos que acudan a las autoridades, pero muchos temen que las amenazas escalen\u201d, agreg\u00f3.<\/p>\n\n\n\n<h2 class=\"wp-block-heading\"><br>&nbsp;<\/h2>\n\n\n\n<h2 class=\"wp-block-heading\">Las v\u00edctimas<\/h2>\n\n\n\n<p>Entre los casos m\u00e1s graves de la violencia electoral en Veracruz est\u00e1 el de Carlos Rams\u00e9s Neri, secretario del ayuntamiento de Paso del Macho y aspirante a la presidencia municipal por el Partido Verde.<\/p>\n\n\n\n<p>\u00c9l y su hermano Daniel fueron secuestrados el 6 de febrero. Un d\u00eda despu\u00e9s, sus cuerpos fueron hallados con huellas de tortura.<\/p>\n\n\n\n<blockquote class=\"wp-block-quote is-layout-flow wp-block-quote-is-layout-flow\">\n<p>En Poza Rica, el regidor priista V\u00edctor Manuel Benavides Cobos fue secuestrado semanas despu\u00e9s de haber sobrevivido a un atentado armado. En esta ocasi\u00f3n su familia pag\u00f3 por su liberaci\u00f3n. Tras el episodio, anunci\u00f3 su retiro de la contienda.<\/p>\n<\/blockquote>\n\n\n\n<p>En diciembre, el diputado federal de Morena por Zongolica, Benito Aguas, fue atacado y asesinado a balazos.<\/p>\n\n\n\n<p>Sobre el tema, Marisol Delgadillo, consejera presidenta del OPLE, dijo que los casos de protecci\u00f3n son enviados a la mesa de coordinaci\u00f3n por la paz, donde participan autoridades estatales y federales para garantizar la seguridad de los aspirantes.<\/p>\n\n\n\n<p>Sin embargo, dijo que hay casos donde las denuncias son p\u00fablicas, pero no han llegado a la mesa del consejo general, como es el caso de los ataques a aspirantes del Partido del Trabajo.<\/p>\n\n\n\n<p>\u201cSabemos que est\u00e1n atendidas todas las solicitudes y han recibido acompa\u00f1amiento. Las campa\u00f1as iniciaron y la intenci\u00f3n del OPLE es ser el conducto para canalizar las solicitudes a las instancias de seguridad y dar certeza a la elecci\u00f3n\u201d, se\u00f1al\u00f3.<\/p>\n\n\n\n<p>Fuente: <a href=\"https:\/\/www.proceso.com.mx\/nacional\/2025\/4\/30\/veracruz-ataques-secuestros-amenazas-contra-candidatos-paralizan-campanas-electorales-350325.html\">https:\/\/www.proceso.com.mx\/nacional\/2025\/4\/30\/veracruz-ataques-secuestros-amenazas-contra-candidatos-paralizan-campanas-electorales-350325.html<\/a><\/p>\n","protected":false},"excerpt":{"rendered":"<p>Las campa\u00f1as para renovar alcald\u00edas empezaron con el asesinato de un candidato, que se suma a los 18 que han [&hellip;]<\/p>\n","protected":false},"author":1,"featured_media":98647,"comment_status":"open","ping_status":"open","sticky":false,"template":"","format":"standard","meta":{"site-sidebar-layout":"default","site-content-layout":"","ast-site-content-layout":"default","site-content-style":"default","site-sidebar-style":"default","ast-global-header-display":"","ast-banner-title-visibility":"","ast-main-header-display":"","ast-hfb-above-header-display":"","ast-hfb-below-header-display":"","ast-hfb-mobile-header-display":"","site-post-title":"","ast-breadcrumbs-content":"","ast-featured-img":"","footer-sml-layout":"","theme-transparent-header-meta":"","adv-header-id-meta":"","stick-header-meta":"","header-above-stick-meta":"","header-main-stick-meta":"","header-below-stick-meta":"","astra-migrate-meta-layouts":"default","ast-page-background-enabled":"default","ast-page-background-meta":{"desktop":{"background-color":"var(--ast-global-color-4)","background-image":"","background-repeat":"repeat","background-position":"center center","background-size":"auto","background-attachment":"scroll","background-type":"","background-media":"","overlay-type":"","overlay-color":"","overlay-opacity":"","overlay-gradient":""},"tablet":{"background-color":"","background-image":"","background-repeat":"repeat","background-position":"center center","background-size":"auto","background-attachment":"scroll","background-type":"","background-media":"","overlay-type":"","overlay-color":"","overlay-opacity":"","overlay-gradient":""},"mobile":{"background-color":"","background-image":"","background-repeat":"repeat","background-position":"center center","background-size":"auto","background-attachment":"scroll","background-type":"","background-media":"","overlay-type":"","overlay-color":"","overlay-opacity":"","overlay-gradient":""}},"ast-content-background-meta":{"desktop":{"background-color":"var(--ast-global-color-5)","background-image":"","background-repeat":"repeat","background-position":"center center","background-size":"auto","background-attachment":"scroll","background-type":"","background-media":"","overlay-type":"","overlay-color":"","overlay-opacity":"","overlay-gradient":""},"tablet":{"background-color":"var(--ast-global-color-5)","background-image":"","background-repeat":"repeat","background-position":"center center","background-size":"auto","background-attachment":"scroll","background-type":"","background-media":"","overlay-type":"","overlay-color":"","overlay-opacity":"","overlay-gradient":""},"mobile":{"background-color":"var(--ast-global-color-5)","background-image":"","background-repeat":"repeat","background-position":"center center","background-size":"auto","background-attachment":"scroll","background-type":"","background-media":"","overlay-type":"","overlay-color":"","overlay-opacity":"","overlay-gradient":""}},"footnotes":""},"categories":[8],"tags":[37941,37939,37942,37940],"class_list":["post-98646","post","type-post","status-publish","format-standard","has-post-thumbnail","hentry","category-noticias","tag-candidatos-anmenazados","tag-elecciones-veracruz","tag-morena-veracruz","tag-violencia-electoral-veracruz"],"_links":{"self":[{"href":"https:\/\/losperiodistas.com.mx\/portal\/wp-json\/wp\/v2\/posts\/98646","targetHints":{"allow":["GET"]}}],"collection":[{"href":"https:\/\/losperiodistas.com.mx\/portal\/wp-json\/wp\/v2\/posts"}],"about":[{"href":"https:\/\/losperiodistas.com.mx\/portal\/wp-json\/wp\/v2\/types\/post"}],"author":[{"embeddable":true,"href":"https:\/\/losperiodistas.com.mx\/portal\/wp-json\/wp\/v2\/users\/1"}],"replies":[{"embeddable":true,"href":"https:\/\/losperiodistas.com.mx\/portal\/wp-json\/wp\/v2\/comments?post=98646"}],"version-history":[{"count":1,"href":"https:\/\/losperiodistas.com.mx\/portal\/wp-json\/wp\/v2\/posts\/98646\/revisions"}],"predecessor-version":[{"id":98648,"href":"https:\/\/losperiodistas.com.mx\/portal\/wp-json\/wp\/v2\/posts\/98646\/revisions\/98648"}],"wp:featuredmedia":[{"embeddable":true,"href":"https:\/\/losperiodistas.com.mx\/portal\/wp-json\/wp\/v2\/media\/98647"}],"wp:attachment":[{"href":"https:\/\/losperiodistas.com.mx\/portal\/wp-json\/wp\/v2\/media?parent=98646"}],"wp:term":[{"taxonomy":"category","embeddable":true,"href":"https:\/\/losperiodistas.com.mx\/portal\/wp-json\/wp\/v2\/categories?post=98646"},{"taxonomy":"post_tag","embeddable":true,"href":"https:\/\/losperiodistas.com.mx\/portal\/wp-json\/wp\/v2\/tags?post=98646"}],"curies":[{"name":"wp","href":"https:\/\/api.w.org\/{rel}","templated":true}]}}