{"id":98638,"date":"2025-04-30T06:21:56","date_gmt":"2025-04-30T12:21:56","guid":{"rendered":"https:\/\/losperiodistas.com.mx\/portal\/?p=98638"},"modified":"2025-04-30T06:21:58","modified_gmt":"2025-04-30T12:21:58","slug":"sergio-salomon-toma-posesion-como-nuevo-titular-del-inm-la-jornada","status":"publish","type":"post","link":"https:\/\/losperiodistas.com.mx\/portal\/sergio-salomon-toma-posesion-como-nuevo-titular-del-inm-la-jornada\/","title":{"rendered":"Sergio Salom\u00f3n toma posesi\u00f3n como nuevo titular del INM | La Jornada"},"content":{"rendered":"\n<figure class=\"wp-block-image\"><img decoding=\"async\" src=\"https:\/\/www.jornada.com.mx\/ndjsimg\/images\/jornada\/jornadaimg\/sergio-salomon-toma-posesion-como-nuevo-titular-del-inm\/sergio-salomon-toma-posesion-como-nuevo-titular-del-inm_5953ed0e-4c24-474e-bc6e-063b4eca8a80_medialjnimgndimage=fullsize\" alt=\"Imagen\"\/><figcaption class=\"wp-element-caption\">Sergio Salom\u00f3n C\u00e9spedes sustituye a Francisco Gardu\u00f1o al frente del INM. Foto tomada de X @INAMI_mx<\/figcaption><\/figure>\n\n\n\n<p><\/p>\n\n\n\n<p class=\"has-vivid-red-color has-text-color has-link-color has-medium-font-size wp-elements-f52d393c44fb122c1a2efb4cd6a958fc\"><strong><a href=\"https:\/\/www.jornada.com.mx\/autores\/La%20Redacci%C3%B3n\">La Redacci\u00f3n<\/a> \/ La Jornada<\/strong><\/p>\n\n\n\n<p><\/p>\n\n\n\n<p><em>Ciudad de M\u00e9xico<\/em>. En la sede del Instituto Nacional de Migraci\u00f3n (INM) se llev\u00f3 a cabo la ceremonia de transici\u00f3n de mando en la instituci\u00f3n. Francisco Gardu\u00f1o Y\u00e1\u00f1ez, comisionado saliente del INM y Sergio Salom\u00f3n, quien a partir del 1 de mayo ser\u00e1 el nuevo titular del Instituto, encabezaron la ceremonia, que se realiz\u00f3 \u201cen un ambiente de respeto y cordialidad\u201d. C\u00e9spedes reconoci\u00f3 el trabajo que realizado por Gardu\u00f1o Y\u00e1\u00f1ez al frente del INM, quien le dio al pol\u00edtico poblano la bienvenida y le dese\u00f3 \u00e9xito en su nueva responsabilidad.<\/p>\n\n\n\n<figure class=\"wp-block-embed is-type-rich is-provider-twitter wp-block-embed-twitter\"><div class=\"wp-block-embed__wrapper\">\n<blockquote class=\"twitter-tweet\" data-width=\"500\" data-dnt=\"true\"><p lang=\"es\" dir=\"ltr\">En la sede del <a href=\"https:\/\/twitter.com\/INAMI_mx?ref_src=twsrc%5Etfw\">@INAMI_mx<\/a>, y en un ambiente de respeto y cordialidad, se llev\u00f3 a cabo la ceremonia de transici\u00f3n de mando de <a href=\"https:\/\/twitter.com\/fgymexico?ref_src=twsrc%5Etfw\">@fgymexico<\/a> al nuevo comisionado del Instituto, <a href=\"https:\/\/twitter.com\/SergioSalomonC?ref_src=twsrc%5Etfw\">@SergioSalomonC<\/a>, quien a partir del 1 de mayo asume la titularidad del <a href=\"https:\/\/twitter.com\/hashtag\/INM?src=hash&amp;ref_src=twsrc%5Etfw\">#INM<\/a>.<br><br>Salom\u00f3n C\u00e9spedes reconoci\u00f3 el\u2026 <a href=\"https:\/\/t.co\/xMY5mabpgF\">pic.twitter.com\/xMY5mabpgF<\/a><\/p>&mdash; INM (@INAMI_mx) <a href=\"https:\/\/twitter.com\/INAMI_mx\/status\/1917431044091044081?ref_src=twsrc%5Etfw\">April 30, 2025<\/a><\/blockquote><script async src=\"https:\/\/platform.twitter.com\/widgets.js\" charset=\"utf-8\"><\/script>\n<\/div><\/figure>\n\n\n\n<p>Fuente: <a href=\"https:\/\/www.jornada.com.mx\/noticia\/2025\/04\/29\/politica\/sergio-salomon-toma-posesion-como-nuevo-titular-del-inm\">https:\/\/www.jornada.com.mx\/noticia\/2025\/04\/29\/politica\/sergio-salomon-toma-posesion-como-nuevo-titular-del-inm<\/a><\/p>\n","protected":false},"excerpt":{"rendered":"<p>La Redacci\u00f3n \/ La Jornada Ciudad de M\u00e9xico. En la sede del Instituto Nacional de Migraci\u00f3n (INM) se llev\u00f3 a [&hellip;]<\/p>\n","protected":false},"author":1,"featured_media":98639,"comment_status":"open","ping_status":"open","sticky":false,"template":"","format":"standard","meta":{"site-sidebar-layout":"default","site-content-layout":"","ast-site-content-layout":"default","site-content-style":"default","site-sidebar-style":"default","ast-global-header-display":"","ast-banner-title-visibility":"","ast-main-header-display":"","ast-hfb-above-header-display":"","ast-hfb-below-header-display":"","ast-hfb-mobile-header-display":"","site-post-title":"","ast-breadcrumbs-content":"","ast-featured-img":"","footer-sml-layout":"","theme-transparent-header-meta":"","adv-header-id-meta":"","stick-header-meta":"","header-above-stick-meta":"","header-main-stick-meta":"","header-below-stick-meta":"","astra-migrate-meta-layouts":"default","ast-page-background-enabled":"default","ast-page-background-meta":{"desktop":{"background-color":"var(--ast-global-color-4)","background-image":"","background-repeat":"repeat","background-position":"center center","background-size":"auto","background-attachment":"scroll","background-type":"","background-media":"","overlay-type":"","overlay-color":"","overlay-opacity":"","overlay-gradient":""},"tablet":{"background-color":"","background-image":"","background-repeat":"repeat","background-position":"center center","background-size":"auto","background-attachment":"scroll","background-type":"","background-media":"","overlay-type":"","overlay-color":"","overlay-opacity":"","overlay-gradient":""},"mobile":{"background-color":"","background-image":"","background-repeat":"repeat","background-position":"center center","background-size":"auto","background-attachment":"scroll","background-type":"","background-media":"","overlay-type":"","overlay-color":"","overlay-opacity":"","overlay-gradient":""}},"ast-content-background-meta":{"desktop":{"background-color":"var(--ast-global-color-5)","background-image":"","background-repeat":"repeat","background-position":"center center","background-size":"auto","background-attachment":"scroll","background-type":"","background-media":"","overlay-type":"","overlay-color":"","overlay-opacity":"","overlay-gradient":""},"tablet":{"background-color":"var(--ast-global-color-5)","background-image":"","background-repeat":"repeat","background-position":"center center","background-size":"auto","background-attachment":"scroll","background-type":"","background-media":"","overlay-type":"","overlay-color":"","overlay-opacity":"","overlay-gradient":""},"mobile":{"background-color":"var(--ast-global-color-5)","background-image":"","background-repeat":"repeat","background-position":"center center","background-size":"auto","background-attachment":"scroll","background-type":"","background-media":"","overlay-type":"","overlay-color":"","overlay-opacity":"","overlay-gradient":""}},"footnotes":""},"categories":[8],"tags":[31336,3965,14268],"class_list":["post-98638","post","type-post","status-publish","format-standard","has-post-thumbnail","hentry","category-noticias","tag-francisco-garduno","tag-inm","tag-sergio-salomon-cespedes-peregrina"],"_links":{"self":[{"href":"https:\/\/losperiodistas.com.mx\/portal\/wp-json\/wp\/v2\/posts\/98638","targetHints":{"allow":["GET"]}}],"collection":[{"href":"https:\/\/losperiodistas.com.mx\/portal\/wp-json\/wp\/v2\/posts"}],"about":[{"href":"https:\/\/losperiodistas.com.mx\/portal\/wp-json\/wp\/v2\/types\/post"}],"author":[{"embeddable":true,"href":"https:\/\/losperiodistas.com.mx\/portal\/wp-json\/wp\/v2\/users\/1"}],"replies":[{"embeddable":true,"href":"https:\/\/losperiodistas.com.mx\/portal\/wp-json\/wp\/v2\/comments?post=98638"}],"version-history":[{"count":1,"href":"https:\/\/losperiodistas.com.mx\/portal\/wp-json\/wp\/v2\/posts\/98638\/revisions"}],"predecessor-version":[{"id":98640,"href":"https:\/\/losperiodistas.com.mx\/portal\/wp-json\/wp\/v2\/posts\/98638\/revisions\/98640"}],"wp:featuredmedia":[{"embeddable":true,"href":"https:\/\/losperiodistas.com.mx\/portal\/wp-json\/wp\/v2\/media\/98639"}],"wp:attachment":[{"href":"https:\/\/losperiodistas.com.mx\/portal\/wp-json\/wp\/v2\/media?parent=98638"}],"wp:term":[{"taxonomy":"category","embeddable":true,"href":"https:\/\/losperiodistas.com.mx\/portal\/wp-json\/wp\/v2\/categories?post=98638"},{"taxonomy":"post_tag","embeddable":true,"href":"https:\/\/losperiodistas.com.mx\/portal\/wp-json\/wp\/v2\/tags?post=98638"}],"curies":[{"name":"wp","href":"https:\/\/api.w.org\/{rel}","templated":true}]}}