{"id":98633,"date":"2025-04-30T05:52:27","date_gmt":"2025-04-30T11:52:27","guid":{"rendered":"https:\/\/losperiodistas.com.mx\/portal\/?p=98633"},"modified":"2025-04-30T05:52:28","modified_gmt":"2025-04-30T11:52:28","slug":"donald-trump-endurece-unilateralmente-regla-automotriz-del-t-mec-el-economista","status":"publish","type":"post","link":"https:\/\/losperiodistas.com.mx\/portal\/donald-trump-endurece-unilateralmente-regla-automotriz-del-t-mec-el-economista\/","title":{"rendered":"Donald Trump endurece unilateralmente regla automotriz del T-MEC | El Economista"},"content":{"rendered":"\n<p class=\"has-medium-font-size\">El cambio a la regla de origen ocurre cuando a\u00fan no han comenzado la revisi\u00f3n trilateral del T-MEC, cuyo proceso est\u00e1 previsto iniciar en el segundo semestre de 2025 para llegar a una determinaci\u00f3n en julio de 2026, a la vez que Canad\u00e1 acaba de elegir a su nuevo primer ministro, Mark Carney.<\/p>\n\n\n\n<figure class=\"wp-block-image\"><img decoding=\"async\" src=\"https:\/\/imagenes.eleconomista.com.mx\/files\/image_768_768\/files\/fp\/uploads\/2025\/04\/29\/68117fa075532.r_d.1100-223-3847.png\" alt=\"Donald Trump, presidente de Estados Unidos.\"\/><figcaption class=\"wp-element-caption\">Donald Trump, presidente de Estados Unidos. AFP<\/figcaption><\/figure>\n\n\n\n<p class=\"has-vivid-red-color has-text-color has-link-color has-medium-font-size wp-elements-fd0518b4a1c9052283ab4bd2b12aa10d\"><strong>Por:\u00a0<a href=\"https:\/\/www.eleconomista.com.mx\/autor\/roberto.morales\">Roberto Morales<\/a> \/ El Economista<\/strong><\/p>\n\n\n\n<p><\/p>\n\n\n\n<p>El presidente&nbsp;<strong><a href=\"https:\/\/www.eleconomista.com.mx\/empresas\/trump-reduce-aranceles-autopartes-paises-t-mec-20250429-756974.html\" target=\"_blank\" rel=\"noreferrer noopener\">Donald Trump&nbsp;<\/a><\/strong>firm\u00f3 este martes una orden ejecutiva en que endurece la regla de origen automotriz del Tratado entre M\u00e9xico, Estados Unidos y Canad\u00e1 (T-MEC), elevando el&nbsp;<strong>Valor de Contenido Regional<\/strong>&nbsp;(VCR) para tener derecho a la exenci\u00f3n de aranceles.<\/p>\n\n\n\n<p>Ya el<strong>&nbsp;T-MEC<\/strong>&nbsp;increment\u00f3 el Valor de Contenido Regional de 62.5 a 75%, con una nueva metodolog\u00eda, lo que implica que las empresas se vieron obligadas a incrementar las autopartes que se ensamblan en los autom\u00f3viles comercializados entre los pa\u00edses de Am\u00e9rica del Norte para no pagar aranceles.<\/p>\n\n\n\n<h2 class=\"wp-block-heading\">Te puede interesar<\/h2>\n\n\n\n<ul class=\"wp-block-list\">\n<li><img decoding=\"async\" width=\"128\" height=\"72\" src=\"https:\/\/imagenes.eleconomista.com.mx\/files\/image_128_72\/uploads\/2025\/03\/25\/67e31b05370c1.png\"><a href=\"https:\/\/www.eleconomista.com.mx\/empresas\">Empresas<\/a><a href=\"https:\/\/www.eleconomista.com.mx\/empresas\/trump-reembolsara-aranceles-autopartes-importadas-autos-ensamblados-estados-unidos-20250429-756913.html\">Trump reembolsar\u00e1 aranceles a autopartes importadas para autos ensamblados en Estados Unidos<\/a><\/li>\n<\/ul>\n\n\n\n<p>La&nbsp;<strong>orden ejecutiva de Trump<\/strong>&nbsp;crea unilateralmente una tasa de contenido regional de 85% para lograr la exenci\u00f3n total en autopartes en un periodo de un a\u00f1o, cuando actualmente todas las autopartes que cumplen con el&nbsp;<strong>T-MEC&nbsp;<\/strong>est\u00e1n exentas de aranceles.<\/p>\n\n\n\n<p>En su primer mandato presidencial, Trump negoci\u00f3 el<strong>&nbsp;T-MEC&nbsp;<\/strong>y uno de sus puntos medulares fue el endurecimiento de las reglas de origen en la industria automotriz.<\/p>\n\n\n\n<p>El cambio a la regla de origen ocurre cuando a\u00fan no han comenzado la revisi\u00f3n trilateral del T-MEC, cuyo proceso est\u00e1 previsto iniciar en el segundo semestre de 2025 para llegar a una determinaci\u00f3n en julio de 2026, a la vez que Canad\u00e1 acaba de elegir a su nuevo primer ministro,&nbsp;<a href=\"https:\/\/www.eleconomista.com.mx\/internacionales\/trump-felicita-mark-carney-triunfo-elecciones-canada-acuerdan-verse-proximamente-20250429-756975.html\" target=\"_blank\" rel=\"noreferrer noopener\">Mark Carney<\/a>.<\/p>\n\n\n\n<p>La nueva proclamaci\u00f3n de Trump establece adem\u00e1s una f\u00f3rmula que reduce en cierta medida los aranceles a las importaciones estadounidenses de autopartes si estas piezas tienen como origen a cualquiera de los pa\u00edses integrantes del T-MEC.<\/p>\n\n\n\n<p>Una hoja informativa de la Casa Blanca puso como ejemplo que si un fabricante construye un coche en Estados Unidos con 85% de contenido estadounidense o del T-MEC, no deber\u00e1 pagar aranceles por la producci\u00f3n de ese veh\u00edculo durante el primer a\u00f1o.<\/p>\n\n\n\n<p>Asimismo, si un fabricante produce un coche en Estados Unidos con un 50% de contenido estadounidense o del<strong>&nbsp;T-MEC<\/strong>&nbsp;y un 50% importado de otros pa\u00edses, en lugar de pagar el arancel por el 50% de las piezas importadas, el fabricante s\u00f3lo pagar\u00e1 el 35% durante el primer a\u00f1o.<\/p>\n\n\n\n<p>La proclamaci\u00f3n establece sanciones estrictas para los importadores que soliciten una reducci\u00f3n arancelaria superior a las cantidades aprobadas.<\/p>\n\n\n\n<p>La Casa Blanca indic\u00f3 que esta acci\u00f3n modificada abordar\u00e1 con mayor eficacia la amenaza a la seguridad nacional reduciendo la dependencia de la fabricaci\u00f3n extranjera, reforzando las operaciones de ensamblaje de veh\u00edculos en Estados Unidos, impulsando la I+D nacional y creando puestos de trabajo en Estados Unidos, todo lo cual es esencial para una base industrial de defensa fuerte.<\/p>\n\n\n\n<h2 class=\"wp-block-heading\">Te puede interesar<\/h2>\n\n\n\n<ul class=\"wp-block-list\">\n<li><img decoding=\"async\" width=\"128\" height=\"72\" src=\"https:\/\/imagenes.eleconomista.com.mx\/files\/image_128_72\/uploads\/2022\/08\/17\/66e819a9b0985.png\" alt=\"Foto: Shutterstock \/ Marko Aliaksandr\"><a href=\"https:\/\/www.eleconomista.com.mx\/economia\">Econom\u00eda<\/a><a href=\"https:\/\/www.eleconomista.com.mx\/economia\/aranceles-donald-trump-claves-sobre-nueva-comercio-internacional-20250412-754702.html\">Aranceles de Donald Trump: Claves sobre la nueva era del comercio internacional<\/a><\/li>\n<\/ul>\n\n\n\n<p>En un mitin en Michigan para celebrar los primeros 100 d\u00edas de su segundo mandato, Trump afirm\u00f3 este martes que Estados Unidos afirm\u00f3 que M\u00e9xico y Canad\u00e1 le han quitado a Estados Unidos una parte de la producci\u00f3n automotriz en Norteam\u00e9rica.<\/p>\n\n\n\n<p>\u201cYo les he dicho que de verdad no queremos sus autos. Nosotros queremos fabricar nuestros propios autos\u201d, dijo Trump. Seg\u00fan \u00e9l, M\u00e9xico se ha llevado 32% de la producci\u00f3n automotriz estadounidense y Canad\u00e1, entre 10 y 12 por ciento.<\/p>\n\n\n\n<p>La nueva proclamaci\u00f3n firmada por Trump busca proteger la seguridad nacional incentivando la producci\u00f3n nacional de autom\u00f3viles y reduciendo la dependencia estadounidense de las importaciones de autom\u00f3viles extranjeros y sus piezas.<\/p>\n\n\n\n<p>La orden modifica la acci\u00f3n arancelaria sobre los autom\u00f3viles y piezas de autom\u00f3viles alentando a los fabricantes a ensamblar sus autom\u00f3viles en los Estados Unidos.<\/p>\n\n\n\n<p>Tambi\u00e9n ofrece una compensaci\u00f3n a una parte de los aranceles para las piezas de autom\u00f3viles utilizadas en veh\u00edculos ensamblados en Estados Unidos equivalente a 3.75% del precio de venta sugerido por el fabricante de la producci\u00f3n estadounidense de un fabricante para el pr\u00f3ximo a\u00f1o (del 3 de abril de 2025 al 30 de abril de 2026), y a 2.5% de la producci\u00f3n estadounidense del a\u00f1o siguiente (del 1 de mayo de 2026 al 30 de abril de 2027).<\/p>\n\n\n\n<p>Estos porcentajes reflejan el derecho que se adeudar\u00eda si se aplicara un derecho de 25 a 15% del valor de un autom\u00f3vil ensamblado en Estados Unidos el primer a\u00f1o, y a 10% del valor de un autom\u00f3vil ensamblado en Estados Unidos el segundo a\u00f1o.<\/p>\n\n\n\n<p>Todas las dem\u00e1s importaciones de autom\u00f3viles seguir\u00e1n sujetas al<strong>&nbsp;arancel del 25 por ciento<\/strong>.<\/p>\n\n\n\n<p>En suma, Trump estableci\u00f3 un sistema de compensaci\u00f3n arancelaria para los fabricantes de veh\u00edculos estadounidenses y evitan la acumulaci\u00f3n de aranceles a los autom\u00f3viles con los del acero, el aluminio y los productos canadienses o mexicanos.<\/p>\n\n\n\n<p><strong>Nuevo r\u00e9gimen de autopartes<\/strong><\/p>\n\n\n\n<p><em>La nueva orden ejecutiva de Donald Trump busca incentivar una mayor producci\u00f3n de autopartes en EU en los pr\u00f3ximos dos a\u00f1os.&nbsp;<strong>Esto establece:<\/strong><\/em><\/p>\n\n\n\n<ul class=\"wp-block-list\">\n<li>Se impone arancel de 25% a la importaci\u00f3n estadounidense de autopartes que no cumplan con el T-MEC con la posibilidad de disminuir el pago a trav\u00e9s de una compensaci\u00f3n.<\/li>\n\n\n\n<li>La compensaci\u00f3n ser\u00e1 igual a 3.75% del valor de cada autom\u00f3vil hecho en Estados Unidos para el primer a\u00f1o y, para el segundo, ser\u00eda de 2.5 por ciento.<\/li>\n\n\n\n<li>El plan en \u00faltima instancia busca que un veh\u00edculo que cumpla con un 85% de contenido T-MEC no pague aranceles por sus autopartes. Ese requisito se elevar\u00e1 a 90% en un segundo a\u00f1o.<\/li>\n\n\n\n<li>Los aranceles automotrices no ser\u00e1n acumulativos m\u00e1s que para China, lo cual significa que las tarifas a las autopartes de acero y aluminio, solo pagar\u00e1n el arancel automotriz, pero no el de acero y aluminio, ni el de fentanilo.<\/li>\n<\/ul>\n\n\n\n<p>Fuente: <a href=\"https:\/\/www.eleconomista.com.mx\/empresas\/donald-trump-endurece-unilateralmente-regla-automotriz-t-mec-20250429-756983.html\">https:\/\/www.eleconomista.com.mx\/empresas\/donald-trump-endurece-unilateralmente-regla-automotriz-t-mec-20250429-756983.html<\/a><\/p>\n","protected":false},"excerpt":{"rendered":"<p>El cambio a la regla de origen ocurre cuando a\u00fan no han comenzado la revisi\u00f3n trilateral del T-MEC, cuyo proceso [&hellip;]<\/p>\n","protected":false},"author":1,"featured_media":98634,"comment_status":"open","ping_status":"open","sticky":false,"template":"","format":"standard","meta":{"site-sidebar-layout":"default","site-content-layout":"","ast-site-content-layout":"default","site-content-style":"default","site-sidebar-style":"default","ast-global-header-display":"","ast-banner-title-visibility":"","ast-main-header-display":"","ast-hfb-above-header-display":"","ast-hfb-below-header-display":"","ast-hfb-mobile-header-display":"","site-post-title":"","ast-breadcrumbs-content":"","ast-featured-img":"","footer-sml-layout":"","theme-transparent-header-meta":"","adv-header-id-meta":"","stick-header-meta":"","header-above-stick-meta":"","header-main-stick-meta":"","header-below-stick-meta":"","astra-migrate-meta-layouts":"default","ast-page-background-enabled":"default","ast-page-background-meta":{"desktop":{"background-color":"var(--ast-global-color-4)","background-image":"","background-repeat":"repeat","background-position":"center center","background-size":"auto","background-attachment":"scroll","background-type":"","background-media":"","overlay-type":"","overlay-color":"","overlay-opacity":"","overlay-gradient":""},"tablet":{"background-color":"","background-image":"","background-repeat":"repeat","background-position":"center center","background-size":"auto","background-attachment":"scroll","background-type":"","background-media":"","overlay-type":"","overlay-color":"","overlay-opacity":"","overlay-gradient":""},"mobile":{"background-color":"","background-image":"","background-repeat":"repeat","background-position":"center center","background-size":"auto","background-attachment":"scroll","background-type":"","background-media":"","overlay-type":"","overlay-color":"","overlay-opacity":"","overlay-gradient":""}},"ast-content-background-meta":{"desktop":{"background-color":"var(--ast-global-color-5)","background-image":"","background-repeat":"repeat","background-position":"center center","background-size":"auto","background-attachment":"scroll","background-type":"","background-media":"","overlay-type":"","overlay-color":"","overlay-opacity":"","overlay-gradient":""},"tablet":{"background-color":"var(--ast-global-color-5)","background-image":"","background-repeat":"repeat","background-position":"center center","background-size":"auto","background-attachment":"scroll","background-type":"","background-media":"","overlay-type":"","overlay-color":"","overlay-opacity":"","overlay-gradient":""},"mobile":{"background-color":"var(--ast-global-color-5)","background-image":"","background-repeat":"repeat","background-position":"center center","background-size":"auto","background-attachment":"scroll","background-type":"","background-media":"","overlay-type":"","overlay-color":"","overlay-opacity":"","overlay-gradient":""}},"footnotes":""},"categories":[8],"tags":[37935,37936,27910,10989],"class_list":["post-98633","post","type-post","status-publish","format-standard","has-post-thumbnail","hentry","category-noticias","tag-regla-automotriz","tag-regla-de-origen-automotriz","tag-revision-t-mec","tag-trump"],"_links":{"self":[{"href":"https:\/\/losperiodistas.com.mx\/portal\/wp-json\/wp\/v2\/posts\/98633","targetHints":{"allow":["GET"]}}],"collection":[{"href":"https:\/\/losperiodistas.com.mx\/portal\/wp-json\/wp\/v2\/posts"}],"about":[{"href":"https:\/\/losperiodistas.com.mx\/portal\/wp-json\/wp\/v2\/types\/post"}],"author":[{"embeddable":true,"href":"https:\/\/losperiodistas.com.mx\/portal\/wp-json\/wp\/v2\/users\/1"}],"replies":[{"embeddable":true,"href":"https:\/\/losperiodistas.com.mx\/portal\/wp-json\/wp\/v2\/comments?post=98633"}],"version-history":[{"count":1,"href":"https:\/\/losperiodistas.com.mx\/portal\/wp-json\/wp\/v2\/posts\/98633\/revisions"}],"predecessor-version":[{"id":98635,"href":"https:\/\/losperiodistas.com.mx\/portal\/wp-json\/wp\/v2\/posts\/98633\/revisions\/98635"}],"wp:featuredmedia":[{"embeddable":true,"href":"https:\/\/losperiodistas.com.mx\/portal\/wp-json\/wp\/v2\/media\/98634"}],"wp:attachment":[{"href":"https:\/\/losperiodistas.com.mx\/portal\/wp-json\/wp\/v2\/media?parent=98633"}],"wp:term":[{"taxonomy":"category","embeddable":true,"href":"https:\/\/losperiodistas.com.mx\/portal\/wp-json\/wp\/v2\/categories?post=98633"},{"taxonomy":"post_tag","embeddable":true,"href":"https:\/\/losperiodistas.com.mx\/portal\/wp-json\/wp\/v2\/tags?post=98633"}],"curies":[{"name":"wp","href":"https:\/\/api.w.org\/{rel}","templated":true}]}}