{"id":98610,"date":"2025-04-29T10:25:25","date_gmt":"2025-04-29T16:25:25","guid":{"rendered":"https:\/\/losperiodistas.com.mx\/portal\/?p=98610"},"modified":"2025-04-29T10:25:26","modified_gmt":"2025-04-29T16:25:26","slug":"cuanto-gana-el-papa-y-los-cardenales-obispos-curas-y-monjas-tras-la-revision-de-gastos-de-bergoglio-vanity-fair","status":"publish","type":"post","link":"https:\/\/losperiodistas.com.mx\/portal\/cuanto-gana-el-papa-y-los-cardenales-obispos-curas-y-monjas-tras-la-revision-de-gastos-de-bergoglio-vanity-fair\/","title":{"rendered":"Cu\u00e1nto gana el papa (y los cardenales, obispos, curas y monjas) tras la revisi\u00f3n de gastos de Bergoglio | Vanity Fair"},"content":{"rendered":"\n<p class=\"has-luminous-vivid-amber-background-color has-background has-medium-font-size\">Desde cero euros para el papa a 5.000 euros para los cardenales: te contamos lo que ganan realmente los religiosos en la era de la transparencia econ\u00f3mica.<\/p>\n\n\n\n<figure class=\"wp-block-image size-large\"><img fetchpriority=\"high\" decoding=\"async\" width=\"1024\" height=\"576\" src=\"https:\/\/losperiodistas.com.mx\/portal\/wp-content\/uploads\/2025\/04\/GettyImages-2188720640-1024x576.jpeg\" alt=\"\" class=\"wp-image-98611\" srcset=\"https:\/\/losperiodistas.com.mx\/portal\/wp-content\/uploads\/2025\/04\/GettyImages-2188720640-1024x576.jpeg 1024w, https:\/\/losperiodistas.com.mx\/portal\/wp-content\/uploads\/2025\/04\/GettyImages-2188720640-300x169.jpeg 300w, https:\/\/losperiodistas.com.mx\/portal\/wp-content\/uploads\/2025\/04\/GettyImages-2188720640-768x432.jpeg 768w, https:\/\/losperiodistas.com.mx\/portal\/wp-content\/uploads\/2025\/04\/GettyImages-2188720640-1536x864.jpeg 1536w, https:\/\/losperiodistas.com.mx\/portal\/wp-content\/uploads\/2025\/04\/GettyImages-2188720640-2048x1152.jpeg 2048w\" sizes=\"(max-width: 1024px) 100vw, 1024px\" \/><figcaption class=\"wp-element-caption\">Franco Origlia\/Getty Images<\/figcaption><\/figure>\n\n\n\n<p class=\"has-vivid-red-color has-text-color has-link-color has-medium-font-size wp-elements-905e390629974f60235937bcf50ad503\"><strong>Por\u00a0<a href=\"https:\/\/www.revistavanityfair.es\/autor\/mtrabucchi\">Marco Trabucchi<\/a> \/ Vanity Fair<\/strong><\/p>\n\n\n\n<p>Desde su toma de posesi\u00f3n, el&nbsp;<a href=\"https:\/\/www.revistavanityfair.es\/tags\/papa-francisco\" target=\"_blank\" rel=\"noreferrer noopener\">papa Francisco<\/a>&nbsp;se centr\u00f3 en conseguir una Iglesia m\u00e1s sobria, alejada de la imagen de pompa y lujo que alej\u00f3 a muchos fieles en el pasado. El Pont\u00edfice advirti\u00f3 repetidamente contra la acumulaci\u00f3n de bienes materiales por parte de cardenales y altos prelados, promoviendo un estilo de vida sencillo, transparente y cercano a la gente corriente. Con gestos simb\u00f3licos y reformas concretas, promovi\u00f3 un ideal de sobriedad, invitando a obispos y cardenales a renunciar a privilegios y ostentaciones que, a lo largo de los a\u00f1os, hab\u00edan contribuido a cavar un profundo surco entre la Iglesia y los fieles, aumentando as\u00ed la curiosidad por los sueldos de los miembros de la Iglesia. Muchos se preguntan: \u00bfcu\u00e1nto ganan realmente sacerdotes, obispos y cardenales? o \u00bfc\u00f3mo funciona hoy la gesti\u00f3n econ\u00f3mica del Vaticano tras a\u00f1os de reformas impulsadas por el papa Bergoglio?<\/p>\n\n\n\n<h2 class=\"wp-block-heading\">\u00bfQu\u00e9 cambi\u00f3 tras la revisi\u00f3n de gastos del papa Francisco?<\/h2>\n\n\n\n<p>Tras la pandemia, el&nbsp;<strong>papa Francisco<\/strong>&nbsp;decidi\u00f3 intervenir en\u00e9rgicamente para frenar el gasto de la Curia. En 2021, lanz\u00f3 un plan de revisi\u00f3n de gastos con un recorte de los salarios (el 10% para los cardenales, el 8% para los jefes de dicasterios y secretarios, y el 3% para sacerdotes y religiosos).&nbsp;<a href=\"http:\/\/www.vatican.va\/content\/francesco\/it\/motu_proprio\/documents\/papa-francesco-motu-proprio-20210323_decreto-retribuzioni.html\">Seg\u00fan la carta apost\u00f3lica en forma de motu proprio<\/a>, la decisi\u00f3n papal estuvo motivada por el \u00abd\u00e9ficit que desde hace varios a\u00f1os caracteriza la gesti\u00f3n econ\u00f3mica de la Santa Sede\u00bb y, sobre todo, por la situaci\u00f3n ocasionada por la pandemia, \u201cque ha afectado negativamente a todas las fuentes de ingresos de la Santa Sede y del Estado de la Ciudad del Vaticano\u201d.<\/p>\n\n\n\n<p>Pero la reforma deseada por Bergoglio no acab\u00f3 ah\u00ed. En 2024, Francisco decidi\u00f3 suspender algunas asignaciones hist\u00f3ricas como la bonificaci\u00f3n de secretar\u00eda y la asignaci\u00f3n de oficina, y en 2025, envi\u00f3 una carta a los cardenales en la que ped\u00eda a todas las instituciones vaticanas que alcanzaran el objetivo de d\u00e9ficit cero, subrayaba la importancia de adoptar pol\u00edticas \u00e9ticas y transparentes en la gesti\u00f3n de los recursos, e invitaba a cada instituci\u00f3n a encontrar fondos externos para apoyar su misi\u00f3n despu\u00e9s de que el presupuesto de 2023 presentara un agujero de 83 millones de euros. No solo austeridad: Francisco tambi\u00e9n promovi\u00f3 nuevas estrategias de captaci\u00f3n de fondos e introdujo normas m\u00e1s estrictas de transparencia en la gesti\u00f3n econ\u00f3mica. En definitiva, el papa Francisco trat\u00f3 de \u201cdesempolvar la Esfinge con un cepillo de dientes\u201d, como describi\u00f3 el proceso de reforma de la Curia. Sus iniciativas pretend\u00edan que la Iglesia fuera m\u00e1s sobria, transparente y responsable en la gesti\u00f3n de sus recursos.\u200b<\/p>\n\n\n\n<h2 class=\"wp-block-heading\">\u00bfC\u00f3mo se calculan los sueldos de la Iglesia?<\/h2>\n\n\n\n<p>En el mundo eclesi\u00e1stico hay funciones, responsabilidades y jerarqu\u00edas como en cualquier otro sector laboral. El cargo, la antig\u00fcedad y el prestigio ganado en el escalaf\u00f3n jer\u00e1rquico determinan el salario que percibir\u00e1 el eclesi\u00e1stico en cuesti\u00f3n, que se calcula de manera precisa. El sistema ideado por el&nbsp;<a href=\"https:\/\/www.revistavanityfair.es\/tags\/vaticano\">Vaticano<\/a>&nbsp;se basa en una especie de puntuaci\u00f3n, por as\u00ed decirlo, que de hecho corresponde a la antig\u00fcedad del prelado considerado. Estos y otros factores definen el salario medio de cada cl\u00e9rigo y sus ingresos. Obviamente la curiosidad popular concern\u00eda sobre todo al&nbsp;<a href=\"https:\/\/www.revistavanityfair.es\/articulos\/el-papa-francisco-carta\">papa Bergoglio<\/a>, que siempre ha predicado la sobriedad, invitando no solo al ahorro, sino sobre todo a una gesti\u00f3n transparente de las cuentas para poder contrarrestar las actuaciones irregulares de algunos.<\/p>\n\n\n\n<h2 class=\"wp-block-heading\">\u00bfCu\u00e1nto gana el papa?<\/h2>\n\n\n\n<p>Empecemos por \u00e9l. El papa&nbsp;<strong>Ratzinger<\/strong>&nbsp;recib\u00eda un salario mensual de 2.500 euros. Desde su toma de posesi\u00f3n en 2013, el papa Francisco renunci\u00f3 a su sueldo. Un gesto simb\u00f3lico que fijaba un cambio de rumbo con la esperanza de que las altas jerarqu\u00edas eclesi\u00e1sticas siguieran su ejemplo. Sin embargo, a pesar de no percibir ning\u00fan salario, el papa Francisco pod\u00eda disponer libremente del \u00d3bolo de San Pedro, un fondo que recoge donativos con el fin de patrocinar los proyectos caritativos previstos por la Iglesia (en 2012 la cuota rondaba los 65 millones de euros). Francisco, fiel a sus principios, nunca aprovech\u00f3 esta posibilidad.<\/p>\n\n\n\n<h2 class=\"wp-block-heading\">Cu\u00e1nto gana un sacerdote<\/h2>\n\n\n\n<p>Si bien la vocaci\u00f3n es un don, el sacerdocio es tambi\u00e9n una profesi\u00f3n, aunque cargada de significado religioso y caritativo, y, como tal, genera ingresos. Un sacerdote puede contar con un sueldo fijo de unos 1.000 a 1.200 euros al mes para los p\u00e1rrocos con m\u00e1s responsabilidades. Por supuesto, los sacerdotes tambi\u00e9n pueden hacer carrera y aspirar al cargo de obispo, arzobispo, cardenal y monse\u00f1or.<\/p>\n\n\n\n<h2 class=\"wp-block-heading\">\u00bfCu\u00e1nto ganan las monjas y los frailes?<\/h2>\n\n\n\n<p>No existe un salario real para las&nbsp;<strong>monjas<\/strong>, a menos que realicen tareas y trabajos espec\u00edficos dentro de la comunidad eclesi\u00e1stica. Hay, por ejemplo, monjas que reciben unos ingresos mensuales fijos porque trabajan como profesoras, educadoras, enfermeras, etc. En este caso, la cuant\u00eda del salario se establece por contrato nacional en funci\u00f3n de la categor\u00eda laboral de que se trate. Al igual que las monjas,&nbsp;<strong>los frailes tampoco tienen salario<\/strong>. Para ellos existe el voto de pobreza, castidad y obediencia que todo monje debe hacer antes de ingresar en la orden o instituci\u00f3n religiosa. Jesuitas, franciscanos, dominicos y carmelitas viven en conventos constituidos como comunidades o familias de derecho propio y su subsistencia depende en gran medida de las donaciones de los fieles.<\/p>\n\n\n\n<h2 class=\"wp-block-heading\">\u00bfCu\u00e1nto ganan los cardenales y los obispos?<\/h2>\n\n\n\n<p>Existe un l\u00edmite m\u00e1ximo que no se puede sobrepasar y, por lo que respecta al mundo episcopal, est\u00e1 fijado en unos 3.000 euros. En caso de que el sueldo base se complemente con otros ingresos, procedentes de asignaciones laborales o rentas de cualquier tipo, la Instituci\u00f3n deber\u00e1 desembolsar \u00fanicamente lo que falte para alcanzar el tope fijado por edad. En lo alto del escalaf\u00f3n se encuentran los arzobispos, los jefes de dicasterios o los jefes de consejos pontificios. Para ellos, el umbral aumenta de forma considerable, alcanzando sueldos de 3.000 euros a 5.000 euros en el caso de los cardenales. Estas cantidades pueden ser a\u00fan mayores en funci\u00f3n de las ofertas que reciban.<\/p>\n\n\n\n<p><em>Art\u00edculo publicado por Vanity Fair Italia y traducido por Isabel Escribano Bourgoin. Acceda al original<\/em>&nbsp;<em><a href=\"https:\/\/www.vanityfair.it\/mybusiness\/news-mybusiness\/2021\/04\/11\/quanto-guadagna-cardinale-sacerdote-papa\">aqu\u00ed<\/a>.<\/em><\/p>\n\n\n\n<p>Fuente: <a href=\"https:\/\/www.revistavanityfair.es\/galerias\/cuanto-gana-el-papa-sueldo-vaticano\">https:\/\/www.revistavanityfair.es\/galerias\/cuanto-gana-el-papa-sueldo-vaticano<\/a><\/p>\n","protected":false},"excerpt":{"rendered":"<p>Desde cero euros para el papa a 5.000 euros para los cardenales: te contamos lo que ganan realmente los religiosos [&hellip;]<\/p>\n","protected":false},"author":1,"featured_media":98611,"comment_status":"open","ping_status":"open","sticky":false,"template":"","format":"standard","meta":{"site-sidebar-layout":"default","site-content-layout":"","ast-site-content-layout":"default","site-content-style":"default","site-sidebar-style":"default","ast-global-header-display":"","ast-banner-title-visibility":"","ast-main-header-display":"","ast-hfb-above-header-display":"","ast-hfb-below-header-display":"","ast-hfb-mobile-header-display":"","site-post-title":"","ast-breadcrumbs-content":"","ast-featured-img":"","footer-sml-layout":"","theme-transparent-header-meta":"","adv-header-id-meta":"","stick-header-meta":"","header-above-stick-meta":"","header-main-stick-meta":"","header-below-stick-meta":"","astra-migrate-meta-layouts":"default","ast-page-background-enabled":"default","ast-page-background-meta":{"desktop":{"background-color":"var(--ast-global-color-4)","background-image":"","background-repeat":"repeat","background-position":"center center","background-size":"auto","background-attachment":"scroll","background-type":"","background-media":"","overlay-type":"","overlay-color":"","overlay-opacity":"","overlay-gradient":""},"tablet":{"background-color":"","background-image":"","background-repeat":"repeat","background-position":"center center","background-size":"auto","background-attachment":"scroll","background-type":"","background-media":"","overlay-type":"","overlay-color":"","overlay-opacity":"","overlay-gradient":""},"mobile":{"background-color":"","background-image":"","background-repeat":"repeat","background-position":"center center","background-size":"auto","background-attachment":"scroll","background-type":"","background-media":"","overlay-type":"","overlay-color":"","overlay-opacity":"","overlay-gradient":""}},"ast-content-background-meta":{"desktop":{"background-color":"var(--ast-global-color-5)","background-image":"","background-repeat":"repeat","background-position":"center center","background-size":"auto","background-attachment":"scroll","background-type":"","background-media":"","overlay-type":"","overlay-color":"","overlay-opacity":"","overlay-gradient":""},"tablet":{"background-color":"var(--ast-global-color-5)","background-image":"","background-repeat":"repeat","background-position":"center center","background-size":"auto","background-attachment":"scroll","background-type":"","background-media":"","overlay-type":"","overlay-color":"","overlay-opacity":"","overlay-gradient":""},"mobile":{"background-color":"var(--ast-global-color-5)","background-image":"","background-repeat":"repeat","background-position":"center center","background-size":"auto","background-attachment":"scroll","background-type":"","background-media":"","overlay-type":"","overlay-color":"","overlay-opacity":"","overlay-gradient":""}},"footnotes":""},"categories":[8],"tags":[30418,37923,37921,37922],"class_list":["post-98610","post","type-post","status-publish","format-standard","has-post-thumbnail","hentry","category-noticias","tag-economia-vaticano","tag-sueldo-del-papa","tag-sueldos-cardenales","tag-sueldos-obispos"],"_links":{"self":[{"href":"https:\/\/losperiodistas.com.mx\/portal\/wp-json\/wp\/v2\/posts\/98610","targetHints":{"allow":["GET"]}}],"collection":[{"href":"https:\/\/losperiodistas.com.mx\/portal\/wp-json\/wp\/v2\/posts"}],"about":[{"href":"https:\/\/losperiodistas.com.mx\/portal\/wp-json\/wp\/v2\/types\/post"}],"author":[{"embeddable":true,"href":"https:\/\/losperiodistas.com.mx\/portal\/wp-json\/wp\/v2\/users\/1"}],"replies":[{"embeddable":true,"href":"https:\/\/losperiodistas.com.mx\/portal\/wp-json\/wp\/v2\/comments?post=98610"}],"version-history":[{"count":1,"href":"https:\/\/losperiodistas.com.mx\/portal\/wp-json\/wp\/v2\/posts\/98610\/revisions"}],"predecessor-version":[{"id":98612,"href":"https:\/\/losperiodistas.com.mx\/portal\/wp-json\/wp\/v2\/posts\/98610\/revisions\/98612"}],"wp:featuredmedia":[{"embeddable":true,"href":"https:\/\/losperiodistas.com.mx\/portal\/wp-json\/wp\/v2\/media\/98611"}],"wp:attachment":[{"href":"https:\/\/losperiodistas.com.mx\/portal\/wp-json\/wp\/v2\/media?parent=98610"}],"wp:term":[{"taxonomy":"category","embeddable":true,"href":"https:\/\/losperiodistas.com.mx\/portal\/wp-json\/wp\/v2\/categories?post=98610"},{"taxonomy":"post_tag","embeddable":true,"href":"https:\/\/losperiodistas.com.mx\/portal\/wp-json\/wp\/v2\/tags?post=98610"}],"curies":[{"name":"wp","href":"https:\/\/api.w.org\/{rel}","templated":true}]}}