{"id":98607,"date":"2025-04-29T09:30:21","date_gmt":"2025-04-29T15:30:21","guid":{"rendered":"https:\/\/losperiodistas.com.mx\/portal\/?p=98607"},"modified":"2025-04-29T09:30:23","modified_gmt":"2025-04-29T15:30:23","slug":"preguntas-sobre-el-caso-de-rodrigo-guerra-lopez-despues-del-desaguisado-con-la-academia-de-lideres-catolicos-infovaticana","status":"publish","type":"post","link":"https:\/\/losperiodistas.com.mx\/portal\/preguntas-sobre-el-caso-de-rodrigo-guerra-lopez-despues-del-desaguisado-con-la-academia-de-lideres-catolicos-infovaticana\/","title":{"rendered":"Preguntas sobre el caso de Rodrigo Guerra L\u00f3pez despu\u00e9s del desaguisado con la Academia de L\u00edderes Cat\u00f3licos | Infovaticana"},"content":{"rendered":"\n<figure class=\"wp-block-image size-large\"><img fetchpriority=\"high\" decoding=\"async\" width=\"1024\" height=\"576\" src=\"https:\/\/losperiodistas.com.mx\/portal\/wp-content\/uploads\/2025\/04\/Diseno-sin-titulo-2025-02-19T183337.153.png-1024x576.webp\" alt=\"\" class=\"wp-image-98608\" srcset=\"https:\/\/losperiodistas.com.mx\/portal\/wp-content\/uploads\/2025\/04\/Diseno-sin-titulo-2025-02-19T183337.153.png-1024x576.webp 1024w, https:\/\/losperiodistas.com.mx\/portal\/wp-content\/uploads\/2025\/04\/Diseno-sin-titulo-2025-02-19T183337.153.png-300x169.webp 300w, https:\/\/losperiodistas.com.mx\/portal\/wp-content\/uploads\/2025\/04\/Diseno-sin-titulo-2025-02-19T183337.153.png-768x432.webp 768w, https:\/\/losperiodistas.com.mx\/portal\/wp-content\/uploads\/2025\/04\/Diseno-sin-titulo-2025-02-19T183337.153.png.webp 1200w\" sizes=\"(max-width: 1024px) 100vw, 1024px\" \/><figcaption class=\"wp-element-caption\">Rodrigo Guerra L\u00f3pez<\/figcaption><\/figure>\n\n\n\n<p class=\"has-vivid-red-color has-text-color has-link-color has-medium-font-size wp-elements-71ad30033e43c153f7af6e857909b3ce\"><strong>Por Jaime Gurpegui\u00a0\/ Infovaticana<\/strong><\/p>\n\n\n\n<p><a href=\"https:\/\/infovaticana.com\/tag\/iglesia-universal\/\">Iglesia universal<\/a><\/p>\n\n\n\n<p>El medio de comunicaci\u00f3n mexicano, Sin Embargo.mx, en un&nbsp;<a href=\"https:\/\/www.sinembargo.mx\/4639476\/mexicano-se-deslinda-de-conjura-del-yunque-y-acusa-a-la-organizacion-de-ser-violenta\/\" target=\"_blank\" rel=\"noreferrer noopener\">art\u00edculo del periodista \u00c1lvaro Delgado, de fecha 11 de abril de 2025<\/a>&nbsp;expuso, \u00edntegra, una carta respuesta del Doctor Rodrigo Guerra L\u00f3pez (RGL), frente a una serie de publicaciones del mismo medio, que denuncian la presencia oscura, fascistoide, del grupo de ultraderecha El Yunque, en el interior de la Iglesia mexicana, as\u00ed como de ciertos organismos de corte internacional, como la Academia de L\u00edderes Cat\u00f3licos.<\/p>\n\n\n\n<p>Dicha carta de RGL, genera muchas m\u00e1s preguntas y evidencias de la descomposici\u00f3n no s\u00f3lo de El Yunque, sino tambi\u00e9n de todo aquello que toca. Cabe se\u00f1alar que lo mismo sucedi\u00f3 con un escrito del Dr. Rocco Buttiglione&nbsp;<a href=\"https:\/\/infovaticana.com\/2025\/04\/21\/buttiglione-el-yunque-y-una-defensa-que-levanta-cejas-la-carta-que-no-ayuda-a-calmar-las-aguas\/\" target=\"_blank\" rel=\"noreferrer noopener\">que lleg\u00f3 a INFOVATICANA<\/a>, relativo al mismo asunto, que fue ampliamente comentado en dicho portal,<\/p>\n\n\n\n<p>Dentro de las preguntas que suscita RGL son:<br>1.\u2060 \u2060\u00bfPor qu\u00e9 teniendo la experiencia, en primera persona y no por pocos a\u00f1os, de \u201cuna agrupaci\u00f3n clandestina, reservada o secreta\u201d, como \u00e9l mismo se\u00f1ala, y siendo un alto funcionario de la Santa Sede, con el objetivo de servir particularmente a la Iglesia en Am\u00e9rica Latina, no tom\u00f3 las medidas institucionales para denunciarles con el fin de suprimirla, en tanto que sus \u201cteor\u00edas, pr\u00e1cticas y abusos\u201d, hacen un profundo da\u00f1o a la Iglesia en M\u00e9xico, a algunos pa\u00edses de Am\u00e9rica Latina y de Europa? \u00bfHabr\u00e1 preferido utilizar dicha informaci\u00f3n y sus estructuras para impulsar su carrera eclesi\u00e1stica-pol\u00edtica, as\u00ed como los organismos que \u00e9l promueve: Centro de Investigaci\u00f3n Social Avanzada (CISAV) que tiene sede en Quer\u00e9taro, M\u00e9xico, y la misma Academia de L\u00edderes Cat\u00f3licos?<\/p>\n\n\n\n<p>\u00c9l, tiene acceso a investigaciones que ha hecho, por ejemplo, la Conferencia Episcopal Espa\u00f1ola, en el a\u00f1o 2010, as\u00ed como pronunciamientos concretos de su Comisi\u00f3n para la Doctrina de la Fe del a\u00f1o 2018, se\u00f1alando puntualmente su perverso modus operandi, estructura, fundamentos, etc., que da\u00f1an no solamente a las instituciones laicales, sino a la sociedad civil organizada de muchos pa\u00edses. \u00bfNo ser\u00e1 que tanto el Cardenal Osoro, como Pietro Parol\u00edn, Carlos Aguiar, as\u00ed como Christophe Pierre, todos ellos muy vinculados con el gobierno de la Academia de L\u00edderes Cat\u00f3licos, gracias a RGL, gozan de los \u201cservicios de inteligencia\u201d, de El Yunque?<\/p>\n\n\n\n<p>2.\u2060 \u2060\u00bfPor qu\u00e9, teniendo tanta claridad de su perversidad, ha propiciado con ellos, a trav\u00e9s de una de sus instituciones de educaci\u00f3n superior con m\u00e1s poder\u00edo econ\u00f3mico, pol\u00edtico y social, como es el caso de la Universidad Popular Aut\u00f3noma del Estado de Puebla (UPAEP),&nbsp;<a href=\"https:\/\/eventos.upaep.mx\/evento\/img\/archivos\/19_Encuentro_Centros_de_cultura_Programa_Publico_v2.pdf\" target=\"_blank\" rel=\"noreferrer noopener\">un encuentro de dimensiones latinoamericanas<\/a>, con el fin de reflexionar sobre la crisis de ciudadan\u00eda y de las democracias, con la presencia de altos funcionarios de la Santa Sede y del Consejo del Episcopado Latinoamericano y Caribe\u00f1o?<\/p>\n\n\n\n<p>3.\u2060 \u2060Es curioso que RGL afirme que \u00e9l no tom\u00f3 parte de ninguna reuni\u00f3n en la UPAEP, en septiembre pasado, en la que se hubiere pactado la intenci\u00f3n de El Yunque, de tomar el gobierno, pr\u00f3ximamente, de la Organizaci\u00f3n de Universidades Cat\u00f3licas de Am\u00e9rica Latina y El Caribe (ODUCAL) as\u00ed como de la Federaci\u00f3n Internacional de Universidades Cat\u00f3licas (FIUC), sin embargo no desmiente expl\u00edcitamente tal prop\u00f3sito, del que debe tener conocimiento por su estrecha relaci\u00f3n con ellas.&nbsp;<a href=\"https:\/\/oducal.com\/alianzas\/\" target=\"_blank\" rel=\"noreferrer noopener\">En la p\u00e1gina de internet de ODUCAL<\/a>, dentro de la secci\u00f3n Alianzas, consta que el CISAV es una de ellas; igualmente dentro del portal respectivo de la Academia de L\u00edderes Cat\u00f3licos, aparece su vinculaci\u00f3n expl\u00edcita a este Centro de Investigaci\u00f3n. De estas dos \u00faltimas instituciones, es parte de la Junta de Gobierno, RGL.<\/p>\n\n\n\n<p>4.\u2060 \u2060RGL es Secretario de la Comisi\u00f3n para Am\u00e9rica Latina de la Santa Sede, es un funcionario que tiene un cierto papel de autoridad para dichos organismos que aglutinan a las universidades cat\u00f3licas de Am\u00e9rica Latina y del mundo. \u00bfNo debi\u00f3 haber renunciado al gobierno de iniciativas como el CISAV y la Academia de L\u00edderes Cat\u00f3licos, con el fin de evitar conflictos de inter\u00e9s? \u00bfO, practica las costumbres de El Yunque, que buscan espacios de poder para instrumentalizarlos en sus fines ideol\u00f3gicos y pol\u00edticos?<\/p>\n\n\n\n<p>5.\u2060 \u2060RGL afirma estar ajeno a la agenda de El Yunque, para gobernar los organismos de representaci\u00f3n de las universidades cat\u00f3licas, sin embargo, el 4 de febrero de este a\u00f1o, seg\u00fan la p\u00e1gina de internet del CISAV, consta la relaci\u00f3n del Dr. Fernando S\u00e1nchez Campos, Rector de la Universidad Cat\u00f3lica de Costa Rica, Vicepresidente de la ODUCAL, as\u00ed como candidato a presidir la FIUC, quien acudi\u00f3 al CISAV,&nbsp;<a href=\"https:\/\/cisav.mx\/firma-de-convenio-entre-el-cisav-y-la-universidad-catollica-de-costa-rica\/\" target=\"_blank\" rel=\"noreferrer noopener\">para firmar un Convenio de Colaboraci\u00f3n con esta Universidad<\/a>.<\/p>\n\n\n\n<p>6.\u2060 \u2060\u00bfPor qu\u00e9 en la carta que nos ocupa, no toca absolutamente nada de lo que sucedi\u00f3 con la Academia de L\u00edderes Cat\u00f3licos? \u00bfPor qu\u00e9 no respondi\u00f3 a las graves acusaciones de Jos\u00e9 Antonio Rosas, confeso ex Yunque tambi\u00e9n, con quien tuvo estrechos y largos nexos y quien renunci\u00f3 a su dirigencia por oponerse a la injerencia de ese grupo de ultra-derecha, en esta iniciativa internacional que lleva m\u00e1s de quince a\u00f1os?<\/p>\n\n\n\n<p>7.\u2060 \u2060Es importante se\u00f1alar que RGL hizo una amplia carrera eclesial dentro del Episcopado Mexicano, que le permiti\u00f3 su acceso a la Santa Sede, durante los \u00faltimos 6 trienios (dos con el Cardenal Carlos Aguiar -su gran protector-, dos con el Cardenal Jos\u00e9 Francisco Robles Ortega y dos con el Arzobispo Rogelio Cabrera L\u00f3pez). Dicen que su presencia en la Secretar\u00eda General de la CEM, por tanto, se ha hecho y se hace sentir constantemente, sobre todo en asuntos pastorales y pol\u00edticos de alto alcance de aquel pa\u00eds. Hoy, curiosamente la presencia de El Yunque en la Presidencia de la CEM, que lleva el Se\u00f1or Obispo de Cuernavaca, Mons. Ram\u00f3n Castro, es m\u00e1s que evidente, gracias a m\u00faltiples apoyos, iniciativas y por supuesto, \u201cservicios\u201d, que se vienen arrastrando, desde el trienio anterior, cuando \u00e9ste era Secretario General. Todo lo anterior, le permite establecer fuertes nexos con la Secretar\u00eda de Estado, particularmente con el Cardenal Pietro Parol\u00edn, al igual que con el Sustituto, el Arzobispo Venezolano, Mons. Edgar Pe\u00f1a, a quienes sirve y de los cuales se sirve. Su carrera ha sido ascendente, precisamente al estilo de El Yunque: llevar expedientes, redactarles documentos oficiales, tejer alianzas de poder, ocupar cargos, tener injerencias con el fin de mantener una agenda en temas \u00e1lgidos de car\u00e1cter pol\u00edtico-social: aborto, eutanasia, migraci\u00f3n, nombramientos eclesiales y pol\u00edticos de todo tipo, laicidad, relaciones Iglesia-Estado, etc.<\/p>\n\n\n\n<p>8.\u2060 \u2060RGL goza de un fuerte apoyo econ\u00f3mico, que le permite sostener el CISAV, as\u00ed como su propia agenda, que implica numerosos viajes, al igual que un personal considerable.<\/p>\n\n\n\n<p>Entre algunos de sus patrocinadores est\u00e1 un empresario constructor muy vinculado a la Confederaci\u00f3n Patronal de la Rep\u00fablica Mexicana (COPARMEX), el Arq. Jos\u00e9 Ignacio Mariscal Torroella, yerno de Don Lorenzo Servitje, fundador de una de las m\u00e1s grandes panificadoras en el mundo, BIMBO. Dicha Confederaci\u00f3n Patronal, ha sido uno de los bastiones de El Yunque, en el que participan, por ejemplo, el Ing. Bernardo Ardav\u00edn Migoni (t\u00edo de Emilio Ba\u00f1os Ardav\u00edn, Rector de la UPAEP), as\u00ed como el panista Gerardo Aranda Orozco, quien es actualmente Consejero Delegado de ALIARSE (Movimiento de Asociaci\u00f3n para la Responsabilidad Social) y del Consejero de Voces de Liderazgo Humanista. Este \u00faltimo personaje, ha sido, tambi\u00e9n, Presidente Nacional de COPARMEX y presidi\u00f3 la FUNDEMEX (Fundaci\u00f3n del Empresariado Mexicano), organismo derivado del Consejo Coordinador Empresarial. Es evidente que RGL utiliza a los prelados para pedir grandes apoyos econ\u00f3micos y pol\u00edticos, con el pretexto de \u201cimpulsar\u201d y \u201cdefender\u201d el Magisterio del Papa Francisco, sin practicarlo ni obedecerlo, en tanto que en lugar de guiarse por los criterios evang\u00e9licos m\u00e1s aut\u00e9nticos, opera con criterios mezquinos propios de esas estructuras fascistoides. Quiz\u00e1 RGL no forma parte ya, propiamente, de El Yunque, como \u00e9l se\u00f1ala, sin embargo opera bajo su mismo ADN y se instrumentalizan mutuamente.<\/p>\n\n\n\n<p>9.\u2060 \u2060Una de las preguntas que emergen naturalmente al conocer la historia de El Yunque, es por qu\u00e9 los nuncios apost\u00f3licos en M\u00e9xico, no han puesto l\u00edmites a esta agrupaci\u00f3n sectaria, que naci\u00f3 a mediados del siglo pasado y se ha expandido a m\u00faltiples pa\u00edses, bajo una espiritualidad equ\u00edvoca, trasnochada, servilista y profundamente politizada. La respuesta es simple: est\u00e1n rebasados por estas estructuras de poder. En M\u00e9xico, particularmente se camuflajea a trav\u00e9s de otras instituciones eclesiales: Legionarios de Cristo-Regnum Christi, Opus Dei, Uni\u00f3n Social de Empresarios de M\u00e9xico, Frente Nacional por la Familia, Uni\u00f3n Nacional de Padres de Familia, Red Familia, y por supuesto, las mismas universidades que conforman su red: Universidad Intercontinental (UIC), que es de los Misioneros de Guadalupe pero es administrada por ellos, actualmente bajo el Rectorado de Hugo Avenda\u00f1o, quien sucedi\u00f3 al citado Bernardo Ardav\u00edn; la ya referida UPAEP; la Universidad Vasco de Quiroga (UVAQ), con presencia en los Estados de Michoac\u00e1n, Guanajuato, San Luis Potos\u00ed, cuya Rectora es la Lic. Lydia Nava V\u00e1zquez, por cierto actual Vicepresidenta de Vinculaci\u00f3n de la ya referida COPARMEX. Seg\u00fan Bernardo Barranco, periodista y acad\u00e9mico de El Colegio de M\u00e9xico, en una editorial en La Jornada,&nbsp;<a href=\"https:\/\/www.jornada.com.mx\/notas\/2021\/08\/18\/politica\/el-yunque-siniestro-brazo-de-la-iglesia\/\" target=\"_blank\" rel=\"noreferrer noopener\">titulada \u201cEl Yunque: Siniestro brazo de la Iglesia\u201d,<\/a>&nbsp;publicada el 18 de agosto de 2021, \u201cesta agrupaci\u00f3n tiene influencia y poder en 50 pa\u00edses, con una fuerte red pol\u00edtica, social y econ\u00f3mica\u201d, que rebasa en mucho la jurisdicci\u00f3n de la iglesia local, y tiene fuerte influencia en la Santa Sede, particularmente, en la Secretar\u00eda de Estado, como ya se se\u00f1al\u00f3.<\/p>\n\n\n\n<p>10.\u2060 \u2060Es oportuno puntualizar que m\u00faltiples intelectuales y acad\u00e9micos mexicanos, muy cercanos a RGL, en alg\u00fan tiempo de su vida, han externado su desavenencia frente al proceder de \u00e9l, as\u00ed como de El Yunque. Est\u00e1 por ejemplo, el Dr. Jorge Traslosheros Hern\u00e1ndez, Acad\u00e9mico del Instituto de Investigaciones Hist\u00f3ricas de la UNAM, quien public\u00f3 en el peri\u00f3dico La Raz\u00f3n, una editorial interesant\u00edsima:&nbsp;<a href=\"https:\/\/www.razon.com.mx\/opinion\/2015\/03\/14\/el-yunque-hora-de-salir-del-escondite\/\" target=\"_blank\" rel=\"noreferrer noopener\">\u201cEl Yunque, hora de salir del escondite\u201d<\/a>, de fecha 13 de marzo de 2015. Lo anterior, a prop\u00f3sito de una serie de reportajes y entrevistas que public\u00f3 el medio cat\u00f3lico Aleteia.org, al respecto. El breve texto no tiene desperdicio, puntualiza, por ejemplo: \u201cLa Iglesia se opone decididamente a las sociedades secretas por una sencilla y evang\u00e9lica raz\u00f3n: \u00a1no se puede predicar el Evangelio en lo oscurito!\u2026 Donde quiera que se encuentren, quienes sean, a los yunques les lleg\u00f3 el momento de abandonar su nefasto catolicismo vergonzante. Es la hora, siempre es la hora, de salir del escondite e integrarse como Dios manda a la Iglesia y a la sociedad civil o, de lo contrario, renunciar a sus pretensiones de catolicidad, pues est\u00e1n en contradicci\u00f3n misma con la Iglesia\u201d. Por otro lado, es muy interesante estudiar detenidamente la historia reciente de la Asociaci\u00f3n Mexicana de Instituciones de Educaci\u00f3n Superior de Inspiraci\u00f3n Cristiana (AMIESIC), en sus \u00faltimos diez a\u00f1os, pues \u00e9sta no ha sido m\u00e1s que el abandono de sus instituciones miembros, al prevalecer el criterio yunque, mismo que ha sido respaldado por los Legionarios de Cristo, principalmente. Su membres\u00eda ha disminuido dr\u00e1sticamente, de m\u00e1s de cincuenta asociaciones a treinta y cuatro, seg\u00fan presenta su propia p\u00e1gina de internet. Dialogar con lasallistas, jesuitas, salesianos, maristas, que prefirieron conformar sus propias redes de universidades para un trabajo propio, es sumamente interesante y develador.<\/p>\n\n\n\n<p>11.\u2060 \u2060Menci\u00f3n especial merece la participaci\u00f3n de la Universidad del Valle de Atemajac (UNIVA), universidad cat\u00f3lica de la Arquidi\u00f3cesis de Guadalajara, M\u00e9xico, en dichas asociaciones de universidades, en donde prevalece, o quiere hacerse prevalecer, el criterio y las pr\u00e1cticas de El Yunque. Su rector, el Pbro. Francisco Ram\u00edrez Y\u00e1\u00f1ez, en el a\u00f1o 2022, dej\u00f3 la Presidencia de ODUCAL al argentino Rodolfo Gallo Cornejo, y asumi\u00f3 el cargo de Presidente de la ya referida AMIESIC, hasta el d\u00eda de hoy. Por cierto, la misma UNIVA ser\u00e1 la organizadora de las pr\u00f3ximas Asambleas Electivas tanto de ODUCAL como de la FIUC. Adem\u00e1s, el muy reciente Cardenal Jos\u00e9 Tolentino de Mendon\u00e7a, Prefecto del Dicasterio para la Cultura y la Educaci\u00f3n de la Santa Sede, tiene colaborando con \u00e9l, al Pbro. Benjam\u00edn Aguirre, del clero de Guadalajara, que dicen, facilita todas las relaciones entre El Yunque y las instituciones universitarias m\u00e1s cercanas. \u00bfSabr\u00e1 de su existencia, modus operandi, etc.?<\/p>\n\n\n\n<p>12.\u2060 \u2060La \u00faltima pregunta que emerge, es si los Obispos de M\u00e9xico, de Espa\u00f1a y la misma Santa Sede, lograr\u00e1n ir m\u00e1s all\u00e1 de los altos jerarcas contaminados y atrapados por El Yunque. En M\u00e9xico, por lo menos, las principales arquidi\u00f3cesis, empezando por la Primada de M\u00e9xico, Puebla, Morelia, Le\u00f3n, Guadalajara, entre otras, est\u00e1n cooptadas por ellos. Es urgente que se sancione de una vez por todas, la presencia de estas asociaciones que est\u00e1n muy lejos del magisterio, estilo, carisma y claridad de pensamiento teol\u00f3gico del Papa Francisco, que de Dios goce. Imag\u00ednese Usted, a lo que sabe el bello y fresco planteamiento de la Sinodalidad, es decir, la espiritualidad de la escucha, que nos lleva a una verdadera comuni\u00f3n, participaci\u00f3n y misi\u00f3n de todo el Pueblo de Dios, frente a secretismos, oscurantismos, apolog\u00e9ticas negativas, equ\u00edvocas e intereses mundanos de poder, puramente pol\u00edtico, de El Yunque.<\/p>\n\n\n\n<p>Dentro de los asuntos que tendr\u00e1 el pr\u00f3ximo Sumo Pont\u00edfice en su escritorio, sin duda estar\u00e1 este tema tan escabroso, pues sabemos que ya son muchos los obispos preocupados, conscientes de este oscuro tema.<\/p>\n\n\n\n<p>Fuente: <a href=\"https:\/\/infovaticana.com\/2025\/04\/29\/preguntas-sobre-el-caso-de-rodrigo-guerra-lopez-despues-del-desaguisado-con-la-academia-de-lideres-catolicos\/\">https:\/\/infovaticana.com\/2025\/04\/29\/preguntas-sobre-el-caso-de-rodrigo-guerra-lopez-despues-del-desaguisado-con-la-academia-de-lideres-catolicos\/<\/a><\/p>\n","protected":false},"excerpt":{"rendered":"<p>Por Jaime Gurpegui\u00a0\/ Infovaticana Iglesia universal El medio de comunicaci\u00f3n mexicano, Sin Embargo.mx, en un&nbsp;art\u00edculo del periodista \u00c1lvaro Delgado, de [&hellip;]<\/p>\n","protected":false},"author":1,"featured_media":98608,"comment_status":"open","ping_status":"open","sticky":false,"template":"","format":"standard","meta":{"site-sidebar-layout":"default","site-content-layout":"","ast-site-content-layout":"default","site-content-style":"default","site-sidebar-style":"default","ast-global-header-display":"","ast-banner-title-visibility":"","ast-main-header-display":"","ast-hfb-above-header-display":"","ast-hfb-below-header-display":"","ast-hfb-mobile-header-display":"","site-post-title":"","ast-breadcrumbs-content":"","ast-featured-img":"","footer-sml-layout":"","theme-transparent-header-meta":"","adv-header-id-meta":"","stick-header-meta":"","header-above-stick-meta":"","header-main-stick-meta":"","header-below-stick-meta":"","astra-migrate-meta-layouts":"default","ast-page-background-enabled":"default","ast-page-background-meta":{"desktop":{"background-color":"var(--ast-global-color-4)","background-image":"","background-repeat":"repeat","background-position":"center center","background-size":"auto","background-attachment":"scroll","background-type":"","background-media":"","overlay-type":"","overlay-color":"","overlay-opacity":"","overlay-gradient":""},"tablet":{"background-color":"","background-image":"","background-repeat":"repeat","background-position":"center center","background-size":"auto","background-attachment":"scroll","background-type":"","background-media":"","overlay-type":"","overlay-color":"","overlay-opacity":"","overlay-gradient":""},"mobile":{"background-color":"","background-image":"","background-repeat":"repeat","background-position":"center center","background-size":"auto","background-attachment":"scroll","background-type":"","background-media":"","overlay-type":"","overlay-color":"","overlay-opacity":"","overlay-gradient":""}},"ast-content-background-meta":{"desktop":{"background-color":"var(--ast-global-color-5)","background-image":"","background-repeat":"repeat","background-position":"center center","background-size":"auto","background-attachment":"scroll","background-type":"","background-media":"","overlay-type":"","overlay-color":"","overlay-opacity":"","overlay-gradient":""},"tablet":{"background-color":"var(--ast-global-color-5)","background-image":"","background-repeat":"repeat","background-position":"center center","background-size":"auto","background-attachment":"scroll","background-type":"","background-media":"","overlay-type":"","overlay-color":"","overlay-opacity":"","overlay-gradient":""},"mobile":{"background-color":"var(--ast-global-color-5)","background-image":"","background-repeat":"repeat","background-position":"center center","background-size":"auto","background-attachment":"scroll","background-type":"","background-media":"","overlay-type":"","overlay-color":"","overlay-opacity":"","overlay-gradient":""}},"footnotes":""},"categories":[8],"tags":[33654,19532,3938,37920,37919,18879,30643,36764,3879],"class_list":["post-98607","post","type-post","status-publish","format-standard","has-post-thumbnail","hentry","category-noticias","tag-academia-de-lideres-catolicos","tag-alvaro-delgado","tag-cisav","tag-dr-fernando-sanchez-campos","tag-el-yunque","tag-emilio-banos-ardavin","tag-oducal","tag-rodrigo-guerra-lopez","tag-upaep"],"_links":{"self":[{"href":"https:\/\/losperiodistas.com.mx\/portal\/wp-json\/wp\/v2\/posts\/98607","targetHints":{"allow":["GET"]}}],"collection":[{"href":"https:\/\/losperiodistas.com.mx\/portal\/wp-json\/wp\/v2\/posts"}],"about":[{"href":"https:\/\/losperiodistas.com.mx\/portal\/wp-json\/wp\/v2\/types\/post"}],"author":[{"embeddable":true,"href":"https:\/\/losperiodistas.com.mx\/portal\/wp-json\/wp\/v2\/users\/1"}],"replies":[{"embeddable":true,"href":"https:\/\/losperiodistas.com.mx\/portal\/wp-json\/wp\/v2\/comments?post=98607"}],"version-history":[{"count":1,"href":"https:\/\/losperiodistas.com.mx\/portal\/wp-json\/wp\/v2\/posts\/98607\/revisions"}],"predecessor-version":[{"id":98609,"href":"https:\/\/losperiodistas.com.mx\/portal\/wp-json\/wp\/v2\/posts\/98607\/revisions\/98609"}],"wp:featuredmedia":[{"embeddable":true,"href":"https:\/\/losperiodistas.com.mx\/portal\/wp-json\/wp\/v2\/media\/98608"}],"wp:attachment":[{"href":"https:\/\/losperiodistas.com.mx\/portal\/wp-json\/wp\/v2\/media?parent=98607"}],"wp:term":[{"taxonomy":"category","embeddable":true,"href":"https:\/\/losperiodistas.com.mx\/portal\/wp-json\/wp\/v2\/categories?post=98607"},{"taxonomy":"post_tag","embeddable":true,"href":"https:\/\/losperiodistas.com.mx\/portal\/wp-json\/wp\/v2\/tags?post=98607"}],"curies":[{"name":"wp","href":"https:\/\/api.w.org\/{rel}","templated":true}]}}