{"id":98601,"date":"2025-04-29T08:55:41","date_gmt":"2025-04-29T14:55:41","guid":{"rendered":"https:\/\/losperiodistas.com.mx\/portal\/?p=98601"},"modified":"2025-04-29T08:55:42","modified_gmt":"2025-04-29T14:55:42","slug":"la-casa-blanca-denuncia-a-amazon-por-su-plan-de-revelar-el-costo-de-los-aranceles-estadounidenses-reuters","status":"publish","type":"post","link":"https:\/\/losperiodistas.com.mx\/portal\/la-casa-blanca-denuncia-a-amazon-por-su-plan-de-revelar-el-costo-de-los-aranceles-estadounidenses-reuters\/","title":{"rendered":"La Casa Blanca denuncia a Amazon por su plan de revelar el costo de los aranceles estadounidenses | Reuters"},"content":{"rendered":"\n<figure class=\"wp-block-image\"><img decoding=\"async\" src=\"https:\/\/www.reuters.com\/resizer\/v2\/URVD5XUTIJK3LMS5O4ESIEMS44.jpg?auth=42737a15ce95ee6054a5102290ee99f93a3f28927f9f594dd48896e8871ad51a&amp;width=1080&amp;quality=80\" alt=\"El secretario de prensa de la Casa Blanca, Leavitt, ofrece una sesi\u00f3n informativa en la Casa Blanca en Washington.\"\/><figcaption class=\"wp-element-caption\">Art\u00edculo 1 de 2 El secretario del Tesoro de Estados Unidos, Scott Bessent, responde a preguntas de la secretaria de prensa de la Casa Blanca, Karoline Leavitt, durante una conferencia de prensa en la Casa Blanca en Washington, Estados Unidos, el 29 de abril de 2025. REUTERS\/Leah Millis<\/figcaption><\/figure>\n\n\n\n<p><\/p>\n\n\n\n<p class=\"has-vivid-red-color has-text-color has-link-color has-medium-font-size wp-elements-d8fe7a20525a9fb8406a2989216a9fe9\"><strong>Por\u00a0<a href=\"https:\/\/www.reuters.com\/authors\/andrea-shalal\/\">Andrea Shalal\u00a0<\/a>y\u00a0<a href=\"https:\/\/www.reuters.com\/authors\/steve-holland\/\">Steve Holland<\/a> \/ Reuters<\/strong><\/p>\n\n\n\n<p>WASHINGTON, 29 abr (Reuters) &#8211; La Casa Blanca denunci\u00f3 el martes los supuestos planes de Amazon de revelar el costo que los aranceles estadounidenses impuestos por el presidente Donald Trump estaban agregando a sus productos, y critic\u00f3 al gigante minorista por sus v\u00ednculos pasados \u200b\u200bcon China.<\/p>\n\n\n\n<p>La secretaria de prensa de la Casa Blanca, Karoline Leavitt, dijo que hab\u00eda discutido el plan de Amazon, informado anteriormente por Punchbowl News, con Trump, y su mensaje al respecto fue: \u00abEste es un acto hostil y pol\u00edtico por parte de Amazon\u00bb.<\/p>\n\n\n\n<p>Los comentarios hicieron que las acciones de Amazon \u00abAMZN.O\u00bb cayeran un 2,2% en las operaciones previas a la apertura del mercado.Amazon no respondi\u00f3 de inmediato a las solicitudes de comentarios sobre el informe de Punchbowl o la declaraci\u00f3n de la Casa Blanca.<\/p>\n\n\n\n<p>Trump ha impuesto un tsunami de aranceles a los socios comerciales de Estados Unidos, incluida China, cuyos costos arancelarios han aumentado un 145% desde que Trump asumi\u00f3 el cargo.<\/p>\n\n\n\n<p>\u00ab\u00bfPor qu\u00e9 Amazon no hizo esto cuando la administraci\u00f3n Biden elev\u00f3 la inflaci\u00f3n a su nivel m\u00e1s alto en 40 a\u00f1os?\u00bb, pregunt\u00f3 Leavitt a la prensa en una rueda de prensa en la Casa Blanca.<\/p>\n\n\n\n<p>Leavitt dijo que la decisi\u00f3n de Amazon no fue una sorpresa dado un\u00a0<a href=\"https:\/\/www.reuters.com\/world\/china\/amazon-partnered-with-china-propaganda-arm-win-beijings-favor-document-shows-2021-12-17\/\">informe de Reuters<\/a>\u00a0de 2021 de que la compa\u00f1\u00eda tecnol\u00f3gica se hab\u00eda asociado con un \u00abbrazo de propaganda chino\u00bb.<\/p>\n\n\n\n<p>La Casa Blanca tuite\u00f3 un enlace al informe de Reuters el martes por la ma\u00f1ana.<\/p>\n\n\n\n<p>\u00abEsta es otra raz\u00f3n por la que los estadounidenses deber\u00edan comprar productos estadounidenses\u00bb, dijo, destacando los esfuerzos de la administraci\u00f3n Trump para fortalecer las cadenas de suministro cr\u00edticas e impulsar la fabricaci\u00f3n nacional.<\/p>\n\n\n\n<p>Informaci\u00f3n de Andrea Shalal y Steve Holland; informaci\u00f3n adicional de David Shephardson en Washington y Sophia Deborah en Bengaluru; edici\u00f3n de Chizu Nomiyama y Alistair Bell.<\/p>\n\n\n\n<p>Fuente: <a href=\"https:\/\/www.reuters.com\/business\/retail-consumer\/white-house-amazon-tariff-price-announcement-is-hostile-2025-04-29\/\">https:\/\/www.reuters.com\/business\/retail-consumer\/white-house-amazon-tariff-price-announcement-is-hostile-2025-04-29\/<\/a><\/p>\n","protected":false},"excerpt":{"rendered":"<p>Por\u00a0Andrea Shalal\u00a0y\u00a0Steve Holland \/ Reuters WASHINGTON, 29 abr (Reuters) &#8211; La Casa Blanca denunci\u00f3 el martes los supuestos planes de [&hellip;]<\/p>\n","protected":false},"author":1,"featured_media":98602,"comment_status":"open","ping_status":"open","sticky":false,"template":"","format":"standard","meta":{"site-sidebar-layout":"default","site-content-layout":"","ast-site-content-layout":"default","site-content-style":"default","site-sidebar-style":"default","ast-global-header-display":"","ast-banner-title-visibility":"","ast-main-header-display":"","ast-hfb-above-header-display":"","ast-hfb-below-header-display":"","ast-hfb-mobile-header-display":"","site-post-title":"","ast-breadcrumbs-content":"","ast-featured-img":"","footer-sml-layout":"","theme-transparent-header-meta":"","adv-header-id-meta":"","stick-header-meta":"","header-above-stick-meta":"","header-main-stick-meta":"","header-below-stick-meta":"","astra-migrate-meta-layouts":"default","ast-page-background-enabled":"default","ast-page-background-meta":{"desktop":{"background-color":"var(--ast-global-color-4)","background-image":"","background-repeat":"repeat","background-position":"center center","background-size":"auto","background-attachment":"scroll","background-type":"","background-media":"","overlay-type":"","overlay-color":"","overlay-opacity":"","overlay-gradient":""},"tablet":{"background-color":"","background-image":"","background-repeat":"repeat","background-position":"center center","background-size":"auto","background-attachment":"scroll","background-type":"","background-media":"","overlay-type":"","overlay-color":"","overlay-opacity":"","overlay-gradient":""},"mobile":{"background-color":"","background-image":"","background-repeat":"repeat","background-position":"center center","background-size":"auto","background-attachment":"scroll","background-type":"","background-media":"","overlay-type":"","overlay-color":"","overlay-opacity":"","overlay-gradient":""}},"ast-content-background-meta":{"desktop":{"background-color":"var(--ast-global-color-5)","background-image":"","background-repeat":"repeat","background-position":"center center","background-size":"auto","background-attachment":"scroll","background-type":"","background-media":"","overlay-type":"","overlay-color":"","overlay-opacity":"","overlay-gradient":""},"tablet":{"background-color":"var(--ast-global-color-5)","background-image":"","background-repeat":"repeat","background-position":"center center","background-size":"auto","background-attachment":"scroll","background-type":"","background-media":"","overlay-type":"","overlay-color":"","overlay-opacity":"","overlay-gradient":""},"mobile":{"background-color":"var(--ast-global-color-5)","background-image":"","background-repeat":"repeat","background-position":"center center","background-size":"auto","background-attachment":"scroll","background-type":"","background-media":"","overlay-type":"","overlay-color":"","overlay-opacity":"","overlay-gradient":""}},"footnotes":""},"categories":[8],"tags":[37914,17118],"class_list":["post-98601","post","type-post","status-publish","format-standard","has-post-thumbnail","hentry","category-noticias","tag-amazon-y-casa-blanca","tag-aranceles"],"_links":{"self":[{"href":"https:\/\/losperiodistas.com.mx\/portal\/wp-json\/wp\/v2\/posts\/98601","targetHints":{"allow":["GET"]}}],"collection":[{"href":"https:\/\/losperiodistas.com.mx\/portal\/wp-json\/wp\/v2\/posts"}],"about":[{"href":"https:\/\/losperiodistas.com.mx\/portal\/wp-json\/wp\/v2\/types\/post"}],"author":[{"embeddable":true,"href":"https:\/\/losperiodistas.com.mx\/portal\/wp-json\/wp\/v2\/users\/1"}],"replies":[{"embeddable":true,"href":"https:\/\/losperiodistas.com.mx\/portal\/wp-json\/wp\/v2\/comments?post=98601"}],"version-history":[{"count":1,"href":"https:\/\/losperiodistas.com.mx\/portal\/wp-json\/wp\/v2\/posts\/98601\/revisions"}],"predecessor-version":[{"id":98603,"href":"https:\/\/losperiodistas.com.mx\/portal\/wp-json\/wp\/v2\/posts\/98601\/revisions\/98603"}],"wp:featuredmedia":[{"embeddable":true,"href":"https:\/\/losperiodistas.com.mx\/portal\/wp-json\/wp\/v2\/media\/98602"}],"wp:attachment":[{"href":"https:\/\/losperiodistas.com.mx\/portal\/wp-json\/wp\/v2\/media?parent=98601"}],"wp:term":[{"taxonomy":"category","embeddable":true,"href":"https:\/\/losperiodistas.com.mx\/portal\/wp-json\/wp\/v2\/categories?post=98601"},{"taxonomy":"post_tag","embeddable":true,"href":"https:\/\/losperiodistas.com.mx\/portal\/wp-json\/wp\/v2\/tags?post=98601"}],"curies":[{"name":"wp","href":"https:\/\/api.w.org\/{rel}","templated":true}]}}