{"id":98569,"date":"2025-04-29T07:13:41","date_gmt":"2025-04-29T13:13:41","guid":{"rendered":"https:\/\/losperiodistas.com.mx\/portal\/?p=98569"},"modified":"2025-04-29T07:13:42","modified_gmt":"2025-04-29T13:13:42","slug":"congregacion-general-dom-ogliari-que-el-conclave-se-abra-a-la-libertad-del-espiritu","status":"publish","type":"post","link":"https:\/\/losperiodistas.com.mx\/portal\/congregacion-general-dom-ogliari-que-el-conclave-se-abra-a-la-libertad-del-espiritu\/","title":{"rendered":"Congregaci\u00f3n General, Dom Ogliari: que el c\u00f3nclave se abra a la libertad del Esp\u00edritu"},"content":{"rendered":"\n<p class=\"has-medium-font-size\">En la sexta reuni\u00f3n de los cardenales reunidos con vistas a la elecci\u00f3n del sucesor de Francisco, el abad benedictino de San Pablo Extramuros inst\u00f3 a poner a Cristo en el centro, por una Iglesia abierta a la fraternidad y al di\u00e1logo, que trabaje por el bien del mundo y por la paz<\/p>\n\n\n\n<figure class=\"wp-block-image size-large\"><img fetchpriority=\"high\" decoding=\"async\" width=\"1024\" height=\"675\" src=\"https:\/\/losperiodistas.com.mx\/portal\/wp-content\/uploads\/2025\/04\/cq5dam.thumbnail.cropped.1500.844-3-1024x675.jpeg\" alt=\"\" class=\"wp-image-98570\" srcset=\"https:\/\/losperiodistas.com.mx\/portal\/wp-content\/uploads\/2025\/04\/cq5dam.thumbnail.cropped.1500.844-3-1024x675.jpeg 1024w, https:\/\/losperiodistas.com.mx\/portal\/wp-content\/uploads\/2025\/04\/cq5dam.thumbnail.cropped.1500.844-3-300x198.jpeg 300w, https:\/\/losperiodistas.com.mx\/portal\/wp-content\/uploads\/2025\/04\/cq5dam.thumbnail.cropped.1500.844-3-768x506.jpeg 768w, https:\/\/losperiodistas.com.mx\/portal\/wp-content\/uploads\/2025\/04\/cq5dam.thumbnail.cropped.1500.844-3.jpeg 1280w\" sizes=\"(max-width: 1024px) 100vw, 1024px\" \/><figcaption class=\"wp-element-caption\">La oraci\u00f3n inicial de la Sexta Congregaci\u00f3n general de los cardenales \u00a0 (VATICAN MEDIA Divisione Foto)<\/figcaption><\/figure>\n\n\n\n<p class=\"has-vivid-red-color has-text-color has-link-color has-medium-font-size wp-elements-dddcc0e7f9fe439289c044f0de2dc557\"><strong>Isabella Piro \/ Vatican News<\/strong><\/p>\n\n\n\n<p>El C\u00f3nclave no debe ser un \u00ablugar cerrado\u00bb (como dice el propio t\u00e9rmino), sino un \u00abCen\u00e1culo\u00bb abierto de par en par al mundo entero, en el que impere \u00abla libertad del Esp\u00edritu\u00bb que \u00abrejuvenece, purifica, crea\u00bb. Esta es la esperanza expresada por el abad benedictino de San Pablo Extramuros, Dom Donato Ogliari, que pronunci\u00f3 la meditaci\u00f3n de apertura de la Sexta Congregaci\u00f3n General esta ma\u00f1ana, 29 de abril, en el Aula Nueva del S\u00ednodo. A ella asistieron los cardenales llegados a Roma en v\u00edsperas del c\u00f3nclave, que comenzar\u00e1 el 7 de mayo y deber\u00e1 elegir al sucesor del Papa Francisco. El Esp\u00edritu, dese\u00f3 el abad, ser\u00e1 \u00abel protagonista principal\u00bb de los di\u00e1logos, de las \u00abdin\u00e1micas, a veces dial\u00e9cticas\u00bb que caracterizan \u00abtodo encuentro humano\u00bb, para que encienda las mentes e ilumine los ojos\u00bb por \u201cel bien de la Iglesia y del mundo entero\u201d.<\/p>\n\n\n\n<h2 class=\"wp-block-heading\">Un momento crucial para la Iglesia<\/h2>\n\n\n\n<p>Abriendo su meditaci\u00f3n, Dom Ogliari subray\u00f3 c\u00f3mo, \u00aben un momento tan cargado de consecuencias para la Iglesia\u00bb, como el de la elecci\u00f3n del Pont\u00edfice, es necesario recomponer alma, mente y coraz\u00f3n en torno a la persona de Jes\u00fas: es \u00c9l, en efecto, a quien la Iglesia \u00abest\u00e1 llamada a anunciar y testimoniar al mundo\u00bb. Y si \u00aben el centro de la misi\u00f3n\u00bb no est\u00e1 Cristo, entonces la Iglesia ser\u00eda s\u00f3lo \u00abuna instituci\u00f3n fr\u00eda y est\u00e9ril\u00bb. De ah\u00ed la exhortaci\u00f3n del benedictino a \u00abreposicionarse\u00bb cada d\u00eda sobre esta certeza, porque s\u00f3lo as\u00ed ser\u00e1 posible evitar \u00abser fagocitados por los halagos del mundo y por las f\u00e1ciles v\u00edas de escape que nos propone\u00bb. Que Cristo, a\u00f1adi\u00f3 Dom Ogliari, sea el aliento, la br\u00fajula y la estrella polar del Colegio Cardenalicio.<\/p>\n\n\n\n<h2 class=\"wp-block-heading\">Ser abiertos, valientes y prof\u00e9ticos&nbsp;<\/h2>\n\n\n\n<p>Al mismo tiempo, el abad de San Pablo Extramuros, record\u00f3 la importancia de aprender de Jes\u00fas la mansedumbre y la humildad, el amor misericordioso y compasivo: una Iglesia as\u00ed enraizada, de hecho, es \u00ababierta, valiente, prof\u00e9tica\u00bb, \u00ababorrece las palabras y los gestos violentos\u00bb, se convierte en la voz de los sin voz. Una Iglesia enraizada en Cristo, prosigui\u00f3, es \u00abmaestra de fraternidad\u00bb, marcada por el respeto, el di\u00e1logo, la \u00abcultura del encuentro y la construcci\u00f3n de puentes y no de muros, como siempre nos ha invitado a hacer el Papa Francisco\u00bb.<\/p>\n\n\n\n<figure class=\"wp-block-image\"><img decoding=\"async\" src=\"https:\/\/www.vaticannews.va\/content\/dam\/vaticannews\/agenzie\/images\/srv\/2025\/04\/29\/2025-04-29-6--congregazione-cardinali\/1745913439506.JPG\/_jcr_content\/renditions\/cq5dam.thumbnail.cropped.750.422.jpeg\" alt=\"Un momento de la reuni\u00f3n entre los cardenales\" title=\"Un momento de la reuni\u00f3n entre los cardenales\"\/><\/figure>\n\n\n\n<p>Un momento de la reuni\u00f3n entre los cardenales &nbsp; (VATICAN MEDIA Divisione Foto)<\/p>\n\n\n\n<h2 class=\"wp-block-heading\">Sigue mirando lo \u00faltimo de la tierra<\/h2>\n\n\n\n<p>Madre y no madrastra, lejos de la autorreferencialidad, dispuesta a salir al encuentro de aquellos \u201chermanos y hermanas en la humanidad\u201d que no forman parte de ella, la Iglesia arraigada en Cristo es sobre todo la que pone en el centro a los descartados, a los pobres, a los desheredados, a los \u00faltimos. Al respecto, Dom Ogliari se centr\u00f3 en la \u201ccategor\u00eda teol\u00f3gica\u201d introducida por el difunto Papa Bergoglio, seg\u00fan la cual la pobreza, m\u00e1s que un problema sociol\u00f3gico y \u00e9tico, es \u201cuna cuesti\u00f3n que concierne a la doctrina\u201d. Por eso, el benedictino dijo estar seguro de que la Iglesia \u00abno dejar\u00e1 de tener los ojos y el coraz\u00f3n bien abiertos sobre los \u00faltimos de la tierra\u00bb, so\u00f1ando \u00abincluso con lo que parece imposible\u00bb.<\/p>\n\n\n\n<h2 class=\"wp-block-heading\">El camino sinodal: participaci\u00f3n y renovaci\u00f3n<\/h2>\n\n\n\n<p>Luego, instando a los presentes a \u201csometerse al escrutinio del Esp\u00edritu\u201d para purificar sus corazones de todo lo que \u201cno coincide con el pensamiento de Cristo\u201d, Dom Ogliari record\u00f3 la importancia de la unidad y la comuni\u00f3n de la Iglesia, entendida como \u201cunidad plural y comuni\u00f3n diversificada\u201d, en la que la alteridad es vista como \u201cposibilidad de confrontaci\u00f3n respetuosa y dial\u00f3gica, de b\u00fasqueda de caminos creativos\u201d para recorrer juntos. De aqu\u00ed naci\u00f3 la reflexi\u00f3n sobre el \u201ccamino sinodal\u201d que \u2013 dijo Dom Ogliari \u2013 junto a \u201calgunas perplejidades o estancamientos\u201d, ha producido sin embargo \u201cparticipaci\u00f3n y renovaci\u00f3n en todos los rincones del mundo\u201d. En esta perspectiva, el abad benedictino inst\u00f3 a una \u201cuni\u00f3n fruct\u00edfera\u201d entre la Iglesia como instituci\u00f3n jer\u00e1rquica y la Iglesia como fieles laicos, ambas esenciales para la construcci\u00f3n de una Iglesia como comuni\u00f3n. Desde esta perspectiva, el camino o proceso sinodal puede hacer m\u00e1s eficaz la misi\u00f3n de la Iglesia en la sociedad, iniciando c\u00edrculos virtuosos entre comuni\u00f3n, participaci\u00f3n y misi\u00f3n.<\/p>\n\n\n\n<h2 class=\"wp-block-heading\">Los desaf\u00edos de la Iglesia en el mundo<\/h2>\n\n\n\n<p>Dom Ogliari dedic\u00f3 luego gran parte de su meditaci\u00f3n a los desaf\u00edos de la Iglesia en el mundo, citando el cambio antropol\u00f3gico, las guerras fratricidas, las autocracias y los nacionalismos, los liberalismos postcapitalistas basados \u200b\u200ben el puro beneficio, la devastaci\u00f3n de la Creaci\u00f3n, los riesgos vinculados a las nuevas tecnociencias, las migraciones y \u00abla incapacidad de la pol\u00edtica para encontrar soluciones que respeten el principio sagrado de la acogida, la solidaridad y la inclusi\u00f3n\u00bb; la secularizaci\u00f3n \u201cgeneralizada e invasiva\u201d de las sociedades occidentales en particular. Se trata de una encrucijada, subray\u00f3 el abad, ante la cual la Iglesia est\u00e1 llamada a recorrer \u201csin miedo\u201d el camino del di\u00e1logo, \u201cintensificado por el Papa Francisco en todos los frentes\u201d, como \u201celemento constitutivo de la misi\u00f3n eclesial\u201d.<\/p>\n\n\n\n<h2 class=\"wp-block-heading\">Los desaf\u00edos internos de la Iglesia<\/h2>\n\n\n\n<p>Dom Ogliari no dej\u00f3 de referirse a los desaf\u00edos internos de la Iglesia, como la \u00abherida purulenta\u00bb de los abusos, la rarefacci\u00f3n de las vocaciones sacerdotales y religiosas, la b\u00fasqueda de nuevos lenguajes para el hombre de hoy, el papel de la mujer, el riesgo del clericalismo y la burocratizaci\u00f3n del ministerio sacerdotal. Todo esto, a\u00f1adi\u00f3, no es una \u201cautocompasi\u00f3n est\u00e9ril\u201d, sino m\u00e1s bien un incentivo para recordar simult\u00e1neamente \u201cel inmenso bien que la Iglesia hace en toda latitud\u201d, incluso all\u00ed donde profesar la fe cristiana implica \u201costracismo o muerte\u201d. De ah\u00ed la invitaci\u00f3n a ver, en medio de tantos desaf\u00edos, \u00abla presencia viva del Resucitado\u00bb que acompa\u00f1a a su Iglesia tambi\u00e9n en medio de las dificultades de la historia.<\/p>\n\n\n\n<figure class=\"wp-block-image\"><img decoding=\"async\" src=\"https:\/\/www.vaticannews.va\/content\/dam\/vaticannews\/agenzie\/images\/srv\/2025\/04\/29\/2025-04-29-6--congregazione-cardinali\/1745913440827.JPG\/_jcr_content\/renditions\/cq5dam.thumbnail.cropped.750.422.jpeg\" alt=\"Algunos cardenales en la Sexta Congregaci\u00f3n General\" title=\"Algunos cardenales en la Sexta Congregaci\u00f3n General\"\/><\/figure>\n\n\n\n<p>Algunos cardenales en la Sexta Congregaci\u00f3n General &nbsp; (VATICAN MEDIA Divisione Foto)<\/p>\n\n\n\n<h2 class=\"wp-block-heading\">Paciencia y esperanza<\/h2>\n\n\n\n<p>El benedictino utiliz\u00f3 adem\u00e1s otra imagen para representar a la Iglesia: la del taller de un alfarero o la del Se\u00f1or. De hecho, moldea la arcilla para crear algo \u201cbello y significativo\u201d y con su paciente trabajo nos ense\u00f1a a \u201cperseverar, a no desanimarnos, a no rendirnos\u201d ante el fracaso. En \u00faltimo t\u00e9rmino, como ense\u00f1\u00f3 el Papa Bergoglio, la paciencia \u201ctiene mucho que ver con la esperanza\u201d, de la que es a la vez hija y sost\u00e9n. En esta perspectiva, a\u00f1adi\u00f3 Dom Ogliari, \u00abuna Iglesia que sabe ser paciente es una Iglesia que sabe esperar, apasionada por el futuro\u00bb, desde el que Dios sale al encuentro de la humanidad.<\/p>\n\n\n\n<h2 class=\"wp-block-heading\">El modelo de Santa Catalina de Siena<\/h2>\n\n\n\n<p>Por \u00faltimo, el d\u00eda en el que Italia y Europa celebran la fiesta lit\u00fargica de Santa Catalina de Siena, el abad de San Pablo Extramuros invit\u00f3 a los cardenales a mirar a Aquella que \u2013 \u201cloca de amor por Cristo\u201d \u2013 trabaj\u00f3 incansablemente \u201cpor la reforma y la unidad de la Iglesia, por la paz y por el Papa\u201d.<\/p>\n\n\n\n<p>Fuente: <a href=\"https:\/\/www.vaticannews.va\/es\/vaticano\/news\/2025-04\/sexta-congregacion-general-padre-ogliari-conclave-cardenales.html\">https:\/\/www.vaticannews.va\/es\/vaticano\/news\/2025-04\/sexta-congregacion-general-padre-ogliari-conclave-cardenales.html<\/a><\/p>\n","protected":false},"excerpt":{"rendered":"<p>En la sexta reuni\u00f3n de los cardenales reunidos con vistas a la elecci\u00f3n del sucesor de Francisco, el abad benedictino [&hellip;]<\/p>\n","protected":false},"author":1,"featured_media":98570,"comment_status":"open","ping_status":"open","sticky":false,"template":"","format":"standard","meta":{"site-sidebar-layout":"default","site-content-layout":"","ast-site-content-layout":"default","site-content-style":"default","site-sidebar-style":"default","ast-global-header-display":"","ast-banner-title-visibility":"","ast-main-header-display":"","ast-hfb-above-header-display":"","ast-hfb-below-header-display":"","ast-hfb-mobile-header-display":"","site-post-title":"","ast-breadcrumbs-content":"","ast-featured-img":"","footer-sml-layout":"","theme-transparent-header-meta":"","adv-header-id-meta":"","stick-header-meta":"","header-above-stick-meta":"","header-main-stick-meta":"","header-below-stick-meta":"","astra-migrate-meta-layouts":"default","ast-page-background-enabled":"default","ast-page-background-meta":{"desktop":{"background-color":"var(--ast-global-color-4)","background-image":"","background-repeat":"repeat","background-position":"center center","background-size":"auto","background-attachment":"scroll","background-type":"","background-media":"","overlay-type":"","overlay-color":"","overlay-opacity":"","overlay-gradient":""},"tablet":{"background-color":"","background-image":"","background-repeat":"repeat","background-position":"center center","background-size":"auto","background-attachment":"scroll","background-type":"","background-media":"","overlay-type":"","overlay-color":"","overlay-opacity":"","overlay-gradient":""},"mobile":{"background-color":"","background-image":"","background-repeat":"repeat","background-position":"center center","background-size":"auto","background-attachment":"scroll","background-type":"","background-media":"","overlay-type":"","overlay-color":"","overlay-opacity":"","overlay-gradient":""}},"ast-content-background-meta":{"desktop":{"background-color":"var(--ast-global-color-5)","background-image":"","background-repeat":"repeat","background-position":"center center","background-size":"auto","background-attachment":"scroll","background-type":"","background-media":"","overlay-type":"","overlay-color":"","overlay-opacity":"","overlay-gradient":""},"tablet":{"background-color":"var(--ast-global-color-5)","background-image":"","background-repeat":"repeat","background-position":"center center","background-size":"auto","background-attachment":"scroll","background-type":"","background-media":"","overlay-type":"","overlay-color":"","overlay-opacity":"","overlay-gradient":""},"mobile":{"background-color":"var(--ast-global-color-5)","background-image":"","background-repeat":"repeat","background-position":"center center","background-size":"auto","background-attachment":"scroll","background-type":"","background-media":"","overlay-type":"","overlay-color":"","overlay-opacity":"","overlay-gradient":""}},"footnotes":""},"categories":[8],"tags":[37632,37907,37908],"class_list":["post-98569","post","type-post","status-publish","format-standard","has-post-thumbnail","hentry","category-noticias","tag-conclave-2025","tag-congregacion-general-cardenales","tag-dom-ogliari"],"_links":{"self":[{"href":"https:\/\/losperiodistas.com.mx\/portal\/wp-json\/wp\/v2\/posts\/98569","targetHints":{"allow":["GET"]}}],"collection":[{"href":"https:\/\/losperiodistas.com.mx\/portal\/wp-json\/wp\/v2\/posts"}],"about":[{"href":"https:\/\/losperiodistas.com.mx\/portal\/wp-json\/wp\/v2\/types\/post"}],"author":[{"embeddable":true,"href":"https:\/\/losperiodistas.com.mx\/portal\/wp-json\/wp\/v2\/users\/1"}],"replies":[{"embeddable":true,"href":"https:\/\/losperiodistas.com.mx\/portal\/wp-json\/wp\/v2\/comments?post=98569"}],"version-history":[{"count":1,"href":"https:\/\/losperiodistas.com.mx\/portal\/wp-json\/wp\/v2\/posts\/98569\/revisions"}],"predecessor-version":[{"id":98571,"href":"https:\/\/losperiodistas.com.mx\/portal\/wp-json\/wp\/v2\/posts\/98569\/revisions\/98571"}],"wp:featuredmedia":[{"embeddable":true,"href":"https:\/\/losperiodistas.com.mx\/portal\/wp-json\/wp\/v2\/media\/98570"}],"wp:attachment":[{"href":"https:\/\/losperiodistas.com.mx\/portal\/wp-json\/wp\/v2\/media?parent=98569"}],"wp:term":[{"taxonomy":"category","embeddable":true,"href":"https:\/\/losperiodistas.com.mx\/portal\/wp-json\/wp\/v2\/categories?post=98569"},{"taxonomy":"post_tag","embeddable":true,"href":"https:\/\/losperiodistas.com.mx\/portal\/wp-json\/wp\/v2\/tags?post=98569"}],"curies":[{"name":"wp","href":"https:\/\/api.w.org\/{rel}","templated":true}]}}