{"id":98565,"date":"2025-04-29T06:57:04","date_gmt":"2025-04-29T12:57:04","guid":{"rendered":"https:\/\/losperiodistas.com.mx\/portal\/?p=98565"},"modified":"2025-04-29T06:57:05","modified_gmt":"2025-04-29T12:57:05","slug":"sanchez-descarga-en-los-operadores-privados-la-responsabilidad-del-apagon-incluyendo-a-red-electrica-el-espanol","status":"publish","type":"post","link":"https:\/\/losperiodistas.com.mx\/portal\/sanchez-descarga-en-los-operadores-privados-la-responsabilidad-del-apagon-incluyendo-a-red-electrica-el-espanol\/","title":{"rendered":"S\u00e1nchez descarga en los \u00aboperadores privados\u00bb la responsabilidad del apag\u00f3n incluyendo a Red El\u00e9ctrica | El Espa\u00f1ol"},"content":{"rendered":"\n<h2 class=\"wp-block-heading\">El presidente mantiene abierta la teor\u00eda del ciberataque pese a desecharla Red El\u00e9ctrica: \u00abSer\u00eda imprudente descartar cualquier hip\u00f3tesis y se\u00f1alar una u otra posibilidad\u00bb.<\/h2>\n\n\n\n<h2 class=\"wp-block-heading has-medium-font-size\"><strong>M\u00e1s informaci\u00f3n:<\/strong>&nbsp;<a href=\"https:\/\/www.elespanol.com\/espana\/tribunales\/20250429\/juez-audiencia-nacional-abre-causa-investigar-apagon-debio-ciberataque-terrorista\/1003743735300_0.html?utm_cmp_rs=subtitle\">Un juez de la Audiencia Nacional abre una causa para investigar si el apag\u00f3n se debi\u00f3 a un ciberataque terrorista<\/a><\/h2>\n\n\n\n<figure class=\"wp-block-image size-large\"><img fetchpriority=\"high\" decoding=\"async\" width=\"1024\" height=\"576\" src=\"https:\/\/losperiodistas.com.mx\/portal\/wp-content\/uploads\/2025\/04\/1003743735494_255175915_1706x960-1024x576.jpeg\" alt=\"\" class=\"wp-image-98566\" srcset=\"https:\/\/losperiodistas.com.mx\/portal\/wp-content\/uploads\/2025\/04\/1003743735494_255175915_1706x960-1024x576.jpeg 1024w, https:\/\/losperiodistas.com.mx\/portal\/wp-content\/uploads\/2025\/04\/1003743735494_255175915_1706x960-300x169.jpeg 300w, https:\/\/losperiodistas.com.mx\/portal\/wp-content\/uploads\/2025\/04\/1003743735494_255175915_1706x960-768x432.jpeg 768w, https:\/\/losperiodistas.com.mx\/portal\/wp-content\/uploads\/2025\/04\/1003743735494_255175915_1706x960-1536x864.jpeg 1536w, https:\/\/losperiodistas.com.mx\/portal\/wp-content\/uploads\/2025\/04\/1003743735494_255175915_1706x960.jpeg 1706w\" sizes=\"(max-width: 1024px) 100vw, 1024px\" \/><figcaption class=\"wp-element-caption\">Pedro S\u00e1nchez este martes en Moncloa durante su comparecencia.\u00a0Diego Radam\u00e9s\u00a0Europa Press<\/figcaption><\/figure>\n\n\n\n<p class=\"has-vivid-red-color has-text-color has-link-color has-medium-font-size wp-elements-89d9e63b5e220028bca80ba188625385\"><strong>David Barreira \/ El Espa\u00f1ol<\/strong><\/p>\n\n\n\n<p><\/p>\n\n\n\n<p><\/p>\n\n\n\n<p id=\"paragraph_1\">\u00abEl Gobierno va a llegar hasta el fondo en este asunto y se van a tomar las medidas necesarias para que esto no vuelva a suceder. Vamos a exigir todas las&nbsp;<strong>responsabilidades pertinentes a todos los operadores privados<\/strong>\u00ab. As\u00ed se ha manifestado este martes&nbsp;<strong><a href=\"https:\/\/www.elespanol.com\/espana\/politica\/20250428\/pedro-sanchez-no-pruebas-concluyentes-origen-apagon-no-descartamos-ninguna-hipotesis\/1003743734017_0.html?utm_cmp_rs=linksinline\">Pedro S\u00e1nchez<\/a><\/strong>&nbsp;en su tercera comparecencia desde el apag\u00f3n masivo que interrumpi\u00f3 el sistema energ\u00e9tico y cuyas causas todav\u00eda se desconocen. El presidente del Gobierno ha descargado en las compa\u00f1\u00edas, incluyendo a Redeia, la responsabilidad de la incidencia,&nbsp;<strong>no ha descartado la posibilidad de un ciberataque<\/strong>&nbsp;y ha anunciado una comisi\u00f3n de investigaci\u00f3n liderada por el Ministerio de Transici\u00f3n Ecol\u00f3gica y Reto Demogr\u00e1fico.<\/p>\n\n\n\n<p id=\"paragraph_2\">Desde el Palacio de la Moncloa y tras la reuni\u00f3n del Consejo de Ministros, S\u00e1nchez ha explicado que el sistema ha reaccionado \u00abcon agilidad\u00bb, los actores p\u00fablicos y privados han actuado \u00abcon eficacia\u00bb y ha celebrado la \u00ableal\u00bb coordinaci\u00f3n entre administraciones p\u00fablicas, adem\u00e1s de pedir \u00abtranquilidad y confianza\u00bb a la ciudadan\u00eda.&nbsp;\u00abEspa\u00f1a afortunadamente, y con todas las cautelas,&nbsp;<a href=\"https:\/\/www.elespanol.com\/reportajes\/20250429\/espana-sumida-oscuridad-lunes-gran-apagon-dejo-millones-silencio\/1003743734168_0.html?utm_cmp_rs=linksinline\">est\u00e1 superando lo peor de la crisis<\/a>&nbsp;y camina con paso firme a&nbsp;<strong>la recuperaci\u00f3n de la plena normalidad<\/strong>\u00ab, ha anunciado, detallando que los principales obst\u00e1culos persisten en el tr\u00e1fico ferroviario.<\/p>\n\n\n\n<p id=\"paragraph_3\">El presidente ha afirmado que la prioridad del Gobierno reside ahora en descubrir qu\u00e9 pas\u00f3 en esos cinco segundos que precipitaron la ca\u00edda del sistema y en los que&nbsp;<a href=\"https:\/\/www.elespanol.com\/espana\/politica\/20250428\/misterio-desaparecidos-sanchez-dice-no-sabe-cayo-red-electrica\/1003743734248_0.html?utm_cmp_rs=linksinline\">\u00abdesaparecieron s\u00fabitamente\u00bb 15 GW de la red el\u00e9ctrica<\/a>. No obstante, ha descartado que el apag\u00f3n se debiese a la falta de potencia nuclear: \u00ab<strong>Las nucleares, lejos de ser una soluci\u00f3n, han sido un problema<\/strong>&nbsp;porque estaban apagadas y ha sido necesario desviar a ellas grandes cantidades de energ\u00eda porque ha sido necesario mantener sus n\u00facleos estables\u00bb.<\/p>\n\n\n\n<figure class=\"wp-block-image size-large\"><img decoding=\"async\" width=\"1024\" height=\"576\" src=\"https:\/\/losperiodistas.com.mx\/portal\/wp-content\/uploads\/2025\/04\/1003743734749_255161758_1706x960-1024x576.webp\" alt=\"\" class=\"wp-image-98567\" srcset=\"https:\/\/losperiodistas.com.mx\/portal\/wp-content\/uploads\/2025\/04\/1003743734749_255161758_1706x960-1024x576.webp 1024w, https:\/\/losperiodistas.com.mx\/portal\/wp-content\/uploads\/2025\/04\/1003743734749_255161758_1706x960-300x169.webp 300w, https:\/\/losperiodistas.com.mx\/portal\/wp-content\/uploads\/2025\/04\/1003743734749_255161758_1706x960-768x432.webp 768w, https:\/\/losperiodistas.com.mx\/portal\/wp-content\/uploads\/2025\/04\/1003743734749_255161758_1706x960-1536x864.webp 1536w, https:\/\/losperiodistas.com.mx\/portal\/wp-content\/uploads\/2025\/04\/1003743734749_255161758_1706x960.webp 1706w\" sizes=\"(max-width: 1024px) 100vw, 1024px\" \/><\/figure>\n\n\n\n<p>El Rey preside la reuni\u00f3n del Consejo de Seguridad Nacional.&nbsp;Fernando Calvo&nbsp;Pool Moncloa<\/p>\n\n\n\n<p id=\"paragraph_4\">S\u00e1nchez ha se\u00f1alado en su intervenci\u00f3n que&nbsp;<a href=\"https:\/\/www.elespanol.com\/invertia\/empresas\/energia\/20250429\/exceso-renovables-redeia-cnmc-avisaron-podrian-provocar-incidentes-suministro\/1003743734335_0.html?utm_cmp_rs=linksinline\">no hubo un \u00abexceso de renovables<\/a>&nbsp;como tampoco hubo una falta de cobertura, de demanda insatisfecha\u00bb: \u00abLa disponibilidad de sistemas de generaci\u00f3n era alta. Quienes est\u00e1n vinculando este problema a la falta de nucleares francamente&nbsp;<strong>o mienten o demuestran su ignorancia<\/strong>\u00ab, ha sentenciado. El l\u00edder del PSOE ha prometido reformas en el sistema el\u00e9ctrico para evitar que una situaci\u00f3n de caos como la de este lunes se vuelva a vivir en toda Espa\u00f1a.<\/p>\n\n\n\n<p id=\"paragraph_5\">No ha sido tan categ\u00f3rico, sin embargo, a la hora de rechazar que la ca\u00edda del sistema fuese provocada por un ciberataque y&nbsp;<a href=\"https:\/\/www.elespanol.com\/invertia\/empresas\/energia\/20250429\/ree-descarta-ciberataque-causa-apagon-gana-fuerza-hipotesis-exceso-renovables\/1003743734718_0.html?utm_cmp_rs=linksinline\">a pesar de que los responsables de Red El\u00e9ctrica<\/a>, en una rueda de prensa poco antes, se\u00f1alasen que no hay indicios que apunten hacia esta posibilidad. \u00ab<strong>Ser\u00eda imprudente descartar cualquier hip\u00f3tesis<\/strong>&nbsp;y se\u00f1alar una u otra posibilidad\u00bb, ha disparado, aunque reconociendo que \u00abno tenemos informaci\u00f3n concluyente de que haya sido un ataque terrorista\u00bb.<\/p>\n\n\n\n<figure class=\"wp-block-image\"><img decoding=\"async\" src=\"https:\/\/s1.elespanol.com\/2025\/04\/29\/actualidad\/1003743734422_255156702_1024x576.jpg\" alt=\"\"\/><\/figure>\n\n\n\n<p><a href=\"https:\/\/www.elespanol.com\/espana\/politica\/20250429\/pedro-sanchez-mantiene-viva-hipotesis-ciberataque-red-electrica-descartado\/1003743735505_0.html?utm_cmp_rs=relatednewsinline\">Pedro S\u00e1nchez mantiene viva la hip\u00f3tesis del ciberataque, aunque Red El\u00e9ctrica lo haya descartado<\/a><\/p>\n\n\n\n<p id=\"paragraph_6\">S\u00e1nchez ha recordado que \u00abla responsabilidad del Gobierno es hacer un an\u00e1lisis independiente\u00bb y por eso el Consejo de Seguridad Nacional ha acordado solicitar a la Comisi\u00f3n Europea que elabore&nbsp;<strong>un informe independiente desde Bruselas<\/strong>&nbsp;para tener una \u00abfotograf\u00eda mucho m\u00e1s certera y veros\u00edmil\u00bb de lo ocurrido. En cualquier caso, ha insistido,&nbsp;\u00abno pone en cuesti\u00f3n\u00bb la valoraci\u00f3n inicial de&nbsp;<a href=\"https:\/\/www.elespanol.com\/espana\/politica\/20250429\/dia-beatriz-corredor-dijo-no-riesgo-apagon-espana-mejor-sistema-electrico-mundo\/1003743734709_0.html?utm_cmp_rs=linksinline\">la compa\u00f1\u00eda presidida por Beatriz Corredor<\/a>, exministra socialista con Jos\u00e9 Luis Rodr\u00edguez Zapatero.<\/p>\n\n\n\n<p id=\"paragraph_7\">La comisi\u00f3n de investigaci\u00f3n liderada por el ministerio encabezado por Sara Aagesen contar\u00e1 con la aportaci\u00f3n de otros organismos en materia de ciberseguridad, como el Instituto Nacional de Ciberseguridad (Incibe) y el Centro Criptol\u00f3gico Nacional, adem\u00e1s de la Comisi\u00f3n Nacional de los Mercados y de la Competencia (CNMC).&nbsp;<strong>S\u00e1nchez ha pedido \u00abno dar p\u00e1bulo a los bulos\u00bb<\/strong>&nbsp;extendidos a trav\u00e9s de las redes sociales.<\/p>\n\n\n\n<p id=\"paragraph_8\">Por otro lado, el jefe del Ejecutivo ha desvelado que el Consejo de Ministros tambi\u00e9n ha tomado la decisi\u00f3n de liberar&nbsp;<strong>tres d\u00edas de reservas estrat\u00e9gicas de productos petrol\u00edferos<\/strong>&nbsp;para los grupos electr\u00f3genos que puedan necesitarse en infraestructuras cr\u00edticas como los hospitales. S\u00e1nchez ha explicado que en su comparecencia prevista para el pr\u00f3ximo 7 de mayo en el Congreso para&nbsp;<a href=\"https:\/\/www.elespanol.com\/espana\/politica\/20250423\/sanchez-dispuesto-llegar-sin-presupuesto-subir-gasto-estructural-defensa-ignorando-congreso\/1003743725058_0.html?utm_cmp_rs=linksinline\">hablar de Seguridad y Defensa<\/a>&nbsp;tambi\u00e9n informar\u00e1 sobre el apag\u00f3n el\u00e9ctrico sufrido este lunes en la Pen\u00ednsula Ib\u00e9rica.<\/p>\n\n\n\n<p>Fuente: <a href=\"https:\/\/www.elespanol.com\/espana\/politica\/20250429\/sanchez-descarga-operadores-privados-responsabilidad-apagon-incluyendo-red-electrica\/1003743735483_0.html\">https:\/\/www.elespanol.com\/espana\/politica\/20250429\/sanchez-descarga-operadores-privados-responsabilidad-apagon-incluyendo-red-electrica\/1003743735483_0.html<\/a><\/p>\n","protected":false},"excerpt":{"rendered":"<p>El presidente mantiene abierta la teor\u00eda del ciberataque pese a desecharla Red El\u00e9ctrica: \u00abSer\u00eda imprudente descartar cualquier hip\u00f3tesis y se\u00f1alar [&hellip;]<\/p>\n","protected":false},"author":1,"featured_media":98566,"comment_status":"open","ping_status":"open","sticky":false,"template":"","format":"standard","meta":{"site-sidebar-layout":"default","site-content-layout":"","ast-site-content-layout":"default","site-content-style":"default","site-sidebar-style":"default","ast-global-header-display":"","ast-banner-title-visibility":"","ast-main-header-display":"","ast-hfb-above-header-display":"","ast-hfb-below-header-display":"","ast-hfb-mobile-header-display":"","site-post-title":"","ast-breadcrumbs-content":"","ast-featured-img":"","footer-sml-layout":"","theme-transparent-header-meta":"","adv-header-id-meta":"","stick-header-meta":"","header-above-stick-meta":"","header-main-stick-meta":"","header-below-stick-meta":"","astra-migrate-meta-layouts":"default","ast-page-background-enabled":"default","ast-page-background-meta":{"desktop":{"background-color":"var(--ast-global-color-4)","background-image":"","background-repeat":"repeat","background-position":"center center","background-size":"auto","background-attachment":"scroll","background-type":"","background-media":"","overlay-type":"","overlay-color":"","overlay-opacity":"","overlay-gradient":""},"tablet":{"background-color":"","background-image":"","background-repeat":"repeat","background-position":"center center","background-size":"auto","background-attachment":"scroll","background-type":"","background-media":"","overlay-type":"","overlay-color":"","overlay-opacity":"","overlay-gradient":""},"mobile":{"background-color":"","background-image":"","background-repeat":"repeat","background-position":"center center","background-size":"auto","background-attachment":"scroll","background-type":"","background-media":"","overlay-type":"","overlay-color":"","overlay-opacity":"","overlay-gradient":""}},"ast-content-background-meta":{"desktop":{"background-color":"var(--ast-global-color-5)","background-image":"","background-repeat":"repeat","background-position":"center center","background-size":"auto","background-attachment":"scroll","background-type":"","background-media":"","overlay-type":"","overlay-color":"","overlay-opacity":"","overlay-gradient":""},"tablet":{"background-color":"var(--ast-global-color-5)","background-image":"","background-repeat":"repeat","background-position":"center center","background-size":"auto","background-attachment":"scroll","background-type":"","background-media":"","overlay-type":"","overlay-color":"","overlay-opacity":"","overlay-gradient":""},"mobile":{"background-color":"var(--ast-global-color-5)","background-image":"","background-repeat":"repeat","background-position":"center center","background-size":"auto","background-attachment":"scroll","background-type":"","background-media":"","overlay-type":"","overlay-color":"","overlay-opacity":"","overlay-gradient":""}},"footnotes":""},"categories":[8],"tags":[37906,37905,12854,16665],"class_list":["post-98565","post","type-post","status-publish","format-standard","has-post-thumbnail","hentry","category-noticias","tag-operdores-privados-de-energia-electrica","tag-apagon-espana","tag-ciberataque","tag-pedro-sanchez"],"_links":{"self":[{"href":"https:\/\/losperiodistas.com.mx\/portal\/wp-json\/wp\/v2\/posts\/98565","targetHints":{"allow":["GET"]}}],"collection":[{"href":"https:\/\/losperiodistas.com.mx\/portal\/wp-json\/wp\/v2\/posts"}],"about":[{"href":"https:\/\/losperiodistas.com.mx\/portal\/wp-json\/wp\/v2\/types\/post"}],"author":[{"embeddable":true,"href":"https:\/\/losperiodistas.com.mx\/portal\/wp-json\/wp\/v2\/users\/1"}],"replies":[{"embeddable":true,"href":"https:\/\/losperiodistas.com.mx\/portal\/wp-json\/wp\/v2\/comments?post=98565"}],"version-history":[{"count":1,"href":"https:\/\/losperiodistas.com.mx\/portal\/wp-json\/wp\/v2\/posts\/98565\/revisions"}],"predecessor-version":[{"id":98568,"href":"https:\/\/losperiodistas.com.mx\/portal\/wp-json\/wp\/v2\/posts\/98565\/revisions\/98568"}],"wp:featuredmedia":[{"embeddable":true,"href":"https:\/\/losperiodistas.com.mx\/portal\/wp-json\/wp\/v2\/media\/98566"}],"wp:attachment":[{"href":"https:\/\/losperiodistas.com.mx\/portal\/wp-json\/wp\/v2\/media?parent=98565"}],"wp:term":[{"taxonomy":"category","embeddable":true,"href":"https:\/\/losperiodistas.com.mx\/portal\/wp-json\/wp\/v2\/categories?post=98565"},{"taxonomy":"post_tag","embeddable":true,"href":"https:\/\/losperiodistas.com.mx\/portal\/wp-json\/wp\/v2\/tags?post=98565"}],"curies":[{"name":"wp","href":"https:\/\/api.w.org\/{rel}","templated":true}]}}