{"id":98561,"date":"2025-04-29T06:11:36","date_gmt":"2025-04-29T12:11:36","guid":{"rendered":"https:\/\/losperiodistas.com.mx\/portal\/?p=98561"},"modified":"2025-04-29T06:11:37","modified_gmt":"2025-04-29T12:11:37","slug":"opinion-defensa-juridica-de-las-corridas-de-toros-en-cdmx","status":"publish","type":"post","link":"https:\/\/losperiodistas.com.mx\/portal\/opinion-defensa-juridica-de-las-corridas-de-toros-en-cdmx\/","title":{"rendered":"Opini\u00f3n | Defensa jur\u00eddica de las corridas de toros en CdMx"},"content":{"rendered":"\n<p class=\"has-medium-font-size\">*Aclaraci\u00f3n de ex lideresa de sindicato bur\u00f3crata; PRI contra la censura; a cuidar el agua; el Centro Hist\u00f3rico<\/p>\n\n\n\n<figure class=\"wp-block-image size-large\"><img fetchpriority=\"high\" decoding=\"async\" width=\"1024\" height=\"682\" src=\"https:\/\/losperiodistas.com.mx\/portal\/wp-content\/uploads\/2025\/04\/CONVERSATORIO-SOBRE-EL-CH-1024x682.jpg\" alt=\"\" class=\"wp-image-98562\" srcset=\"https:\/\/losperiodistas.com.mx\/portal\/wp-content\/uploads\/2025\/04\/CONVERSATORIO-SOBRE-EL-CH-1024x682.jpg 1024w, https:\/\/losperiodistas.com.mx\/portal\/wp-content\/uploads\/2025\/04\/CONVERSATORIO-SOBRE-EL-CH-300x200.jpg 300w, https:\/\/losperiodistas.com.mx\/portal\/wp-content\/uploads\/2025\/04\/CONVERSATORIO-SOBRE-EL-CH-768x512.jpg 768w, https:\/\/losperiodistas.com.mx\/portal\/wp-content\/uploads\/2025\/04\/CONVERSATORIO-SOBRE-EL-CH-1536x1023.jpg 1536w, https:\/\/losperiodistas.com.mx\/portal\/wp-content\/uploads\/2025\/04\/CONVERSATORIO-SOBRE-EL-CH.jpg 1600w\" sizes=\"(max-width: 1024px) 100vw, 1024px\" \/><\/figure>\n\n\n\n<p class=\"has-vivid-red-color has-text-color has-link-color wp-elements-69ffe3eca35b565949ca0d7b61037199\" style=\"font-size:26px\"><strong><em>Por Ra\u00fal Torres Salmer\u00f3n<\/em><\/strong> \/<strong> S\u00edn L\u00edmites<\/strong><\/p>\n\n\n\n<p>El torero mexicano Joselito Adame ha dado un paso crucial en la defensa de la tauromaquia en M\u00e9xico, al interponer ante el Poder Judicial Federal un amparo contra la llamada \u201cLey Brugada\u201d, impulsada por el Gobierno de la Ciudad de M\u00e9xico y aprobada recientemente por el Congreso Local que modifica las leyes de Espect\u00e1culos P\u00fablicos y Protecci\u00f3n y Bienestar Animal para cambiar la lidia tradicional y de alg\u00fan modo prohibir las corridas de toros en la Ciudad de M\u00e9xico, una decisi\u00f3n que ha despertado una intensa reacci\u00f3n del mundo taurino.<\/p>\n\n\n\n<p>A trav\u00e9s del abogado C\u00e9sar Cantoral, Adame busca la inconstitucionalidad de estas reformas, que, seg\u00fan sus argumentos, vulneran derechos fundamentales como la libertad de trabajo, la libre expresi\u00f3n cultural y el respeto al patrimonio inmaterial. El amparo ha sido admitido a tr\u00e1mite por el Poder Judicial, lo que supone el primer avance concreto en la v\u00eda jur\u00eddica para revertir esta prohibici\u00f3n.<\/p>\n\n\n\n<p>Esta acci\u00f3n legal se enmarca dentro de una respuesta m\u00e1s amplia del sector taurino mexicano. Asociaciones, matadores, ganaderos y empresarios han comenzado a presentar amparos similares en otros estados, como Michoac\u00e1n, donde el Congreso local tambi\u00e9n aprob\u00f3 la prohibici\u00f3n el pasado 2 de abril.<\/p>\n\n\n\n<p>En paralelo, el panorama legal en Baja California ha dado un giro significativo: un Tribunal Colegiado de Circuito ha revocado por unanimidad la suspensi\u00f3n que imped\u00eda las corridas de toros en ese estado. As\u00ed lo anunci\u00f3 Manuel Bouser Miret, propietario del Nuevo Toreo de Tijuana, quien calific\u00f3 la resoluci\u00f3n como \u201cun paso muy importante en el proceso legal relacionado con la tauromaquia en la regi\u00f3n\u201d.<\/p>\n\n\n\n<p>Estas iniciativas reflejan la voluntad de defender legalmente la Fiesta en M\u00e9xico desde m\u00faltiples frentes, apelando tanto a la Constituci\u00f3n como al reconocimiento de la tauromaquia como una manifestaci\u00f3n cultural de honda ra\u00edz hist\u00f3rica. En palabras de los impulsores, se trata no solo de proteger una actividad econ\u00f3mica, sino tambi\u00e9n de preservar una identidad compartida que ha estado presente en el pa\u00eds durante m\u00e1s de cinco siglos.<\/p>\n\n\n\n<p><strong>ACLARACI\u00d3N DE EX LIDERESA<\/strong><\/p>\n\n\n\n<p>Virginia Socorro Meza Cruz, toma la voz para hacer un llamado al Secretario General del Sindicato de Trabajadores al servicio del Estado, Jhovani Oliver Gallo respecto a la respuesta de los incrementos salariales pendientes de los a\u00f1os del 2021 al 2023, ya que a la fecha no se ha recibido informaci\u00f3n alguna a la base trabajadora.<\/p>\n\n\n\n<p>Meza Cruz indic\u00f3 que ha sido se\u00f1alada como responsable directa de que no se haya otorgado el incremento salarial correspondiente al a\u00f1o 2021, decidi\u00f3 aclarar este tema y reiter\u00f3 que esa acusaci\u00f3n es falsa, ya que el Comit\u00e9 Ejecutivo que encabez\u00f3, present\u00f3 en tiempo y forma ante el entonces Gobernador, el pliego petitorio con la solicitud del incremento salarial y de la correspondiente revisi\u00f3n de las condiciones generales de trabajo.<\/p>\n\n\n\n<p>La respuesta fue negativa en todas las ocasiones por parte de la Administraci\u00f3n Estatal.\u201d Ahond\u00f3 que, a pesar de la insistencia hasta el final de su periodo frente al Sindicato en 2021, no obtuvo respuesta o negociaci\u00f3n sobre el incremento salarial y de las prestaciones del entonces gobernador.<\/p>\n\n\n\n<p>Dijo que los cuestionamientos que pronuncia no son de \u00edndole personal, ya que muchos trabajadores y trabajadoras se han acercado a ella debido a que no encuentran respuesta. Se une al reclamo de la base para exigirle al secretario general los incrementos salariales pendientes, porque el t\u00e9rmino vence en agosto del 2025.<\/p>\n\n\n\n<p><strong>PRI CONTRA LEY CENSURA<\/strong><\/p>\n\n\n\n<p>El Presidente del Comit\u00e9 Estatal del PRI, N\u00e9stor Camarillo Medina, advirti\u00f3 que la nueva Ley de Telecomunicaciones y Radiodifusi\u00f3n, aprobada en el Senado de la Rep\u00fablica en Comisiones, busca controlar los contenidos en redes sociales y plataformas audiovisuales, con el objetivo de apagar las voces cr\u00edticas.<\/p>\n\n\n\n<figure class=\"wp-block-image size-large\"><img decoding=\"async\" width=\"1024\" height=\"573\" src=\"https:\/\/losperiodistas.com.mx\/portal\/wp-content\/uploads\/2025\/04\/NESTOR-CAMARILLO-EN-EU-1024x573.jpeg\" alt=\"\" class=\"wp-image-98563\" srcset=\"https:\/\/losperiodistas.com.mx\/portal\/wp-content\/uploads\/2025\/04\/NESTOR-CAMARILLO-EN-EU-1024x573.jpeg 1024w, https:\/\/losperiodistas.com.mx\/portal\/wp-content\/uploads\/2025\/04\/NESTOR-CAMARILLO-EN-EU-300x168.jpeg 300w, https:\/\/losperiodistas.com.mx\/portal\/wp-content\/uploads\/2025\/04\/NESTOR-CAMARILLO-EN-EU-768x429.jpeg 768w, https:\/\/losperiodistas.com.mx\/portal\/wp-content\/uploads\/2025\/04\/NESTOR-CAMARILLO-EN-EU-1536x859.jpeg 1536w, https:\/\/losperiodistas.com.mx\/portal\/wp-content\/uploads\/2025\/04\/NESTOR-CAMARILLO-EN-EU.jpeg 1597w\" sizes=\"(max-width: 1024px) 100vw, 1024px\" \/><\/figure>\n\n\n\n<p>Destac\u00f3 que las m\u00e1s de 300 p\u00e1ginas y 283 art\u00edculos no pueden discutirse con menos de 24 horas de an\u00e1lisis, siendo una simulaci\u00f3n parlamentaria, no una deliberaci\u00f3n seria.<\/p>\n\n\n\n<p>El Senador de la Rep\u00fablica fue invitado por la Asociaci\u00f3n de Estudiantes Mexicanos de la Universidad de Harvard (HUMAS, por sus siglas en ingl\u00e9s), a un di\u00e1logo denominado \u201cHablemos de M\u00e9xico: Retos y Oportunidades\u201d.<\/p>\n\n\n\n<p><strong>LLAMAN A CUIDAR EL AGU<\/strong>A<\/p>\n\n\n\n<p>A reforzar medidas del cuidado del agua en esta temporada de estiaje recomienda la empresa Agua de Puebla Para Todos, debido al aumento de temperaturas y el incremento en el consumo de agua por la temporada de estiaje, Agua de Puebla para Todos hace un atento llamado a la poblaci\u00f3n a reforzar las medidas de ahorro y uso responsable del agua.<\/p>\n\n\n\n<p>La temporada de estiaje ya comenz\u00f3 y se caracteriza por la \u00e9poca de mayor calor ante la escasez de lluvias, lo que reduce los niveles de agua en r\u00edos, lagunas y acu\u00edferos provocando la sequ\u00eda. Durante este periodo el consumo de agua se incrementa m\u00e1s de un 15% y la disponibilidad del recurso disminuye, lo que obliga a proteger las fuentes de abastecimiento.<\/p>\n\n\n\n<p>Las medidas que p\u00eddela empresa a la ciudadan\u00eda son: Adopte h\u00e1bitos de consumo responsable como duchas cortas y lavar los dientes con un s\u00f3lo vaso de agua; revise instalaciones y accesorios hidr\u00e1ulicos para detectar y reparar fugas; cierre bien las llaves y evita dejar correr el agua sin utilizarla; recolecte el agua fr\u00eda que cae cuando abre la regadera al ducharte; lave la ropa a carga completa y re\u00fase esa agua para pisos o ba\u00f1os; use una cubeta con agua para lavar el auto en lugar de usar manguera; riegue plantas y jardines por la noche y evite la r\u00e1pida evaporaci\u00f3n del agua y coloque una botella de pl\u00e1stico llena de agua en el dep\u00f3sito del inodoro para reducir el volumen de la descarga.<\/p>\n\n\n\n<p><strong>CUIDADO DEL CENTRO HIST\u00d3RICO<\/strong><\/p>\n\n\n\n<p>En el marco de la conmemoraci\u00f3n del aniversario de la fundaci\u00f3n de la Ciudad de Puebla, se llev\u00f3 a cabo el conversatorio Centro Hist\u00f3rico: Planificaci\u00f3n y Gesti\u00f3n para su Conservaci\u00f3n Integral, un espacio de reflexi\u00f3n acad\u00e9mica que reuni\u00f3 a expertos de diversas instituciones para analizar los desaf\u00edos de esta zona declarada Patrimonio Mundial por la UNESCO en 1987.<\/p>\n\n\n\n<p>Inaugur\u00f3 el conversatorio, Aime\u00e9 Guerra P\u00e9rez, titular de la Gerencia del Centro Hist\u00f3rico y Patrimonio Cultural agradeci\u00f3 las iniciativas que, en conjunto, generan un beneficio para la ciudadan\u00eda, para que el primer cuadro de la ciudad sea el museo m\u00e1s grande de Puebla.<\/p>\n\n\n\n<p>Jes\u00fas S\u00e1nchez Reliac, Coordinador del IMPLAN, enfatiz\u00f3 que el Centro Hist\u00f3rico es un nodo vital, un espacio que necesita pol\u00edticas p\u00fablicas s\u00f3lidas, coordinaci\u00f3n institucional y, sobre todo, visi\u00f3n de largo plazo. \u00abNo podemos permitir que se nos vuelva paisaje, o peor, que se nos vuelva problema\u201d.<\/p>\n\n\n\n<p>Martha Elisa Vera Luna del Instituto de Ingenier\u00eda de la UNAM fungi\u00f3 como moderadora del di\u00e1logo, donde se destac\u00f3 que el Centro Hist\u00f3rico de Puebla alberga aproximadamente 3 mil monumentos hist\u00f3ricos catalogados por el INAH y es hogar de 30 mil habitantes, equivalentes al 1.8 por ciento de la poblaci\u00f3n municipal.<\/p>\n\n\n\n<p>Yatzel Rold\u00e1n L\u00f3pez del Instituto de Ciencias Sociales y Humanidades Alfonso V\u00e9lez Pliego de la BUAP enfatiz\u00f3 la necesidad de preservar la gastronom\u00eda tradicional frente a la ola gourmet, y proteger los oficios artesanales que definen el car\u00e1cter del centro.<\/p>\n\n\n\n<p>Christian Enrique De La Torre S\u00e1nchez, de la Facultad de Arquitectura de la BUAP, analiz\u00f3 la urgencia de dise\u00f1ar pol\u00edticas urbanas que prioricen a las infancias y grupos vulnerables en la planeaci\u00f3n de \u00e1reas p\u00fablicas.<\/p>\n\n\n\n<p>En el \u00e1mbito de la periferia y barrios hist\u00f3ricos, Adriana Hern\u00e1ndez S\u00e1nchez de la Facultad de Arquitectura BUAP, propuso estrategias para integrar las zonas aleda\u00f1as al pol\u00edgono central, evitando su degradaci\u00f3n o gentrificaci\u00f3n y Carlos Montero Pantoja del ICSyH, abord\u00f3 los retos de movilidad y vida cotidiana, c\u00f3mo equilibrar turismo, transporte sustentable y necesidades de los residentes permanentes.<\/p>\n\n\n\n<p>Este di\u00e1logo interdisciplinario marca un precedente importante para la construcci\u00f3n de pol\u00edticas p\u00fablicas que garanticen la conservaci\u00f3n din\u00e1mica de nuestro Centro Hist\u00f3rico, donde convivan arm\u00f3nicamente patrimonio, desarrollo sostenible y calidad de vida.<\/p>\n\n\n\n<p>En fin, como dice la copla flamenca:<\/p>\n\n\n\n<p>Jos\u00e9 le dijo a Rafael:<\/p>\n\n\n\n<p>dale una larga torera,<\/p>\n\n\n\n<p>y Juan le dijo a Manuel:<\/p>\n\n\n\n<p>en nuestra fuente hay solera<\/p>\n\n\n\n<p>para quien quiera beber.<\/p>\n\n\n\n<p>raultorress@hotmail.com<\/p>\n\n\n\n<p><\/p>\n","protected":false},"excerpt":{"rendered":"<p>*Aclaraci\u00f3n de ex lideresa de sindicato bur\u00f3crata; PRI contra la censura; a cuidar el agua; el Centro Hist\u00f3rico Por Ra\u00fal [&hellip;]<\/p>\n","protected":false},"author":1,"featured_media":98562,"comment_status":"open","ping_status":"open","sticky":false,"template":"","format":"standard","meta":{"site-sidebar-layout":"default","site-content-layout":"","ast-site-content-layout":"default","site-content-style":"default","site-sidebar-style":"default","ast-global-header-display":"","ast-banner-title-visibility":"","ast-main-header-display":"","ast-hfb-above-header-display":"","ast-hfb-below-header-display":"","ast-hfb-mobile-header-display":"","site-post-title":"","ast-breadcrumbs-content":"","ast-featured-img":"","footer-sml-layout":"","theme-transparent-header-meta":"","adv-header-id-meta":"","stick-header-meta":"","header-above-stick-meta":"","header-main-stick-meta":"","header-below-stick-meta":"","astra-migrate-meta-layouts":"default","ast-page-background-enabled":"default","ast-page-background-meta":{"desktop":{"background-color":"var(--ast-global-color-4)","background-image":"","background-repeat":"repeat","background-position":"center center","background-size":"auto","background-attachment":"scroll","background-type":"","background-media":"","overlay-type":"","overlay-color":"","overlay-opacity":"","overlay-gradient":""},"tablet":{"background-color":"","background-image":"","background-repeat":"repeat","background-position":"center center","background-size":"auto","background-attachment":"scroll","background-type":"","background-media":"","overlay-type":"","overlay-color":"","overlay-opacity":"","overlay-gradient":""},"mobile":{"background-color":"","background-image":"","background-repeat":"repeat","background-position":"center center","background-size":"auto","background-attachment":"scroll","background-type":"","background-media":"","overlay-type":"","overlay-color":"","overlay-opacity":"","overlay-gradient":""}},"ast-content-background-meta":{"desktop":{"background-color":"var(--ast-global-color-5)","background-image":"","background-repeat":"repeat","background-position":"center center","background-size":"auto","background-attachment":"scroll","background-type":"","background-media":"","overlay-type":"","overlay-color":"","overlay-opacity":"","overlay-gradient":""},"tablet":{"background-color":"var(--ast-global-color-5)","background-image":"","background-repeat":"repeat","background-position":"center center","background-size":"auto","background-attachment":"scroll","background-type":"","background-media":"","overlay-type":"","overlay-color":"","overlay-opacity":"","overlay-gradient":""},"mobile":{"background-color":"var(--ast-global-color-5)","background-image":"","background-repeat":"repeat","background-position":"center center","background-size":"auto","background-attachment":"scroll","background-type":"","background-media":"","overlay-type":"","overlay-color":"","overlay-opacity":"","overlay-gradient":""}},"footnotes":""},"categories":[8,19],"tags":[21870,37452,37904,37903],"class_list":["post-98561","post","type-post","status-publish","format-standard","has-post-thumbnail","hentry","category-noticias","category-sin-limites-2","tag-joselito-adame","tag-ley-brugada","tag-ley-de-telecomunicaciones-y-radiodifusion","tag-toros-cdmx"],"_links":{"self":[{"href":"https:\/\/losperiodistas.com.mx\/portal\/wp-json\/wp\/v2\/posts\/98561","targetHints":{"allow":["GET"]}}],"collection":[{"href":"https:\/\/losperiodistas.com.mx\/portal\/wp-json\/wp\/v2\/posts"}],"about":[{"href":"https:\/\/losperiodistas.com.mx\/portal\/wp-json\/wp\/v2\/types\/post"}],"author":[{"embeddable":true,"href":"https:\/\/losperiodistas.com.mx\/portal\/wp-json\/wp\/v2\/users\/1"}],"replies":[{"embeddable":true,"href":"https:\/\/losperiodistas.com.mx\/portal\/wp-json\/wp\/v2\/comments?post=98561"}],"version-history":[{"count":1,"href":"https:\/\/losperiodistas.com.mx\/portal\/wp-json\/wp\/v2\/posts\/98561\/revisions"}],"predecessor-version":[{"id":98564,"href":"https:\/\/losperiodistas.com.mx\/portal\/wp-json\/wp\/v2\/posts\/98561\/revisions\/98564"}],"wp:featuredmedia":[{"embeddable":true,"href":"https:\/\/losperiodistas.com.mx\/portal\/wp-json\/wp\/v2\/media\/98562"}],"wp:attachment":[{"href":"https:\/\/losperiodistas.com.mx\/portal\/wp-json\/wp\/v2\/media?parent=98561"}],"wp:term":[{"taxonomy":"category","embeddable":true,"href":"https:\/\/losperiodistas.com.mx\/portal\/wp-json\/wp\/v2\/categories?post=98561"},{"taxonomy":"post_tag","embeddable":true,"href":"https:\/\/losperiodistas.com.mx\/portal\/wp-json\/wp\/v2\/tags?post=98561"}],"curies":[{"name":"wp","href":"https:\/\/api.w.org\/{rel}","templated":true}]}}