{"id":98558,"date":"2025-04-29T05:56:39","date_gmt":"2025-04-29T11:56:39","guid":{"rendered":"https:\/\/losperiodistas.com.mx\/portal\/?p=98558"},"modified":"2025-04-29T05:56:40","modified_gmt":"2025-04-29T11:56:40","slug":"varios-cardenales-abogan-por-continuar-el-legado-del-francisco-hagamos-fuerza-para-eso-efe","status":"publish","type":"post","link":"https:\/\/losperiodistas.com.mx\/portal\/varios-cardenales-abogan-por-continuar-el-legado-del-francisco-hagamos-fuerza-para-eso-efe\/","title":{"rendered":"Varios cardenales abogan por continuar el legado del Francisco: \u00abHagamos fuerza para eso\u00bb | EFE"},"content":{"rendered":"\n<figure class=\"wp-block-image size-full\"><img fetchpriority=\"high\" decoding=\"async\" width=\"900\" height=\"599\" src=\"https:\/\/losperiodistas.com.mx\/portal\/wp-content\/uploads\/2025\/04\/cardenales-papa.webp\" alt=\"\" class=\"wp-image-98559\" srcset=\"https:\/\/losperiodistas.com.mx\/portal\/wp-content\/uploads\/2025\/04\/cardenales-papa.webp 900w, https:\/\/losperiodistas.com.mx\/portal\/wp-content\/uploads\/2025\/04\/cardenales-papa-300x200.webp 300w, https:\/\/losperiodistas.com.mx\/portal\/wp-content\/uploads\/2025\/04\/cardenales-papa-768x511.webp 768w\" sizes=\"(max-width: 900px) 100vw, 900px\" \/><figcaption class=\"wp-element-caption\">Cardenales asisten a una misa en memoria del difunto papa Francisco, en la Bas\u00edlica de San Pedro. EFE\/EPA\/MAassimo Percossi<\/figcaption><\/figure>\n\n\n\n<p class=\"has-vivid-red-color has-text-color has-link-color has-medium-font-size wp-elements-23db7e95974579b190d8bc7ea9a6cef6\"><strong>Agencia EFE<\/strong><\/p>\n\n\n\n<p>Ciudad del Vaticano (EFE).- Varios cardenales que participaron este martes en la sexta congregaci\u00f3n general previa al c\u00f3nclave coincidieron en la necesidad de elegir un papa que contin\u00fae con el legado de Francisco, fallecido el pasado 21 de abril a los 88 a\u00f1os, y expresaron su deseo de que el c\u00f3nclave sea breve.<\/p>\n\n\n\n<p>A su llegada a la reuni\u00f3n, celebrada sobre las 09.00 hora local (07.00 GMT), el cardenal argentino Vicente Bokalic Iglic, cercano al difunto pont\u00edfice, manifest\u00f3 su deseo de una decisi\u00f3n r\u00e1pida y una l\u00ednea continuista con el papado de su compatriota.<\/p>\n\n\n\n<h2 class=\"wp-block-heading\" id=\"h-conclave-el-7-de-mayo\">C\u00f3nclave el 7 de mayo<\/h2>\n\n\n\n<p>\u201cHagamos fuerza para eso\u201d, dijo a los periodistas, antes de a\u00f1adir: \u00abNos estamos conociendo. No nos conocemos todav\u00eda\u00bb, en referencia al trabajo de las congregaciones generales, las reuniones de los cardenales en las que se prepara el c\u00f3nclave que comenzar\u00e1 el pr\u00f3ximo 7 de mayo.<\/p>\n\n\n\n<figure class=\"wp-block-embed is-type-wp-embed is-provider-efe-noticias wp-block-embed-efe-noticias\"><div class=\"wp-block-embed__wrapper\">\n<blockquote class=\"wp-embedded-content\" data-secret=\"lQTTdfBn5i\"><a href=\"https:\/\/efe.com\/mundo\/2025-04-28\/conclave-sucesor-papa-francisco\/\">El c\u00f3nclave comenzar\u00e1 el 7 de mayo y se empezar\u00e1 a votar esa misma tarde<\/a><\/blockquote><iframe class=\"wp-embedded-content\" sandbox=\"allow-scripts\" security=\"restricted\" style=\"position: absolute; visibility: hidden;\" title=\"\u00abEl c\u00f3nclave comenzar\u00e1 el 7 de mayo y se empezar\u00e1 a votar esa misma tarde\u00bb \u2014 EFE Noticias\" src=\"https:\/\/efe.com\/mundo\/2025-04-28\/conclave-sucesor-papa-francisco\/embed\/#?secret=Y4lFNWqvik#?secret=lQTTdfBn5i\" data-secret=\"lQTTdfBn5i\" width=\"500\" height=\"282\" frameborder=\"0\" marginwidth=\"0\" marginheight=\"0\" scrolling=\"no\"><\/iframe>\n<\/div><\/figure>\n\n\n\n<p>En la misma l\u00ednea, el patriarca caldeo de Bagdad, el cardenal Louis Raphael Sako, asegur\u00f3 que dentro de las congregaciones hay una \u00abatm\u00f3sfera fraternal y sincera\u00bb con un \u00abesp\u00edritu de responsabilidad para escoger a alguien que contin\u00fae con el trabajo del&nbsp;<a href=\"https:\/\/efe.com\/noticias\/papa\/\" target=\"_blank\" rel=\"noreferrer noopener\">papa Francisco\u00bb.<\/a><\/p>\n\n\n\n<p>Sako asegur\u00f3 tener \u00abuna idea muy clara\u00bb sobre su voto y a las preguntas de los periodistas sobre dar continuidad al legado del argentino, a\u00f1adi\u00f3: \u00abPara m\u00ed, la direcci\u00f3n es esta\u00bb, al tiempo que se mostr\u00f3 seguro de que el c\u00f3nclave durar\u00e1 \u00abdos o tres d\u00edas\u00bb.<\/p>\n\n\n\n<p>El cardenal salvadore\u00f1o Gregorio Rosa Ch\u00e1vez, que no entrar\u00e1 en el c\u00f3nclave por haber superado los 80 a\u00f1os, expres\u00f3 que en las reuniones \u00abtodo el mundo habla de continuidad\u00bb, \u00abcon un estilo y un nombre distinto\u00bb.<\/p>\n\n\n\n<p>\u00abEs una herencia tan especial que no podemos dejarla escapar\u00bb, remarc\u00f3.<\/p>\n\n\n\n<figure class=\"wp-block-image\"><img decoding=\"async\" src=\"https:\/\/i0.wp.com\/efe.com\/wp-content\/uploads\/2025\/04\/cardenales-2.webp?resize=900%2C599&amp;ssl=1\" alt=\"El cardenal Matteo Zuppi (centro) asiste a una misa presidida por el cardenal vicario de la di\u00f3cesis de Roma en memoria del difunto papa Francisco,\" class=\"wp-image-1842106\"\/><figcaption class=\"wp-element-caption\">El cardenal Matteo Zuppi (c) asiste a una misa en memoria del difunto papa Francisco. EFE\/EPA\/Massimo Percossi<\/figcaption><\/figure>\n\n\n\n<p>Mientras que el austr\u00edaco Christoph Sch\u00f6nborn, por su parte, ofreci\u00f3 un mensaje de aliento a la pregunta sobre qu\u00e9 direcci\u00f3n debe tomar la Iglesia: \u00abAndamos siempre adelante, no tengan miedo\u00bb.<\/p>\n\n\n\n<p>Las congregaciones generales, que continuar\u00e1n en los pr\u00f3ximos d\u00edas, permiten intervenciones libres entre los<a href=\"https:\/\/efe.com\/mundo\/2025-04-22\/lista-papables-sustitucion-papa-francisco\/\" target=\"_blank\" rel=\"noreferrer noopener\">&nbsp;cardenales electores.<\/a><\/p>\n\n\n\n<p>\u00abNo hay puntos de discusi\u00f3n fijos. Cada uno habla de lo que cree importante. Es importante conocerse\u00bb, explic\u00f3 el cardenal colombiano Rub\u00e9n Salazar G\u00f3mez, tambi\u00e9n mayor de 80 a\u00f1os, quien expres\u00f3 su expectativa de que el c\u00f3nclave sea breve.<\/p>\n\n\n\n<p>El chileno Fernando Chomal\u00ed subray\u00f3 que los purpurados se preparan para la elecci\u00f3n \u00aben oraci\u00f3n, en comuni\u00f3n, invocando al Esp\u00edritu Santo\u00bb, y agradeci\u00f3 a los medios de comunicaci\u00f3n por su labor: \u00abA trav\u00e9s de ustedes todo el mundo se entera de lo que signific\u00f3 el papa\u00bb.<\/p>\n\n\n\n<p>Fuente: <a href=\"https:\/\/efe.com\/mundo\/2025-04-29\/cardenales-legado-papa-francisco-conclave\/\">https:\/\/efe.com\/mundo\/2025-04-29\/cardenales-legado-papa-francisco-conclave\/<\/a><\/p>\n","protected":false},"excerpt":{"rendered":"<p>Agencia EFE Ciudad del Vaticano (EFE).- Varios cardenales que participaron este martes en la sexta congregaci\u00f3n general previa al c\u00f3nclave [&hellip;]<\/p>\n","protected":false},"author":1,"featured_media":98559,"comment_status":"open","ping_status":"open","sticky":false,"template":"","format":"standard","meta":{"site-sidebar-layout":"default","site-content-layout":"","ast-site-content-layout":"default","site-content-style":"default","site-sidebar-style":"default","ast-global-header-display":"","ast-banner-title-visibility":"","ast-main-header-display":"","ast-hfb-above-header-display":"","ast-hfb-below-header-display":"","ast-hfb-mobile-header-display":"","site-post-title":"","ast-breadcrumbs-content":"","ast-featured-img":"","footer-sml-layout":"","theme-transparent-header-meta":"","adv-header-id-meta":"","stick-header-meta":"","header-above-stick-meta":"","header-main-stick-meta":"","header-below-stick-meta":"","astra-migrate-meta-layouts":"default","ast-page-background-enabled":"default","ast-page-background-meta":{"desktop":{"background-color":"var(--ast-global-color-4)","background-image":"","background-repeat":"repeat","background-position":"center center","background-size":"auto","background-attachment":"scroll","background-type":"","background-media":"","overlay-type":"","overlay-color":"","overlay-opacity":"","overlay-gradient":""},"tablet":{"background-color":"","background-image":"","background-repeat":"repeat","background-position":"center center","background-size":"auto","background-attachment":"scroll","background-type":"","background-media":"","overlay-type":"","overlay-color":"","overlay-opacity":"","overlay-gradient":""},"mobile":{"background-color":"","background-image":"","background-repeat":"repeat","background-position":"center center","background-size":"auto","background-attachment":"scroll","background-type":"","background-media":"","overlay-type":"","overlay-color":"","overlay-opacity":"","overlay-gradient":""}},"ast-content-background-meta":{"desktop":{"background-color":"var(--ast-global-color-5)","background-image":"","background-repeat":"repeat","background-position":"center center","background-size":"auto","background-attachment":"scroll","background-type":"","background-media":"","overlay-type":"","overlay-color":"","overlay-opacity":"","overlay-gradient":""},"tablet":{"background-color":"var(--ast-global-color-5)","background-image":"","background-repeat":"repeat","background-position":"center center","background-size":"auto","background-attachment":"scroll","background-type":"","background-media":"","overlay-type":"","overlay-color":"","overlay-opacity":"","overlay-gradient":""},"mobile":{"background-color":"var(--ast-global-color-5)","background-image":"","background-repeat":"repeat","background-position":"center center","background-size":"auto","background-attachment":"scroll","background-type":"","background-media":"","overlay-type":"","overlay-color":"","overlay-opacity":"","overlay-gradient":""}},"footnotes":""},"categories":[8],"tags":[37632,37902],"class_list":["post-98558","post","type-post","status-publish","format-standard","has-post-thumbnail","hentry","category-noticias","tag-conclave-2025","tag-continuar-legado-de-francisco"],"_links":{"self":[{"href":"https:\/\/losperiodistas.com.mx\/portal\/wp-json\/wp\/v2\/posts\/98558","targetHints":{"allow":["GET"]}}],"collection":[{"href":"https:\/\/losperiodistas.com.mx\/portal\/wp-json\/wp\/v2\/posts"}],"about":[{"href":"https:\/\/losperiodistas.com.mx\/portal\/wp-json\/wp\/v2\/types\/post"}],"author":[{"embeddable":true,"href":"https:\/\/losperiodistas.com.mx\/portal\/wp-json\/wp\/v2\/users\/1"}],"replies":[{"embeddable":true,"href":"https:\/\/losperiodistas.com.mx\/portal\/wp-json\/wp\/v2\/comments?post=98558"}],"version-history":[{"count":1,"href":"https:\/\/losperiodistas.com.mx\/portal\/wp-json\/wp\/v2\/posts\/98558\/revisions"}],"predecessor-version":[{"id":98560,"href":"https:\/\/losperiodistas.com.mx\/portal\/wp-json\/wp\/v2\/posts\/98558\/revisions\/98560"}],"wp:featuredmedia":[{"embeddable":true,"href":"https:\/\/losperiodistas.com.mx\/portal\/wp-json\/wp\/v2\/media\/98559"}],"wp:attachment":[{"href":"https:\/\/losperiodistas.com.mx\/portal\/wp-json\/wp\/v2\/media?parent=98558"}],"wp:term":[{"taxonomy":"category","embeddable":true,"href":"https:\/\/losperiodistas.com.mx\/portal\/wp-json\/wp\/v2\/categories?post=98558"},{"taxonomy":"post_tag","embeddable":true,"href":"https:\/\/losperiodistas.com.mx\/portal\/wp-json\/wp\/v2\/tags?post=98558"}],"curies":[{"name":"wp","href":"https:\/\/api.w.org\/{rel}","templated":true}]}}