{"id":98552,"date":"2025-04-28T12:12:43","date_gmt":"2025-04-28T18:12:43","guid":{"rendered":"https:\/\/losperiodistas.com.mx\/portal\/?p=98552"},"modified":"2025-04-29T05:50:06","modified_gmt":"2025-04-29T11:50:06","slug":"opinion-pero-si-la-culpa-no-la-tiene-el-indio-si-no-el-que-lo-hace-compadre","status":"publish","type":"post","link":"https:\/\/losperiodistas.com.mx\/portal\/opinion-pero-si-la-culpa-no-la-tiene-el-indio-si-no-el-que-lo-hace-compadre\/","title":{"rendered":"Opini\u00f3n | Pero si la culpa no la tiene el indio\u2026 si no el que lo hace compadre"},"content":{"rendered":"\n<p class=\"has-medium-font-size\">La idea, seg\u00fan ellos, es acabar con los gandallas que se sienten due\u00f1os del espacio p\u00fablico\u2026<\/p>\n\n\n\n<figure class=\"wp-block-image size-large\"><img fetchpriority=\"high\" decoding=\"async\" width=\"1024\" height=\"576\" src=\"https:\/\/losperiodistas.com.mx\/portal\/wp-content\/uploads\/2025\/04\/Pero-si-la-culpa-no-es-del-indio-1024x576.jpeg\" alt=\"\" class=\"wp-image-98554\" srcset=\"https:\/\/losperiodistas.com.mx\/portal\/wp-content\/uploads\/2025\/04\/Pero-si-la-culpa-no-es-del-indio-1024x576.jpeg 1024w, https:\/\/losperiodistas.com.mx\/portal\/wp-content\/uploads\/2025\/04\/Pero-si-la-culpa-no-es-del-indio-300x169.jpeg 300w, https:\/\/losperiodistas.com.mx\/portal\/wp-content\/uploads\/2025\/04\/Pero-si-la-culpa-no-es-del-indio-768x432.jpeg 768w, https:\/\/losperiodistas.com.mx\/portal\/wp-content\/uploads\/2025\/04\/Pero-si-la-culpa-no-es-del-indio.jpeg 1200w\" sizes=\"(max-width: 1024px) 100vw, 1024px\" \/><\/figure>\n\n\n\n<p><\/p>\n\n\n\n<p><\/p>\n\n\n\n<p class=\"has-vivid-red-color has-text-color has-link-color wp-elements-2bcd2a34ab07fe8237558de7fe9a3021\" style=\"font-size:26px\"><strong><em>Por Gianfranco Pizar \/ <a href=\"https:\/\/www.apartadomex.com\/opinion\/pianchini-el-siciliano\/\">Pianchini el Siciliano<\/a><\/em><\/strong><\/p>\n\n\n\n<p><a href=\"http:\/\/gianfrancopizar\/\">@gianfrancopizar<\/a><\/p>\n\n\n\n<p>Pues con la novedad de que esta semana cambiamos el caf\u00e9 de siempre por una cantinita de buen ver, de esas donde la botana es generosa y las bebidas, espirituosas. En estos tiempos, y a esta edad, ya no frecuento los lugares de nota\u2014como dice el t\u00edo Chocho: \u201cAntes perro callejero, ahora gato casero.\u201d Pero de vez en cuando se antoja una salida bohemia con buenos amigos.<\/p>\n\n\n\n<p>La cita fue en un lugar mucho mejor de lo esperado: nada de puertas de medio marco y vaiv\u00e9n, ni pisos con aserr\u00edn tratando de tapar los \u201cpeque\u00f1os tropiezos\u201d de la casa. \u00a1No! Pantallas por todos lados con el evento deportivo del momento, ventilaci\u00f3n decente, iluminaci\u00f3n a media luz y clientela de apellido compuesto, de esos que te recuerdan a las grandes cadenas de autoservicio con lemas como \u201cPor ti cuesta menos\u201d, aunque ahora prefieran decir \u201cPrimero los pobres\u201d.<\/p>\n\n\n\n<p>Al llegar a la mesa, uno de mis amigos m\u00e1s queridos \u2014a quien apodamos \u201cEl Agon\u00edas\u201d porque siempre se queja de algo y hay que rogarle para todo\u2014 me suelta, sin filtro:<\/p>\n\n\n\n<p>\u2014Nada de chistes de Pepito, \u00bfeh?<\/p>\n\n\n\n<p>No supe si hablaba&nbsp;<a href=\"https:\/\/www.apartadomex.com\/opinion\/pianchini-el-siciliano\/promesas-baches-y-pepito-el-de-los-cuentos\/81474\/\">del de los chistes o del de los cuentos<\/a>\u2026 porque uno es puro ingenio, y el otro, puro tr\u00e1mite. As\u00ed que decid\u00ed no tentar al destino y mejor les cont\u00e9 algo no menos curioso, pero m\u00e1s profundo que los cuentos de Pepito: una historia de ficci\u00f3n con tintes tan reales que dan miedo.<\/p>\n\n\n\n<p>Les habl\u00e9 de Don David Sala de Aylsa, un personaje que, con modales de buen vecino, est\u00e1 logrando quitarle la chamba a los viene-viene. \u00bfC\u00f3mo? Pintando rayas en la calle, colocando reflejantes y lanzando una aplicaci\u00f3n llamada \u201cParkilana\u201d, operada por un grupo conocido en el argot pol\u00edtico como \u201cLa Yunta\u201d\u2014no porque siembren, sino porque jalan\u2026 pero lana.<\/p>\n\n\n\n<p>La idea, seg\u00fan ellos, es acabar con los gandallas que se sienten due\u00f1os del espacio p\u00fablico y dejan el coche estacionado \u00a1hasta por 12 horas! Como dir\u00eda mi t\u00eda Lore:<\/p>\n\n\n\n<p>\u2014\u00a1Ay, pero qu\u00e9 barbaridad!<\/p>\n\n\n\n<p>La promesa es tentadora: tres horas gratis, claro, si est\u00e1s bien estacionado. Despu\u00e9s, diez bol\u00edvares por cada hora extra. Lo interesante (y lo sospechoso) viene con las multas: uso discrecional, no contempladas en la ley de ingresos y supuestamente, destinadas a contratar m\u00e1s polic\u00edas. Suena a chiste, pero es an\u00e9cdota.<\/p>\n\n\n\n<p>Mientras lo contaba, los de la mesa me ve\u00edan como si estuviera narrando un cap\u00edtulo in\u00e9dito de&nbsp;<em>Black Mirror<\/em>&nbsp;versi\u00f3n \u201c\u00faltima transformaci\u00f3n.\u201d Incluso \u201cEl Agon\u00edas\u201d se anim\u00f3 a comentar:<\/p>\n\n\n\n<p>\u2014\u00bfY en qu\u00e9 estado, municipio o pa\u00eds permitir\u00edan eso? No creo que exista sociedad tan\u2026 \u00bfc\u00f3mo decirlo? \u00bfconvenientemente ingenua?<\/p>\n\n\n\n<p>Y \u201cEl D\u00e1lmata\u201d (as\u00ed le decimos porque sus manchas no son m\u00e1s que cicatrices de guerra), remat\u00f3:<\/p>\n\n\n\n<p>\u2014Eso te lo est\u00e1s inventando. Ning\u00fan gobierno ser\u00eda tan rapaz, ni la gente tan&nbsp;<em>c\u00edvicamente dormida<\/em>&nbsp;como para permitir algo as\u00ed.<\/p>\n\n\n\n<p>Yo solo levant\u00e9 mi vaso, les sonre\u00ed y respond\u00ed:<\/p>\n\n\n\n<p>\u2014Claro que me lo invent\u00e9\u2026 \u00bfa poco a las cantinas se viene a hablar en serio?<\/p>\n\n\n\n<p>\u2014\u00a1Salud! \u2014gritaron todos, y yo brind\u00e9 con gusto mientras pensaba:<\/p>\n\n\n\n<p><em>Pero si la culpa no la tiene el indio\u2026 sino el que lo hace compadre.<\/em><\/p>\n\n\n\n<p>\u00bfSer\u00e1 que Pepito tiene compadres?<br>\u00bfEl de los chistes? \u00a1No! \u00a1El de los cuentos!<\/p>\n\n\n\n<hr class=\"wp-block-separator has-alpha-channel-opacity\"\/>\n\n\n\n<p><strong>+ OPINI\u00d3N INVITADA: Las opiniones expresadas son responsabilidad del autor<\/strong><\/p>\n","protected":false},"excerpt":{"rendered":"<p>La idea, seg\u00fan ellos, es acabar con los gandallas que se sienten due\u00f1os del espacio p\u00fablico\u2026 Por Gianfranco Pizar \/ [&hellip;]<\/p>\n","protected":false},"author":1,"featured_media":98554,"comment_status":"open","ping_status":"open","sticky":false,"template":"","format":"standard","meta":{"site-sidebar-layout":"default","site-content-layout":"","ast-site-content-layout":"default","site-content-style":"default","site-sidebar-style":"default","ast-global-header-display":"","ast-banner-title-visibility":"","ast-main-header-display":"","ast-hfb-above-header-display":"","ast-hfb-below-header-display":"","ast-hfb-mobile-header-display":"","site-post-title":"","ast-breadcrumbs-content":"","ast-featured-img":"","footer-sml-layout":"","theme-transparent-header-meta":"","adv-header-id-meta":"","stick-header-meta":"","header-above-stick-meta":"","header-main-stick-meta":"","header-below-stick-meta":"","astra-migrate-meta-layouts":"default","ast-page-background-enabled":"default","ast-page-background-meta":{"desktop":{"background-color":"var(--ast-global-color-4)","background-image":"","background-repeat":"repeat","background-position":"center center","background-size":"auto","background-attachment":"scroll","background-type":"","background-media":"","overlay-type":"","overlay-color":"","overlay-opacity":"","overlay-gradient":""},"tablet":{"background-color":"","background-image":"","background-repeat":"repeat","background-position":"center center","background-size":"auto","background-attachment":"scroll","background-type":"","background-media":"","overlay-type":"","overlay-color":"","overlay-opacity":"","overlay-gradient":""},"mobile":{"background-color":"","background-image":"","background-repeat":"repeat","background-position":"center center","background-size":"auto","background-attachment":"scroll","background-type":"","background-media":"","overlay-type":"","overlay-color":"","overlay-opacity":"","overlay-gradient":""}},"ast-content-background-meta":{"desktop":{"background-color":"var(--ast-global-color-5)","background-image":"","background-repeat":"repeat","background-position":"center center","background-size":"auto","background-attachment":"scroll","background-type":"","background-media":"","overlay-type":"","overlay-color":"","overlay-opacity":"","overlay-gradient":""},"tablet":{"background-color":"var(--ast-global-color-5)","background-image":"","background-repeat":"repeat","background-position":"center center","background-size":"auto","background-attachment":"scroll","background-type":"","background-media":"","overlay-type":"","overlay-color":"","overlay-opacity":"","overlay-gradient":""},"mobile":{"background-color":"var(--ast-global-color-5)","background-image":"","background-repeat":"repeat","background-position":"center center","background-size":"auto","background-attachment":"scroll","background-type":"","background-media":"","overlay-type":"","overlay-color":"","overlay-opacity":"","overlay-gradient":""}},"footnotes":""},"categories":[8,22],"tags":[37901],"class_list":["post-98552","post","type-post","status-publish","format-standard","has-post-thumbnail","hentry","category-noticias","category-opinion-invitada","tag-primero-los-pobres"],"_links":{"self":[{"href":"https:\/\/losperiodistas.com.mx\/portal\/wp-json\/wp\/v2\/posts\/98552","targetHints":{"allow":["GET"]}}],"collection":[{"href":"https:\/\/losperiodistas.com.mx\/portal\/wp-json\/wp\/v2\/posts"}],"about":[{"href":"https:\/\/losperiodistas.com.mx\/portal\/wp-json\/wp\/v2\/types\/post"}],"author":[{"embeddable":true,"href":"https:\/\/losperiodistas.com.mx\/portal\/wp-json\/wp\/v2\/users\/1"}],"replies":[{"embeddable":true,"href":"https:\/\/losperiodistas.com.mx\/portal\/wp-json\/wp\/v2\/comments?post=98552"}],"version-history":[{"count":2,"href":"https:\/\/losperiodistas.com.mx\/portal\/wp-json\/wp\/v2\/posts\/98552\/revisions"}],"predecessor-version":[{"id":98556,"href":"https:\/\/losperiodistas.com.mx\/portal\/wp-json\/wp\/v2\/posts\/98552\/revisions\/98556"}],"wp:featuredmedia":[{"embeddable":true,"href":"https:\/\/losperiodistas.com.mx\/portal\/wp-json\/wp\/v2\/media\/98554"}],"wp:attachment":[{"href":"https:\/\/losperiodistas.com.mx\/portal\/wp-json\/wp\/v2\/media?parent=98552"}],"wp:term":[{"taxonomy":"category","embeddable":true,"href":"https:\/\/losperiodistas.com.mx\/portal\/wp-json\/wp\/v2\/categories?post=98552"},{"taxonomy":"post_tag","embeddable":true,"href":"https:\/\/losperiodistas.com.mx\/portal\/wp-json\/wp\/v2\/tags?post=98552"}],"curies":[{"name":"wp","href":"https:\/\/api.w.org\/{rel}","templated":true}]}}