{"id":98547,"date":"2025-04-29T09:01:26","date_gmt":"2025-04-29T15:01:26","guid":{"rendered":"https:\/\/losperiodistas.com.mx\/portal\/?p=98547"},"modified":"2025-04-29T05:50:50","modified_gmt":"2025-04-29T11:50:50","slug":"el-arte-visto-a-traves-de-la-neurociencia-abc","status":"publish","type":"post","link":"https:\/\/losperiodistas.com.mx\/portal\/el-arte-visto-a-traves-de-la-neurociencia-abc\/","title":{"rendered":"El arte, visto a trav\u00e9s de la neurociencia | ABC"},"content":{"rendered":"\n<h2 class=\"wp-block-heading has-blush-light-purple-gradient-background has-background\">Sendos libros analizan los &#8216;trucos&#8217; que utilizan los pintores (son magos, ilusionistas) en las obras de la colecci\u00f3n del Prado y desvelan c\u00f3mo funcionan las mentes geniales de los artistas<\/h2>\n\n\n\n<figure class=\"wp-block-image size-large\"><img fetchpriority=\"high\" decoding=\"async\" width=\"1024\" height=\"802\" src=\"https:\/\/losperiodistas.com.mx\/portal\/wp-content\/uploads\/2025\/04\/neurociencia1_20250423154322-R2tTPkQZgL00rCz2rF7iMbJ-1200x940@diario_abc-1024x802.webp\" alt=\"\" class=\"wp-image-98548\" srcset=\"https:\/\/losperiodistas.com.mx\/portal\/wp-content\/uploads\/2025\/04\/neurociencia1_20250423154322-R2tTPkQZgL00rCz2rF7iMbJ-1200x940@diario_abc-1024x802.webp 1024w, https:\/\/losperiodistas.com.mx\/portal\/wp-content\/uploads\/2025\/04\/neurociencia1_20250423154322-R2tTPkQZgL00rCz2rF7iMbJ-1200x940@diario_abc-300x235.webp 300w, https:\/\/losperiodistas.com.mx\/portal\/wp-content\/uploads\/2025\/04\/neurociencia1_20250423154322-R2tTPkQZgL00rCz2rF7iMbJ-1200x940@diario_abc-768x602.webp 768w, https:\/\/losperiodistas.com.mx\/portal\/wp-content\/uploads\/2025\/04\/neurociencia1_20250423154322-R2tTPkQZgL00rCz2rF7iMbJ-1200x940@diario_abc.webp 1200w\" sizes=\"(max-width: 1024px) 100vw, 1024px\" \/><figcaption class=\"wp-element-caption\">El espl\u00e9ndido &#8216;Descendimiento&#8217;, de Van der Weyden\u00a0\/\/ Museo del Prado<\/figcaption><\/figure>\n\n\n\n<p class=\"has-vivid-red-color has-text-color has-link-color has-medium-font-size wp-elements-54e592fa9dfd7a8cd602dbe8af28d33f\"><strong><a href=\"https:\/\/www.abc.es\/autor\/natividad-pulido-1337\/\">Natividad Pulido<\/a> \/ ABC<\/strong><\/p>\n\n\n\n<p><a href=\"javascript:void(0)\"><\/a><\/p>\n\n\n\n<p>Estos d\u00edas coinciden en las librer\u00edas dos libros que relacionan el arte y la neurociencia, un binomio muy bien avenido:&nbsp;<strong>&#8216;Un neurocient\u00edfico en el Museo del Prado&#8217;,<\/strong>&nbsp;de Fernando Gir\u00e1ldez (Paid\u00f3s), y<strong>&nbsp;&#8216;Mentes geniales&#8217;<\/strong>, de Mario de la Piedra Walter (Debate).&nbsp;<strong>Gir\u00e1ldez (<\/strong><strong>1952)<\/strong>&nbsp;es doctor en Medicina por la Universidad de Valladolid y en 2001 se incorpor\u00f3 al Parque de Investigaci\u00f3n Biom\u00e9dica de Barcelona. En su libro, propone un apasionante viaje por la&nbsp;<a href=\"https:\/\/www.abc.es\/cultura\/arte\/prado-saca-colores-escultura-barroca-siglo-oro-20241119184236-nt.html\">colecci\u00f3n del Prado<\/a>&#8230; y por el cerebro.<\/p>\n\n\n\n<p>Se atribuye a&nbsp;<strong>Picasso<\/strong>&nbsp;esta frase: \u00abTodos sabemos que el arte no es la verdad. Es una mentira que nos hace ver la verdad\u00bb. Los pintores, advierte Gir\u00e1ldez, \u00abson como magos o ilusionistas\u00bb. Le\u00edan tratados cient\u00edficos, algunos ten\u00edan c\u00e1maras oscuras [<a href=\"https:\/\/www.abc.es\/cultura\/arte\/vermeer-superstar-20230207203900-nt.html\">Vermeer<\/a>]&#8230; \u00abLa pintura es el uso virtuoso del enga\u00f1o\u00bb, a trav\u00e9s de herramientas como la perspectiva, el &#8216;sfumato&#8217;, la pintura de manchas&#8230; \u00abSiempre ha habido cient\u00edficos interesados por el arte y artistas interesados por la ciencia \u2013comenta Gir\u00e1ldez\u2013. El mundo no sabe si es de ciencia o de letras. Yo quer\u00eda explorar esa zona en la que la biolog\u00eda y el arte se tocan. M\u00e1s que preguntarme qu\u00e9 hace el arte sobre nuestro cerebro, me pregunto por d\u00f3nde entra el arte en nuestro cerebro\u00bb.Noticias relacionadas<\/p>\n\n\n\n<ul class=\"wp-block-list\">\n<li><a href=\"https:\/\/www.abc.es\/cultura\/cultural\/clonando-miguel-angel-20250327182145-nt.html#vca=modulo-rel-dos&amp;vso=abc&amp;vmc=noticias-rel&amp;vli=cultura\"><\/a><a href=\"https:\/\/www.abc.es\/cultura\/cultural\/clonando-miguel-angel-20250327182145-nt.html#vca=modulo-rel-dos&amp;vso=abc&amp;vmc=noticias-rel&amp;vli=cultura\">Clonando a Miguel \u00c1ngel<\/a>Natividad Pulido<\/li>\n\n\n\n<li><a href=\"https:\/\/www.abc.es\/cultura\/arte\/maruja-mallo-corazon-surrealista-alma-meiga-20250411153553-nt.html#vca=modulo-rel-dos&amp;vso=abc&amp;vmc=noticias-rel&amp;vli=cultura\"><\/a><a href=\"https:\/\/www.abc.es\/cultura\/arte\/maruja-mallo-corazon-surrealista-alma-meiga-20250411153553-nt.html#vca=modulo-rel-dos&amp;vso=abc&amp;vmc=noticias-rel&amp;vli=cultura\">Espa\u00f1a salda una deuda con Maruja Mallo<\/a>Natividad Pulido<\/li>\n<\/ul>\n\n\n\n<p>La&nbsp;<strong>retina<\/strong>, dice, hace<strong>&nbsp;photoshop<\/strong>&nbsp;con la informaci\u00f3n antes de enviarla al cerebro. Asegura que transcurren 400 milisegundos (menos de medio segundo) entre que fijamos la vista en una obra de arte y empezamos a darnos cuenta y a pensar sobre ella.&nbsp;<strong>Ernst Gombrich<\/strong>&nbsp;dec\u00eda que la irresistible atracci\u00f3n del arte reside en el ojo de quien la mira (<strong>&#8216;the beholder&#8217;s share&#8217;<\/strong>). Pero Gir\u00e1ldez nos recuerda que \u00abno vemos con los ojos, sino con el cerebro. Porque el ojo lo que hace es detectar luz, la convierte en se\u00f1ales el\u00e9ctricas y, a partir de ah\u00ed, el ojo manda un mill\u00f3n y medio de fibras nerviosas al cerebro. \u00c9ste necesita&nbsp;<strong>500 millones de neuronas<\/strong>&nbsp;para recomponer. Y en esos procedimientos de recomposici\u00f3n, el cerebro tiene sus reglas, su gram\u00e1tica\u00bb.<\/p>\n\n\n\n<figure class=\"wp-block-image size-large\"><img decoding=\"async\" width=\"954\" height=\"1024\" src=\"https:\/\/losperiodistas.com.mx\/portal\/wp-content\/uploads\/2025\/04\/Captura-de-pantalla-2025-04-28-a-las-9.56.58\u202fa.m-954x1024.png\" alt=\"\" class=\"wp-image-98549\" srcset=\"https:\/\/losperiodistas.com.mx\/portal\/wp-content\/uploads\/2025\/04\/Captura-de-pantalla-2025-04-28-a-las-9.56.58\u202fa.m-954x1024.png 954w, https:\/\/losperiodistas.com.mx\/portal\/wp-content\/uploads\/2025\/04\/Captura-de-pantalla-2025-04-28-a-las-9.56.58\u202fa.m-279x300.png 279w, https:\/\/losperiodistas.com.mx\/portal\/wp-content\/uploads\/2025\/04\/Captura-de-pantalla-2025-04-28-a-las-9.56.58\u202fa.m-768x824.png 768w, https:\/\/losperiodistas.com.mx\/portal\/wp-content\/uploads\/2025\/04\/Captura-de-pantalla-2025-04-28-a-las-9.56.58\u202fa.m-1431x1536.png 1431w, https:\/\/losperiodistas.com.mx\/portal\/wp-content\/uploads\/2025\/04\/Captura-de-pantalla-2025-04-28-a-las-9.56.58\u202fa.m.png 1526w\" sizes=\"(max-width: 954px) 100vw, 954px\" \/><figcaption class=\"wp-element-caption\">El Prado&nbsp;Arriba, detalle de &#8216;El Lavatorio&#8217;, de Tintoretto. Sobre estas l\u00edneas, a la izquierda, &#8216;El Dos de Mayo&#8217;, de Goya. A la derecha, &#8216;Las Meninas&#8217;, de Vel\u00e1zquez&nbsp;Museo del Prado<\/figcaption><\/figure>\n\n\n\n<p>\u00bfEl arte seduce a la mente? \u00bfEnga\u00f1a al cerebro? \u00ab<strong>El arte enga\u00f1a y seduce<\/strong>, las dos cosas\u00bb. El pintor, dice, tiene dos grandes retos: representar el espacio y el movimiento. \u00abLos pintores son neurocient\u00edficos intuitivos, exploradores del cerebro\u00bb. Usaron herramientas como la geometr\u00eda, las relaciones entre tama\u00f1o y distancia, la oclusi\u00f3n&#8230;<\/p>\n\n\n\n<p>Entre las joyas del Prado,&nbsp;<a href=\"https:\/\/www.abc.es\/cultura\/arte\/20150823\/abci-tintoretto-venecia-201508201905.html\">&#8216;El Lavatorio&#8217;, de Tintoretto<\/a>. \u00abLa obra estaba pensada para ser colocada en el lateral del altar para ser vista desde su extremo derecho, lo que explica la posici\u00f3n exc\u00e9ntrica de Jes\u00fas\u00bb, dice Gir\u00e1ldez. El artista veneciano lleva a cabo en el cuadro \u00abla&nbsp;<strong>duplicaci\u00f3n de los puntos de fuga<\/strong>, un recurso para ensanchar la obra, para lograr ese car\u00e1cter de veracidad espacial. El pintor viola la m\u00e1xima de un espacio y un punto de vista \u00fanicos, creando dos proyecciones alternativas que no pueden ser vistas a la vez\u00bb.<\/p>\n\n\n\n<p><a href=\"https:\/\/www.abc.es\/cultura\/arte\/abci-vinci-y-500-anos-resucito-201905012306_noticia.html\">Leonardo<\/a>&nbsp;y&nbsp;<a href=\"https:\/\/www.abc.es\/cultura\/arte\/principe-africano-retratado-klimt-seduce-maastricht-expoliado-20250314094021-nt.html\">Vel\u00e1zquez<\/a>&nbsp;emplearon con maestr\u00eda&nbsp;<strong>la perspectiva a\u00e9rea o atmosf\u00e9rica<\/strong>: la densidad del aire se hace mayor con la distancia. Los objetos lejanos parecen m\u00e1s borrosos y menos claros que los que est\u00e1n cerca. Si hay un nombre que uni\u00f3 arte y ciencia fue Da Vinci, autor de c\u00e9lebres tratados. \u00abDescubr\u00eda cosas, contaba cosas. Se dio cuenta de que si pintas los fondos m\u00e1s borrosos y azulados, nos parecer\u00e1n lejanos. \u00c9l intuy\u00f3 por qu\u00e9 era as\u00ed. Ahora los f\u00edsicos saben que es por las diferentes longitudes de onda que vemos en el blanco. El azul difracta m\u00e1s, el rojo menos. Las cosas lejanas parecen azules\u00bb. El maestro toscano tambi\u00e9n us\u00f3 el<strong>&nbsp;&#8216;sfumato&#8217;<\/strong>, t\u00e9cnica que consiste en borrar los l\u00edmites de los objetos. \u00abSe trata de enga\u00f1ar al cerebro con sus mismas armas: las neuronas del movimiento no distinguen bien los contornos. No se pueden pintar l\u00edneas alrededor de las cosas, porque en la realidad no hay l\u00edneas. Leonardo las difumin\u00f3 y&nbsp;<strong>Giorgione<\/strong>&nbsp;y&nbsp;<strong>Tiziano<\/strong>&nbsp;las eliminaron\u00bb.<\/p>\n\n\n\n<p>Al analizar&nbsp;<a href=\"https:\/\/www.abc.es\/cultura\/arte\/hora-meninas-bajo-pies-20240219180015-nt.html\">&#8216;Las Meninas&#8217;<\/a>, advierte Fernando Gir\u00e1ldez que la imagen de los reyes reflejada en el espejo es \u00abf\u00edsicamente imposible. Deber\u00edan verse mucho m\u00e1s peque\u00f1os y seguramente de cuerpo entero. Pero a tu cerebro le da igual. Se lo compra. Porque el cerebro opera con lo que es razonable, no con lo que es de verdad. Si hay algo \u00fanico en esta obra es la veracidad del espacio,&nbsp;<strong>el aire hecho pintura<\/strong>. El cuadro es la quintaesencia de la perspectiva atmosf\u00e9rica. C\u00f3mo consigue que el aire se meta por detr\u00e1s y entre los personajes\u00bb.<\/p>\n\n\n\n<figure class=\"wp-block-image\"><img decoding=\"async\" src=\"https:\/\/s1.abcstatics.com\/abc\/www\/multimedia\/cultura\/2025\/04\/27\/libros-U17728802433dLe-760x427@diario_abc.jpg\" alt=\"Portadas de los libros de Fernando Gir\u00e1ldez y Mario de la Piedra Walter\"\/><figcaption class=\"wp-element-caption\">Portadas de los libros de Fernando Gir\u00e1ldez y Mario de la Piedra Walter&nbsp;ABC<\/figcaption><\/figure>\n\n\n\n<p>Entre los&nbsp;<strong>&#8216;trucos&#8217;<\/strong>&nbsp;de estos pintores-magos, la interposici\u00f3n u oclusi\u00f3n: un objeto o un personaje cubre parte de otro, dando una sensaci\u00f3n de profundidad espacial. Es el caso de &#8216;La \u00daltima Cena&#8217;, de Juan de Juanes, o &#8216;Las Lanzas&#8217;, de Vel\u00e1zquez. Otra joya del Prado,&nbsp;<strong>&#8216;El Descendimiento&#8217;, de Van der Weyden<\/strong>, \u00abest\u00e1 pensado como un objeto escult\u00f3rico, es&nbsp;<strong>casi un trampantojo<\/strong>. El espacio est\u00e1 muy bien tratado, porque es claramente un caj\u00f3n. No necesitas perspectiva. Tiene en la composici\u00f3n un cierto dinamismo\u00bb. Es casi una coreograf\u00eda. Hay fuertes contrastes crom\u00e1ticos: \u00abLa distribuci\u00f3n de los rojos es extraordinaria\u00bb. Adem\u00e1s, \u00abhace una composici\u00f3n conc\u00e9ntrica que genera una ilusi\u00f3n de movimiento muy potente\u00bb.<\/p>\n\n\n\n<p><a href=\"https:\/\/www.abc.es\/contentfactory\/post\/2019\/11\/19\/viaje-a-la-prodigiosa-mente-de-goya\/\">Goya<\/a>, dice Gir\u00e1ldez, fue un maestro apelando a nuestros sentidos. En&nbsp;<strong>&#8216;El 2 de mayo&#8217;<\/strong>, \u00abno est\u00e1n cargando los mamelucos, pero creemos que lo hacen. Logra imprimir un intenso dramatismo al colocar varios objetos de atracci\u00f3n en el centro de la imagen. Convence a nuestros sentidos\u00bb.&nbsp;<a href=\"https:\/\/www.abc.es\/cultura\/arte\/fundacion-juan-march-sacan-colores-20250227173950-nt.html\">El color<\/a>, dice el neurocient\u00edfico, \u00abtiene un impacto directo en nuestras emociones\u00bb. De ello se dieron buena cuenta&nbsp;<strong>Tiziano<\/strong>, que \u00absabe manejar el cerebro del espectador\u00bb con la pintura de manchas (pinceladas sueltas, deshechas) o&nbsp;<a href=\"https:\/\/www.abc.es\/cultura\/arte\/rubens-caravaggio-prado-roma-20250225194035-nt.html\">Caravaggio<\/a>&nbsp;y&nbsp;<strong>el claroscuro<\/strong>&nbsp;(exagera el contraste entre brillos intensos y sombras profundas para aportar dramatismo).&nbsp;<strong>Miguel \u00c1ngel, Tintoretto, El Greco<\/strong>, los impresionistas o Sorolla emplearon una t\u00e9cnica (<strong>cangiante<\/strong>): se usa un cambio de tono del color para generar brillo y luminosidad.<\/p>\n\n\n\n<p>Pero si hay una obra en el Prado que fascine a los visitantes es&nbsp;<a href=\"https:\/\/www.abc.es\/cultura\/arte\/abci-secretos-jardin-delicias-201601240311_noticia.html\">&#8216;El Jard\u00edn de las Delicias&#8217;, del Bosco<\/a>. \u00abLa multiplicidad de objetos y colores obligan a mirarlo y explorarlo sin parar. Hay una imperiosa e irrefrenable necesidad de mirar. Su truco es ofrecerte much\u00edsimos objetos para que est\u00e9s atrapado. Es uno de los maestros en atrapar. En el arte abstracto, en cambio, pasa lo contrario. No conoces nada. Empiezas a dar vueltas a ver si ves algo. La gente se pregunta: \u00bfqu\u00e9 es esto? Al cabo de unos segundos, lo dejas\u00bb.<\/p>\n\n\n\n<figure class=\"wp-block-image size-large\"><img decoding=\"async\" width=\"946\" height=\"1024\" src=\"https:\/\/losperiodistas.com.mx\/portal\/wp-content\/uploads\/2025\/04\/Captura-de-pantalla-2025-04-28-a-las-9.57.38\u202fa.m-946x1024.png\" alt=\"\" class=\"wp-image-98550\" srcset=\"https:\/\/losperiodistas.com.mx\/portal\/wp-content\/uploads\/2025\/04\/Captura-de-pantalla-2025-04-28-a-las-9.57.38\u202fa.m-946x1024.png 946w, https:\/\/losperiodistas.com.mx\/portal\/wp-content\/uploads\/2025\/04\/Captura-de-pantalla-2025-04-28-a-las-9.57.38\u202fa.m-277x300.png 277w, https:\/\/losperiodistas.com.mx\/portal\/wp-content\/uploads\/2025\/04\/Captura-de-pantalla-2025-04-28-a-las-9.57.38\u202fa.m-768x831.png 768w, https:\/\/losperiodistas.com.mx\/portal\/wp-content\/uploads\/2025\/04\/Captura-de-pantalla-2025-04-28-a-las-9.57.38\u202fa.m-1419x1536.png 1419w, https:\/\/losperiodistas.com.mx\/portal\/wp-content\/uploads\/2025\/04\/Captura-de-pantalla-2025-04-28-a-las-9.57.38\u202fa.m.png 1528w\" sizes=\"(max-width: 946px) 100vw, 946px\" \/><figcaption class=\"wp-element-caption\">Artistas y enfermedad&nbsp;Arriba, un c\u00e1mara graba un autorretrato de Warhol. Sobre estas l\u00edneas, a la izquierda, Van Gogh se autorretrat\u00f3 enfermo en esta obra de 1889 (detalle). A la derecha, &#8216;La columna rota&#8217;, de Frida Kahlo, en la que mostr\u00f3 el dolor con el que conviv\u00eda&nbsp;ABC\/Museo Nacional de Oslo\/Museo Dolores Olmedo de Ciudad de M\u00e9xico<\/figcaption><\/figure>\n\n\n\n<p><strong>Mario de la Piedra Walter (Ciudad de M\u00e9xico, 1991)<\/strong>&nbsp;es m\u00e9dico. Trabaja en el \u00e1rea de neurolog\u00eda del hospital UKB de Berl\u00edn. El subt\u00edtulo de su libro, &#8216;Mentes geniales&#8217; es \u00ab<strong>c\u00f3mo funciona el cerebro de los artistas<\/strong>\u00bb. Pues eso, \u00bfc\u00f3mo funciona? \u00abEl libro es una exploraci\u00f3n de los mecanismos, tal vez incluso patol\u00f3gicos, que pudieran llegar a influenciar a ciertos artistas. Hay condiciones que nos pueden predisponer a la creatividad, pero creo que estos artistas no han sido geniales gracias a patolog\u00edas y enfermedades, sino que, a pesar de ellas, supieron utilizarlas y hacer de ellas la materia para generar su arte\u00bb.<\/p>\n\n\n\n<p>Cita el autor al&nbsp;<strong>primer c\u00edborg, Neil Harbisson<\/strong>. Padece&nbsp;<strong>acromatopsia<\/strong>, por lo que no puede ver colores. Se implant\u00f3 una antena en el \u00e1rea occipital que transforma los colores en sonidos y a trav\u00e9s de ellos interpreta el arte. Dice que las obras de&nbsp;<a href=\"https:\/\/www.abc.es\/cultura\/arte\/abci-andy-warhol-estas-cielos-201802010114_noticia.html\">Warhol<\/a>&nbsp;y&nbsp;<a href=\"https:\/\/www.abc.es\/cultura\/arte\/abci-mark-rothko-forja-rebelde-siempre-crisis-201605041214_noticia.html\">Rothko<\/a>&nbsp;producen notas claras y, sin embargo, las de Leonardo y Vel\u00e1zquez le recuerdan a la banda sonora de una pel\u00edcula de terror. \u00bfCurioso, no? \u00abMe parece muy interesante, porque es otra forma de ver el arte, como una armon\u00eda. Esto no es nuevo.&nbsp;<strong>Kandinsky<\/strong>&nbsp;pintaba la m\u00fasica, Liszt compon\u00eda con los colores. Pero s\u00ed, me sorprendi\u00f3. Y confieso que no soy fan de Rothko\u00bb. Nadie es perfecto.<\/p>\n\n\n\n<p>\u00abLos sue\u00f1os son la materia prima del arte\u00bb. En el libro aborda el surrealismo y su obsesi\u00f3n por el psicoan\u00e1lisis. \u00ab<strong>Freud<\/strong>&nbsp;ve\u00eda los sue\u00f1os como esa manifestaci\u00f3n del subconsciente. Hubo artistas que utilizaron los sue\u00f1os como medio de expresi\u00f3n.&nbsp;<strong>Remedios Varo<\/strong>&nbsp;es fant\u00e1stica y fabulosa\u00bb.&nbsp;<strong>Otto Dix<\/strong>&nbsp;sufri\u00f3 un derrame cerebral. \u00bfCree que su expresionismo se podr\u00eda explicar a partir de su enfermedad? \u00abEl accidente cerebrovascular sucedi\u00f3 cuando ya hab\u00eda creado la mayor\u00eda de su arte. Pero lo interesante es que en muchos autorretratos se ve c\u00f3mo cambi\u00f3 su percepci\u00f3n\u00bb.<\/p>\n\n\n\n<p>Como buen mexicano, no pod\u00eda faltar en el libro&nbsp;<a href=\"https:\/\/www.abc.es\/cultura\/arte\/abci-frida-kahlo-artista-mas-alla-cliches-y-mito-personaje-202108260018_noticia.html\">Frida Kahlo<\/a>. \u00abMi pintura lleva dentro el mensaje del dolor\u00bb, dec\u00eda la artista. \u00abTengo que ser sincero. Cuando empec\u00e9 el cap\u00edtulo de Frida lo hice con un poco de escepticismo. S\u00e9 que su nombre se ha convertido en una marca comercial. Y juega un papel muy importante en la identidad mexicana del siglo XX. Pero a trav\u00e9s de leer su autobiograf\u00eda hoy le tengo una admiraci\u00f3n profunda. Sufri\u00f3 mucho: una&nbsp;<strong>poliomielitis<\/strong>, un grav\u00edsimo accidente [<strong>32 operaciones<\/strong>, acab\u00f3 perdiendo una pierna]&#8230; Quer\u00eda estudiar medicina, pero no pod\u00eda hacer otra cosa m\u00e1s que pintar.&nbsp;<strong>El dolor<\/strong>&nbsp;juega un papel fundamental y el arte es un paliativo ante este dolor. Quiso hacer arte para s\u00ed misma. El dolor es el tema principal porque su arte es totalmente autobiogr\u00e1fico. Pero su \u00faltima pintura son unas sand\u00edas con el mensaje:&nbsp;<strong>&#8216;Viva la vida<\/strong>&#8216;. Alguien que pas\u00f3 por tanto dolor ten\u00eda tambi\u00e9n una pasi\u00f3n por la vida. Se aferr\u00f3 a ella. En su \u00faltima exposici\u00f3n, la bajaron de una ambulancia, se tom\u00f3 unos mezcales y cant\u00f3 un mariachi. El error es nuestro. Nos hemos enfocado en el dolor y no en su pasi\u00f3n por la vida\u00bb.<\/p>\n\n\n\n<p>Desde peque\u00f1o,&nbsp;<strong>Warhol<\/strong>&nbsp;era t\u00edmido, reservado. Y en su obra hay un gusto por la repetici\u00f3n. Se le ha situado dentro del&nbsp;<strong>espectro autista<\/strong>, pero viendo su vida en<strong>&nbsp;la Factory<\/strong>, las fiestas en<strong>&nbsp;Studio 54<\/strong>, cuesta creerlo. \u00abQuienes lo conocieron dec\u00edan que en las fiestas estaba en una esquina sin hablar con nadie, encerrado en su mundo. Hay gente autista que puede tener relaciones sociales. \u00c9l ten\u00eda muchos rasgos que nos hablan de este espectro. Pero no hay que olvidar que su forma de ver el arte y la fama era muy particular. \u00c9l quer\u00eda ser famoso. Creo que la genialidad de Warhol reside en utilizar estos rasgos que para la mayor\u00eda de las personas que los padecen pueden ser limitantes y extrapolarlos para lograr las cosas que quer\u00eda\u00bb.<\/p>\n\n\n\n<p>Se ha escrito mucho sobre las relaciones entre&nbsp;<strong>arte y locur<\/strong><strong>a<\/strong>. Es el caso de&nbsp;<strong>Dubuffet y el art brut<\/strong>. \u00abLo que buscaba en este libro era desmontar un poco este mito. Se idealizan las enfermedades mentales. Causan dolor y son un drama en la vida de las personas, pero quer\u00eda desmitificar esta idea de que el artista tiene que sufrir\u00bb, advierte De la Piedra Walter.<\/p>\n\n\n\n<p>De&nbsp;<a href=\"https:\/\/www.abc.es\/cultura\/arte\/van-gogh-fdgdsfgsdfgsdfgsdfgsdgs-20240911142003-nt.html\">Van Gogh<\/a>&nbsp;se ha dicho que padec\u00eda&nbsp;<strong>colapso mental, trastorno bipolar, esquizofrenia<\/strong>&nbsp;con s\u00edntomas maniacodepresivos&#8230; Se cort\u00f3 una oreja tras una discusi\u00f3n con Gauguin y se suicid\u00f3. \u00bfQu\u00e9 importancia tuvo la enfermedad de Van Gogh en su trabajo? \u00abLa obra de Van Gogh me parece fascinante. Se sale de todo lo que se estaba haciendo en ese momento. Si esto tiene que ver con su trastorno o no, es un poco dif\u00edcil de saber, pero en el trastorno de la bipolaridad hay estos arranques no solo de creatividad, sino impulsivos de hacer y hacer. Pintaba m\u00e1s de una hora al d\u00eda. Esto s\u00ed podr\u00eda ser parte de la patolog\u00eda, del trastorno\u00bb.<\/p>\n\n\n\n<p>Al final del libro habla de&nbsp;<strong>Ram\u00f3n y Cajal<\/strong>. \u00bfPor qu\u00e9? \u00bfSe identifica con su trabajo? \u00abSu vida es muy significativa, no para m\u00ed, sino para todo aquel que est\u00e1 buscando un sentido de vocaci\u00f3n, digamos, ese llamado de las sirenas. Su vida est\u00e1 llena de&nbsp;<strong>incertidumbres<\/strong>, de dudas, y de repente encuentra la forma de c\u00f3mo unir el arte con el trabajo cient\u00edfico y de la forma m\u00e1s improbable. Viene de un pueblito al que solo se llegaba en mula, en Navarra, y en esa \u00e9poca el eje cient\u00edfico estaba en Gran Breta\u00f1a, en Alemania. Y de repente llega este m\u00e9dico espa\u00f1ol y hace una de las teor\u00edas m\u00e1s impresionantes, y cambia la historia de las neurociencias.&nbsp;<strong>Es el padre de las neurociencias<\/strong>. Me encanta la medicina, me encanta el aspecto humano de la medicina, pero yo la veo como una parte m\u00e1s de la esfera de lo humano, y necesito el arte tambi\u00e9n para entender lo humano\u00bb.<\/p>\n\n\n\n<h3 class=\"wp-block-heading\">\u00bfQu\u00e9 nos emociona en un cuadro?<\/h3>\n\n\n\n<p>El Museo Thyssen, Quir\u00f3nsalud y la Universidad Rey Juan Carlos han dado a conocer los resultados del proyecto<strong>&nbsp;&#8216;Emociones a trav\u00e9s del arte&#8217;,<\/strong>&nbsp;una investigaci\u00f3n iniciada en mayo de 2024 que une el arte, la salud y la educaci\u00f3n. Este estudio tiene como objetivo descubrir e identificar las emociones inconscientes que producen las obras de arte en las personas que las observan y explorar los beneficios para la salud:&nbsp;<strong>alegr\u00eda, aversi\u00f3n, desprecio, ira, miedo, sorpresa y tristeza<\/strong>. \u00bfC\u00f3mo se interact\u00faa con las obras de arte? \u00bfQu\u00e9 elementos captan la atenci\u00f3n en funci\u00f3n de las emociones?<\/p>\n\n\n\n<p>A lo largo de ocho semanas se analiz\u00f3 a un grupo de&nbsp;<strong>127 participantes (67% mujeres), de entre 18 y 65 a\u00f1os<\/strong>. En un laboratorio se identificaron las emociones predominantes que producen&nbsp;<strong>125 obras<\/strong>&nbsp;de las colecciones Thyssen-Bornemisza y&nbsp;<a href=\"https:\/\/www.abc.es\/cultura\/arte\/carmen-thyssen-mata-mua-estar-inauguracion-museo-20241212164205-nt.html\">Carmen Thyssen<\/a>. Se usaron&nbsp;<strong>t\u00e9cnicas neurocient\u00edficas<\/strong>&nbsp;como el eye-tracking \u2013recoge los movimientos oculares para identificar qu\u00e9 elementos de una obra captan m\u00e1s la atenci\u00f3n del espectador\u2013, el reconocimiento facial \u2013una c\u00e1mara recoge y decodifica las expresiones faciales mediante algoritmos\u2013, y la respuesta psicogalv\u00e1nica de la piel (GSR) \u2013detecta la actividad electrod\u00e9rmica de la piel permitiendo identificar los estados de activaci\u00f3n que se produce al experimentar una emoci\u00f3n\u2013.<\/p>\n\n\n\n<p>Los resultados han demostrado que el color y la composici\u00f3n de las obras influyen en las emociones del espectador. Los tonos c\u00e1lidos y las composiciones equilibradas tienden a generar emociones positivas, mientras que los contrastes de luces y sombras suelen intensificar el impacto emocional. As\u00ed,<strong><\/strong>&#8216;La Cena de Ema\u00fas&#8217;,<strong>&nbsp;de Matthias Stom<\/strong>, genera un inter\u00e9s contemplativo y reflexivo mientras que obras como &#8216;El violinista alegre con un vaso de vino&#8217;, de<strong>&nbsp;Gerard van Honthorst<\/strong>, evocan emociones m\u00e1s din\u00e1micas y activas. El estudio ha revelado que algunas pinturas generan exclusivamente emociones positivas, mientras que otras provocan \u00fanicamente emociones negativas.<\/p>\n\n\n\n<p>El&nbsp;<a href=\"https:\/\/www.abc.es\/cultura\/arte\/abci-mata-gauguin-regresa-espana-202101291816_noticia.html\">&#8216;Mata Mua&#8217;, de Gauguin<\/a>, provoca un 33,79% de alegr\u00eda, un 5,26% de aversi\u00f3n, un 9,12 de desprecio, un 8,66% de ira, un 21,93% de miedo, un 20,66% de sorpresa y un 0,58% de tristeza. Entre los cuadros que provocan m\u00e1s alegr\u00eda, &#8216;Mujer en el ba\u00f1o, de<strong>&nbsp;Roy Lichtenstein<\/strong>&nbsp;(un 91,80%) y &#8216;Les Vessenots en Auvers&#8217;, de<strong>&nbsp;Van Gogh<\/strong>&nbsp;(un 83.98%). En el lado contrario,&nbsp;<strong>&#8216;Habitaci\u00f3n de hotel&#8217;, de Edward Hopper<\/strong>, provoca un 54,98% de tristeza y &#8216;Cristo resucitado&#8217;, de<strong>&nbsp;Bramantino<\/strong>, un 47,46% de ira.<\/p>\n\n\n\n<p>Fuente: <a href=\"https:\/\/www.abc.es\/cultura\/arte\/arte-visto-traves-neurociencia-20250427154340-nt.html\">https:\/\/www.abc.es\/cultura\/arte\/arte-visto-traves-neurociencia-20250427154340-nt.html<\/a><\/p>\n\n\n\n<p><\/p>\n","protected":false},"excerpt":{"rendered":"<p>Sendos libros analizan los &#8216;trucos&#8217; que utilizan los pintores (son magos, ilusionistas) en las obras de la colecci\u00f3n del Prado [&hellip;]<\/p>\n","protected":false},"author":1,"featured_media":98548,"comment_status":"open","ping_status":"open","sticky":false,"template":"","format":"standard","meta":{"site-sidebar-layout":"default","site-content-layout":"","ast-site-content-layout":"default","site-content-style":"default","site-sidebar-style":"default","ast-global-header-display":"","ast-banner-title-visibility":"","ast-main-header-display":"","ast-hfb-above-header-display":"","ast-hfb-below-header-display":"","ast-hfb-mobile-header-display":"","site-post-title":"","ast-breadcrumbs-content":"","ast-featured-img":"","footer-sml-layout":"","theme-transparent-header-meta":"","adv-header-id-meta":"","stick-header-meta":"","header-above-stick-meta":"","header-main-stick-meta":"","header-below-stick-meta":"","astra-migrate-meta-layouts":"default","ast-page-background-enabled":"default","ast-page-background-meta":{"desktop":{"background-color":"var(--ast-global-color-4)","background-image":"","background-repeat":"repeat","background-position":"center center","background-size":"auto","background-attachment":"scroll","background-type":"","background-media":"","overlay-type":"","overlay-color":"","overlay-opacity":"","overlay-gradient":""},"tablet":{"background-color":"","background-image":"","background-repeat":"repeat","background-position":"center center","background-size":"auto","background-attachment":"scroll","background-type":"","background-media":"","overlay-type":"","overlay-color":"","overlay-opacity":"","overlay-gradient":""},"mobile":{"background-color":"","background-image":"","background-repeat":"repeat","background-position":"center center","background-size":"auto","background-attachment":"scroll","background-type":"","background-media":"","overlay-type":"","overlay-color":"","overlay-opacity":"","overlay-gradient":""}},"ast-content-background-meta":{"desktop":{"background-color":"var(--ast-global-color-5)","background-image":"","background-repeat":"repeat","background-position":"center center","background-size":"auto","background-attachment":"scroll","background-type":"","background-media":"","overlay-type":"","overlay-color":"","overlay-opacity":"","overlay-gradient":""},"tablet":{"background-color":"var(--ast-global-color-5)","background-image":"","background-repeat":"repeat","background-position":"center center","background-size":"auto","background-attachment":"scroll","background-type":"","background-media":"","overlay-type":"","overlay-color":"","overlay-opacity":"","overlay-gradient":""},"mobile":{"background-color":"var(--ast-global-color-5)","background-image":"","background-repeat":"repeat","background-position":"center center","background-size":"auto","background-attachment":"scroll","background-type":"","background-media":"","overlay-type":"","overlay-color":"","overlay-opacity":"","overlay-gradient":""}},"footnotes":""},"categories":[8],"tags":[37896,37895,37897,37898,37894],"class_list":["post-98547","post","type-post","status-publish","format-standard","has-post-thumbnail","hentry","category-noticias","tag-mentes-geniales","tag-fernando-giraldez","tag-mario-de-la-piedra-walter","tag-neil-harbisson","tag-un-neurocientifico-en-el-museo-del-prado"],"_links":{"self":[{"href":"https:\/\/losperiodistas.com.mx\/portal\/wp-json\/wp\/v2\/posts\/98547","targetHints":{"allow":["GET"]}}],"collection":[{"href":"https:\/\/losperiodistas.com.mx\/portal\/wp-json\/wp\/v2\/posts"}],"about":[{"href":"https:\/\/losperiodistas.com.mx\/portal\/wp-json\/wp\/v2\/types\/post"}],"author":[{"embeddable":true,"href":"https:\/\/losperiodistas.com.mx\/portal\/wp-json\/wp\/v2\/users\/1"}],"replies":[{"embeddable":true,"href":"https:\/\/losperiodistas.com.mx\/portal\/wp-json\/wp\/v2\/comments?post=98547"}],"version-history":[{"count":1,"href":"https:\/\/losperiodistas.com.mx\/portal\/wp-json\/wp\/v2\/posts\/98547\/revisions"}],"predecessor-version":[{"id":98551,"href":"https:\/\/losperiodistas.com.mx\/portal\/wp-json\/wp\/v2\/posts\/98547\/revisions\/98551"}],"wp:featuredmedia":[{"embeddable":true,"href":"https:\/\/losperiodistas.com.mx\/portal\/wp-json\/wp\/v2\/media\/98548"}],"wp:attachment":[{"href":"https:\/\/losperiodistas.com.mx\/portal\/wp-json\/wp\/v2\/media?parent=98547"}],"wp:term":[{"taxonomy":"category","embeddable":true,"href":"https:\/\/losperiodistas.com.mx\/portal\/wp-json\/wp\/v2\/categories?post=98547"},{"taxonomy":"post_tag","embeddable":true,"href":"https:\/\/losperiodistas.com.mx\/portal\/wp-json\/wp\/v2\/tags?post=98547"}],"curies":[{"name":"wp","href":"https:\/\/api.w.org\/{rel}","templated":true}]}}