{"id":98544,"date":"2025-04-28T09:24:28","date_gmt":"2025-04-28T15:24:28","guid":{"rendered":"https:\/\/losperiodistas.com.mx\/portal\/?p=98544"},"modified":"2025-04-28T09:24:30","modified_gmt":"2025-04-28T15:24:30","slug":"pedro-gunnlaugur-garcia-nadie-puede-acabar-con-la-migracion-es-algo-consustancial-a-la-historia-del-ser-humano-la-lectura","status":"publish","type":"post","link":"https:\/\/losperiodistas.com.mx\/portal\/pedro-gunnlaugur-garcia-nadie-puede-acabar-con-la-migracion-es-algo-consustancial-a-la-historia-del-ser-humano-la-lectura\/","title":{"rendered":"Pedro Gunnlaugur Garcia: \u00abNadie puede acabar con la migraci\u00f3n, es algo consustancial a la historia del ser humano\u00bb | La Lectura"},"content":{"rendered":"\n<p class=\"has-medium-font-size\">El escritor, Premio Nacional de Islandia 2022, publica &#8216;Pulmones&#8217;, una epopeya familiar multigeneracional que reflexiona sobre la identidad y el alma humana mezclando la desbordante imaginaci\u00f3n del realismo m\u00e1gico con la melanc\u00f3lica introspecci\u00f3n psicol\u00f3gica n\u00f3rdica. \u00abHay cap\u00edtulos que a\u00fan hoy no puedo leer porque me transportan a mi propio dolor\u00bb<\/p>\n\n\n\n<figure class=\"wp-block-image size-large\"><img fetchpriority=\"high\" decoding=\"async\" width=\"910\" height=\"1024\" src=\"https:\/\/losperiodistas.com.mx\/portal\/wp-content\/uploads\/2025\/04\/17454310718968-910x1024.webp\" alt=\"\" class=\"wp-image-98545\" srcset=\"https:\/\/losperiodistas.com.mx\/portal\/wp-content\/uploads\/2025\/04\/17454310718968-910x1024.webp 910w, https:\/\/losperiodistas.com.mx\/portal\/wp-content\/uploads\/2025\/04\/17454310718968-267x300.webp 267w, https:\/\/losperiodistas.com.mx\/portal\/wp-content\/uploads\/2025\/04\/17454310718968-768x864.webp 768w, https:\/\/losperiodistas.com.mx\/portal\/wp-content\/uploads\/2025\/04\/17454310718968.webp 1200w\" sizes=\"(max-width: 910px) 100vw, 910px\" \/><figcaption class=\"wp-element-caption\">El escritor island\u00e9s Pedro Gunnlaugur Garcia. Kristinn Magn\u00fasson<\/figcaption><\/figure>\n\n\n\n<p class=\"has-vivid-red-color has-text-color has-link-color has-medium-font-size wp-elements-b6c179e0d4f5cf1ed1b4b70fb8fb3750\"><strong><a href=\"https:\/\/www.elmundo.es\/autor\/andres-seoane.html\">Andr\u00e9s Seoane<\/a> \/ La Lectura<\/strong><\/p>\n\n\n\n<p><\/p>\n\n\n\n<p>Hace unos cinco a\u00f1os el escritor island\u00e9s&nbsp;<strong>Pedro Gunnlaugur Garcia<\/strong>&nbsp;(Lisboa, 1983) estaba digiriendo el \u00e9xito de su experimental primera novela&nbsp;<em>M\u00e1lleysingjarnir<\/em>&nbsp;(<em>Sin lenguaje<\/em>), un an\u00e1lisis surrealista de los l\u00edmites de la humanidad y el lenguaje muy bien recibida en el ambiente literario de Islandia por la frescura y potencia de su escritura, inusual para un debut. \u00abTuvo muy buenas cr\u00edticas, pero nadie lo compr\u00f3, lo que me entristeci\u00f3 un poco, porque&nbsp;<strong>aunque siempre quise ser escritor necesitas vender ejemplares para pagar las cuentas<\/strong>. Me puse a pensar qu\u00e9 me gustar\u00eda realmente escribir y a replantearme mi oficio\u00bb, recuerda sonriente el autor en conversaci\u00f3n con&nbsp;<em>La Lectura<\/em>&nbsp;en la&nbsp;<a href=\"https:\/\/bokmenntir.is\/en\/city-literature-projects-grondalshus-writers-home\/grondalshus-writers-home\" target=\"_blank\" rel=\"noreferrer noopener\">Casa Gr\u00f6ndalsh\u00fas<\/a>, una residencia para creadores ubicada en el centro de Reikiavik.<\/p>\n\n\n\n<p>Mientras prepara un arom\u00e1tico caf\u00e9 y glosa las virtudes de los&nbsp;<em>kleinur<\/em>&nbsp;-una especie de retorcidas rosquillas n\u00f3rdicas-, el escritor sigue contando: \u00abMe puse a releer a autores que me encantan, como&nbsp;<a href=\"https:\/\/www.elmundo.es\/la-lectura\/2024\/06\/04\/6658ca85e85ece912b8b456d.html\" target=\"_blank\" rel=\"noreferrer noopener\"><strong>Milan Kundera<\/strong><\/a>,&nbsp;<a href=\"https:\/\/www.elmundo.es\/especiales\/cultura\/gabriel-garcia-marquez\/\" target=\"_blank\" rel=\"noreferrer noopener\"><strong>Gabriel Garc\u00eda M\u00e1rquez<\/strong><\/a>,&nbsp;<a href=\"https:\/\/www.elmundo.es\/cultura\/literatura\/2023\/06\/15\/64898b2b21efa0a8638b45ab.html\" target=\"_blank\" rel=\"noreferrer noopener\"><strong>Isabel Allende<\/strong><\/a>&nbsp;o&nbsp;<a href=\"https:\/\/www.elmundo.es\/cultura\/literatura\/2021\/06\/22\/60bfa2bafc6c834c4a8b45c0.html\" target=\"_blank\" rel=\"noreferrer noopener\"><strong>William Faulkner<\/strong><\/a>, pues&nbsp;<strong>siempre he sentido fascinaci\u00f3n por las historias psicol\u00f3gicas e introspectivas y tambi\u00e9n por las sagas generacionales y familiares<\/strong>, el tipo de literatura que me ha impactado m\u00e1s y con la que me identifico profundamente. As\u00ed que me atrajo la idea de intentarlo\u00bb, dice sonriendo con timidez.<\/p>\n\n\n\n<p>En aquel entonces, Gunnlaugur Garcia se estaba separando de su ex mujer y madre de su hijo, y, adem\u00e1s, fallecieron dos de sus abuelos, experiencias que permearon en su escritura. \u00abMe centr\u00e9 en estos temas: la separaci\u00f3n y&nbsp;<strong>la complejidad de las relaciones humanas y de pareja, la vida, la muerte y el trauma que se transmite entre generaciones<\/strong>. Hay cap\u00edtulos que todav\u00eda no puedo leer hoy, porque me transportan directamente al dolor que experiment\u00e9 entonces. Fue un proceso de crecimiento y de comprensi\u00f3n de lo que intentaba hacer con la literatura\u00bb, confiesa.<\/p>\n\n\n\n<figure class=\"wp-block-image\"><img decoding=\"async\" src=\"https:\/\/e00-elmundo.uecdn.es\/assets\/multimedia\/imagenes\/2025\/04\/23\/17454310716869.jpg\" alt=\"\"\/><\/figure>\n\n\n\n<h2 class=\"wp-block-heading\">Pulmones<\/h2>\n\n\n\n<p>Pedro Gunnlaugur Garcia<\/p>\n\n\n\n<p>Traducci\u00f3n de Rafael Garc\u00eda P\u00e9rez. AdN. 240 p\u00e1ginas. 20,95 \u20ac Ebook: 10,49 \u20ac<\/p>\n\n\n\n<p>De toda esa amalgama de vivencias y emociones surgi\u00f3&nbsp;<a href=\"https:\/\/amzn.to\/42DGEGd\" target=\"_blank\" rel=\"noreferrer noopener\"><em>Pulmones<\/em><\/a>&nbsp;(AdN),&nbsp;<strong>una epopeya familiar y multigeneracional que abarca dos siglos en m\u00faltiples pa\u00edses y reflexiona sobre la identidad y el alma humana<\/strong>, a la vez que combina, con sensibilidad y buenas dosis de humor y drama, la desbordante imaginaci\u00f3n del realismo m\u00e1gico con la melanc\u00f3lica introspecci\u00f3n psicol\u00f3gica n\u00f3rdica. \u00abLa novela es un viaje con diferentes tonos: tiene historias fant\u00e1sticas, con el halo de esas narraciones familiares de toda la vida,&nbsp;<strong>toques de ciencia ficci\u00f3n y tambi\u00e9n una realidad psicol\u00f3gica un poco cruda<\/strong>, que sirve para narrar las vivencias dulces y amargas de la convivencia\u00bb, explica. \u00abAl escribirla me sent\u00ed como un alquimista que trata de hacer oro con las piedras que da la vida, pues hay mucho de mi propia experiencia, especialmente en las partes malas\u00bb.<\/p>\n\n\n\n<h2 class=\"wp-block-heading\">Eclecticismo narrativo y tem\u00e1tico<\/h2>\n\n\n\n<p>Ganadora del&nbsp;<strong>Premio de Literatura de Islandia&nbsp;<\/strong>y traducida con \u00e9xito en el mundo n\u00f3rdico y en pa\u00edses como Alemania y Polonia, de donde Gunnlaugur Garcia acaba de volver de gira,&nbsp;<em>Pulmones<\/em>&nbsp;logra el aroma de las cl\u00e1sicas sagas familiares como&nbsp;<em>El ruido y la furia<\/em>,&nbsp;<em>La casa de los esp\u00edritus&nbsp;<\/em>o&nbsp;<em>Los Buddenbrook<\/em>, pero a\u00f1adiendo a los consabidos t\u00f3picos de la fragilidad humana y la decadencia de las estirpes muchos temas de plena actualidad, como&nbsp;<strong>la identidad, el papel global de las migraciones en la configuraci\u00f3n de nuestra realidad e incluso los posibles l\u00edmites entre humanidad y tecnolog\u00eda<\/strong>.<\/p>\n\n\n\n<p>As\u00ed, la historia comienza en 2089, cuando Johanna, una programadora de realidades virtuales a la carta -simulaciones en las que los clientes se integran en un mundo so\u00f1ado o recrean su pasado perdido- decide leer la novela en la que su padre, con quien lleva a\u00f1os peleada,&nbsp;<strong>ha consignado la historia de su familia remont\u00e1ndose a principios del siglo XX<\/strong>. Desde la Italia de la Primera Guerra Mundial viajamos a los Estados Unidos de mediados de la centuria, al Canad\u00e1 que acogi\u00f3 a refugiados de la guerra de Vietnam y a la Islandia de hace unas d\u00e9cadas y de las siguientes.<\/p>\n\n\n\n<p>\u00abPara esos primeros cap\u00edtulos me bas\u00e9 en muchas historias familiares\u00bb, recuerda Gunnlaugur Garcia. \u00abPor ejemplo, est\u00e1 una que contaba mi abuelo portugu\u00e9s sobre c\u00f3mo mi bisabuelo&nbsp;<strong>se libr\u00f3 de ir a la Primera Guerra Mundial comiendo de una sentada varios kilos de aceitunas<\/strong>. Al ir al m\u00e9dico, la radiograf\u00eda sal\u00eda llena de manchas, y le dijeron que no durar\u00eda ni un mes y que estaba dispensado del reclutamiento. Todos sus conocidos fueron enrolados y murieron en Flandes luchando contra los alemanes en la Gran Guerra, pero \u00e9l sobrevivi\u00f3 de un modo inveros\u00edmil\u00bb.<\/p>\n\n\n\n<blockquote class=\"wp-block-quote is-layout-flow wp-block-quote-is-layout-flow\">\n<p class=\"has-pale-ocean-gradient-background has-background has-medium-font-size\">\u00abAl escribir esta novela me sent\u00ed como un alquimista que trata de hacer oro con las piedras que da la vida, pues hay mucho de mi propia experiencia, especialmente en las partes malas\u00bb<\/p>\n<\/blockquote>\n\n\n\n<p>Como refleja el libro, trasladando la historia de Portugal a Italia, uno de los personajes consigui\u00f3 que lo declararan no apto para el combate comiendo tal cantidad de aceitunas que el m\u00e9dico, tras pasarle por los rayos X, le diagnostic\u00f3 un c\u00e1ncer incurable.&nbsp;<strong>Una triqui\u00f1uela que en la novela, como buena saga familiar, se convierte en algo hereditario y sirve a su hijo y a su nieto para evitar la Segunda Guerra Mundial y la de Vietnam<\/strong>, respectivamente. Tambi\u00e9n hay en el libro, en ese citado tono de realismo m\u00e1gico, brillantes p\u00e1ginas dedicadas a un pollo gigante como una casa y demasiado afectuoso que sembr\u00f3 el terror en el norte de Islandia e incluso un personaje que tiene el don de absorber el pasado de sus amantes mientras pr\u00e1ctica sexo.<\/p>\n\n\n\n<h2 class=\"wp-block-heading\">Una migraci\u00f3n imparable<\/h2>\n\n\n\n<p>Pero m\u00e1s all\u00e1 del viaje literario que plantea&nbsp;<em>Pulmones<\/em>,&nbsp;<strong>uno de los temas capitales de la novela es el de la migraci\u00f3n y la identidad, algo que ha marcado la vida de Gunnlaugur Garcia<\/strong>, como nos cuenta mientras paseamos por las apacibles calles una nublada Reikiavik. Aunque lleva desde ni\u00f1o viviendo en la tranquila capital islandesa, de donde se siente oriundo, el autor naci\u00f3 en Lisboa, de donde es su padre y donde su madre vivi\u00f3 una d\u00e9cada. \u00abA menudo, quiz\u00e1 de modo inconsciente, reflejo al escribir mi realidad de venir de dos lugares diferentes que, adem\u00e1s, no tienen ninguna conexi\u00f3n entre ellos.&nbsp;<strong>Hace 30 a\u00f1os era el \u00fanico ni\u00f1o en la escuela con un nombre extranjero<\/strong>. No fue un problema, pero me hizo comprender que no era exactamente como los dem\u00e1s\u00bb, recuerda el autor.<\/p>\n\n\n\n<p>Y recuerda c\u00f3mo en una ocasi\u00f3n tuvo un episodio desagradable. \u00abLos ni\u00f1os de la Generaci\u00f3n Z lo llamar\u00edan una microagresi\u00f3n, pero no fue para tanto. Yo estaba en un museo con mi entonces mujer y mi hijo, que ha sacado su pelo rubio, y, de pronto, un hombre extra\u00f1o se acerc\u00f3 a nosotros y&nbsp;<strong>se\u00f1al\u00e1ndolos a ellos dijo con una voz ronca: ellos son vikingos, pero t\u00fa no. Me qued\u00e9 de piedra<\/strong>, no sab\u00eda qu\u00e9 decir\u00bb, explica el escritor. \u00abAl final termin\u00e9 dici\u00e9ndole que mi familia viene de \u00d3lafsv\u00edk, al norte de Islandia, y tras mirarme con desconfianza, se fue\u00bb, concluye algo azorado.<\/p>\n\n\n\n<figure class=\"wp-block-image\"><img decoding=\"async\" src=\"https:\/\/e00-elmundo.uecdn.es\/assets\/multimedia\/imagenes\/2025\/04\/23\/17454310798679.jpg\" alt=\"El escritor en el pueblo de \u00d3lafsv\u00edk, al norte de Islandia, de donde es su familia materna.\"\/><figcaption class=\"wp-element-caption\">El escritor en el pueblo de \u00d3lafsv\u00edk, al norte de Islandia, de donde es su familia materna.TORGILS HULUD\u00d3TTI<\/figcaption><\/figure>\n\n\n\n<p>En este sentido considera que el mestizaje y la movilidad humanas que refleja su novela, que incluye protagonistas de m\u00e1s de una decena de nacionalidades, puede ser&nbsp;<strong>un mensaje para un mundo que tiende al nacionalismo \u00e9tnico y el cierre de fronteras<\/strong>. \u00abNo pretend\u00eda ser una exploraci\u00f3n sociol\u00f3gica ni una declaraci\u00f3n pol\u00edtica, pero en m\u00ed pa\u00eds [donde efectivamente se aprecia un n\u00famero mucho m\u00e1s bajo de gente rubia de la que pensar\u00edamos en Espa\u00f1a] s\u00ed ha cobrado esa importancia, pues&nbsp;<strong>somos una sociedad que tras siglos cerrada ha recibido en los \u00faltimos a\u00f1os una gran afluencia de personas con or\u00edgenes diversos<\/strong>\u00ab, apunta.<\/p>\n\n\n\n<p>De hecho, como relata, \u00abVenezolanos y ucranianos, desde luego, pero tambi\u00e9n muchos polacos, africanos y asi\u00e1ticos. Un pa\u00eds como Islandia, donde&nbsp;<strong>exist\u00eda un \u00fanico tipo de persona homog\u00e9nea y monocultural con un s\u00f3lo idioma<\/strong>&nbsp;vive hoy nueva realidad donde tenemos personas con historias, apariencias y formas de hablar muy diferentes, y la literatura debe consignar eso\u00bb, defiende.<\/p>\n\n\n\n<blockquote class=\"wp-block-quote is-layout-flow wp-block-quote-is-layout-flow\">\n<p class=\"has-pale-ocean-gradient-background has-background has-medium-font-size\">\u00abLas migraciones no son algo actual. Desde que existimos los seres humanos, los pueblos viajan y se mezclan, y ning\u00fan pol\u00edtico va a poder detenerlo por muchas leyes restrictivas que haga\u00bb<\/p>\n<\/blockquote>\n\n\n\n<p>A este respecto, el escritor se lanza emocionado a contar otra an\u00e9cdota ilustrativa de su postura. \u00abHace un par de a\u00f1os me invitaron a comisariar un evento en el edificio Edda, un nuevo centro de estudios islandeses dependiente del Instituto \u00c1rni Magn\u00fasson, que son los custodios del idioma y quienes almacenan los manuscritos de&nbsp;<strong>las famosas sagas islandesas<\/strong>\u00ab. Estos es importante, a\u00f1ade, porque son los \u00fanicos tesoros que tenemos en este pa\u00eds.&nbsp;<strong>S\u00f3lo tenemos monta\u00f1as, peces a Bj\u00f6rk y los manuscritos de \u00e9poca medieval<\/strong>, guardados all\u00ed en una habitaci\u00f3n a prueba de lava y terremotos\u00bb, dice bromista.<\/p>\n\n\n\n<p>\u00abEl caso es que creamos un evento que abordaba algunos de los temas relacionados con la escritura de los inmigrantes y la forma en que usan y escriben en island\u00e9s de una manera un poco diferente a la habitual. Y logramos que unos 20 autores de muchos lugares escribieran&nbsp;<strong>un peque\u00f1o texto sobre qui\u00e9nes son, de d\u00f3nde vienen, qu\u00e9 hacen y qu\u00e9 piensan de su experiencia en Islandia<\/strong>, y que lo leyeran con su propio acento\u00bb, explica el autor. \u00abEsos textos, que llamamos<em>&nbsp;Libro de Asentamientos II&nbsp;<\/em>en referencia al original, un manuscrito del a\u00f1o 1.000 que narra el establecimiento en la isla de los vikingos;&nbsp;<strong>se guarda hoy junto a las sagas originales. En un pa\u00eds tan purista con su idioma y su historia es un gran logro<\/strong>\u00ab, insiste.<\/p>\n\n\n\n<p>En cuanto a las migraciones, incide en que \u00ab<strong>este flujo migratorio es consustancial al ser humano<\/strong>. No s\u00e9 si deber\u00eda meterme en pol\u00edtica, pero en esta \u00e9poca en la que hay un sentimiento muy fuerte por parte de la derecha conservadora para obstaculizar este tipo de movimientos de personas creo que debemos pensar en que&nbsp;<strong>las migraciones no son algo actual, sino que forman parte consustancial de la historia del ser humano<\/strong>. Desde que existimos, los pueblos viajan y se mezclan, y ning\u00fan pol\u00edtico va a poder detenerlo por muchas leyes restrictivas que haga\u00bb.<\/p>\n\n\n\n<h2 class=\"wp-block-heading\">La responsabilidad de la literatura<\/h2>\n\n\n\n<p>Volviendo al plano literario, y sin entrar en spoilers que estropeen la jugosa trama al lector,&nbsp;<em>Pulmones<\/em>&nbsp;destaca tambi\u00e9n por&nbsp;<strong>su honda reflexi\u00f3n sobre la naturaleza humana y los v\u00ednculos, especialmente familiares y de pareja, que establecemos<\/strong>&nbsp;unos con otros. \u00abHay un patr\u00f3n que se repite en muchas familias y es el hecho de que como con las personas que est\u00e1n m\u00e1s cerca de nosotros hay menos l\u00edmites, m\u00e1s confianza, quiz\u00e1 es con quienes peor nos comportamos y donde generamos m\u00e1s conflictos\u00bb, opina Gunnlaugur Garcia.<\/p>\n\n\n\n<p>\u00abTambi\u00e9n me he dado cuenta, al venir de dos cultura tan distintas, que por mucho que quiz\u00e1 los islandeses se consideren gente m\u00e1s reprimida que los portugueses,&nbsp;<strong>independientemente de la cultura, la naturaleza humana nunca cambia, estamos gen\u00e9ticamente hechos para comportarnos de ciertas maneras<\/strong>&nbsp;y, por ejemplo, las peleas entre hermanos o padres e hijos son algo universal\u00bb.<\/p>\n\n\n\n<blockquote class=\"wp-block-quote is-layout-flow wp-block-quote-is-layout-flow\">\n<p class=\"has-pale-ocean-gradient-background has-background has-medium-font-size\">\u00abRealmente creo en la responsabilidad de la literatura, en que abordando ciertos temas los escritores podemos contribuir, modestamente, a mejorar la sociedad y la vida de las personas\u00bb<\/p>\n<\/blockquote>\n\n\n\n<p>En este sentido, el escritor asegura que lo que m\u00e1s le ha llamado la atenci\u00f3n de su reciente visita a Alemania y Polonia fue<strong>&nbsp;la obsesi\u00f3n de los lectores por preguntarle con insistencia por los entresijos de c\u00f3mo traspasamos los traumas y conflictos entre generaciones<\/strong>. \u00abNunca olvidar\u00e9 el caso de una se\u00f1ora que tras una presentaci\u00f3n se me acerco muy seria, y me dijo: &#8216;s\u00f3lo quer\u00eda que supieras que este libro realmente me impact\u00f3 y me hizo pensar mucho en ciertas personas, personas con las que necesito volver a ponerme en contacto y que las voy a llamar&#8217;. Nunca supe de qui\u00e9n hablaba, pero eso me llev\u00f3 a pensar en la responsabilidad de la literatura, en que&nbsp;<strong>abordando ciertos temas los escritores podemos contribuir, modestamente, a mejorar la sociedad<\/strong>&nbsp;y la vida de las personas\u00bb.<\/p>\n\n\n\n<p>A pesar de los dramas, las historias fallidas, las relaciones rotas y el sinf\u00edn de vicisitudes que conforman<em>&nbsp;Pulmones<\/em>, el libro guarda, como buena epopeya, un mensaje de optimismo, condensado en la frase que un anciano bisabuelo, el vietnamita que lleva media vida viviendo en el exilio,&nbsp;<strong>le dice como despedida a su jovenc\u00edsimo bisnieto, mitad island\u00e9s mitad canadiense: \u00abAdi\u00f3s, eres mi coraz\u00f3n, latiendo en este mundo\u00bb<\/strong>.<\/p>\n\n\n\n<p>\u00abEsa es la frase m\u00e1s importante del libro, y es real. Se la dijo mi abuelo lisboeta, de 97 a\u00f1os, a mi hijo la \u00faltima vez que lo vio. \u00c9l era hijo de campesinos, casi no ten\u00eda educaci\u00f3n y tuvo una vida tan dura como cualquiera de su generaci\u00f3n. Sin embargo,&nbsp;<strong>supo condensar en esa frase, toda la belleza del mundo y el sentido de las familias y de la literatura<\/strong>: perpetuarnos y contar el mundo a los que vendr\u00e1n despu\u00e9s\u00bb, concluye.<\/p>\n\n\n\n<p>Fuente: <a href=\"https:\/\/www.elmundo.es\/la-lectura\/2025\/04\/28\/68092a5dfdddff0b448b45b8.html\">https:\/\/www.elmundo.es\/la-lectura\/2025\/04\/28\/68092a5dfdddff0b448b45b8.html<\/a><\/p>\n","protected":false},"excerpt":{"rendered":"<p>El escritor, Premio Nacional de Islandia 2022, publica &#8216;Pulmones&#8217;, una epopeya familiar multigeneracional que reflexiona sobre la identidad y el [&hellip;]<\/p>\n","protected":false},"author":1,"featured_media":98545,"comment_status":"open","ping_status":"open","sticky":false,"template":"","format":"standard","meta":{"site-sidebar-layout":"default","site-content-layout":"","ast-site-content-layout":"default","site-content-style":"default","site-sidebar-style":"default","ast-global-header-display":"","ast-banner-title-visibility":"","ast-main-header-display":"","ast-hfb-above-header-display":"","ast-hfb-below-header-display":"","ast-hfb-mobile-header-display":"","site-post-title":"","ast-breadcrumbs-content":"","ast-featured-img":"","footer-sml-layout":"","theme-transparent-header-meta":"","adv-header-id-meta":"","stick-header-meta":"","header-above-stick-meta":"","header-main-stick-meta":"","header-below-stick-meta":"","astra-migrate-meta-layouts":"default","ast-page-background-enabled":"default","ast-page-background-meta":{"desktop":{"background-color":"var(--ast-global-color-4)","background-image":"","background-repeat":"repeat","background-position":"center center","background-size":"auto","background-attachment":"scroll","background-type":"","background-media":"","overlay-type":"","overlay-color":"","overlay-opacity":"","overlay-gradient":""},"tablet":{"background-color":"","background-image":"","background-repeat":"repeat","background-position":"center center","background-size":"auto","background-attachment":"scroll","background-type":"","background-media":"","overlay-type":"","overlay-color":"","overlay-opacity":"","overlay-gradient":""},"mobile":{"background-color":"","background-image":"","background-repeat":"repeat","background-position":"center center","background-size":"auto","background-attachment":"scroll","background-type":"","background-media":"","overlay-type":"","overlay-color":"","overlay-opacity":"","overlay-gradient":""}},"ast-content-background-meta":{"desktop":{"background-color":"var(--ast-global-color-5)","background-image":"","background-repeat":"repeat","background-position":"center center","background-size":"auto","background-attachment":"scroll","background-type":"","background-media":"","overlay-type":"","overlay-color":"","overlay-opacity":"","overlay-gradient":""},"tablet":{"background-color":"var(--ast-global-color-5)","background-image":"","background-repeat":"repeat","background-position":"center center","background-size":"auto","background-attachment":"scroll","background-type":"","background-media":"","overlay-type":"","overlay-color":"","overlay-opacity":"","overlay-gradient":""},"mobile":{"background-color":"var(--ast-global-color-5)","background-image":"","background-repeat":"repeat","background-position":"center center","background-size":"auto","background-attachment":"scroll","background-type":"","background-media":"","overlay-type":"","overlay-color":"","overlay-opacity":"","overlay-gradient":""}},"footnotes":""},"categories":[8],"tags":[37892,10247,37890,7595,37893,37889],"class_list":["post-98544","post","type-post","status-publish","format-standard","has-post-thumbnail","hentry","category-noticias","tag-eclecticismo-narrativo","tag-literatura","tag-malleysingjarnir","tag-migracion","tag-novela-pulmones","tag-pedro-gunnlaugur-garcia"],"_links":{"self":[{"href":"https:\/\/losperiodistas.com.mx\/portal\/wp-json\/wp\/v2\/posts\/98544","targetHints":{"allow":["GET"]}}],"collection":[{"href":"https:\/\/losperiodistas.com.mx\/portal\/wp-json\/wp\/v2\/posts"}],"about":[{"href":"https:\/\/losperiodistas.com.mx\/portal\/wp-json\/wp\/v2\/types\/post"}],"author":[{"embeddable":true,"href":"https:\/\/losperiodistas.com.mx\/portal\/wp-json\/wp\/v2\/users\/1"}],"replies":[{"embeddable":true,"href":"https:\/\/losperiodistas.com.mx\/portal\/wp-json\/wp\/v2\/comments?post=98544"}],"version-history":[{"count":1,"href":"https:\/\/losperiodistas.com.mx\/portal\/wp-json\/wp\/v2\/posts\/98544\/revisions"}],"predecessor-version":[{"id":98546,"href":"https:\/\/losperiodistas.com.mx\/portal\/wp-json\/wp\/v2\/posts\/98544\/revisions\/98546"}],"wp:featuredmedia":[{"embeddable":true,"href":"https:\/\/losperiodistas.com.mx\/portal\/wp-json\/wp\/v2\/media\/98545"}],"wp:attachment":[{"href":"https:\/\/losperiodistas.com.mx\/portal\/wp-json\/wp\/v2\/media?parent=98544"}],"wp:term":[{"taxonomy":"category","embeddable":true,"href":"https:\/\/losperiodistas.com.mx\/portal\/wp-json\/wp\/v2\/categories?post=98544"},{"taxonomy":"post_tag","embeddable":true,"href":"https:\/\/losperiodistas.com.mx\/portal\/wp-json\/wp\/v2\/tags?post=98544"}],"curies":[{"name":"wp","href":"https:\/\/api.w.org\/{rel}","templated":true}]}}