{"id":98537,"date":"2025-04-28T08:43:19","date_gmt":"2025-04-28T14:43:19","guid":{"rendered":"https:\/\/losperiodistas.com.mx\/portal\/?p=98537"},"modified":"2025-04-28T08:43:20","modified_gmt":"2025-04-28T14:43:20","slug":"putin-anuncia-un-alto-el-fuego-del-8-al-10-de-mayo-ucrania-quiere-una-tregua-ya-reuters","status":"publish","type":"post","link":"https:\/\/losperiodistas.com.mx\/portal\/putin-anuncia-un-alto-el-fuego-del-8-al-10-de-mayo-ucrania-quiere-una-tregua-ya-reuters\/","title":{"rendered":"Putin anuncia un alto el fuego del 8 al 10 de mayo; Ucrania quiere una tregua ya | Reuters"},"content":{"rendered":"\n<figure class=\"wp-block-image\"><a href=\"https:\/\/www.reutersagency.com\/en\/licensereuterscontent\/?utm_medium=rcom-article-media&amp;utm_campaign=rcom-rcp-lead\" target=\"_blank\" rel=\"noreferrer noopener\"><img decoding=\"async\" src=\"https:\/\/www.reuters.com\/resizer\/v2\/NC56ETGPDRPEZLHR33LZTRXJWA.jpg?auth=a8c1ccc727b538cb11a16c06634a057c9eaa167d736cb1949d459c645df3db5f&amp;width=4972&amp;quality=80\" alt=\"Consecuencias del ataque con misiles bal\u00edsticos rusos en Kyiv\"\/><\/a><\/figure>\n\n\n\n<p><\/p>\n\n\n\n<p class=\"has-vivid-red-color has-text-color has-link-color has-medium-font-size wp-elements-e7bae77c76c9ac50fe431701acccf3d5\"><strong>Por\u00a0Reuters<\/strong><\/p>\n\n\n\n<p>MOSC\u00da, 28 abr (Reuters) &#8211; El presidente ruso, Vladimir Putin, declar\u00f3 el lunes un alto el fuego de tres d\u00edas en mayo en la guerra con Ucrania para conmemorar el 80 aniversario de la victoria de la Uni\u00f3n Sovi\u00e9tica y sus aliados en la Segunda Guerra Mundial.El Kremlin dijo que el alto el fuego de 72 horas durar\u00e1 el 8 y el 9 de mayo (cuando Putin recibir\u00e1 a l\u00edderes internacionales, incluido el presidente chino Xi Jinping, para lujosas celebraciones para conmemorar la victoria sobre la Alemania nazi) y el 10 de mayo.<\/p>\n\n\n\n<p>El ministro de Asuntos Exteriores de Ucrania, Andrii Sybiha, respondi\u00f3: \u00abSi Rusia realmente desea la paz, debe cesar el fuego de inmediato. \u00bfPor qu\u00e9 esperar hasta el 8 de mayo?\u00bb<\/p>\n\n\n\n<p>.Un alto el fuego debe ser \u00abreal, no s\u00f3lo para un desfile\u00bb, public\u00f3 en X.<\/p>\n\n\n\n<p>La Casa Blanca dijo que el presidente Donald Trump quer\u00eda un alto el fuego permanente entre Rusia y Ucrania.<\/p>\n\n\n\n<p>En un contexto de creciente impaciencia por parte de Estados Unidos, la acci\u00f3n de Putin pareci\u00f3 querer indicar que Rusia todav\u00eda est\u00e1 interesada en la paz, algo que Ucrania y sus aliados europeos disputan.<\/p>\n\n\n\n<p>\u00abTodas las acciones militares quedan suspendidas durante este per\u00edodo. Rusia cree que la parte ucraniana debe seguir este ejemplo\u00bb, declar\u00f3 el Kremlin en un comunicado sobre el alto el fuego del 8 al 10 de mayo.<\/p>\n\n\n\n<p>En caso de violaciones por parte de Ucrania, las fuerzas armadas rusas dar\u00e1n una respuesta adecuada y eficaz.Fue el segundo anuncio de tregua unilateral que Putin ha hecho en r\u00e1pida sucesi\u00f3n, luego de un\u00a0<a href=\"https:\/\/www.reuters.com\/world\/europe\/russias-putin-declares-unilateral-easter-ceasefire-ukraine-2025-04-19\/\">cese del fuego de 30 horas en Pascua<\/a>\u00a0que cada lado acus\u00f3 al otro de\u00a0<a href=\"https:\/\/www.reuters.com\/world\/europe\/ukraines-zelenskiy-says-russian-army-trying-create-impression-easter-ceasefire-2025-04-20\/\">violar<\/a>\u00a0innumerables veces.<\/p>\n\n\n\n<p>Esto se produjo despu\u00e9s de que Trump\u00a0<a href=\"https:\/\/www.reuters.com\/world\/europe\/air-defence-units-action-around-kyiv-officials-say-2025-04-23\/\">criticara<\/a>\u00a0a Putin por un ataque ruso mortal contra Kiev la semana pasada y expresara su preocupaci\u00f3n el fin de semana de que Putin \u00absolo me estuviera dando la lata\u00bb. Washington ha amenazado repetidamente con abandonar sus esfuerzos de paz a menos que se produzcan avances reales.<\/p>\n\n\n\n<p>El presidente ucraniano, Volodymyr Zelenskiy, quien se reuni\u00f3 con Trump al margen del funeral del Papa Francisco en Roma el s\u00e1bado, dijo que Kiev estar\u00eda lista para mantener conversaciones con Mosc\u00fa una vez que un acuerdo de alto el fuego haya detenido los combates.<\/p>\n\n\n\n<p>Sybiha, de Ucrania, afirm\u00f3 que Kiev hab\u00eda estado \u00abproponiendo constantemente\u00bb un alto el fuego durante al menos 30 d\u00edas. Rusia ha afirmado que desea una soluci\u00f3n completa, no una pausa.<\/p>\n\n\n\n<h2 class=\"wp-block-heading\">&#8216;CONVERSACIONES SIN CONDICIONES PREVIAS&#8217;<\/h2>\n\n\n\n<p>El comunicado del Kremlin afirma: \u00abLa parte rusa reitera su disposici\u00f3n a entablar conversaciones de paz sin condiciones previas, destinadas a eliminar las causas profundas de la crisis ucraniana, y a una interacci\u00f3n constructiva con sus socios internacionales\u00bb.<\/p>\n\n\n\n<p>El portavoz del Kremlin, Dmitry Peskov, dijo anteriormente a los periodistas que la se\u00f1al para las conversaciones directas deber\u00eda venir de Ucrania, ya que actualmente tiene una \u00abprohibici\u00f3n legal\u00bb para negociar con Putin.<\/p>\n\n\n\n<p>Se refer\u00eda a un decreto de 2022 en el que Zelenskiy descart\u00f3 tales negociaciones, despu\u00e9s de que Rusia reclamara cuatro regiones ucranianas como suyas en una acci\u00f3n condenada como ilegal por la mayor\u00eda de los pa\u00edses en las Naciones Unidas.<\/p>\n\n\n\n<p>Ucrania acusa a Rusia de ganar tiempo para intentar apoderarse de m\u00e1s territorio y ha pedido una mayor presi\u00f3n internacional para que Mosc\u00fa deje de combatir.Rusia acusa a Ucrania de no estar dispuesta a hacer concesiones y de buscar un alto el fuego s\u00f3lo en sus propios t\u00e9rminos.<\/p>\n\n\n\n<p>Trump inst\u00f3 el domingo a Rusia a\u00a0<a href=\"https:\/\/www.reuters.com\/world\/rubio-says-russia-ukraine-peace-deal-needs-happen-soon-2025-04-27\/\">detener sus ataques<\/a>\u00a0en Ucrania y sugiri\u00f3 que Zelenskiy estaba listo para entregar Crimea, que Rusia le quit\u00f3 en 2014.Zelenskiy declar\u00f3 a principios de este mes que hacerlo violar\u00eda la Constituci\u00f3n de Ucrania. Kiev no ha comentado las declaraciones de Trump del domingo sobre Crimea.<\/p>\n\n\n\n<p>Informaci\u00f3n de Reuters en Mosc\u00fa y Yuliia Dysa en Gdansk; redacci\u00f3n de Mark Trevelyan. Edici\u00f3n de Gareth Jones.<\/p>\n\n\n\n<p>Fuente: <a href=\"https:\/\/www.reuters.com\/world\/europe\/russia-says-signal-start-direct-peace-talks-should-come-ukraine-2025-04-28\/\">https:\/\/www.reuters.com\/world\/europe\/russia-says-signal-start-direct-peace-talks-should-come-ukraine-2025-04-28\/<\/a><\/p>\n","protected":false},"excerpt":{"rendered":"<p>Por\u00a0Reuters MOSC\u00da, 28 abr (Reuters) &#8211; El presidente ruso, Vladimir Putin, declar\u00f3 el lunes un alto el fuego de tres [&hellip;]<\/p>\n","protected":false},"author":1,"featured_media":98538,"comment_status":"open","ping_status":"open","sticky":false,"template":"","format":"standard","meta":{"site-sidebar-layout":"default","site-content-layout":"","ast-site-content-layout":"default","site-content-style":"default","site-sidebar-style":"default","ast-global-header-display":"","ast-banner-title-visibility":"","ast-main-header-display":"","ast-hfb-above-header-display":"","ast-hfb-below-header-display":"","ast-hfb-mobile-header-display":"","site-post-title":"","ast-breadcrumbs-content":"","ast-featured-img":"","footer-sml-layout":"","theme-transparent-header-meta":"","adv-header-id-meta":"","stick-header-meta":"","header-above-stick-meta":"","header-main-stick-meta":"","header-below-stick-meta":"","astra-migrate-meta-layouts":"default","ast-page-background-enabled":"default","ast-page-background-meta":{"desktop":{"background-color":"var(--ast-global-color-4)","background-image":"","background-repeat":"repeat","background-position":"center center","background-size":"auto","background-attachment":"scroll","background-type":"","background-media":"","overlay-type":"","overlay-color":"","overlay-opacity":"","overlay-gradient":""},"tablet":{"background-color":"","background-image":"","background-repeat":"repeat","background-position":"center center","background-size":"auto","background-attachment":"scroll","background-type":"","background-media":"","overlay-type":"","overlay-color":"","overlay-opacity":"","overlay-gradient":""},"mobile":{"background-color":"","background-image":"","background-repeat":"repeat","background-position":"center center","background-size":"auto","background-attachment":"scroll","background-type":"","background-media":"","overlay-type":"","overlay-color":"","overlay-opacity":"","overlay-gradient":""}},"ast-content-background-meta":{"desktop":{"background-color":"var(--ast-global-color-5)","background-image":"","background-repeat":"repeat","background-position":"center center","background-size":"auto","background-attachment":"scroll","background-type":"","background-media":"","overlay-type":"","overlay-color":"","overlay-opacity":"","overlay-gradient":""},"tablet":{"background-color":"var(--ast-global-color-5)","background-image":"","background-repeat":"repeat","background-position":"center center","background-size":"auto","background-attachment":"scroll","background-type":"","background-media":"","overlay-type":"","overlay-color":"","overlay-opacity":"","overlay-gradient":""},"mobile":{"background-color":"var(--ast-global-color-5)","background-image":"","background-repeat":"repeat","background-position":"center center","background-size":"auto","background-attachment":"scroll","background-type":"","background-media":"","overlay-type":"","overlay-color":"","overlay-opacity":"","overlay-gradient":""}},"footnotes":""},"categories":[8],"tags":[37886,6232],"class_list":["post-98537","post","type-post","status-publish","format-standard","has-post-thumbnail","hentry","category-noticias","tag-alto-al-fuego-rusia","tag-ucrania"],"_links":{"self":[{"href":"https:\/\/losperiodistas.com.mx\/portal\/wp-json\/wp\/v2\/posts\/98537","targetHints":{"allow":["GET"]}}],"collection":[{"href":"https:\/\/losperiodistas.com.mx\/portal\/wp-json\/wp\/v2\/posts"}],"about":[{"href":"https:\/\/losperiodistas.com.mx\/portal\/wp-json\/wp\/v2\/types\/post"}],"author":[{"embeddable":true,"href":"https:\/\/losperiodistas.com.mx\/portal\/wp-json\/wp\/v2\/users\/1"}],"replies":[{"embeddable":true,"href":"https:\/\/losperiodistas.com.mx\/portal\/wp-json\/wp\/v2\/comments?post=98537"}],"version-history":[{"count":1,"href":"https:\/\/losperiodistas.com.mx\/portal\/wp-json\/wp\/v2\/posts\/98537\/revisions"}],"predecessor-version":[{"id":98539,"href":"https:\/\/losperiodistas.com.mx\/portal\/wp-json\/wp\/v2\/posts\/98537\/revisions\/98539"}],"wp:featuredmedia":[{"embeddable":true,"href":"https:\/\/losperiodistas.com.mx\/portal\/wp-json\/wp\/v2\/media\/98538"}],"wp:attachment":[{"href":"https:\/\/losperiodistas.com.mx\/portal\/wp-json\/wp\/v2\/media?parent=98537"}],"wp:term":[{"taxonomy":"category","embeddable":true,"href":"https:\/\/losperiodistas.com.mx\/portal\/wp-json\/wp\/v2\/categories?post=98537"},{"taxonomy":"post_tag","embeddable":true,"href":"https:\/\/losperiodistas.com.mx\/portal\/wp-json\/wp\/v2\/tags?post=98537"}],"curies":[{"name":"wp","href":"https:\/\/api.w.org\/{rel}","templated":true}]}}