{"id":98527,"date":"2025-04-28T06:46:06","date_gmt":"2025-04-28T12:46:06","guid":{"rendered":"https:\/\/losperiodistas.com.mx\/portal\/?p=98527"},"modified":"2025-04-28T06:46:09","modified_gmt":"2025-04-28T12:46:09","slug":"en-mexico-se-murio-la-democracia-ernesto-zedillo-la-silla-rota","status":"publish","type":"post","link":"https:\/\/losperiodistas.com.mx\/portal\/en-mexico-se-murio-la-democracia-ernesto-zedillo-la-silla-rota\/","title":{"rendered":"\u00abEn M\u00e9xico se muri\u00f3 la democracia\u00bb: Ernesto Zedillo | La Silla Rota"},"content":{"rendered":"\n<h2 class=\"wp-block-heading\">El ex presidente se\u00f1ala que en M\u00e9xico se muri\u00f3 la democracia y se est\u00e1 construyendo un Estado policial<\/h2>\n\n\n\n<figure class=\"wp-block-image\"><img decoding=\"async\" src=\"https:\/\/lasillarota.com\/u\/fotografias\/m\/2024\/9\/17\/f960x540-638844_712919_4934.jpg\" alt=\"\"\/><figcaption class=\"wp-element-caption\">Cr\u00e9ditos: Cuartoscuro<\/figcaption><\/figure>\n\n\n\n<p><a href=\"https:\/\/lasillarota.com\/autor\/juan-ortiz.html\"><\/a><\/p>\n\n\n\n<p class=\"has-vivid-red-color has-text-color has-link-color has-medium-font-size wp-elements-9f057b915f7be41ddffa6c6b1cdff588\"><strong><a href=\"https:\/\/lasillarota.com\/autor\/juan-ortiz.html\">Por\u00a0JUAN ORTIZ<\/a> \/ La Silla Rota<\/strong><\/p>\n\n\n\n<p><\/p>\n\n\n\n<p>El expresidente de M\u00e9xico,&nbsp;<strong><a href=\"https:\/\/lasillarota.com\/temas\/ernesto-zedillo-6245.html\" target=\"_blank\" rel=\"noreferrer noopener\">Ernesto Zedillo<\/a><\/strong>, consider\u00f3 que en los gobiernos de la&nbsp;<strong><a href=\"https:\/\/lasillarota.com\/nacion\/2024\/9\/30\/amlo-deja-mexico-al-borde-del-autoritarismo-zedillo-503602.html\" target=\"_blank\" rel=\"noreferrer noopener\">Cuarta Transformaci\u00f3n<\/a><\/strong>&nbsp;de L\u00f3pez Obrador y Sheinbaum&nbsp;<a href=\"https:\/\/lasillarota.com\/nacion\/2025\/1\/10\/ernesto-zedillo-le-manda-mensaje-claudia-sheinbaum-le-pide-no-gobernar-con-caudillo-al-lado-517902.html\" target=\"_blank\" rel=\"noreferrer noopener\"><strong>la democracia ha muerto<\/strong><\/a>, ya que se est\u00e1n desmantelando las instituciones establecidas, como es el&nbsp;<strong>Poder Judicial<\/strong>&nbsp;independiente y los \u00f3rganos electorales aut\u00f3nomos.<\/p>\n\n\n\n<p>Seg\u00fan\u00a0<strong>Zedillo<\/strong>, estas medidas, incluyendo la propuesta de\u00a0<strong>elegir jueces<\/strong>\u00a0popularmente y la militarizaci\u00f3n de la seguridad, representan un retroceso hacia un r\u00e9gimen autoritario y policial, marcando el fin de la\u00a0<strong>transici\u00f3n democr\u00e1tica<\/strong>\u00a0en el pa\u00eds.<\/p>\n\n\n\n<p>La\u00a0<em><strong>revista Nexos<\/strong><\/em>\u00a0ha publicado este domingo un fragmento de una entrevista con el expresidente de M\u00e9xico, donde comparte su perspectiva cr\u00edtica sobre la situaci\u00f3n pol\u00edtica actual del pa\u00eds.<\/p>\n\n\n\n<h3 class=\"wp-block-heading\">Te podr\u00eda interesar<\/h3>\n\n\n\n<ul class=\"wp-block-list\">\n<li><a href=\"https:\/\/lasillarota.com\/nacion\/2025\/1\/10\/ernesto-zedillo-le-manda-mensaje-claudia-sheinbaum-le-pide-no-gobernar-con-caudillo-al-lado-517902.html\"><em>Ernesto Zedillo<\/em>Ernesto Zedillo le manda mensaje a Claudia Sheinbaum: le pide no gobernar con caudillo al lado<\/a><\/li>\n\n\n\n<li><a href=\"https:\/\/lasillarota.com\/nacion\/2024\/11\/1\/zedillo-acusa-sheinbaum-de-antidemocratica-autoritaria-the-washington-post-508370.html\"><em>Reforma judicial a debate<\/em>Zedillo acusa a Sheinbaum de antidemocr\u00e1tica y autoritaria: The Washington Post<\/a><\/li>\n<\/ul>\n\n\n\n<p>Destac\u00f3 que la\u00a0<strong>reforma judicial<\/strong>\u00a0en M\u00e9xico es un ataque frontal y decisivo contra la joven\u00a0<strong>democracia<\/strong>\u00a0que los mexicanos construyeron con mucho trabajo.<\/p>\n\n\n\n<p>El expresidente describi\u00f3 la&nbsp;<strong>reforma judicial<\/strong>&nbsp;como un intento de destruir al Poder Judicial federal y de los estados para sustituirlo por un poder que estar\u00e1 a las \u00f3rdenes del gobierno y quiz\u00e1s de los criminales.<\/p>\n\n\n\n<blockquote class=\"wp-block-quote is-layout-flow wp-block-quote-is-layout-flow\">\n<p class=\"has-pale-cyan-blue-background-color has-background has-medium-font-size\">\u00abMi conclusi\u00f3n es muy sencilla: en M\u00e9xico se muri\u00f3 la&nbsp;<strong>democracia<\/strong>. En M\u00e9xico est\u00e1n haciendo un Estado policial. Cuando la presidenta de la Rep\u00fablica nos dice que M\u00e9xico ser\u00e1 el pa\u00eds m\u00e1s democr\u00e1tico, en virtud de esa farsa de&nbsp;<strong>elecciones de jueces<\/strong>&nbsp;nombrados por el gobierno y posiblemente por el crimen organizado, pues no lo quiero tomar como burla, pero yo dir\u00eda que es al menos cuestionable\u00bb, indic\u00f3.<\/p>\n<\/blockquote>\n\n\n\n<p>Calific\u00f3 el mecanismo propuesto como una simulaci\u00f3n total, una farsa y un enga\u00f1o al pueblo de M\u00e9xico.&nbsp;<strong>Zedillo<\/strong>&nbsp;argument\u00f3 que ning\u00fan pa\u00eds realmente democr\u00e1tico elige a sus&nbsp;<strong>jueces<\/strong>&nbsp;de esta manera, compar\u00e1ndolo con pr\u00e1cticas que solo inventan los dictadores para controlar al&nbsp;<strong>Poder Judicial<\/strong>. Advierte que, adem\u00e1s de ser un proceso con candidatos manipulados, esta propuesta es un ensayo para la destrucci\u00f3n del sistema electoral mexicano, ya que el conteo de votos no ser\u00eda transparente, decidi\u00e9ndose \u00aben lo oscurito\u00bb.<\/p>\n\n\n\n<blockquote class=\"wp-block-quote is-layout-flow wp-block-quote-is-layout-flow\">\n<p class=\"has-pale-cyan-blue-background-color has-background has-medium-font-size\">\u201cSu cat\u00e1logo de acciones para destruir la&nbsp;<strong>democracia<\/strong>&nbsp;es quiz\u00e1s el m\u00e1s amplio que yo jam\u00e1s haya visto en tan poco tiempo en ning\u00fan pa\u00eds. La destrucci\u00f3n de otros \u00f3rganos aut\u00f3nomos del Estado, como el encargado de la transparencia, tiene un prop\u00f3sito avieso. Los ciudadanos ya no vamos a saber muchas cosas que hizo el gobierno de L\u00f3pez Obrador ni que har\u00e1 el gobierno en curso, porque simplemente no tendremos el derecho a pedirle a un \u00f3rgano aut\u00f3nomo que nos d\u00e9 esa informaci\u00f3n\u201d, lanz\u00f3.<\/p>\n<\/blockquote>\n\n\n\n<figure class=\"wp-block-image\"><img decoding=\"async\" src=\"https:\/\/lasillarota.com\/u\/fotografias\/m\/2024\/11\/1\/f768x1-658531_658658_5050.jpg\" alt=\"\"\/><\/figure>\n\n\n\n<h2 class=\"wp-block-heading\">Otras cr\u00edticas de&nbsp;<strong>Zedillo<\/strong>&nbsp;al gobierno de la 4T<\/h2>\n\n\n\n<p>El exmandatario consider\u00f3 que a las personas en el poder no les gusta la&nbsp;<strong>democracia<\/strong>&nbsp;ni el Estado de derecho, buscando un r\u00e9gimen que pueda tomar decisiones arbitrarias y abusivas seg\u00fan su conveniencia pol\u00edtica.<\/p>\n\n\n\n<p>Enumer\u00f3 una serie de acciones para destruir la&nbsp;<strong>democracia<\/strong>, describi\u00e9ndolas como un cat\u00e1logo m\u00e1s amplio que ha visto en tan poco tiempo.<\/p>\n\n\n\n<p>Incluy\u00f3 la destrucci\u00f3n de otros \u00f3rganos aut\u00f3nomos del Estado, como el encargado de la transparencia, con un prop\u00f3sito que impedir\u00e1 a los ciudadanos conocer informaci\u00f3n sobre las acciones gubernamentales.<\/p>\n\n\n\n<p>Subray\u00f3 la gravedad de la militarizaci\u00f3n de la seguridad, creyendo que destruir\u00e1 a unas Fuerzas Armadas que considera ejemplares en Am\u00e9rica Latina, convirti\u00e9ndolas en c\u00f3mplices de un gobierno autocr\u00e1tico y tir\u00e1nico.<\/p>\n\n\n\n<p>Critic\u00f3 un cambio constitucional que elimina la limitaci\u00f3n de las funciones militares a la disciplina, permitiendo al Ej\u00e9rcito hacer lo que dispongan el Congreso y las leyes controlados por un solo partido, con la protecci\u00f3n del fuero militar, algo propio de reg\u00edmenes absolutamente autoritarios.<\/p>\n\n\n\n<p>Se\u00f1al\u00f3 que un Congreso de un solo color y la llamada supremac\u00eda constitucional son grav\u00edsimos, escandalosos, grotescos y&nbsp;<strong>antidemocr\u00e1ticos<\/strong>, ya que implican que el&nbsp;<strong>Poder Judicial<\/strong>&nbsp;no puede revisar las decisiones del Congreso. Atribuy\u00f3 la responsabilidad de que esto pasara al tiempo de la presidenta Sheinbaum.<\/p>\n\n\n\n<p><strong>Zedillo<\/strong>&nbsp;consider\u00f3 que la&nbsp;<strong>transici\u00f3n democr\u00e1tica<\/strong>&nbsp;ha terminado y M\u00e9xico enfrenta un cambio de r\u00e9gimen. Argument\u00f3 que los elementos esenciales para tener una democracia (divisi\u00f3n de poderes, elecciones limpias por \u00f3rganos independientes, Estado de derecho,&nbsp;<strong>Poder Judicial<\/strong>&nbsp;independiente) no existen en M\u00e9xico actualmente.<\/p>\n\n\n\n<p>Describi\u00f3 la realidad actual como una simulaci\u00f3n, donde las elecciones peri\u00f3dicas est\u00e1n viciadas por el uso de recursos p\u00fablicos para crear clientelas pol\u00edticas, el abuso de las reglas electorales y el control del&nbsp;<strong>Poder Judicial<\/strong>&nbsp;para favorecer siempre a los gobernantes. Se\u00f1al\u00f3 que el espacio pol\u00edtico abierto anterior, donde las minor\u00edas estaban representadas, ha sido reemplazado por \u00abmuros\u00bb construidos con clientelismo, mal uso de recursos, proyectos \u00abfara\u00f3nicos\u00bb e infraestructura legal para proteger el poder.<\/p>\n\n\n\n<h2 class=\"wp-block-heading\">Cr\u00edticas anteriores de Zedillo a la 4T<\/h2>\n\n\n\n<p><strong>Contexto<\/strong>: No es la primera vez que Ernesto Zedillo acusa a la presidenta de M\u00e9xico, Claudia Sheinbaum Pardo, ya que en noviembre de 2024 se\u00f1al\u00f3 que la mandataria busca instaurar de nueva cuenta una \u00abautocracia de partido \u00fanico\u00bb en el pa\u00eds, impulsada, seg\u00fan afirma, por compromiso con su predecesor, el expresidente Andr\u00e9s Manuel L\u00f3pez Obrador.<\/p>\n\n\n\n<p>En el texto \u201cEl presidente de M\u00e9xico est\u00e1 alimentando una crisis constitucional\u201d, publicado por el medio estadounidense, The Washington Post, el expresidente de M\u00e9xico de 1994 al 2000, sostiene que la nueva mandataria morenista pretende regresar a aquellos tiempos del \u201csiglo XX, cuando no exist\u00edan elecciones competitivas y justas, y el Poder judicial no era independiente.<\/p>\n\n\n\n<p>Zedillo reconoce que su partido, el Partido Revolucionario Institucional (PRI) y sus presidentes gobernaron durante casi todo el siglo XX sin la obstrucci\u00f3n del Congreso y de los ministros de la Suprema Corte de Justicia, los cuales, reconoce, estaban subordinados al presidente.<\/p>\n\n\n\n<p>Fuente: <a href=\"https:\/\/lasillarota.com\/nacion\/2025\/4\/27\/en-mexico-se-murio-la-democracia-ernesto-zedillo-533597.html\">https:\/\/lasillarota.com\/nacion\/2025\/4\/27\/en-mexico-se-murio-la-democracia-ernesto-zedillo-533597.html<\/a><\/p>\n","protected":false},"excerpt":{"rendered":"<p>El ex presidente se\u00f1ala que en M\u00e9xico se muri\u00f3 la democracia y se est\u00e1 construyendo un Estado policial Por\u00a0JUAN ORTIZ [&hellip;]<\/p>\n","protected":false},"author":1,"featured_media":98528,"comment_status":"open","ping_status":"open","sticky":false,"template":"","format":"standard","meta":{"site-sidebar-layout":"default","site-content-layout":"","ast-site-content-layout":"default","site-content-style":"default","site-sidebar-style":"default","ast-global-header-display":"","ast-banner-title-visibility":"","ast-main-header-display":"","ast-hfb-above-header-display":"","ast-hfb-below-header-display":"","ast-hfb-mobile-header-display":"","site-post-title":"","ast-breadcrumbs-content":"","ast-featured-img":"","footer-sml-layout":"","theme-transparent-header-meta":"","adv-header-id-meta":"","stick-header-meta":"","header-above-stick-meta":"","header-main-stick-meta":"","header-below-stick-meta":"","astra-migrate-meta-layouts":"default","ast-page-background-enabled":"default","ast-page-background-meta":{"desktop":{"background-color":"var(--ast-global-color-4)","background-image":"","background-repeat":"repeat","background-position":"center center","background-size":"auto","background-attachment":"scroll","background-type":"","background-media":"","overlay-type":"","overlay-color":"","overlay-opacity":"","overlay-gradient":""},"tablet":{"background-color":"","background-image":"","background-repeat":"repeat","background-position":"center center","background-size":"auto","background-attachment":"scroll","background-type":"","background-media":"","overlay-type":"","overlay-color":"","overlay-opacity":"","overlay-gradient":""},"mobile":{"background-color":"","background-image":"","background-repeat":"repeat","background-position":"center center","background-size":"auto","background-attachment":"scroll","background-type":"","background-media":"","overlay-type":"","overlay-color":"","overlay-opacity":"","overlay-gradient":""}},"ast-content-background-meta":{"desktop":{"background-color":"var(--ast-global-color-5)","background-image":"","background-repeat":"repeat","background-position":"center center","background-size":"auto","background-attachment":"scroll","background-type":"","background-media":"","overlay-type":"","overlay-color":"","overlay-opacity":"","overlay-gradient":""},"tablet":{"background-color":"var(--ast-global-color-5)","background-image":"","background-repeat":"repeat","background-position":"center center","background-size":"auto","background-attachment":"scroll","background-type":"","background-media":"","overlay-type":"","overlay-color":"","overlay-opacity":"","overlay-gradient":""},"mobile":{"background-color":"var(--ast-global-color-5)","background-image":"","background-repeat":"repeat","background-position":"center center","background-size":"auto","background-attachment":"scroll","background-type":"","background-media":"","overlay-type":"","overlay-color":"","overlay-opacity":"","overlay-gradient":""}},"footnotes":""},"categories":[8],"tags":[2504,6892,37882],"class_list":["post-98527","post","type-post","status-publish","format-standard","has-post-thumbnail","hentry","category-noticias","tag-democracia-mexico","tag-ernesto-zedillo","tag-murio-la-democracia-en-mexico"],"_links":{"self":[{"href":"https:\/\/losperiodistas.com.mx\/portal\/wp-json\/wp\/v2\/posts\/98527","targetHints":{"allow":["GET"]}}],"collection":[{"href":"https:\/\/losperiodistas.com.mx\/portal\/wp-json\/wp\/v2\/posts"}],"about":[{"href":"https:\/\/losperiodistas.com.mx\/portal\/wp-json\/wp\/v2\/types\/post"}],"author":[{"embeddable":true,"href":"https:\/\/losperiodistas.com.mx\/portal\/wp-json\/wp\/v2\/users\/1"}],"replies":[{"embeddable":true,"href":"https:\/\/losperiodistas.com.mx\/portal\/wp-json\/wp\/v2\/comments?post=98527"}],"version-history":[{"count":1,"href":"https:\/\/losperiodistas.com.mx\/portal\/wp-json\/wp\/v2\/posts\/98527\/revisions"}],"predecessor-version":[{"id":98529,"href":"https:\/\/losperiodistas.com.mx\/portal\/wp-json\/wp\/v2\/posts\/98527\/revisions\/98529"}],"wp:featuredmedia":[{"embeddable":true,"href":"https:\/\/losperiodistas.com.mx\/portal\/wp-json\/wp\/v2\/media\/98528"}],"wp:attachment":[{"href":"https:\/\/losperiodistas.com.mx\/portal\/wp-json\/wp\/v2\/media?parent=98527"}],"wp:term":[{"taxonomy":"category","embeddable":true,"href":"https:\/\/losperiodistas.com.mx\/portal\/wp-json\/wp\/v2\/categories?post=98527"},{"taxonomy":"post_tag","embeddable":true,"href":"https:\/\/losperiodistas.com.mx\/portal\/wp-json\/wp\/v2\/tags?post=98527"}],"curies":[{"name":"wp","href":"https:\/\/api.w.org\/{rel}","templated":true}]}}