{"id":98518,"date":"2025-04-28T05:38:32","date_gmt":"2025-04-28T11:38:32","guid":{"rendered":"https:\/\/losperiodistas.com.mx\/portal\/?p=98518"},"modified":"2025-04-28T05:38:33","modified_gmt":"2025-04-28T11:38:33","slug":"arranca-en-puebla-la-semana-nacional-de-vacunacion-2025-aplicaran-mas-de-55-mil-dosis-ciudad-cero","status":"publish","type":"post","link":"https:\/\/losperiodistas.com.mx\/portal\/arranca-en-puebla-la-semana-nacional-de-vacunacion-2025-aplicaran-mas-de-55-mil-dosis-ciudad-cero\/","title":{"rendered":"Arranca en Puebla la Semana Nacional de Vacunaci\u00f3n 2025: aplicar\u00e1n m\u00e1s de 55 mil dosis | Ciudad Cero"},"content":{"rendered":"\n<figure class=\"wp-block-image\"><img decoding=\"async\" src=\"https:\/\/i0.wp.com\/ciudadcero.com.mx\/wp-content\/uploads\/vacunacion.jpg?fit=800%2C600&amp;ssl=1\" alt=\"\"\/><\/figure>\n\n\n\n<p class=\"has-vivid-red-color has-text-color has-link-color has-medium-font-size wp-elements-3cc9c7d1e623c02985fde3855efed6d5\">Redacci\u00f3n <strong>Ciudad Cero<\/strong><\/p>\n\n\n\n<p><\/p>\n\n\n\n<p>Con el objetivo de reforzar la protecci\u00f3n de la salud p\u00fablica, el Gobierno del Estado de Puebla puso en marcha la Semana Nacional de Vacunaci\u00f3n 2025, que se desarrollar\u00e1 hasta el pr\u00f3ximo 3 de mayo en todo el territorio estatal.<\/p>\n\n\n\n<p>Durante el arranque oficial, celebrado en el municipio de Oriental, el gobernador Alejandro Armenta destac\u00f3 la importancia de los esquemas de vacunaci\u00f3n como herramienta fundamental para prevenir enfermedades y proteger a los sectores m\u00e1s vulnerables de la poblaci\u00f3n.<\/p>\n\n\n\n<p>Acompa\u00f1ado por el secretario de Salud estatal, Carlos Alberto Olivier Pacheco, el mandatario resalt\u00f3 que esta jornada es parte de las pol\u00edticas impulsadas a nivel nacional por la presidenta Claudia Sheinbaum, quien ha reiterado que el acceso a la salud debe ser un derecho universal y gratuito.<\/p>\n\n\n\n<p>El titular de Salud precis\u00f3 que en esta campa\u00f1a se aplicar\u00e1n m\u00e1s de 55 mil dosis del esquema b\u00e1sico de vacunaci\u00f3n, abarcando enfermedades como virus del papiloma humano (VPH), t\u00e9tanos, difteria, sarampi\u00f3n, rub\u00e9ola, hepatitis A y B, varicela, neumococo, tuberculosis, tos ferina, rotavirus y parotiditis.<\/p>\n\n\n\n<p>La jornada est\u00e1 dirigida principalmente a ni\u00f1as, ni\u00f1os y personas adultas de entre 20 y 59 a\u00f1os, quienes podr\u00e1n recibir vacunas como TD (t\u00e9tanos y difteria), SR (sarampi\u00f3n y rub\u00e9ola) y hepatitis B de manera gratuita en los centros de salud.<\/p>\n\n\n\n<p>Olivier Pacheco llam\u00f3 a madres, padres y personas cuidadoras a llevar a sus hijas e hijos para completar sus esquemas de vacunaci\u00f3n y fomentar la conciencia sobre la prevenci\u00f3n de enfermedades. Asimismo, agradeci\u00f3 el respaldo de instituciones del sector salud, educativo y social en el desarrollo de esta jornada.<\/p>\n\n\n\n<p>Durante el acto inaugural, se aplicaron las primeras dosis a menores y adultos asistentes. Con esta iniciativa, el Gobierno de Puebla reafirma su compromiso de garantizar una salud p\u00fablica accesible para toda la poblaci\u00f3n.<\/p>\n","protected":false},"excerpt":{"rendered":"<p>Redacci\u00f3n Ciudad Cero Con el objetivo de reforzar la protecci\u00f3n de la salud p\u00fablica, el Gobierno del Estado de Puebla [&hellip;]<\/p>\n","protected":false},"author":1,"featured_media":98519,"comment_status":"open","ping_status":"open","sticky":false,"template":"","format":"standard","meta":{"site-sidebar-layout":"default","site-content-layout":"","ast-site-content-layout":"default","site-content-style":"default","site-sidebar-style":"default","ast-global-header-display":"","ast-banner-title-visibility":"","ast-main-header-display":"","ast-hfb-above-header-display":"","ast-hfb-below-header-display":"","ast-hfb-mobile-header-display":"","site-post-title":"","ast-breadcrumbs-content":"","ast-featured-img":"","footer-sml-layout":"","theme-transparent-header-meta":"","adv-header-id-meta":"","stick-header-meta":"","header-above-stick-meta":"","header-main-stick-meta":"","header-below-stick-meta":"","astra-migrate-meta-layouts":"default","ast-page-background-enabled":"default","ast-page-background-meta":{"desktop":{"background-color":"var(--ast-global-color-4)","background-image":"","background-repeat":"repeat","background-position":"center center","background-size":"auto","background-attachment":"scroll","background-type":"","background-media":"","overlay-type":"","overlay-color":"","overlay-opacity":"","overlay-gradient":""},"tablet":{"background-color":"","background-image":"","background-repeat":"repeat","background-position":"center center","background-size":"auto","background-attachment":"scroll","background-type":"","background-media":"","overlay-type":"","overlay-color":"","overlay-opacity":"","overlay-gradient":""},"mobile":{"background-color":"","background-image":"","background-repeat":"repeat","background-position":"center center","background-size":"auto","background-attachment":"scroll","background-type":"","background-media":"","overlay-type":"","overlay-color":"","overlay-opacity":"","overlay-gradient":""}},"ast-content-background-meta":{"desktop":{"background-color":"var(--ast-global-color-5)","background-image":"","background-repeat":"repeat","background-position":"center center","background-size":"auto","background-attachment":"scroll","background-type":"","background-media":"","overlay-type":"","overlay-color":"","overlay-opacity":"","overlay-gradient":""},"tablet":{"background-color":"var(--ast-global-color-5)","background-image":"","background-repeat":"repeat","background-position":"center center","background-size":"auto","background-attachment":"scroll","background-type":"","background-media":"","overlay-type":"","overlay-color":"","overlay-opacity":"","overlay-gradient":""},"mobile":{"background-color":"var(--ast-global-color-5)","background-image":"","background-repeat":"repeat","background-position":"center center","background-size":"auto","background-attachment":"scroll","background-type":"","background-media":"","overlay-type":"","overlay-color":"","overlay-opacity":"","overlay-gradient":""}},"footnotes":""},"categories":[8],"tags":[34277,13190,37878],"class_list":["post-98518","post","type-post","status-publish","format-standard","has-post-thumbnail","hentry","category-noticias","tag-pensar-en-grande","tag-por-amor-a-puebla","tag-vacunacion-2025-puebla"],"_links":{"self":[{"href":"https:\/\/losperiodistas.com.mx\/portal\/wp-json\/wp\/v2\/posts\/98518","targetHints":{"allow":["GET"]}}],"collection":[{"href":"https:\/\/losperiodistas.com.mx\/portal\/wp-json\/wp\/v2\/posts"}],"about":[{"href":"https:\/\/losperiodistas.com.mx\/portal\/wp-json\/wp\/v2\/types\/post"}],"author":[{"embeddable":true,"href":"https:\/\/losperiodistas.com.mx\/portal\/wp-json\/wp\/v2\/users\/1"}],"replies":[{"embeddable":true,"href":"https:\/\/losperiodistas.com.mx\/portal\/wp-json\/wp\/v2\/comments?post=98518"}],"version-history":[{"count":1,"href":"https:\/\/losperiodistas.com.mx\/portal\/wp-json\/wp\/v2\/posts\/98518\/revisions"}],"predecessor-version":[{"id":98520,"href":"https:\/\/losperiodistas.com.mx\/portal\/wp-json\/wp\/v2\/posts\/98518\/revisions\/98520"}],"wp:featuredmedia":[{"embeddable":true,"href":"https:\/\/losperiodistas.com.mx\/portal\/wp-json\/wp\/v2\/media\/98519"}],"wp:attachment":[{"href":"https:\/\/losperiodistas.com.mx\/portal\/wp-json\/wp\/v2\/media?parent=98518"}],"wp:term":[{"taxonomy":"category","embeddable":true,"href":"https:\/\/losperiodistas.com.mx\/portal\/wp-json\/wp\/v2\/categories?post=98518"},{"taxonomy":"post_tag","embeddable":true,"href":"https:\/\/losperiodistas.com.mx\/portal\/wp-json\/wp\/v2\/tags?post=98518"}],"curies":[{"name":"wp","href":"https:\/\/api.w.org\/{rel}","templated":true}]}}