{"id":98515,"date":"2025-04-28T05:31:43","date_gmt":"2025-04-28T11:31:43","guid":{"rendered":"https:\/\/losperiodistas.com.mx\/portal\/?p=98515"},"modified":"2025-04-28T05:31:44","modified_gmt":"2025-04-28T11:31:44","slug":"el-conclave-para-elegir-a-un-nuevo-sucesor-de-san-pedro-comenzara-el-7-de-mayo-aci","status":"publish","type":"post","link":"https:\/\/losperiodistas.com.mx\/portal\/el-conclave-para-elegir-a-un-nuevo-sucesor-de-san-pedro-comenzara-el-7-de-mayo-aci\/","title":{"rendered":"El c\u00f3nclave para elegir a un nuevo sucesor de San Pedro comenzar\u00e1 el 7 de mayo | ACI"},"content":{"rendered":"\n<figure class=\"wp-block-image size-full\"><img fetchpriority=\"high\" decoding=\"async\" width=\"672\" height=\"448\" src=\"https:\/\/losperiodistas.com.mx\/portal\/wp-content\/uploads\/2025\/04\/conclavecnaphoto.jpg.webp\" alt=\"\" class=\"wp-image-98516\" srcset=\"https:\/\/losperiodistas.com.mx\/portal\/wp-content\/uploads\/2025\/04\/conclavecnaphoto.jpg.webp 672w, https:\/\/losperiodistas.com.mx\/portal\/wp-content\/uploads\/2025\/04\/conclavecnaphoto.jpg-300x200.webp 300w\" sizes=\"(max-width: 672px) 100vw, 672px\" \/><figcaption class=\"wp-element-caption\">El Colegio Cardenalicio celebra Misa el 12 de marzo de 2013 antes de entrar a la Capilla Sixtina para el c\u00f3nclave papal. | Cr\u00e9dito: Jeffrey Bruno\/CNA.<\/figcaption><\/figure>\n\n\n\n<p><a href=\"https:\/\/www.aciprensa.com\/autor\/54\/nicolas-de-cardenas\"><\/a><\/p>\n\n\n\n<p class=\"has-vivid-red-color has-text-color has-link-color has-medium-font-size wp-elements-699a65be1e013796620be85498719072\"><strong>Por\u00a0<a href=\"https:\/\/www.aciprensa.com\/autor\/54\/nicolas-de-cardenas\">Nicol\u00e1s de C\u00e1rdenas<\/a> \/ ACI Prensa<\/strong><\/p>\n\n\n\n<p>Los cardenales reunidos en la quinta Congregaci\u00f3n General celebrada este lunes han decidido que el c\u00f3nclave para elegir al 267 sucesor de San Pedro comenzar\u00e1 el 7 de mayo, seg\u00fan la Oficina de Prensa de la Santa Sede.<\/p>\n\n\n\n<p>La Capilla Sixtina, donde tendr\u00e1 lugar la reuni\u00f3n, estar\u00e1 cerrada a las visitas esos d\u00edas.<\/p>\n\n\n\n<figure class=\"wp-block-embed is-type-rich is-provider-twitter wp-block-embed-twitter\"><div class=\"wp-block-embed__wrapper\">\n<blockquote class=\"twitter-tweet\" data-width=\"500\" data-dnt=\"true\"><p lang=\"en\" dir=\"ltr\">The conclave to elect a new Pope will begin on May 7 according to the Holy See Press Office.<br><br>The Cardinals present in Rome made the decision on Monday at their fifth General Congregation.<br><br>The conclave will take place in the Vatican\u2019s Sistine Chapel, which remain closed to\u2026 <a href=\"https:\/\/t.co\/3eYiPof4uu\">pic.twitter.com\/3eYiPof4uu<\/a><\/p>&mdash; Vatican News (@VaticanNews) <a href=\"https:\/\/twitter.com\/VaticanNews\/status\/1916812394749100052?ref_src=twsrc%5Etfw\">April 28, 2025<\/a><\/blockquote><script async src=\"https:\/\/platform.twitter.com\/widgets.js\" charset=\"utf-8\"><\/script>\n<\/div><\/figure>\n\n\n\n<p><\/p>\n\n\n\n<p>Fuente: <a href=\"https:\/\/www.aciprensa.com\/noticias\/112785\/el-conclave-para-elegir-a-un-nuevo-sucesor-de-san-pedro-comenzara-el-7-de-mayo\">https:\/\/www.aciprensa.com\/noticias\/112785\/el-conclave-para-elegir-a-un-nuevo-sucesor-de-san-pedro-comenzara-el-7-de-mayo<\/a><\/p>\n","protected":false},"excerpt":{"rendered":"<p>Por\u00a0Nicol\u00e1s de C\u00e1rdenas \/ ACI Prensa Los cardenales reunidos en la quinta Congregaci\u00f3n General celebrada este lunes han decidido que [&hellip;]<\/p>\n","protected":false},"author":1,"featured_media":98516,"comment_status":"open","ping_status":"open","sticky":false,"template":"","format":"standard","meta":{"site-sidebar-layout":"default","site-content-layout":"","ast-site-content-layout":"default","site-content-style":"default","site-sidebar-style":"default","ast-global-header-display":"","ast-banner-title-visibility":"","ast-main-header-display":"","ast-hfb-above-header-display":"","ast-hfb-below-header-display":"","ast-hfb-mobile-header-display":"","site-post-title":"","ast-breadcrumbs-content":"","ast-featured-img":"","footer-sml-layout":"","theme-transparent-header-meta":"","adv-header-id-meta":"","stick-header-meta":"","header-above-stick-meta":"","header-main-stick-meta":"","header-below-stick-meta":"","astra-migrate-meta-layouts":"default","ast-page-background-enabled":"default","ast-page-background-meta":{"desktop":{"background-color":"var(--ast-global-color-4)","background-image":"","background-repeat":"repeat","background-position":"center center","background-size":"auto","background-attachment":"scroll","background-type":"","background-media":"","overlay-type":"","overlay-color":"","overlay-opacity":"","overlay-gradient":""},"tablet":{"background-color":"","background-image":"","background-repeat":"repeat","background-position":"center center","background-size":"auto","background-attachment":"scroll","background-type":"","background-media":"","overlay-type":"","overlay-color":"","overlay-opacity":"","overlay-gradient":""},"mobile":{"background-color":"","background-image":"","background-repeat":"repeat","background-position":"center center","background-size":"auto","background-attachment":"scroll","background-type":"","background-media":"","overlay-type":"","overlay-color":"","overlay-opacity":"","overlay-gradient":""}},"ast-content-background-meta":{"desktop":{"background-color":"var(--ast-global-color-5)","background-image":"","background-repeat":"repeat","background-position":"center center","background-size":"auto","background-attachment":"scroll","background-type":"","background-media":"","overlay-type":"","overlay-color":"","overlay-opacity":"","overlay-gradient":""},"tablet":{"background-color":"var(--ast-global-color-5)","background-image":"","background-repeat":"repeat","background-position":"center center","background-size":"auto","background-attachment":"scroll","background-type":"","background-media":"","overlay-type":"","overlay-color":"","overlay-opacity":"","overlay-gradient":""},"mobile":{"background-color":"var(--ast-global-color-5)","background-image":"","background-repeat":"repeat","background-position":"center center","background-size":"auto","background-attachment":"scroll","background-type":"","background-media":"","overlay-type":"","overlay-color":"","overlay-opacity":"","overlay-gradient":""}},"footnotes":""},"categories":[8],"tags":[37877,37875],"class_list":["post-98515","post","type-post","status-publish","format-standard","has-post-thumbnail","hentry","category-noticias","tag-7-de-mayo-conclave","tag-concnave-2025"],"_links":{"self":[{"href":"https:\/\/losperiodistas.com.mx\/portal\/wp-json\/wp\/v2\/posts\/98515","targetHints":{"allow":["GET"]}}],"collection":[{"href":"https:\/\/losperiodistas.com.mx\/portal\/wp-json\/wp\/v2\/posts"}],"about":[{"href":"https:\/\/losperiodistas.com.mx\/portal\/wp-json\/wp\/v2\/types\/post"}],"author":[{"embeddable":true,"href":"https:\/\/losperiodistas.com.mx\/portal\/wp-json\/wp\/v2\/users\/1"}],"replies":[{"embeddable":true,"href":"https:\/\/losperiodistas.com.mx\/portal\/wp-json\/wp\/v2\/comments?post=98515"}],"version-history":[{"count":1,"href":"https:\/\/losperiodistas.com.mx\/portal\/wp-json\/wp\/v2\/posts\/98515\/revisions"}],"predecessor-version":[{"id":98517,"href":"https:\/\/losperiodistas.com.mx\/portal\/wp-json\/wp\/v2\/posts\/98515\/revisions\/98517"}],"wp:featuredmedia":[{"embeddable":true,"href":"https:\/\/losperiodistas.com.mx\/portal\/wp-json\/wp\/v2\/media\/98516"}],"wp:attachment":[{"href":"https:\/\/losperiodistas.com.mx\/portal\/wp-json\/wp\/v2\/media?parent=98515"}],"wp:term":[{"taxonomy":"category","embeddable":true,"href":"https:\/\/losperiodistas.com.mx\/portal\/wp-json\/wp\/v2\/categories?post=98515"},{"taxonomy":"post_tag","embeddable":true,"href":"https:\/\/losperiodistas.com.mx\/portal\/wp-json\/wp\/v2\/tags?post=98515"}],"curies":[{"name":"wp","href":"https:\/\/api.w.org\/{rel}","templated":true}]}}