{"id":98509,"date":"2025-04-28T05:06:16","date_gmt":"2025-04-28T11:06:16","guid":{"rendered":"https:\/\/losperiodistas.com.mx\/portal\/?p=98509"},"modified":"2025-04-28T06:01:12","modified_gmt":"2025-04-28T12:01:12","slug":"un-gran-apagon-general-afecta-a-toda-espana-red-electrica-activa-de-emergencia-el-plan-de-reposicion-del-suministro-electrico-el-mundo","status":"publish","type":"post","link":"https:\/\/losperiodistas.com.mx\/portal\/un-gran-apagon-general-afecta-a-toda-espana-red-electrica-activa-de-emergencia-el-plan-de-reposicion-del-suministro-electrico-el-mundo\/","title":{"rendered":"Un gran apag\u00f3n general afecta a toda Espa\u00f1a: Red El\u00e9ctrica activa de emergencia el plan de reposici\u00f3n del suministro el\u00e9ctrico | El Mundo"},"content":{"rendered":"\n<p class=\"has-medium-font-size\">La luz se ha ido en toda la geograf\u00eda<\/p>\n\n\n\n<figure class=\"wp-block-embed is-type-video is-provider-dailymotion wp-block-embed-dailymotion wp-embed-aspect-16-9 wp-has-aspect-ratio\"><div class=\"wp-block-embed__wrapper\">\n<iframe title=\"Gran apag\u00f3n en Espa\u00f1a: el metro de Madrid se queda completamente a oscuras\" frameborder=\"0\" width=\"500\" height=\"281\" src=\"https:\/\/geo.dailymotion.com\/player.html?video=x9impka&#038;\" allowfullscreen allow=\"autoplay; fullscreen; picture-in-picture; web-share\"><\/iframe>\n<\/div><figcaption class=\"wp-element-caption\">Gran apag\u00f3n en Espa\u00f1a: el metro de Madrid se queda completamente a oscuras@josem699 \/ @varuky_<\/figcaption><\/figure>\n\n\n\n<p><a href=\"https:\/\/www.elmundo.es\/autor\/guillermo-del-palacio.html\"><\/a><\/p>\n\n\n\n<p class=\"has-vivid-red-color has-text-color has-link-color has-medium-font-size wp-elements-5dd6f7a74c850546dc40d6f81184f520\"><strong><a href=\"https:\/\/www.elmundo.es\/autor\/guillermo-del-palacio.html\">Guillermo del Palacio<\/a> \/ El Mundo<\/strong><\/p>\n\n\n\n<p>Una ca\u00edda del sistema el\u00e9ctrico ha afectado a toda Espa\u00f1a desde el mediod\u00eda del lunes. Zonas de Portugal y Francia tambi\u00e9n parecen haber sido afectadas por la ca\u00edda. En varias zonas del pa\u00eds a\u00fan no se ha recuperado la luz. Se han ca\u00eddo l\u00edneas de telefon\u00eda de todo el pa\u00eds. La electricidad a\u00fan no ha vuelto al aeropuerto de Barajas.<\/p>\n\n\n\n<p>Fuentes del Ministerio de Transici\u00f3n Ecol\u00f3gica apuntan que la vicepresidenta tercera Sara Aagesen se est\u00e1 desplazando al centro de control de Red El\u00e9ctrica para conocer de primera mano la situaci\u00f3n y hacer el seguimiento del incidente. \u00abSe pondr\u00e1n todos los medios necesarios para recuperar la normalidad cuanto antes\u00bb.<\/p>\n\n\n\n<p>Seg\u00fan Red El\u00e9ctrica,&nbsp;<strong>se ha comenzado a recuperar la tensi\u00f3n en el norte y el sur peninsular<\/strong>, \u00abclave para atender progresivamente el suministro de electricidad\u00bb. \u00abEs un proceso que conlleva la energizaci\u00f3n paulatina de la red de transporte a medida que los grupos de generaci\u00f3n se acoplen\u00bb, a\u00f1aden\u00bb. En ciudades del norte de Espa\u00f1a comienza a volver la luz con normalidad.<\/p>\n\n\n\n<figure class=\"wp-block-embed is-type-rich is-provider-twitter wp-block-embed-twitter\"><div class=\"wp-block-embed__wrapper\">\n<blockquote class=\"twitter-tweet\" data-width=\"500\" data-dnt=\"true\"><p lang=\"es\" dir=\"ltr\">\u27a1\ufe0fEmpezamos a recuperar tensi\u00f3n por el norte y sur peninsular, clave para atender progresivamente el suministro de electricidad.<br><br>\u27a1\ufe0fEs un proceso que conlleva la energizaci\u00f3n paulatina de la red de transporte a medida que los grupos de generaci\u00f3n se acoplen.<br><br>Continuamos\u2026<\/p>&mdash; Red El\u00e9ctrica (@RedElectricaREE) <a href=\"https:\/\/twitter.com\/RedElectricaREE\/status\/1916818043235164267?ref_src=twsrc%5Etfw\">April 28, 2025<\/a><\/blockquote><script async src=\"https:\/\/platform.twitter.com\/widgets.js\" charset=\"utf-8\"><\/script>\n<\/div><\/figure>\n\n\n\n<p>En ciudades como Sevilla, Barcelona o Pamplona a\u00fan no se hab\u00eda recuperado el servicio. El metro de Valencia ha anunciado que ha interrumpido la circulaci\u00f3n en toda la red. En Barcelona, el apag\u00f3n tambi\u00e9n ha dejado sin servicio al metro, seg\u00fan informa Efe. Seg\u00fan Aena, ha habido cortes en los aeropuertos, aunque se han puesto en funcionamiento los grupos electr\u00f3genos. La compa\u00f1\u00eda pide a los usuarios que consulten con las aerol\u00edneas.<\/p>\n\n\n\n<figure class=\"wp-block-image\" id=\"graphic-680f68b6e4d4d8ed058b4580\"><img decoding=\"async\" src=\"https:\/\/e00-elmundo.uecdn.es\/elmundo\/2025\/graficos\/abr\/demanda646.jpg\" alt=\"\"\/><figcaption class=\"wp-element-caption\">Demanda de energia<\/figcaption><\/figure>\n\n\n\n<p>Red El\u00e9ctrica ha anunciado a las 12.56 que ha activado planes de reposici\u00f3n del suministro el\u00e9ctrico y ha adelantado que el motivo ha sido un cero, una ca\u00edda del sistema el\u00e9ctrico, en todo el sistema peninsular. \u00abSe est\u00e1n analizando las causas y se est\u00e1n dedicando todos los recursos para solventarlo\u00bb, ha detallado el operador del sistema.<\/p>\n\n\n\n<figure class=\"wp-block-embed is-type-rich is-provider-twitter wp-block-embed-twitter\"><div class=\"wp-block-embed__wrapper\">\n<blockquote class=\"twitter-tweet\" data-width=\"500\" data-dnt=\"true\"><p lang=\"es\" dir=\"ltr\">\u27a1\ufe0f Activados planes de reposici\u00f3n del suministro el\u00e9ctrico en colaboraci\u00f3n con las empresas del sector tras el cero ocurrido en el sistema peninsular.<br><br>\u27a1\ufe0f Se est\u00e1n analizando las causas y se est\u00e1n dedicando todos los recursos para solventarlo.<br><br>Seguiremos informando.<\/p>&mdash; Red El\u00e9ctrica (@RedElectricaREE) <a href=\"https:\/\/twitter.com\/RedElectricaREE\/status\/1916808660015006175?ref_src=twsrc%5Etfw\">April 28, 2025<\/a><\/blockquote><script async src=\"https:\/\/platform.twitter.com\/widgets.js\" charset=\"utf-8\"><\/script>\n<\/div><\/figure>\n\n\n\n<p>Hay muchos motivos por los que se puede dar un cero energ\u00e9tico. Uno de ellos es que haya un pico de demanda que no es capaz de cubrir el sistema, si bien no es com\u00fan, ya que Red El\u00e9ctrica compensa la red en todo momento para mantenerla en equilibrio y activa o desactiva -un exceso de generaci\u00f3n tambi\u00e9n puede hacer caer el sistema- fuentes de generaci\u00f3n en funci\u00f3n de las necesidades. En este sentido, tambi\u00e9n pueden desconectar a industrias electrointensivas para evitar que tensionen el sistema.<\/p>\n\n\n\n<p>En lo que respecta a la conexi\u00f3n con otros pa\u00edses, esta necesidad de casar oferta y demanda ha podido ser tambi\u00e9n lo que ha afectado a la red en Portugal y Francia. Al ser Espa\u00f1a tanto importador -suele recibir electricidad del pa\u00eds galo- como exportador -al vecino luso, y tambi\u00e9n a Marruecos-, una ca\u00edda en su sistema puede repercutir en los vecinos.<\/p>\n\n\n\n<p>Los sistemas de pago tambi\u00e9n se han visto afectados por la falta de conexi\u00f3n a la red.<\/p>\n\n\n\n<p>Las grandes el\u00e9ctricas espa\u00f1olas no tienen informaci\u00f3n todav\u00eda de las causas del cero energ\u00e9tico, informa&nbsp;<strong>Paula Mar\u00eda<\/strong>. Parece que el apag\u00f3n afecta tambi\u00e9n a Portugal y parte de Francia, cuyos sistemas el\u00e9ctricos est\u00e1n interconectados con el espa\u00f1ol.<\/p>\n\n\n\n<p><\/p>\n\n\n\n<p><\/p>\n\n\n\n<p><em>En desarrollo.<\/em><\/p>\n\n\n\n<p>Fuente: <a href=\"https:\/\/www.elmundo.es\/economia\/2025\/04\/28\/680f5d2221efa099318b4582.html\">https:\/\/www.elmundo.es\/economia\/2025\/04\/28\/680f5d2221efa099318b4582.html<\/a><\/p>\n\n\n\n<p><\/p>\n","protected":false},"excerpt":{"rendered":"<p>La luz se ha ido en toda la geograf\u00eda Guillermo del Palacio \/ El Mundo Una ca\u00edda del sistema el\u00e9ctrico [&hellip;]<\/p>\n","protected":false},"author":1,"featured_media":98522,"comment_status":"open","ping_status":"open","sticky":false,"template":"","format":"standard","meta":{"site-sidebar-layout":"default","site-content-layout":"","ast-site-content-layout":"default","site-content-style":"default","site-sidebar-style":"default","ast-global-header-display":"","ast-banner-title-visibility":"","ast-main-header-display":"","ast-hfb-above-header-display":"","ast-hfb-below-header-display":"","ast-hfb-mobile-header-display":"","site-post-title":"","ast-breadcrumbs-content":"","ast-featured-img":"","footer-sml-layout":"","theme-transparent-header-meta":"","adv-header-id-meta":"","stick-header-meta":"","header-above-stick-meta":"","header-main-stick-meta":"","header-below-stick-meta":"","astra-migrate-meta-layouts":"default","ast-page-background-enabled":"default","ast-page-background-meta":{"desktop":{"background-color":"var(--ast-global-color-4)","background-image":"","background-repeat":"repeat","background-position":"center center","background-size":"auto","background-attachment":"scroll","background-type":"","background-media":"","overlay-type":"","overlay-color":"","overlay-opacity":"","overlay-gradient":""},"tablet":{"background-color":"","background-image":"","background-repeat":"repeat","background-position":"center center","background-size":"auto","background-attachment":"scroll","background-type":"","background-media":"","overlay-type":"","overlay-color":"","overlay-opacity":"","overlay-gradient":""},"mobile":{"background-color":"","background-image":"","background-repeat":"repeat","background-position":"center center","background-size":"auto","background-attachment":"scroll","background-type":"","background-media":"","overlay-type":"","overlay-color":"","overlay-opacity":"","overlay-gradient":""}},"ast-content-background-meta":{"desktop":{"background-color":"var(--ast-global-color-5)","background-image":"","background-repeat":"repeat","background-position":"center center","background-size":"auto","background-attachment":"scroll","background-type":"","background-media":"","overlay-type":"","overlay-color":"","overlay-opacity":"","overlay-gradient":""},"tablet":{"background-color":"var(--ast-global-color-5)","background-image":"","background-repeat":"repeat","background-position":"center center","background-size":"auto","background-attachment":"scroll","background-type":"","background-media":"","overlay-type":"","overlay-color":"","overlay-opacity":"","overlay-gradient":""},"mobile":{"background-color":"var(--ast-global-color-5)","background-image":"","background-repeat":"repeat","background-position":"center center","background-size":"auto","background-attachment":"scroll","background-type":"","background-media":"","overlay-type":"","overlay-color":"","overlay-opacity":"","overlay-gradient":""}},"footnotes":""},"categories":[8],"tags":[37874],"class_list":["post-98509","post","type-post","status-publish","format-standard","has-post-thumbnail","hentry","category-noticias","tag-apagon-en-espana"],"_links":{"self":[{"href":"https:\/\/losperiodistas.com.mx\/portal\/wp-json\/wp\/v2\/posts\/98509","targetHints":{"allow":["GET"]}}],"collection":[{"href":"https:\/\/losperiodistas.com.mx\/portal\/wp-json\/wp\/v2\/posts"}],"about":[{"href":"https:\/\/losperiodistas.com.mx\/portal\/wp-json\/wp\/v2\/types\/post"}],"author":[{"embeddable":true,"href":"https:\/\/losperiodistas.com.mx\/portal\/wp-json\/wp\/v2\/users\/1"}],"replies":[{"embeddable":true,"href":"https:\/\/losperiodistas.com.mx\/portal\/wp-json\/wp\/v2\/comments?post=98509"}],"version-history":[{"count":3,"href":"https:\/\/losperiodistas.com.mx\/portal\/wp-json\/wp\/v2\/posts\/98509\/revisions"}],"predecessor-version":[{"id":98523,"href":"https:\/\/losperiodistas.com.mx\/portal\/wp-json\/wp\/v2\/posts\/98509\/revisions\/98523"}],"wp:featuredmedia":[{"embeddable":true,"href":"https:\/\/losperiodistas.com.mx\/portal\/wp-json\/wp\/v2\/media\/98522"}],"wp:attachment":[{"href":"https:\/\/losperiodistas.com.mx\/portal\/wp-json\/wp\/v2\/media?parent=98509"}],"wp:term":[{"taxonomy":"category","embeddable":true,"href":"https:\/\/losperiodistas.com.mx\/portal\/wp-json\/wp\/v2\/categories?post=98509"},{"taxonomy":"post_tag","embeddable":true,"href":"https:\/\/losperiodistas.com.mx\/portal\/wp-json\/wp\/v2\/tags?post=98509"}],"curies":[{"name":"wp","href":"https:\/\/api.w.org\/{rel}","templated":true}]}}