{"id":98495,"date":"2025-04-27T10:20:12","date_gmt":"2025-04-27T16:20:12","guid":{"rendered":"https:\/\/losperiodistas.com.mx\/portal\/?p=98495"},"modified":"2025-04-27T10:20:13","modified_gmt":"2025-04-27T16:20:13","slug":"la-vida-romana-de-los-cardenales-sin-papa-el-confidencial","status":"publish","type":"post","link":"https:\/\/losperiodistas.com.mx\/portal\/la-vida-romana-de-los-cardenales-sin-papa-el-confidencial\/","title":{"rendered":"La &#8216;vida romana&#8217; de los cardenales sin papa | El Confidencial"},"content":{"rendered":"\n<h2 class=\"wp-block-heading has-luminous-vivid-amber-background-color has-background\">La multitud en Roma honra al papa fallecido, mientras j\u00f3venes de todo el mundo se congregan para eventos religiosos, reflejando el legado inclusivo y humilde del pont\u00edfice argentino<\/h2>\n\n\n\n<figure class=\"wp-block-image size-large\"><img fetchpriority=\"high\" decoding=\"async\" width=\"1024\" height=\"683\" src=\"https:\/\/losperiodistas.com.mx\/portal\/wp-content\/uploads\/2025\/04\/f.elconfidencial.com_front_8ac_623_992_8ac623992ab28a368ccd58f93c04a8e9-1024x683.jpg\" alt=\"\" class=\"wp-image-98496\" srcset=\"https:\/\/losperiodistas.com.mx\/portal\/wp-content\/uploads\/2025\/04\/f.elconfidencial.com_front_8ac_623_992_8ac623992ab28a368ccd58f93c04a8e9-1024x683.jpg 1024w, https:\/\/losperiodistas.com.mx\/portal\/wp-content\/uploads\/2025\/04\/f.elconfidencial.com_front_8ac_623_992_8ac623992ab28a368ccd58f93c04a8e9-300x200.jpg 300w, https:\/\/losperiodistas.com.mx\/portal\/wp-content\/uploads\/2025\/04\/f.elconfidencial.com_front_8ac_623_992_8ac623992ab28a368ccd58f93c04a8e9-768x512.jpg 768w, https:\/\/losperiodistas.com.mx\/portal\/wp-content\/uploads\/2025\/04\/f.elconfidencial.com_front_8ac_623_992_8ac623992ab28a368ccd58f93c04a8e9-1536x1024.jpg 1536w, https:\/\/losperiodistas.com.mx\/portal\/wp-content\/uploads\/2025\/04\/f.elconfidencial.com_front_8ac_623_992_8ac623992ab28a368ccd58f93c04a8e9-2048x1366.jpg 2048w\" sizes=\"(max-width: 1024px) 100vw, 1024px\" \/><figcaption class=\"wp-element-caption\">Cardenales durante la misa por el papa Francisco, en San Pedro (EFE\/Darek Delmanowicz)<\/figcaption><\/figure>\n\n\n\n<p class=\"has-vivid-red-color has-text-color has-link-color has-medium-font-size wp-elements-ce79791cd077a7ed605e75d0ec300298\"><strong>Por <a href=\"https:\/\/www.elconfidencial.com\/autores\/giulio-maria-piantadosi-4388\/\">Giulio Maria Piantadosi. Roma<\/a> \/ El Confidencial<\/strong><\/p>\n\n\n\n<p><\/p>\n\n\n\n<p><a href=\"https:\/\/www.elconfidencial.com\/mundo\/2025-04-22\/papa-francisco-muerte-roma-iglesia-1hms_4113312\/\">Roma vive su primer d\u00eda sin el papa<\/a>. Mientras el cuerpo del pont\u00edfice argentino segu\u00eda en San Pedro, su autoridad todav\u00eda se pod\u00eda percibir en el Vaticano. Para su funeral se respetaron estrictamente sus disposiciones y todo se celebr\u00f3 conforme al esp\u00edritu humilde que hab\u00eda impuesto a la iglesia. No es cosa menor. El papa&nbsp;<strong>Juan XXIII<\/strong>&nbsp;quer\u00eda que le sepultaran en la bas\u00edlica de San Juan de Letr\u00e1n, pero no le dejaron. Y el funeral de Benedicto XVI fue adaptado por el papa Francisco para que no hubiese dudas sobre qui\u00e9n era el papa reinante.&nbsp;<\/p>\n\n\n\n<p>A pesar del imponente despliegue para trasladar su cuerpo a&nbsp;<a href=\"https:\/\/www.elconfidencial.com\/mundo\/2025-04-26\/funeral-papa-francisco-traslado-basilica-santa-mari-mayor_4116943\/\">Santa Mar\u00eda la Mayor<\/a>,&nbsp;<strong>el seguimiento de la comitiva ha sido discreto&nbsp;<\/strong>en comparaci\u00f3n con las largas colas que, al d\u00eda siguiente, han esperado bajo la lluvia para ver el sepulcro Francisco. El d\u00eda del funeral, solo las calles cerca de la bas\u00edlica estaban llenas, pero no a rebosar, y enseguida se despejaron sin aglomeraciones. El domingo, desde las siete de la ma\u00f1ana, la bas\u00edlica entera estaba rodeada por una multitud de personas en fila para entrar. Hacia la una de la tarde se desaloj\u00f3 parte del templo por la aglomeraci\u00f3n en su interior.&nbsp;<\/p>\n\n\n\n<p>En total, algo m\u00e1s de 400.000 personas han asistido al funeral del papa. Unas 250.000 en la Plaza de San Pedro y 150.000 a lo largo del recorrido f\u00fanebre. Cifras que palidecen frente al casi mill\u00f3n y medio que se congreg\u00f3 por Juan Pablo II entre la Plaza de San Pedro y las pantallas en las principales plazas de Roma. \u00abEntonces era imposible moverse, hab\u00eda polacos por todos lados\u00bb, dice un camarero del bar Petruccino, en Borgo Pio, cerca de San Pedro. M\u00e1s de 600.000 polacos llegaron a Roma en 1.200 autobuses. Mucho m\u00e1s complicado y caro era venir en masa desde Argentina: el propio sobrino de Bergoglio ha podido asistir solo gracias a la caridad de la due\u00f1a de una agencia de viaje de&nbsp;<strong>Buenos Aires<\/strong>.&nbsp;<\/p>\n\n\n\n<p>De este medio mill\u00f3n de personas en el funeral de Bergoglio, 80.000 eran j\u00f3venes que ya ten\u00edan previsto estar en Vaticano para la&nbsp;<a href=\"https:\/\/www.elconfidencial.com\/mundo\/2024-05-24\/carlo-acutis-joven-papa-francisco-canoniza-santo_3889558\/\">canonizaci\u00f3n de Carlo Acutis,<\/a>&nbsp;el \u00absanto Millennial\u00bb, y participar en el Jubileo de los Adolescentes. Es&nbsp;<strong>imposible que pasen desapercibidas las hordas de chavales<\/strong>, omnipresentes estos d\u00edas en cualquier rinc\u00f3n de Roma. La mayor\u00eda est\u00e1n alojados en las parroquias de la ciudad y de los pueblos cercanos. Roma esperaba que el&nbsp;<strong>A\u00f1o Santo<\/strong>&nbsp;fuese un revulsivo para el turismo de la ciudad, pero las pernoctaciones solo han subido el 3,25%. El funeral de Francisco no cambiado esta tendencia.&nbsp;<\/p>\n\n\n\n<p>La juventud del papa ha sido el n\u00facleo duro de las colas nocturnas para ver el papa (y probablemente a Francisco le habr\u00eda gustado que fuese as\u00ed). Juan Pablo levant\u00f3 el ej\u00e9rcito de los Papa Boys, que tuvieron su momento de gloria en la&nbsp;<strong>Jornada Mundial de la Juventud del 2000<\/strong>, con 2 millones de asistentes, en coincidencia con otro A\u00f1o Santo.&nbsp;<a href=\"https:\/\/www.elconfidencial.com\/cultura\/2025-04-23\/pelicula-papa-francisco-ser-papa-netflix-sentada-1qrt_4114842\/\">Benedicto XVI<\/a>&nbsp;hered\u00f3 unos pocos a\u00f1os de bonanza m\u00e1s. Pero la juventud de Francisco es diferente. El papa argentino no ha sido un l\u00edder espiritual, m\u00e1s bien un t\u00edo majo que mola ir a ver.&nbsp;<strong>Pietro<\/strong>&nbsp;ha venido en un grupo de 55 j\u00f3venes desde su parroquia de Mil\u00e1n. \u00abEra una brava persona y un gran papa. Espero que el pr\u00f3ximo sea como \u00e9l y acoja todas las personas sin juzgarlas.\u00bb, dice comiendo sentado en el suelo en una esquina de la Plaza de Santa Mar\u00eda la Mayor.<\/p>\n\n\n\n<p>El cuerpo de Francisco acaba de entrar en la Bas\u00edlica y, pocos metros m\u00e1s all\u00e1, otro grupo de adolescentes sostiene una bandera de&nbsp;<strong>Palestina<\/strong>&nbsp;mientras reza el rosario. \u00abHemos venido con 22 j\u00f3venes de toda Cisjordania\u00bb, explica el padre Firas, de la parroquia de Ramala. A pesar de que el aeropuerto de Tel Aviv est\u00e1 a una hora de distancia por una carretera pr\u00e1cticamente recta, han tenido que viajar por carreteras de monta\u00f1a hasta Aman, en&nbsp;<strong>Jordania<\/strong>, para volar a Roma. Con la muerte de Francisco se ha cancelado la canonizaci\u00f3n del santo&nbsp;<em>Millennial&nbsp;<\/em>y el concierto previsto en el Circo M\u00e1ximo. Este domingo han cruzado igualmente la Puerta Santa de San Pedro para asistir a la misa jubilar para los j\u00f3venes. El celebrante, el&nbsp;<a href=\"https:\/\/www.elconfidencial.com\/mundo\/2025-04-25\/cartografia-ideologica-proximo-papa_4115628\/\">cardenal Parolin<\/a>, el brazo derecho de Francisco ha dado a entender por donde van los tiros entre los cardenales que se re\u00fanen en las Congregaciones Generales para preparar el c\u00f3nclave. En la primera homil\u00eda de domingo tras la muerte de Francisco, ha expuesto el \u00abprograma\u00bb para el pr\u00f3ximo pont\u00edfice, en la estela del papa argentino: di\u00e1logo y misericordia para crear un mundo nuevo. El propio Parol\u00edn es un moderado que cotiza bien en el totopapa a pesar de ser italiano.&nbsp;<\/p>\n\n\n\n<p>Los&nbsp;<a href=\"https:\/\/www.elconfidencial.com\/mundo\/2025-04-23\/conclave-viterbo-francisco-sucesor-papa-1hms_4113802\/\">c\u00f3nclaves<\/a>&nbsp;son&nbsp;<strong>uno de los pocos momentos para acercarse de cerca a los purpurados.<\/strong>&nbsp;En estos d\u00edas los cardenales se han convertido en la mayor atracci\u00f3n de la prensa mundial. Son sus d\u00edas grandes:&nbsp;<strong>mil millones y medio de cat\u00f3licos est\u00e1n pendientes<\/strong>&nbsp;de sus decisiones. En estos d\u00edas se pueden apreciar de cerca todas las facetas humanas de estos hombres hier\u00e1ticos. Un purpurado ingl\u00e9s sale de las Congregaciones Generales con aire desorientando y pregunta algo a una agente de los&nbsp;<strong>Carabinieri<\/strong>. Va sin birrete, una mano en el bolsillo del pantal\u00f3n debajo de la sotana y una vieja bolsa de pl\u00e1stico de Tesco en la mano. Otros tres, muy ancianos, se tienen de la mano mientras caminan cerca de la cola de fieles que esperan. Uno de ellos es muy famoso en la televisi\u00f3n italiana y los periodistas se le echan encima. \u00abNo tenemos nada que decir, no entramos en el c\u00f3nclave\u00bb, repite cansado de espantar periodistas.<\/p>\n\n\n\n<figure class=\"wp-block-image\"><img decoding=\"async\" src=\"https:\/\/images.ecestaticos.com\/qWyl1yvGUfpPMZ7hY5Yc9NoI7mQ=\/0x0:2272x1515\/1200x900\/filters:fill(white):format(jpg)\/f.elconfidencial.com%2Foriginal%2F3cf%2F148%2Fdd2%2F3cf148dd2761cb17be5765564457d411.jpg\" alt=\"Foto: El cuerpo del papa Francisco reposa en la Bas\u00edlica de San Pedro. (EFE)\"\/><\/figure>\n\n\n\n<p>TE PUEDE INTERESAR<a href=\"https:\/\/www.elconfidencial.com\/mundo\/2025-04-26\/funeral-papa-francisco-roma-1hms_4116845\/\">Reyes, jefes de Estado&#8230; y trans y presos en el adi\u00f3s al papa Francisco<\/a><\/p>\n\n\n\n<p>Irene Hdez. Velasco. Roma&nbsp;Gr\u00e1ficos: Emma Esser<\/p>\n\n\n\n<p>Enseguida sale otro prelado y se forma de nuevo un corrillo: \u00abPreguntadme lo que quer\u00e1is, pero no soy un cardenal\u00bb, dice. Es verdad porque lleva una faja morada, aunque pocos se han dado cuenta. El morado, junto al verde, es&nbsp;<strong>el color de los monse\u00f1ores<\/strong>&nbsp;y de los obispos. Un escalaf\u00f3n m\u00e1s abajo de los&nbsp;<a href=\"https:\/\/www.elconfidencial.com\/mundo\/2025-04-21\/cuando-y-como-nombra-siguiente-papa_3603214\/\">cardenales<\/a>, que visten solo de rojo. Para confundir a\u00fan m\u00e1s, hay unos cuantos cardenales que van vestidos en clergyman como un cura cualquiera. Es el caso de&nbsp;<strong>un cardenal coreano<\/strong>, que suena a papable y que solo el ojo entrenado de los corresponsales permanentes en Vaticano sabe reconocer. Y si no hay colega experimentado, solo queda buscar en Google para averiguar qui\u00e9n es qui\u00e9n &#8211; a menudo con la entrevista ya hecha.&nbsp;<\/p>\n\n\n\n<p>Desde el lunes, cuando el grueso de la prensa haya vuelto a casa a la espera del conclave, los cardenales empezar\u00e1n a respirar y se les podr\u00e1 ver m\u00e1s a menudo en los reservados de&nbsp;<a href=\"https:\/\/www.elconfidencial.com\/mundo\/2025-04-23\/feretro-papa-francisco-san-pedro-capilla-fieles_4114386\/\">Borgo Pio<\/a>, la calle de los restaurantes nada m\u00e1s cruzar&nbsp;<strong>Puerta Santa Ana<\/strong>, la entrada principal del Vaticano. La prensa italiana ya ha empezado a identificarlos y contar d\u00f3nde y cu\u00e1ndo se han reunido. Uno de los lugares con m\u00e1s historia es el Ristorante Venerina. Abierto desde 1991, es f\u00e1cil encontrar, mesa con mesa, un grupo de peregrinos y una comida de cardenales (en general no ser\u00e1n m\u00e1s de dos). Cuando vay\u00e1is a cenar en Roma, acercaros y hablad con Venerina, que siempre est\u00e1 en la caja, para preguntarle alguna an\u00e9cdota. Tiene muchas y no tendr\u00e1 reparo en deciros que la suya era&nbsp;<strong>la pizzer\u00eda preferida de Benedicto XVI<\/strong>.<\/p>\n\n\n\n<p>Fuente: <a href=\"https:\/\/www.elconfidencial.com\/mundo\/2025-04-27\/roma-funeral-papa-francisco-vaticano-1hms_4117179\/\">https:\/\/www.elconfidencial.com\/mundo\/2025-04-27\/roma-funeral-papa-francisco-vaticano-1hms_4117179\/<\/a><\/p>\n","protected":false},"excerpt":{"rendered":"<p>La multitud en Roma honra al papa fallecido, mientras j\u00f3venes de todo el mundo se congregan para eventos religiosos, reflejando [&hellip;]<\/p>\n","protected":false},"author":1,"featured_media":98496,"comment_status":"open","ping_status":"open","sticky":false,"template":"","format":"standard","meta":{"site-sidebar-layout":"default","site-content-layout":"","ast-site-content-layout":"default","site-content-style":"default","site-sidebar-style":"default","ast-global-header-display":"","ast-banner-title-visibility":"","ast-main-header-display":"","ast-hfb-above-header-display":"","ast-hfb-below-header-display":"","ast-hfb-mobile-header-display":"","site-post-title":"","ast-breadcrumbs-content":"","ast-featured-img":"","footer-sml-layout":"","theme-transparent-header-meta":"","adv-header-id-meta":"","stick-header-meta":"","header-above-stick-meta":"","header-main-stick-meta":"","header-below-stick-meta":"","astra-migrate-meta-layouts":"default","ast-page-background-enabled":"default","ast-page-background-meta":{"desktop":{"background-color":"var(--ast-global-color-4)","background-image":"","background-repeat":"repeat","background-position":"center center","background-size":"auto","background-attachment":"scroll","background-type":"","background-media":"","overlay-type":"","overlay-color":"","overlay-opacity":"","overlay-gradient":""},"tablet":{"background-color":"","background-image":"","background-repeat":"repeat","background-position":"center center","background-size":"auto","background-attachment":"scroll","background-type":"","background-media":"","overlay-type":"","overlay-color":"","overlay-opacity":"","overlay-gradient":""},"mobile":{"background-color":"","background-image":"","background-repeat":"repeat","background-position":"center center","background-size":"auto","background-attachment":"scroll","background-type":"","background-media":"","overlay-type":"","overlay-color":"","overlay-opacity":"","overlay-gradient":""}},"ast-content-background-meta":{"desktop":{"background-color":"var(--ast-global-color-5)","background-image":"","background-repeat":"repeat","background-position":"center center","background-size":"auto","background-attachment":"scroll","background-type":"","background-media":"","overlay-type":"","overlay-color":"","overlay-opacity":"","overlay-gradient":""},"tablet":{"background-color":"var(--ast-global-color-5)","background-image":"","background-repeat":"repeat","background-position":"center center","background-size":"auto","background-attachment":"scroll","background-type":"","background-media":"","overlay-type":"","overlay-color":"","overlay-opacity":"","overlay-gradient":""},"mobile":{"background-color":"var(--ast-global-color-5)","background-image":"","background-repeat":"repeat","background-position":"center center","background-size":"auto","background-attachment":"scroll","background-type":"","background-media":"","overlay-type":"","overlay-color":"","overlay-opacity":"","overlay-gradient":""}},"footnotes":""},"categories":[8],"tags":[37859,37858],"class_list":["post-98495","post","type-post","status-publish","format-standard","has-post-thumbnail","hentry","category-noticias","tag-cardenales-sin-papa","tag-roma-sin-papa"],"_links":{"self":[{"href":"https:\/\/losperiodistas.com.mx\/portal\/wp-json\/wp\/v2\/posts\/98495","targetHints":{"allow":["GET"]}}],"collection":[{"href":"https:\/\/losperiodistas.com.mx\/portal\/wp-json\/wp\/v2\/posts"}],"about":[{"href":"https:\/\/losperiodistas.com.mx\/portal\/wp-json\/wp\/v2\/types\/post"}],"author":[{"embeddable":true,"href":"https:\/\/losperiodistas.com.mx\/portal\/wp-json\/wp\/v2\/users\/1"}],"replies":[{"embeddable":true,"href":"https:\/\/losperiodistas.com.mx\/portal\/wp-json\/wp\/v2\/comments?post=98495"}],"version-history":[{"count":1,"href":"https:\/\/losperiodistas.com.mx\/portal\/wp-json\/wp\/v2\/posts\/98495\/revisions"}],"predecessor-version":[{"id":98497,"href":"https:\/\/losperiodistas.com.mx\/portal\/wp-json\/wp\/v2\/posts\/98495\/revisions\/98497"}],"wp:featuredmedia":[{"embeddable":true,"href":"https:\/\/losperiodistas.com.mx\/portal\/wp-json\/wp\/v2\/media\/98496"}],"wp:attachment":[{"href":"https:\/\/losperiodistas.com.mx\/portal\/wp-json\/wp\/v2\/media?parent=98495"}],"wp:term":[{"taxonomy":"category","embeddable":true,"href":"https:\/\/losperiodistas.com.mx\/portal\/wp-json\/wp\/v2\/categories?post=98495"},{"taxonomy":"post_tag","embeddable":true,"href":"https:\/\/losperiodistas.com.mx\/portal\/wp-json\/wp\/v2\/tags?post=98495"}],"curies":[{"name":"wp","href":"https:\/\/api.w.org\/{rel}","templated":true}]}}