{"id":98480,"date":"2025-04-27T07:24:04","date_gmt":"2025-04-27T13:24:04","guid":{"rendered":"https:\/\/losperiodistas.com.mx\/portal\/?p=98480"},"modified":"2025-04-27T07:24:05","modified_gmt":"2025-04-27T13:24:05","slug":"homilia-del-cardenal-pietro-parolin-en-el-segundo-dia-de-novendiales-por-la-muerte-del-papa-francisco-aci","status":"publish","type":"post","link":"https:\/\/losperiodistas.com.mx\/portal\/homilia-del-cardenal-pietro-parolin-en-el-segundo-dia-de-novendiales-por-la-muerte-del-papa-francisco-aci\/","title":{"rendered":"Homil\u00eda del Cardenal Pietro Parolin en el segundo d\u00eda de \u201cNovendiales\u201d por la muerte del Papa Francisco | ACI"},"content":{"rendered":"\n<figure class=\"wp-block-image size-full\"><img fetchpriority=\"high\" decoding=\"async\" width=\"672\" height=\"448\" src=\"https:\/\/losperiodistas.com.mx\/portal\/wp-content\/uploads\/2025\/04\/pietro-parolin-san-pedro-daniel-ibanez-270425-1745749379.webp\" alt=\"\" class=\"wp-image-98481\" srcset=\"https:\/\/losperiodistas.com.mx\/portal\/wp-content\/uploads\/2025\/04\/pietro-parolin-san-pedro-daniel-ibanez-270425-1745749379.webp 672w, https:\/\/losperiodistas.com.mx\/portal\/wp-content\/uploads\/2025\/04\/pietro-parolin-san-pedro-daniel-ibanez-270425-1745749379-300x200.webp 300w\" sizes=\"(max-width: 672px) 100vw, 672px\" \/><figcaption class=\"wp-element-caption\">El Cardenal Pietro Parolin, ex Secretario de Estado del Vaticano, presidi\u00f3 la segunda Misa de los \u00abNovendiales\u00bb, los nueve d\u00edas de luto por la muerte del Papa Francisco. | Cr\u00e9dito: Daniel Ib\u00e1\u00f1ez \/ EWTN News.<\/figcaption><\/figure>\n\n\n\n<p><a href=\"https:\/\/www.aciprensa.com\/autor\/287\/cardenal-pietro-parolin\"><\/a><\/p>\n\n\n\n<p class=\"has-vivid-red-color has-text-color has-link-color has-medium-font-size wp-elements-9712dc11265f1c3d7aab6150587665e8\"><strong>Por\u00a0<a href=\"https:\/\/www.aciprensa.com\/autor\/287\/cardenal-pietro-parolin\">Cardenal Pietro Parolin<\/a> \/ ACI Prensa<\/strong><\/p>\n\n\n\n<p>Este II Domingo de Pascua, Domingo de la Divina Misericordia, el Cardenal Pietro Parolin presidi\u00f3 la celebraci\u00f3n de la Misa en el segundo d\u00eda de los \u201cNovendiales\u201d, periodo de nueve d\u00edas de luto por la muerte del Papa Francisco.<\/p>\n\n\n\n<p>La Misa se enmarc\u00f3 adem\u00e1s en el Jubileo de los Adolescentes, que congreg\u00f3 a decenas de miles de j\u00f3venes en Roma.<\/p>\n\n\n\n<p>A continuaci\u00f3n, el texto completo de la homil\u00eda pronunciada por el Cardenal Pietro Parolin,&nbsp;<a href=\"https:\/\/press.vatican.va\/content\/salastampa\/it\/bollettino\/pubblico\/2025\/04\/27\/0282\/00507.html\">difundido<\/a>&nbsp;por la Oficina de Prensa de la Santa Sede:<\/p>\n\n\n\n<p>Queridos hermanos y hermanas:<\/p>\n\n\n\n<p>Jes\u00fas Resucitado se presenta ante sus disc\u00edpulos, mientras se encuentran en el cen\u00e1culo donde se han encerrado por miedo, atrancando las puertas (Jn 20,19). Su estado de \u00e1nimo est\u00e1 turbado y su coraz\u00f3n hundido en la tristeza, porque el Maestro y Pastor que hab\u00edan seguido dej\u00e1ndolo todo, fue clavado en la cruz. Vivieron cosas terribles y se sienten hu\u00e9rfanos, solos, perdidos, amenazados e indefensos.<\/p>\n\n\n\n<p>La imagen inicial que el Evangelio nos ofrece en este domingo puede representar el estado de \u00e1nimo de todos nosotros, de la Iglesia y del mundo entero. El Pastor que el Se\u00f1or don\u00f3 a su pueblo, el Papa Francisco, termin\u00f3 su vida terrena y nos ha dejado. El dolor de su partida, el sentido de tristeza que nos embarga, la turbaci\u00f3n que percibimos en el coraz\u00f3n, la sensaci\u00f3n de p\u00e9rdida, todo esto lo estamos viviendo, como los ap\u00f3stoles acongojados por la muerte de Jes\u00fas.<\/p>\n\n\n\n<p>Y, sin embargo, el Evangelio nos dice que precisamente en estos momentos de oscuridad el Se\u00f1or se presenta ante nosotros con la luz de la resurrecci\u00f3n, para iluminar nuestros corazones. El Papa Francisco nos lo ha recordado desde su elecci\u00f3n y lo ha repetido con frecuencia, poniendo en el centro de su pontificado esa alegr\u00eda del Evangelio que \u2014como escrib\u00eda en Evangelii gaudium\u2014 \u00abllena el coraz\u00f3n y la vida entera de los que se encuentran con Jes\u00fas. Quienes se dejan salvar por \u00c9l son liberados del pecado, de la tristeza, del vac\u00edo interior, del aislamiento. Con Jesucristo siempre nace y renace la alegr\u00eda\u00bb (n. 1).<\/p>\n\n\n\n<p>La alegr\u00eda pascual, que nos sostiene en la hora de la prueba y de la tristeza, es algo que hoy se puede casi tocar en esta plaza; la vemos impresa sobre todo en los rostros de ustedes, queridos chicos y adolescentes que han llegado desde todo el mundo a celebrar el Jubileo. Vienen de muchas partes: de todas las di\u00f3cesis de Italia, de Europa, de los Estados Unidos, de Am\u00e9rica Latina, de \u00c1frica, de Asia, de los Emiratos \u00c1rabes, etc., con ustedes se hace presente realmente el mundo entero. A ustedes les dirijo un saludo especial, con el deseo de hacerles sentir el abrazo de la Iglesia y el afecto del Papa Francisco, que habr\u00eda deseado encontrarlos, mir\u00e1ndolos a los ojos, y pasando entre ustedes para saludarlos.<\/p>\n\n\n\n<p>Ante los numerosos desaf\u00edos que est\u00e1n llamados a afrontar \u2014recuerdo, por ejemplo, el de la tecnolog\u00eda y de la inteligencia artificial que caracteriza en modo particular nuestra \u00e9poca\u2014 no olviden nunca alimentar su vida con la verdadera esperanza, que tiene el rostro de Jesucristo. Nada ser\u00e1 demasiado grande o demasiado arduo con \u00c9l. Con \u00c9l no estar\u00e1n nunca solos ni abandonados, ni siquiera en los momentos m\u00e1s duros. \u00c9l viene a encontrarse con ustedes all\u00ed donde est\u00e1n, para darles el coraje de vivir, de compartir sus experiencias, sus pensamientos, sus dones, sus sue\u00f1os, de ver en el rostro de quien est\u00e1 cerca o lejos a un hermano y una hermana a quien amar, a los que tenemos tanto que dar y de los que tenemos tanto que recibir, para ayudarles a ser generosos, fieles y responsables en la vida que les espera, para hacerles comprender lo que realmente tiene valor en la vida: el amor que todo lo comprende y que todo lo espera (cf. 1 Co 13,7).<\/p>\n\n\n\n<p>Hoy, segundo domingo de Pascua, domingo in Albis, celebramos la fiesta de la Misericordia. Precisamente la misericordia del Padre, m\u00e1s grande que nuestros l\u00edmites y que nuestros c\u00e1lculos, es aquello que ha caracterizado el Magisterio del Papa Francisco y su intensa actividad apost\u00f3lica, junto al deseo de anunciarla y compartirla con todos \u2014el anuncio de la Buena noticia, la evangelizaci\u00f3n\u2014 que fue el programa de su pontificado. \u00c9l nos ha recordado que \u201cmisericordia\u201d es el nombre mismo de Dios y, por lo tanto, nadie puede poner un l\u00edmite a su amor misericordioso, con el que \u00c9l quiere volver a levantarnos y hacernos personas nuevas.<\/p>\n\n\n\n<p>Es importante acoger como un tesoro precioso esta indicaci\u00f3n sobre la que el Papa Francisco tanto insisti\u00f3. Y \u2014perm\u00edtanme decirlo\u2014 nuestro afecto por \u00e9l, que se est\u00e1 manifestando en estas horas, no debe quedar como una simple emoci\u00f3n del momento, debemos acoger su herencia y hacerla vida, abri\u00e9ndonos a la misericordia de Dios y siendo nosotros tambi\u00e9n misericordiosos los unos con los otros.<\/p>\n\n\n\n<p>La misericordia nos transporta al coraz\u00f3n de la fe. Nos recuerda que no debemos interpretar nuestra relaci\u00f3n con Dios y nuestro ser Iglesia seg\u00fan categor\u00edas humanas o mundanas, porque la buena noticia del Evangelio es sobre todo el descubrirnos amados por un Dios que tiene entra\u00f1as de compasi\u00f3n y de ternura para cada uno de nosotros independientemente de nuestros m\u00e9ritos; nos recuerda, adem\u00e1s, que nuestra vida est\u00e1 tejida por la misericordia. Nosotros podemos levantarnos despu\u00e9s de caer y mirar al futuro s\u00f3lo si tenemos a alguien que nos ama sin l\u00edmites y nos perdona. Y, por eso, se nos pide comprometernos a no vivir ya nuestras relaciones seg\u00fan criterios de conveniencia o cegados por el ego\u00edsmo, sino abri\u00e9ndonos al di\u00e1logo con el otro, acogiendo a quien encontramos en el camino y perdonando sus debilidades y sus errores. S\u00f3lo la misericordia sana y crea un mundo nuevo, apagando los fuegos de la desconfianza, del odio y de la violencia. Esta es la gran ense\u00f1anza del Papa Francisco.<\/p>\n\n\n\n<p>Jes\u00fas nos muestra este rostro misericordioso de Dios en su predicaci\u00f3n y en los gestos que realiza; y, como hemos escuchado, present\u00e1ndose en el cen\u00e1culo despu\u00e9s de la resurrecci\u00f3n, ofrece el don de la paz y dice: \u00abLos pecados ser\u00e1n perdonados a los que ustedes se los perdonen, y ser\u00e1n retenidos a los que ustedes se los retengan\u00bb (Jn 20,23). As\u00ed, el Se\u00f1or Resucitado establece que sus disc\u00edpulos, su Iglesia, sean instrumentos de misericordia para la humanidad, para aquellos que desean acoger el amor y el perd\u00f3n de Dios. El Papa Francisco fue testigo luminoso de una Iglesia que se inclina con ternura hacia quien est\u00e1 herido y sana con el b\u00e1lsamo de la misericordia; y nos ha recordado que no puede haber paz sin que reconozcamos el valor del otro, sin la atenci\u00f3n al que es m\u00e1s d\u00e9bil y, sobre todo, no puede haber nunca paz si no aprendemos a perdonarnos rec\u00edprocamente, usando entre nosotros la misma misericordia que Dios tiene para con nuestra vida.<\/p>\n\n\n\n<p>Hermanos y hermanas, precisamente en el domingo de la misericordia recordamos con afecto a nuestro amado Papa Francisco. Este recuerdo est\u00e1 particularmente vivo entre los empleados y fieles de la Ciudad del Vaticano, muchos de los cuales est\u00e1n aqu\u00ed presentes, a ellos les quiero agradecer el servicio que realizan cada d\u00eda. A ustedes, a todos nosotros, al mundo entero, el Papa Francisco nos env\u00eda su abrazo desde el cielo.<\/p>\n\n\n\n<p>Nos encomendamos a la Bienaventurada Virgen Mar\u00eda, a la que \u00c9l estaba tan devotamente unido que ha elegido reposar en la Bas\u00edlica de Santa Mar\u00eda la Mayor. Que ella nos proteja, interceda por nosotros, vele por la Iglesia, y sostenga el camino de la humanidad en la paz y en la fraternidad. Am\u00e9n.<\/p>\n\n\n\n<p>Fuente: <a href=\"https:\/\/www.aciprensa.com\/noticias\/112753\/homilia-del-cardenal-pietro-parolin-en-segundo-dia-de-novendiales-por-la-muerte-del-papa-francisco\">https:\/\/www.aciprensa.com\/noticias\/112753\/homilia-del-cardenal-pietro-parolin-en-segundo-dia-de-novendiales-por-la-muerte-del-papa-francisco<\/a><\/p>\n\n\n\n<p><\/p>\n","protected":false},"excerpt":{"rendered":"<p>Por\u00a0Cardenal Pietro Parolin \/ ACI Prensa Este II Domingo de Pascua, Domingo de la Divina Misericordia, el Cardenal Pietro Parolin [&hellip;]<\/p>\n","protected":false},"author":1,"featured_media":98481,"comment_status":"open","ping_status":"open","sticky":false,"template":"","format":"standard","meta":{"site-sidebar-layout":"default","site-content-layout":"","ast-site-content-layout":"default","site-content-style":"default","site-sidebar-style":"default","ast-global-header-display":"","ast-banner-title-visibility":"","ast-main-header-display":"","ast-hfb-above-header-display":"","ast-hfb-below-header-display":"","ast-hfb-mobile-header-display":"","site-post-title":"","ast-breadcrumbs-content":"","ast-featured-img":"","footer-sml-layout":"","theme-transparent-header-meta":"","adv-header-id-meta":"","stick-header-meta":"","header-above-stick-meta":"","header-main-stick-meta":"","header-below-stick-meta":"","astra-migrate-meta-layouts":"default","ast-page-background-enabled":"default","ast-page-background-meta":{"desktop":{"background-color":"var(--ast-global-color-4)","background-image":"","background-repeat":"repeat","background-position":"center center","background-size":"auto","background-attachment":"scroll","background-type":"","background-media":"","overlay-type":"","overlay-color":"","overlay-opacity":"","overlay-gradient":""},"tablet":{"background-color":"","background-image":"","background-repeat":"repeat","background-position":"center center","background-size":"auto","background-attachment":"scroll","background-type":"","background-media":"","overlay-type":"","overlay-color":"","overlay-opacity":"","overlay-gradient":""},"mobile":{"background-color":"","background-image":"","background-repeat":"repeat","background-position":"center center","background-size":"auto","background-attachment":"scroll","background-type":"","background-media":"","overlay-type":"","overlay-color":"","overlay-opacity":"","overlay-gradient":""}},"ast-content-background-meta":{"desktop":{"background-color":"var(--ast-global-color-5)","background-image":"","background-repeat":"repeat","background-position":"center center","background-size":"auto","background-attachment":"scroll","background-type":"","background-media":"","overlay-type":"","overlay-color":"","overlay-opacity":"","overlay-gradient":""},"tablet":{"background-color":"var(--ast-global-color-5)","background-image":"","background-repeat":"repeat","background-position":"center center","background-size":"auto","background-attachment":"scroll","background-type":"","background-media":"","overlay-type":"","overlay-color":"","overlay-opacity":"","overlay-gradient":""},"mobile":{"background-color":"var(--ast-global-color-5)","background-image":"","background-repeat":"repeat","background-position":"center center","background-size":"auto","background-attachment":"scroll","background-type":"","background-media":"","overlay-type":"","overlay-color":"","overlay-opacity":"","overlay-gradient":""}},"footnotes":""},"categories":[8],"tags":[37848,23977,37847,37849],"class_list":["post-98480","post","type-post","status-publish","format-standard","has-post-thumbnail","hentry","category-noticias","tag-crdenal-pietro-arolin","tag-domingo-de-la-divina-misericordia","tag-ii-domingio-de-pascua","tag-novendiales"],"_links":{"self":[{"href":"https:\/\/losperiodistas.com.mx\/portal\/wp-json\/wp\/v2\/posts\/98480","targetHints":{"allow":["GET"]}}],"collection":[{"href":"https:\/\/losperiodistas.com.mx\/portal\/wp-json\/wp\/v2\/posts"}],"about":[{"href":"https:\/\/losperiodistas.com.mx\/portal\/wp-json\/wp\/v2\/types\/post"}],"author":[{"embeddable":true,"href":"https:\/\/losperiodistas.com.mx\/portal\/wp-json\/wp\/v2\/users\/1"}],"replies":[{"embeddable":true,"href":"https:\/\/losperiodistas.com.mx\/portal\/wp-json\/wp\/v2\/comments?post=98480"}],"version-history":[{"count":1,"href":"https:\/\/losperiodistas.com.mx\/portal\/wp-json\/wp\/v2\/posts\/98480\/revisions"}],"predecessor-version":[{"id":98482,"href":"https:\/\/losperiodistas.com.mx\/portal\/wp-json\/wp\/v2\/posts\/98480\/revisions\/98482"}],"wp:featuredmedia":[{"embeddable":true,"href":"https:\/\/losperiodistas.com.mx\/portal\/wp-json\/wp\/v2\/media\/98481"}],"wp:attachment":[{"href":"https:\/\/losperiodistas.com.mx\/portal\/wp-json\/wp\/v2\/media?parent=98480"}],"wp:term":[{"taxonomy":"category","embeddable":true,"href":"https:\/\/losperiodistas.com.mx\/portal\/wp-json\/wp\/v2\/categories?post=98480"},{"taxonomy":"post_tag","embeddable":true,"href":"https:\/\/losperiodistas.com.mx\/portal\/wp-json\/wp\/v2\/tags?post=98480"}],"curies":[{"name":"wp","href":"https:\/\/api.w.org\/{rel}","templated":true}]}}