{"id":98446,"date":"2025-04-26T08:11:21","date_gmt":"2025-04-26T14:11:21","guid":{"rendered":"https:\/\/losperiodistas.com.mx\/portal\/?p=98446"},"modified":"2025-04-26T08:11:22","modified_gmt":"2025-04-26T14:11:22","slug":"descubren-la-tumba-de-una-mujer-de-casi-5-000-anos-en-la-civilizacion-mas-antigua-de-america-efe","status":"publish","type":"post","link":"https:\/\/losperiodistas.com.mx\/portal\/descubren-la-tumba-de-una-mujer-de-casi-5-000-anos-en-la-civilizacion-mas-antigua-de-america-efe\/","title":{"rendered":"Descubren la tumba de una mujer de casi 5.000 a\u00f1os en la civilizaci\u00f3n m\u00e1s antigua de Am\u00e9rica | EFE"},"content":{"rendered":"\n<figure class=\"wp-block-image size-full\"><img fetchpriority=\"high\" decoding=\"async\" width=\"900\" height=\"600\" src=\"https:\/\/losperiodistas.com.mx\/portal\/wp-content\/uploads\/2025\/04\/Tumba-mujer1.webp\" alt=\"\" class=\"wp-image-98447\" srcset=\"https:\/\/losperiodistas.com.mx\/portal\/wp-content\/uploads\/2025\/04\/Tumba-mujer1.webp 900w, https:\/\/losperiodistas.com.mx\/portal\/wp-content\/uploads\/2025\/04\/Tumba-mujer1-300x200.webp 300w, https:\/\/losperiodistas.com.mx\/portal\/wp-content\/uploads\/2025\/04\/Tumba-mujer1-768x512.webp 768w\" sizes=\"(max-width: 900px) 100vw, 900px\" \/><figcaption class=\"wp-element-caption\">Fotograf\u00eda cedida por la Zona Arqueol\u00f3gica Caral del yacimiento de la Huaca de los \u00cddolos, dentro del sitio arque\u00f3logico \u00c1spero, una antigua ciudad pesquera perteneciente a la civilizaci\u00f3n Caral. EFE\/ Zona Arqueol\u00f3gica Caral<\/figcaption><\/figure>\n\n\n\n<p class=\"has-vivid-red-color has-text-color has-link-color has-medium-font-size wp-elements-23db7e95974579b190d8bc7ea9a6cef6\"><strong>Agencia EFE<\/strong><\/p>\n\n\n\n<p>Lima (EFE).- Un grupo de arque\u00f3logos peruanos descubri\u00f3 entre los restos de la civilizaci\u00f3n Caral, la m\u00e1s antigua de Am\u00e9rica, el enterramiento de una mujer de alto estatus, datado entre el 3.000 y el 1.800 a.C., que conserva en buen estado su cuerpo rodeado de numerosas ofrendas, algunas de ellas llegadas de la Amazon\u00eda.<\/p>\n\n\n\n<p>El entierro fue hallado en el yacimiento de la Huaca de los \u00cddolos, dentro del sitio arque\u00f3logico \u00c1spero, una antigua ciudad pesquera perteneciente a la civilizaci\u00f3n Caral, que en la actualidad se ubica en el norte de la regi\u00f3n de Lima.<\/p>\n\n\n\n<p>\u00abEste descubrimiento no solo es importante para la&nbsp;<a href=\"https:\/\/efe.com\/cultura\/2024-06-15\/el-nuevo-aeropuerto-de-lima-desentierra-las-claves-para-descifrar-el-pasado-peruano\/\">historia de Per\u00fa<\/a>, sino para el mundo, y para entender c\u00f3mo la civilizaci\u00f3n Caral ha llegado a alcanzar un nivel tecnol\u00f3gico importante\u00bb, dijo a EFE el jefe de la sede \u00c1spero de Zona Arqueol\u00f3gica Caral, David Palomino.<\/p>\n\n\n\n<h2 class=\"wp-block-heading\" id=\"h-los-indicios-que-da-la-tumba-sobre-la-civilizacion-mas-antigua-de-america\">Los indicios que da la tumba sobre la civilizaci\u00f3n m\u00e1s antigua de Am\u00e9rica<\/h2>\n\n\n\n<p>Los an\u00e1lisis bioantropol\u00f3gicos preliminares, que todav\u00eda se est\u00e1n realizando, indican que los restos humanos recuperados corresponden al de una mujer que ten\u00eda entre 20 y 35 a\u00f1os, med\u00eda 1,50 metros y portaba un tocado en la cabeza, lo que indicar\u00eda su alto estatus.<\/p>\n\n\n\n<figure class=\"wp-block-image\"><img decoding=\"async\" src=\"https:\/\/i0.wp.com\/efe.com\/wp-content\/uploads\/2025\/04\/Tumba-mujer2.webp?resize=900%2C600&amp;ssl=1\" alt=\"Una persona observa una infograf\u00eda del enterramiento de una mujer de la civilizaci\u00f3n m\u00e1s antigua de Am\u00e9rica, este jueves, en Lima (Per\u00fa). EFE\/Paolo Aguilar\" class=\"wp-image-1832401\"\/><figcaption class=\"wp-element-caption\">Una persona observa una infograf\u00eda del enterramiento de una mujer de la civilizaci\u00f3n m\u00e1s antigua de Am\u00e9rica, este jueves, en Lima (Per\u00fa). EFE\/Paolo Aguilar<\/figcaption><\/figure>\n\n\n\n<p>El hallazgo destaca por la inusual preservaci\u00f3n de piel, cabello y u\u00f1as, condici\u00f3n que los arque\u00f3logos indicaron que es poco frecuente en el lugar, pues lo habitual es encontrar \u00fanicamente los restos \u00f3seos.<\/p>\n\n\n\n<p>Los expertos de la Zona Arqueol\u00f3gica Caral indicaron que el cuerpo estaba envuelto por varias capas de distintos tejidos, como algod\u00f3n y juncos, y destacaron un manto hecho con plumas pardas y celestes de guacamayos de la Amazon\u00eda.<\/p>\n\n\n\n<p>Este objeto supone, en s\u00ed mismo, otro&nbsp;<a href=\"https:\/\/efe.com\/cultura\/2023-08-26\/arqueologos-encuentran-una-tumba-de-3-000-anos-de-uno-de-los-primeros-sacerdotes-de-peru\/\">gran descubrimiento<\/a>, pues no se hab\u00edan encontrado esta t\u00e9cnica de tejido de plumas hasta varios siglos m\u00e1s tarde, en la cultura Chim\u00fa e Inca.<\/p>\n\n\n\n<p>Palomino agreg\u00f3 que este contexto funerario da pistas de que la cultural Caral no solamente desarroll\u00f3 una avanzada tecnolog\u00eda pesquera, sino tambi\u00e9n manejaban t\u00e9cnicas de manufactura y art\u00edsticas.<\/p>\n\n\n\n<h2 class=\"wp-block-heading\" id=\"h-valiosas-ofrendas\">Valiosas ofrendas<\/h2>\n\n\n\n<p>Adem\u00e1s del cuerpo de la joven, el fardo contiene numerosas ofrendas, la que m\u00e1s llama la atenci\u00f3n es el pico de un tuc\u00e1n con 12 piedras minerales de color verdes incrustadas, lo que, junto al manto de plumas, confirma la relaci\u00f3n que esta cultura costera manten\u00eda con la selva, ubicada a cientos de kil\u00f3metros.<\/p>\n\n\n\n<figure class=\"wp-block-image\"><img decoding=\"async\" src=\"https:\/\/i0.wp.com\/efe.com\/wp-content\/uploads\/2025\/04\/Tumba-mujer4.webp?resize=900%2C600&amp;ssl=1\" alt=\"Un vasija de cer\u00e1mica, es exhibida como parte de uno de los objetos hallados en el fardo del enterramiento de una mujer de la civilizaci\u00f3n m\u00e1s antigua de Am\u00e9rica, este jueves, en Lima (Per\u00fa). EFE\/Paolo Aguilar\" class=\"wp-image-1832407\"\/><figcaption class=\"wp-element-caption\">Un vasija de cer\u00e1mica, es exhibida como parte de uno de los objetos hallados en el fardo del enterramiento de una mujer de la civilizaci\u00f3n m\u00e1s antigua de Am\u00e9rica, este jueves, en Lima (Per\u00fa). EFE\/Paolo Aguilar<\/figcaption><\/figure>\n\n\n\n<p>Tambi\u00e9n, hab\u00eda un collar de cuentas de caracol, cestas tejidas de juncos, semillas de camote (boniato), conchas de abanico, puntas de cuarzo y un textil elaborado con fibra animal, que investigan que podr\u00eda ser de un cam\u00e9lido.<\/p>\n\n\n\n<p>Le acompa\u00f1aban numerosas vasijas de cer\u00e1mica de diversas formas y tama\u00f1os, agujas hechas con huesos de animal, redes de pescar y un peque\u00f1o cuenco l\u00edtico con dos perforaciones.<\/p>\n\n\n\n<p>Este impresionante ajuar demuestra que esta persona ten\u00eda una gran relevancia en su sociedad y confirma que en la cultura Caral, las mujeres ocupaban roles importantes.<\/p>\n\n\n\n<p>\u00abEl cuerpo demuestra que las mujeres en la civilizaci\u00f3n Caral ten\u00edan relevancia y un rol muy importante, posiblemente de autoridades tambi\u00e9n, dentro de las funciones que hab\u00eda en la ciudad pesquera\u00bb, agreg\u00f3 Palomino.<\/p>\n\n\n\n<p>La directora de la Zona Arqueol\u00f3gica Caral, Ruth Shady, destac\u00f3 que en 2025 celebran el 20 aniversario de las investigaciones en \u00c1spero, la ciudad pesquera que form\u00f3 parte de esta civilizaci\u00f3n, que alcanz\u00f3 altos niveles de desarrollo que todav\u00eda son un misterio.Categor\u00edas<\/p>\n\n\n\n<p>Fuente: <a href=\"https:\/\/efe.com\/ciencia-y-tecnologia\/2025-04-24\/civilizacion-caral-antigua-america-tumba-mujer\/\">https:\/\/efe.com\/ciencia-y-tecnologia\/2025-04-24\/civilizacion-caral-antigua-america-tumba-mujer\/<\/a><a href=\"https:\/\/efe.com\/ciencia-y-tecnologia\/\"><\/a><\/p>\n\n\n\n<p><\/p>\n","protected":false},"excerpt":{"rendered":"<p>Agencia EFE Lima (EFE).- Un grupo de arque\u00f3logos peruanos descubri\u00f3 entre los restos de la civilizaci\u00f3n Caral, la m\u00e1s antigua [&hellip;]<\/p>\n","protected":false},"author":1,"featured_media":98447,"comment_status":"open","ping_status":"open","sticky":false,"template":"","format":"standard","meta":{"site-sidebar-layout":"default","site-content-layout":"","ast-site-content-layout":"default","site-content-style":"default","site-sidebar-style":"default","ast-global-header-display":"","ast-banner-title-visibility":"","ast-main-header-display":"","ast-hfb-above-header-display":"","ast-hfb-below-header-display":"","ast-hfb-mobile-header-display":"","site-post-title":"","ast-breadcrumbs-content":"","ast-featured-img":"","footer-sml-layout":"","theme-transparent-header-meta":"","adv-header-id-meta":"","stick-header-meta":"","header-above-stick-meta":"","header-main-stick-meta":"","header-below-stick-meta":"","astra-migrate-meta-layouts":"default","ast-page-background-enabled":"default","ast-page-background-meta":{"desktop":{"background-color":"var(--ast-global-color-4)","background-image":"","background-repeat":"repeat","background-position":"center center","background-size":"auto","background-attachment":"scroll","background-type":"","background-media":"","overlay-type":"","overlay-color":"","overlay-opacity":"","overlay-gradient":""},"tablet":{"background-color":"","background-image":"","background-repeat":"repeat","background-position":"center center","background-size":"auto","background-attachment":"scroll","background-type":"","background-media":"","overlay-type":"","overlay-color":"","overlay-opacity":"","overlay-gradient":""},"mobile":{"background-color":"","background-image":"","background-repeat":"repeat","background-position":"center center","background-size":"auto","background-attachment":"scroll","background-type":"","background-media":"","overlay-type":"","overlay-color":"","overlay-opacity":"","overlay-gradient":""}},"ast-content-background-meta":{"desktop":{"background-color":"var(--ast-global-color-5)","background-image":"","background-repeat":"repeat","background-position":"center center","background-size":"auto","background-attachment":"scroll","background-type":"","background-media":"","overlay-type":"","overlay-color":"","overlay-opacity":"","overlay-gradient":""},"tablet":{"background-color":"var(--ast-global-color-5)","background-image":"","background-repeat":"repeat","background-position":"center center","background-size":"auto","background-attachment":"scroll","background-type":"","background-media":"","overlay-type":"","overlay-color":"","overlay-opacity":"","overlay-gradient":""},"mobile":{"background-color":"var(--ast-global-color-5)","background-image":"","background-repeat":"repeat","background-position":"center center","background-size":"auto","background-attachment":"scroll","background-type":"","background-media":"","overlay-type":"","overlay-color":"","overlay-opacity":"","overlay-gradient":""}},"footnotes":""},"categories":[8],"tags":[7336,37816,37818,37819,37817],"class_list":["post-98446","post","type-post","status-publish","format-standard","has-post-thumbnail","hentry","category-noticias","tag-arqueologia-peru","tag-civilizacion-mas-antigua-america","tag-huaca-de-los-idolos","tag-mujeer-de-5-mil-anos","tag-zona-arqueologica-caral"],"_links":{"self":[{"href":"https:\/\/losperiodistas.com.mx\/portal\/wp-json\/wp\/v2\/posts\/98446","targetHints":{"allow":["GET"]}}],"collection":[{"href":"https:\/\/losperiodistas.com.mx\/portal\/wp-json\/wp\/v2\/posts"}],"about":[{"href":"https:\/\/losperiodistas.com.mx\/portal\/wp-json\/wp\/v2\/types\/post"}],"author":[{"embeddable":true,"href":"https:\/\/losperiodistas.com.mx\/portal\/wp-json\/wp\/v2\/users\/1"}],"replies":[{"embeddable":true,"href":"https:\/\/losperiodistas.com.mx\/portal\/wp-json\/wp\/v2\/comments?post=98446"}],"version-history":[{"count":1,"href":"https:\/\/losperiodistas.com.mx\/portal\/wp-json\/wp\/v2\/posts\/98446\/revisions"}],"predecessor-version":[{"id":98448,"href":"https:\/\/losperiodistas.com.mx\/portal\/wp-json\/wp\/v2\/posts\/98446\/revisions\/98448"}],"wp:featuredmedia":[{"embeddable":true,"href":"https:\/\/losperiodistas.com.mx\/portal\/wp-json\/wp\/v2\/media\/98447"}],"wp:attachment":[{"href":"https:\/\/losperiodistas.com.mx\/portal\/wp-json\/wp\/v2\/media?parent=98446"}],"wp:term":[{"taxonomy":"category","embeddable":true,"href":"https:\/\/losperiodistas.com.mx\/portal\/wp-json\/wp\/v2\/categories?post=98446"},{"taxonomy":"post_tag","embeddable":true,"href":"https:\/\/losperiodistas.com.mx\/portal\/wp-json\/wp\/v2\/tags?post=98446"}],"curies":[{"name":"wp","href":"https:\/\/api.w.org\/{rel}","templated":true}]}}