{"id":98441,"date":"2025-04-26T06:57:34","date_gmt":"2025-04-26T12:57:34","guid":{"rendered":"https:\/\/losperiodistas.com.mx\/portal\/?p=98441"},"modified":"2025-04-26T06:57:35","modified_gmt":"2025-04-26T12:57:35","slug":"ee-uu-y-ucrania-acogen-con-optimismo-el-reencuentro-de-zelenski-y-trump-en-el-vaticano-para-hablar-sobre-la-paz-el-pais","status":"publish","type":"post","link":"https:\/\/losperiodistas.com.mx\/portal\/ee-uu-y-ucrania-acogen-con-optimismo-el-reencuentro-de-zelenski-y-trump-en-el-vaticano-para-hablar-sobre-la-paz-el-pais\/","title":{"rendered":"EE UU y Ucrania acogen con optimismo el reencuentro de Zelenski y Trump en el Vaticano para hablar sobre la paz | El Pa\u00eds"},"content":{"rendered":"\n<h2 class=\"wp-block-heading\">La improvisada reuni\u00f3n de 15 minutos durante el funeral del Papa podr\u00eda ser \u201chist\u00f3rica\u201d si da los frutos deseados, asegura el presidente del pa\u00eds invadido por Rusia<\/h2>\n\n\n\n<figure class=\"wp-block-image size-large\"><img fetchpriority=\"high\" decoding=\"async\" width=\"1024\" height=\"576\" src=\"https:\/\/losperiodistas.com.mx\/portal\/wp-content\/uploads\/2025\/04\/FLP2ZLMRHBCRDDZQJDU5XQCKZY-copia-1024x576.jpg\" alt=\"\" class=\"wp-image-98442\" srcset=\"https:\/\/losperiodistas.com.mx\/portal\/wp-content\/uploads\/2025\/04\/FLP2ZLMRHBCRDDZQJDU5XQCKZY-copia-1024x576.jpg 1024w, https:\/\/losperiodistas.com.mx\/portal\/wp-content\/uploads\/2025\/04\/FLP2ZLMRHBCRDDZQJDU5XQCKZY-copia-300x169.jpg 300w, https:\/\/losperiodistas.com.mx\/portal\/wp-content\/uploads\/2025\/04\/FLP2ZLMRHBCRDDZQJDU5XQCKZY-copia-768x432.jpg 768w, https:\/\/losperiodistas.com.mx\/portal\/wp-content\/uploads\/2025\/04\/FLP2ZLMRHBCRDDZQJDU5XQCKZY-copia.jpg 1200w\" sizes=\"(max-width: 1024px) 100vw, 1024px\" \/><figcaption class=\"wp-element-caption\">Donald Trump y Volod\u00edmir Zelenski durante su encuentro en el funeral del Papa este s\u00e1bado.AP<\/figcaption><\/figure>\n\n\n\n<p><a href=\"https:\/\/elpais.com\/autor\/luis-de-vega-hernandez\/#?rel=author_top\">Luis de Vega<\/a> \/ El Pa\u00eds<\/p>\n\n\n\n<p>Kiev <\/p>\n\n\n\n<p>El funeral del papa Francisco ha propiciado este s\u00e1bado el reencuentro en la bas\u00edlica de San Pedro del Vaticano entre los presidentes de Ucrania y Estados Unidos en medio de los esfuerzos diplom\u00e1ticos para tratar de enfilar el final de la guerra. En un ambiente de deshielo, las dos administraciones han reaccionado de manera positiva y optimista a la reuni\u00f3n, aunque sin detallar nuevas citas o avances concretos.<\/p>\n\n\n\n<p>Durante unos 15 minutos, Volod\u00edmir Zelenski y Donald Trump, sentados cada uno en una silla en medio del templo y rodeados en la distancia de asesores y religiosos, se ven por vez primera cara a cara tras la&nbsp;<a href=\"https:\/\/elpais.com\/videos\/2025-02-28\/la-tensa-reunion-entre-trump-y-zelenski-en-seis-momentos-lo-que-haces-es-irrespetuoso.html\">agria discusi\u00f3n en el Despacho Oval de la Casa Blanca del 28 de febrero<\/a>&nbsp;que llev\u00f3 al mandatario ucranio a marcharse de forma abrupta.<\/p>\n\n\n\n<p>La Administraci\u00f3n estadounidense califica de \u201cmuy productiva\u201d la conversaci\u00f3n que han mantenido de manera privada y de la que la presidencia ucrania ha facilitado las fotograf\u00edas. \u201cBuena reuni\u00f3n\u201d, ha valorado Zelenski de un encuentro que, afirma, podr\u00eda convertirse en \u201chist\u00f3rico\u201d si da los frutos deseados entre las diferentes partes.<\/p>\n\n\n\n<p>En un mensaje sus redes sociales tras la ceremonia en la plaza de San Pedro, ha agradecido la oportunidad al presidente Trump al tiempo que ha escrito: \u201cHemos hablado mucho cara a cara\u201d y \u201cesperamos resultados de todo lo abordado\u201d.<\/p>\n\n\n\n<figure class=\"wp-block-image size-large\"><img decoding=\"async\" width=\"1024\" height=\"576\" src=\"https:\/\/losperiodistas.com.mx\/portal\/wp-content\/uploads\/2025\/04\/MMLHQQT6OJG2BF5BQRFJEH7K2U-1024x576.avif\" alt=\"\" class=\"wp-image-98443\" srcset=\"https:\/\/losperiodistas.com.mx\/portal\/wp-content\/uploads\/2025\/04\/MMLHQQT6OJG2BF5BQRFJEH7K2U-1024x576.avif 1024w, https:\/\/losperiodistas.com.mx\/portal\/wp-content\/uploads\/2025\/04\/MMLHQQT6OJG2BF5BQRFJEH7K2U-300x169.avif 300w, https:\/\/losperiodistas.com.mx\/portal\/wp-content\/uploads\/2025\/04\/MMLHQQT6OJG2BF5BQRFJEH7K2U-768x432.avif 768w, https:\/\/losperiodistas.com.mx\/portal\/wp-content\/uploads\/2025\/04\/MMLHQQT6OJG2BF5BQRFJEH7K2U-1536x864.avif 1536w, https:\/\/losperiodistas.com.mx\/portal\/wp-content\/uploads\/2025\/04\/MMLHQQT6OJG2BF5BQRFJEH7K2U.avif 1960w\" sizes=\"(max-width: 1024px) 100vw, 1024px\" \/><figcaption class=\"wp-element-caption\">Macron, Starmer, Trump y Zelesnki, este s\u00e1bado en la bas\u00edlica de San Pedro.Ukrainian Presidential Press Service (via REUTERS)<\/figcaption><\/figure>\n\n\n\n<p>En todo caso, el mandatario ucranio no se sale del carril por el que pretende llevar las negociaciones y que exige, en primer lugar, una tregua. Por eso insiste en \u201cproteger la vida de nuestra gente. Alto el fuego total e incondicional. Una paz segura y duradera que evite otra guerra. Una reuni\u00f3n muy simb\u00f3lica que podr\u00eda convertirse en hist\u00f3rica si logramos resultados conjuntos\u201d, ha agregado.<\/p>\n\n\n\n<p>En alguna de las im\u00e1genes se ve incluso en una improvisada cumbre del m\u00e1s alto nivel al presidente de Francia, Emmanuel Macron, y al primer ministro brit\u00e1nico, Keir Starmer, junto a ellos dos de pie conversando en ese mismo lugar de la bas\u00edlica. Se ha tratado de un encuentro \u201cpositivo\u201d, ha comentado el entorno de Macron, informa Reuters. Ambos l\u00edderes europeos arropan a Zelenski en unos contactos diplom\u00e1ticos en los que Washington se muestra m\u00e1s alineado con Mosc\u00fa, seg\u00fan las dos propuestas planteadas en las negociaciones y que han trascendido estos d\u00edas.<\/p>\n\n\n\n<p>Que en medio de cientos de l\u00edderes mundiales que apenas estar\u00e1n en tierras italianas unas horas se haya cuadrado la cita entre Zelenski y Trump da idea de la importancia que ambos gobiernos otorgan a&nbsp;<a href=\"https:\/\/elpais.com\/internacional\/2025-04-23\/ee-uu-presiona-a-ucrania-para-que-ceda-crimea-y-las-otras-regiones-ocupadas-a-rusia.html\">las negociaciones que en los \u00faltimos d\u00edas se han desplegado tambi\u00e9n en Par\u00eds, Londres o Mosc\u00fa<\/a>. Se trata del m\u00e1s serio intento de acercamiento bilateral tras el choque de hace dos meses en Washington. La llegada de Zelenski a la plaza de San Pedro tras la reuni\u00f3n con Trump ha sido saludada con aplausos en medio de un amplio despliegue protocolario. No se descartaba un posible segundo encuentro este mismo s\u00e1bado entre los dos mandatarios tras la ceremonia de despedida del papa, pero el presidente de EE UU ha abandonado Roma en torno a las 13 horas locales.<\/p>\n\n\n\n<figure class=\"wp-block-image size-large\"><img decoding=\"async\" width=\"1024\" height=\"669\" src=\"https:\/\/losperiodistas.com.mx\/portal\/wp-content\/uploads\/2025\/04\/2NIAUHPRKJBZRDTQTE4PYRWKFM-1024x669.avif\" alt=\"\" class=\"wp-image-98444\" srcset=\"https:\/\/losperiodistas.com.mx\/portal\/wp-content\/uploads\/2025\/04\/2NIAUHPRKJBZRDTQTE4PYRWKFM-1024x669.avif 1024w, https:\/\/losperiodistas.com.mx\/portal\/wp-content\/uploads\/2025\/04\/2NIAUHPRKJBZRDTQTE4PYRWKFM-300x196.avif 300w, https:\/\/losperiodistas.com.mx\/portal\/wp-content\/uploads\/2025\/04\/2NIAUHPRKJBZRDTQTE4PYRWKFM-768x502.avif 768w, https:\/\/losperiodistas.com.mx\/portal\/wp-content\/uploads\/2025\/04\/2NIAUHPRKJBZRDTQTE4PYRWKFM-1536x1004.avif 1536w, https:\/\/losperiodistas.com.mx\/portal\/wp-content\/uploads\/2025\/04\/2NIAUHPRKJBZRDTQTE4PYRWKFM.avif 1960w\" sizes=\"(max-width: 1024px) 100vw, 1024px\" \/><figcaption class=\"wp-element-caption\">Zelenski, a su llegada a la plaza de San Pedro momentos antes del funeral del Papa.massimiliano minocri<\/figcaption><\/figure>\n\n\n\n<p>Zelenski hab\u00eda lanzado el viernes dudas sobre su presencia en el funeral apelando a su agenda de trabajo. El encuentro con Trump se ha producido poco despu\u00e9s de que el l\u00edder republicano afirmara a su llegada a Roma que ve \u201cmuy cerca un acuerdo\u201d. Todo, pese a las diferencias que las posturas de unos y otros reflejan en medio de una guerra de la que no se atisba el final. El presidente estadounidense, que pide negociaciones directas de alto nivel entre Kiev y Mosc\u00fa, se muestra optimista as\u00ed&nbsp;<a href=\"https:\/\/elpais.com\/internacional\/2025-04-25\/putin-recibe-al-enviado-de-trump-con-un-matizado-optimismo-sobre-las-negociaciones-de-ee-uu-para-imponer-un-acuerdo-a-ucrania.html\">tras la reuni\u00f3n de tres horas de su enviado, Steve Witkoff, con el presidente ruso, Vlad\u00edmir Putin, el viernes en el Kremlin<\/a>. \u201cLa mayor\u00eda de los puntos principales est\u00e1n acordados\u201d, ha expresado Trump en redes sociales.<\/p>\n\n\n\n<p>Pese a esa valoraci\u00f3n, la reuni\u00f3n de este s\u00e1bado se produce en un momento en el que se mantiene tensiones entre ambos l\u00edderes por los t\u00e9rminos en los que unos y otros plantean la hoja de ruta para avanzar hacia el final de la contienda desatada en 2022 con la gran invasi\u00f3n rusa de Ucrania. Trump insiste, seg\u00fan el plan que maneja su administraci\u00f3n, en que Kiev debe reconocer legalmente la Pen\u00ednsula de Crimea, ocupada desde 2014, como territorio ruso, algo que Zelenski subraya que es inconstitucional.<\/p>\n\n\n\n<p>Frente a esa propuesta de Washington, ha salido a la luz la que manejan pa\u00edses europeos, entre ellos Francia y Gran Breta\u00f1a, junto al Gobierno de Kiev, que no prev\u00e9 otorgar titularidad alguna a Mosc\u00fa de territorio ucranio. Zelenski considera que el plan de Trump est\u00e1 escorado hacia las tesis del Kremlin y no es aceptable.<\/p>\n\n\n\n<p>Aquel 28 de febrero, el mundo fue testigo con luz y taqu\u00edgrafos de la&nbsp;<a href=\"https:\/\/elpais.com\/videos\/2025-02-28\/el-tenso-momento-entre-trump-y-zelenski-en-el-despacho-oval.html\">encerrona organizada por la administraci\u00f3n estadounidense al mandatario ucranio<\/a>, al que Trump y su vicepresidente, J. D. Vance, quisieron convertir en culpable de la contienda, ignorando que el pa\u00eds agresor es Rusia. Zelenski, bajo una espiral de reproches en p\u00fablico inaudita en las esferas de la alta pol\u00edtica, fue incluso humillado y reprendido por no vestir traje y corbata. Minutos despu\u00e9s, dio por terminada de forma anticipada la visita a Estados Unidos y las relaciones bilaterales siguen lejos de poder considerarse amistosas. Solo la improvisada cumbre con cientos de l\u00edderes mundiales en torno a la bas\u00edlica de San Pedro del Vaticano ha conseguido reunir a ambos de nuevo, pero las diferencias entre uno y otro sobre c\u00f3mo poner fin a la contienda son enormes.<\/p>\n\n\n\n<p>Fuente: <a href=\"https:\/\/elpais.com\/internacional\/2025-04-26\/zelenski-y-trump-se-reencuentran-en-el-vaticano-para-tratar-de-avanzar-en-la-senda-de-la-paz-para-ucrania.html\">https:\/\/elpais.com\/internacional\/2025-04-26\/zelenski-y-trump-se-reencuentran-en-el-vaticano-para-tratar-de-avanzar-en-la-senda-de-la-paz-para-ucrania.html<\/a><\/p>\n","protected":false},"excerpt":{"rendered":"<p>La improvisada reuni\u00f3n de 15 minutos durante el funeral del Papa podr\u00eda ser \u201chist\u00f3rica\u201d si da los frutos deseados, asegura [&hellip;]<\/p>\n","protected":false},"author":1,"featured_media":98442,"comment_status":"open","ping_status":"open","sticky":false,"template":"","format":"standard","meta":{"site-sidebar-layout":"default","site-content-layout":"","ast-site-content-layout":"default","site-content-style":"default","site-sidebar-style":"default","ast-global-header-display":"","ast-banner-title-visibility":"","ast-main-header-display":"","ast-hfb-above-header-display":"","ast-hfb-below-header-display":"","ast-hfb-mobile-header-display":"","site-post-title":"","ast-breadcrumbs-content":"","ast-featured-img":"","footer-sml-layout":"","theme-transparent-header-meta":"","adv-header-id-meta":"","stick-header-meta":"","header-above-stick-meta":"","header-main-stick-meta":"","header-below-stick-meta":"","astra-migrate-meta-layouts":"default","ast-page-background-enabled":"default","ast-page-background-meta":{"desktop":{"background-color":"var(--ast-global-color-4)","background-image":"","background-repeat":"repeat","background-position":"center center","background-size":"auto","background-attachment":"scroll","background-type":"","background-media":"","overlay-type":"","overlay-color":"","overlay-opacity":"","overlay-gradient":""},"tablet":{"background-color":"","background-image":"","background-repeat":"repeat","background-position":"center center","background-size":"auto","background-attachment":"scroll","background-type":"","background-media":"","overlay-type":"","overlay-color":"","overlay-opacity":"","overlay-gradient":""},"mobile":{"background-color":"","background-image":"","background-repeat":"repeat","background-position":"center center","background-size":"auto","background-attachment":"scroll","background-type":"","background-media":"","overlay-type":"","overlay-color":"","overlay-opacity":"","overlay-gradient":""}},"ast-content-background-meta":{"desktop":{"background-color":"var(--ast-global-color-5)","background-image":"","background-repeat":"repeat","background-position":"center center","background-size":"auto","background-attachment":"scroll","background-type":"","background-media":"","overlay-type":"","overlay-color":"","overlay-opacity":"","overlay-gradient":""},"tablet":{"background-color":"var(--ast-global-color-5)","background-image":"","background-repeat":"repeat","background-position":"center center","background-size":"auto","background-attachment":"scroll","background-type":"","background-media":"","overlay-type":"","overlay-color":"","overlay-opacity":"","overlay-gradient":""},"mobile":{"background-color":"var(--ast-global-color-5)","background-image":"","background-repeat":"repeat","background-position":"center center","background-size":"auto","background-attachment":"scroll","background-type":"","background-media":"","overlay-type":"","overlay-color":"","overlay-opacity":"","overlay-gradient":""}},"footnotes":""},"categories":[8],"tags":[37814,37815,37813],"class_list":["post-98441","post","type-post","status-publish","format-standard","has-post-thumbnail","hentry","category-noticias","tag-encuentro-en-san-pedro","tag-frente-a-cadaver-de-francisco-dialogan-trump-y-zelenski","tag-trump-y-zelenski"],"_links":{"self":[{"href":"https:\/\/losperiodistas.com.mx\/portal\/wp-json\/wp\/v2\/posts\/98441","targetHints":{"allow":["GET"]}}],"collection":[{"href":"https:\/\/losperiodistas.com.mx\/portal\/wp-json\/wp\/v2\/posts"}],"about":[{"href":"https:\/\/losperiodistas.com.mx\/portal\/wp-json\/wp\/v2\/types\/post"}],"author":[{"embeddable":true,"href":"https:\/\/losperiodistas.com.mx\/portal\/wp-json\/wp\/v2\/users\/1"}],"replies":[{"embeddable":true,"href":"https:\/\/losperiodistas.com.mx\/portal\/wp-json\/wp\/v2\/comments?post=98441"}],"version-history":[{"count":1,"href":"https:\/\/losperiodistas.com.mx\/portal\/wp-json\/wp\/v2\/posts\/98441\/revisions"}],"predecessor-version":[{"id":98445,"href":"https:\/\/losperiodistas.com.mx\/portal\/wp-json\/wp\/v2\/posts\/98441\/revisions\/98445"}],"wp:featuredmedia":[{"embeddable":true,"href":"https:\/\/losperiodistas.com.mx\/portal\/wp-json\/wp\/v2\/media\/98442"}],"wp:attachment":[{"href":"https:\/\/losperiodistas.com.mx\/portal\/wp-json\/wp\/v2\/media?parent=98441"}],"wp:term":[{"taxonomy":"category","embeddable":true,"href":"https:\/\/losperiodistas.com.mx\/portal\/wp-json\/wp\/v2\/categories?post=98441"},{"taxonomy":"post_tag","embeddable":true,"href":"https:\/\/losperiodistas.com.mx\/portal\/wp-json\/wp\/v2\/tags?post=98441"}],"curies":[{"name":"wp","href":"https:\/\/api.w.org\/{rel}","templated":true}]}}