{"id":98437,"date":"2025-04-25T18:45:18","date_gmt":"2025-04-26T00:45:18","guid":{"rendered":"https:\/\/losperiodistas.com.mx\/portal\/?p=98437"},"modified":"2025-04-26T06:45:49","modified_gmt":"2025-04-26T12:45:49","slug":"opinion-si-la-eleccion-del-papa-la-realizara-morena","status":"publish","type":"post","link":"https:\/\/losperiodistas.com.mx\/portal\/opinion-si-la-eleccion-del-papa-la-realizara-morena\/","title":{"rendered":"Opini\u00f3n | Si la elecci\u00f3n del Papa la realizara Morena\u2026"},"content":{"rendered":"\n<p><\/p>\n\n\n\n<p class=\"has-medium-font-size\">*Santas corcholatas, t\u00f3mbola pontificia, aplaus\u00f3metro y revocaci\u00f3n de mandato<\/p>\n\n\n\n<figure class=\"wp-block-image size-large\"><img fetchpriority=\"high\" decoding=\"async\" width=\"1024\" height=\"574\" src=\"https:\/\/losperiodistas.com.mx\/portal\/wp-content\/uploads\/2025\/04\/CONVENIO-DIF-1024x574.jpg\" alt=\"\" class=\"wp-image-98438\" srcset=\"https:\/\/losperiodistas.com.mx\/portal\/wp-content\/uploads\/2025\/04\/CONVENIO-DIF-1024x574.jpg 1024w, https:\/\/losperiodistas.com.mx\/portal\/wp-content\/uploads\/2025\/04\/CONVENIO-DIF-300x168.jpg 300w, https:\/\/losperiodistas.com.mx\/portal\/wp-content\/uploads\/2025\/04\/CONVENIO-DIF-768x430.jpg 768w, https:\/\/losperiodistas.com.mx\/portal\/wp-content\/uploads\/2025\/04\/CONVENIO-DIF-1536x861.jpg 1536w, https:\/\/losperiodistas.com.mx\/portal\/wp-content\/uploads\/2025\/04\/CONVENIO-DIF.jpg 1920w\" sizes=\"(max-width: 1024px) 100vw, 1024px\" \/><\/figure>\n\n\n\n<p class=\"has-vivid-red-color has-text-color has-link-color wp-elements-4e80eb9a86f52f094c52f06e8f636b0b\" style=\"font-size:26px\"><strong><em>Por Ra\u00fal Torres Salmer\u00f3n \/ Sin Limites<\/em><\/strong><\/p>\n\n\n\n<p>A trav\u00e9s de los medios de informaci\u00f3n y las redes sociales, hemos recogido algunas versiones simp\u00e1ticas de como el partido Morena de M\u00e9xico, har\u00eda la elecci\u00f3n del nuevo Papa de la Iglesia Cat\u00f3lica.<\/p>\n\n\n\n<p>Manuel Ajenjo, reconocido guionista public\u00f3 en el Economista la siguiente sugerencia:<\/p>\n\n\n\n<p>\u201cMe voy a permitir sugerir un proceso de sucesi\u00f3n papal r\u00e1pido y eficaz y a la vez muy mexicano: Implementar la T\u00f3mbola Pontificia, donde se insaculen en una urna tarjetas con los nombres de los cardenales papables (a los que llamaremos, aqu\u00ed entre nos, Santas Corcholatas).<\/p>\n\n\n\n<p>\u201cA continuaci\u00f3n, el m\u00e1s joven del Colegio Cardenalicio, quien por obvias razones no ser\u00e1 papable y a la vez es el m\u00e1s inocente \u2014si es que es posible\u2014, guiado por el Esp\u00edritu Santo, meter\u00e1 la mano a la urna y sacar\u00e1 la tarjeta con el nombre del nuevo Papa.<\/p>\n\n\n\n<p>\u201cEste m\u00e9todo ya fue probado en M\u00e9xico y seg\u00fan los senadores de Morena y acompa\u00f1antes, funciona. Es un m\u00e9todo r\u00e1pido y barato que ahorra tiempo y dinero \u2014los vi\u00e1ticos cardenalicios son caros: est\u00e1n acostumbrados a comer muy bien y a dormir mejor\u201d.<\/p>\n\n\n\n<p>La columna Templo Mayor del diario Reforma public\u00f3:<\/p>\n\n\n\n<p>\u201c\u00bfQu\u00e9 pasar\u00eda si la elecci\u00f3n del nuevo Papa la organizara la 4T? Ser\u00eda una ceremonia con aroma a incienso y frijol con gorgojo. Seguramente comenzar\u00eda con una conferencia ma\u00f1anera en la Plaza de San Pedro, para presumir que ser\u00e1 la \u00abm\u00e1s democr\u00e1tica\u00bb en la historia de la iglesia.<\/p>\n\n\n\n<p>\u201cLa decisi\u00f3n ya no estar\u00eda en unos cuantos cardenales, sino en el pueblo sabio y bueno, que tendr\u00eda que escoger de una lista elaborada por l\u00edderes sindicales, monaguillos, catequistas, exorcistas y uno que otro excomulgado.<\/p>\n\n\n\n<p>\u201cDicha lista, previamente, pasar\u00eda por una t\u00f3mbola para depurarla de cardenales neoliberales, fif\u00eds o ajenos a la Cuarta Transformaci\u00f3n, cuyos nombres ir\u00edan finalmente a la boleta. Casualmente resultar\u00eda electo el mismo que quer\u00edan en Palacio Nacional y finalmente, en lugar de mandar una bendici\u00f3n Urbi et Orbi, el nuevo Papa lo har\u00eda: \u00abMe canso ganso que yo los bendigo\u00bb. \u00a1Am\u00e9n!<\/p>\n\n\n\n<p>Finalmente, Nayarit en la Mira dio a conocer lo siguiente:<\/p>\n\n\n\n<p>\u00a1Urgente! Morena Propone Reforma al Vaticano:<\/p>\n\n\n\n<p>\u00abQue el nuevo Papa sea elegido por t\u00f3mbola popular, porque los cardenales son una &#8216;\u00e9lite conservadora&#8217; que no representa al pueblo fiel\u00bb. La bancada morenista ya prepara su iniciativa: El Esp\u00edritu Santo es neoliberal: mejor que decida una consulta expr\u00e9s.<\/p>\n\n\n\n<p>-\u00abLos cardenales son como los ministros de la Corte: fif\u00eds que no creen en la democracia de cuarta<\/p>\n\n\n\n<p>-\u00abSi Bergoglio sali\u00f3 por dedazo, ahora toca que el pueblo elija&#8230; aunque sea por aplaus\u00f3metro\u00bb.<\/p>\n\n\n\n<p>-#Justicia Divina A La 4T exige, adem\u00e1s:<\/p>\n\n\n\n<p>-Revocaci\u00f3n de mandato papal cada 6 a\u00f1os.<\/p>\n\n\n\n<p>-Que el Papa pase por filtro de \u00abno corrupci\u00f3n\u00bb&#8230; aunque sea infalible.<\/p>\n\n\n\n<p>-Que la tiara papal sea sustituida por \u00abun sombrero artesanal de los pueblos originarios\u00bb.<\/p>\n\n\n\n<p>\u00abEs que hasta en el cielo hay que acabar con las imposiciones clericales\u00bb, declar\u00f3 un diputado morenista, mientras exig\u00eda que San Pedro fuera auditado.<\/p>\n\n\n\n<p>\u201cPD: Si el pr\u00f3ximo Papa no es elegido por usos y costumbres, ser\u00e1 un golpe de Estado celestial.<\/p>\n\n\n\n<p>\u201c\u00bfO prefieren que AMLO nombre un \u00abPapa Interino\u00bb mientras organizan la t\u00f3mbola?\u201d.<\/p>\n\n\n\n<p>El ingenio mexicano, en todo su esplendor.<\/p>\n\n\n\n<p><strong>CONVENIO DIF Y CECSNSP<\/strong><\/p>\n\n\n\n<p>En un acto que refrenda el compromiso del Gobierno del Estado con el bienestar social, el Sistema para el Desarrollo Integral de la Familia del Estado de Puebla (DIF), que encabeza Cecilia Arellano, bajo la Direcci\u00f3n de Juan Carlos Valdez Zayas, firm\u00f3 un convenio de colaboraci\u00f3n con el Consejo Estatal de Coordinaci\u00f3n del Sistema Nacional de Seguridad P\u00fablica.<\/p>\n\n\n\n<p>Las estrategias contempladas incluyen la realizaci\u00f3n de talleres, pl\u00e1ticas, conferencias y diversas actividades comunitarias orientadas a recomponer el tejido social, mejorar la convivencia ciudadana y atender las causas estructurales de la violencia desde su origen.<\/p>\n\n\n\n<p>El Director del DIF, Juan Carlos Valdez Zayas, subray\u00f3 que este convenio es una oportunidad para continuar impulsando pol\u00edticas p\u00fablicas de corte humanista, centradas en la familia y en los derechos humanos, pilares esenciales para mejorar la calidad de vida de la ciudadan\u00eda poblana.<\/p>\n\n\n\n<p>En representaci\u00f3n del Consejo Estatal de Seguridad P\u00fablica, Humberto Eloy Aguilar Viveros reconoci\u00f3 la labor del SEDIF en la protecci\u00f3n integral de las familias poblanas y celebr\u00f3 la suma de esfuerzos institucionales que permitir\u00e1n atender de manera integral los desaf\u00edos en materia de prevenci\u00f3n.<\/p>\n\n\n\n<p><strong>CANDIDATA A MINISTRA<\/strong><\/p>\n\n\n\n<p>Paula Garc\u00eda Villegas va por un lugar en la Suprema Corte de Justicia de la Naci\u00f3n (SCJN) al sostener su propuesta en cuatro pilares. La candidata es identificable como la n\u00famero 12 en la boleta morada para la votaci\u00f3n que se llevar\u00e1 a cabo el pr\u00f3ximo 1 de junio.<\/p>\n\n\n\n<p>\u201cLa agenda judicial debe correr por cuatro v\u00edas: la ambiental, para que los jueces recaben de oficio pruebas en los litigios; que la Corte supervise el cumplimiento de sentencias; la justicia cotidiana, ya que el 70 por ciento de los asuntos que llegan al Poder Judicial tienen ah\u00ed su origen y acercar la justicia al pueblo\u201d, detall\u00f3 la aspirante.<\/p>\n\n\n\n<figure class=\"wp-block-image size-large\"><img decoding=\"async\" width=\"1024\" height=\"814\" src=\"https:\/\/losperiodistas.com.mx\/portal\/wp-content\/uploads\/2025\/04\/PAULA-GARCIA-VILLEGAS-1024x814.jpg\" alt=\"\" class=\"wp-image-98439\" srcset=\"https:\/\/losperiodistas.com.mx\/portal\/wp-content\/uploads\/2025\/04\/PAULA-GARCIA-VILLEGAS-1024x814.jpg 1024w, https:\/\/losperiodistas.com.mx\/portal\/wp-content\/uploads\/2025\/04\/PAULA-GARCIA-VILLEGAS-300x238.jpg 300w, https:\/\/losperiodistas.com.mx\/portal\/wp-content\/uploads\/2025\/04\/PAULA-GARCIA-VILLEGAS-768x610.jpg 768w, https:\/\/losperiodistas.com.mx\/portal\/wp-content\/uploads\/2025\/04\/PAULA-GARCIA-VILLEGAS.jpg 1067w\" sizes=\"(max-width: 1024px) 100vw, 1024px\" \/><\/figure>\n\n\n\n<p>La actual diputada por Morena tambi\u00e9n ha dicho orientada a que las sentencias del m\u00e1ximo tribunal sean m\u00e1s cortas y que se elimine el uso de papel mediante la tecnolog\u00eda. Con estudios en derecho y econom\u00eda, Garc\u00eda Villegas se ha destacado por su labor al emitir 25 mil sentencias en los \u00faltimos 14 a\u00f1os.<\/p>\n\n\n\n<p>En su carrera, la hoy aspirante se ha dedicado a temas de Derechos Humanos, g\u00e9nero, medio ambiente, sociedad, ni\u00f1ez y adultos mayores.<\/p>\n\n\n\n<p>En la trayectoria de Paula Garc\u00eda Villegas destacan diversas funciones en el Poder Judicial, entre ellas, su desempe\u00f1o como secretar\u00eda particular y adjunta de ministros de la SCJN; secretaria proyectista en el Tercer Tribunal Colegiado en Materia Administrativa del Primer Circuito; jueza de Distrito en distintos recintos de la Ciudad de M\u00e9xico; magistrada del Tercer Tribunal Colegiado en Materia Civil del Primer Circuito; as\u00ed como magistrada del D\u00e9cimo Primer Tribunal Colegiado en Materia Administrativa del Primer Circuito.<\/p>\n\n\n\n<p>En fin, como dice la copla colombiana:<\/p>\n\n\n\n<p>Yo no soy de por aqu\u00ed,<\/p>\n\n\n\n<p>yo soy barranquillero,<\/p>\n\n\n\n<p>nadie se meta conmigo,<\/p>\n\n\n\n<p>que yo con nadie me meto.<\/p>\n\n\n\n<p>raultorress@hotmail.com<\/p>\n\n\n\n<p><\/p>\n","protected":false},"excerpt":{"rendered":"<p>*Santas corcholatas, t\u00f3mbola pontificia, aplaus\u00f3metro y revocaci\u00f3n de mandato Por Ra\u00fal Torres Salmer\u00f3n \/ Sin Limites A trav\u00e9s de los [&hellip;]<\/p>\n","protected":false},"author":1,"featured_media":98439,"comment_status":"open","ping_status":"open","sticky":false,"template":"","format":"standard","meta":{"site-sidebar-layout":"default","site-content-layout":"","ast-site-content-layout":"default","site-content-style":"default","site-sidebar-style":"default","ast-global-header-display":"","ast-banner-title-visibility":"","ast-main-header-display":"","ast-hfb-above-header-display":"","ast-hfb-below-header-display":"","ast-hfb-mobile-header-display":"","site-post-title":"","ast-breadcrumbs-content":"","ast-featured-img":"","footer-sml-layout":"","theme-transparent-header-meta":"","adv-header-id-meta":"","stick-header-meta":"","header-above-stick-meta":"","header-main-stick-meta":"","header-below-stick-meta":"","astra-migrate-meta-layouts":"default","ast-page-background-enabled":"default","ast-page-background-meta":{"desktop":{"background-color":"var(--ast-global-color-4)","background-image":"","background-repeat":"repeat","background-position":"center center","background-size":"auto","background-attachment":"scroll","background-type":"","background-media":"","overlay-type":"","overlay-color":"","overlay-opacity":"","overlay-gradient":""},"tablet":{"background-color":"","background-image":"","background-repeat":"repeat","background-position":"center center","background-size":"auto","background-attachment":"scroll","background-type":"","background-media":"","overlay-type":"","overlay-color":"","overlay-opacity":"","overlay-gradient":""},"mobile":{"background-color":"","background-image":"","background-repeat":"repeat","background-position":"center center","background-size":"auto","background-attachment":"scroll","background-type":"","background-media":"","overlay-type":"","overlay-color":"","overlay-opacity":"","overlay-gradient":""}},"ast-content-background-meta":{"desktop":{"background-color":"var(--ast-global-color-5)","background-image":"","background-repeat":"repeat","background-position":"center center","background-size":"auto","background-attachment":"scroll","background-type":"","background-media":"","overlay-type":"","overlay-color":"","overlay-opacity":"","overlay-gradient":""},"tablet":{"background-color":"var(--ast-global-color-5)","background-image":"","background-repeat":"repeat","background-position":"center center","background-size":"auto","background-attachment":"scroll","background-type":"","background-media":"","overlay-type":"","overlay-color":"","overlay-opacity":"","overlay-gradient":""},"mobile":{"background-color":"var(--ast-global-color-5)","background-image":"","background-repeat":"repeat","background-position":"center center","background-size":"auto","background-attachment":"scroll","background-type":"","background-media":"","overlay-type":"","overlay-color":"","overlay-opacity":"","overlay-gradient":""}},"footnotes":""},"categories":[8,21,19],"tags":[34284,31668,11692,37812,12124,1136],"class_list":["post-98437","post","type-post","status-publish","format-standard","has-post-thumbnail","hentry","category-noticias","category-opinion","category-sin-limites-2","tag-cecsnsp","tag-dif","tag-morena-elecciones","tag-paula-garcia-villegas","tag-poder-judicial","tag-scjn"],"_links":{"self":[{"href":"https:\/\/losperiodistas.com.mx\/portal\/wp-json\/wp\/v2\/posts\/98437","targetHints":{"allow":["GET"]}}],"collection":[{"href":"https:\/\/losperiodistas.com.mx\/portal\/wp-json\/wp\/v2\/posts"}],"about":[{"href":"https:\/\/losperiodistas.com.mx\/portal\/wp-json\/wp\/v2\/types\/post"}],"author":[{"embeddable":true,"href":"https:\/\/losperiodistas.com.mx\/portal\/wp-json\/wp\/v2\/users\/1"}],"replies":[{"embeddable":true,"href":"https:\/\/losperiodistas.com.mx\/portal\/wp-json\/wp\/v2\/comments?post=98437"}],"version-history":[{"count":1,"href":"https:\/\/losperiodistas.com.mx\/portal\/wp-json\/wp\/v2\/posts\/98437\/revisions"}],"predecessor-version":[{"id":98440,"href":"https:\/\/losperiodistas.com.mx\/portal\/wp-json\/wp\/v2\/posts\/98437\/revisions\/98440"}],"wp:featuredmedia":[{"embeddable":true,"href":"https:\/\/losperiodistas.com.mx\/portal\/wp-json\/wp\/v2\/media\/98439"}],"wp:attachment":[{"href":"https:\/\/losperiodistas.com.mx\/portal\/wp-json\/wp\/v2\/media?parent=98437"}],"wp:term":[{"taxonomy":"category","embeddable":true,"href":"https:\/\/losperiodistas.com.mx\/portal\/wp-json\/wp\/v2\/categories?post=98437"},{"taxonomy":"post_tag","embeddable":true,"href":"https:\/\/losperiodistas.com.mx\/portal\/wp-json\/wp\/v2\/tags?post=98437"}],"curies":[{"name":"wp","href":"https:\/\/api.w.org\/{rel}","templated":true}]}}