{"id":98418,"date":"2025-04-25T10:56:22","date_gmt":"2025-04-25T16:56:22","guid":{"rendered":"https:\/\/losperiodistas.com.mx\/portal\/?p=98418"},"modified":"2025-04-25T13:31:13","modified_gmt":"2025-04-25T19:31:13","slug":"no-voy-a-censurar-a-nadie-sheinbaum-pide-quitar-articulo-de-reforma-a-ley-de-telecomunicaciones-el-financiero","status":"publish","type":"post","link":"https:\/\/losperiodistas.com.mx\/portal\/no-voy-a-censurar-a-nadie-sheinbaum-pide-quitar-articulo-de-reforma-a-ley-de-telecomunicaciones-el-financiero\/","title":{"rendered":"\u2018No voy a censurar a nadie\u2019: Sheinbaum pide quitar art\u00edculo de reforma a Ley de Telecomunicaciones | El Financiero"},"content":{"rendered":"\n<h2 class=\"wp-block-heading\">Estos fueron los temas m\u00e1s importantes de la conferencia matutina de la presidenta Claudia Sheinbaum el viernes 25 de abril.<\/h2>\n\n\n\n<figure class=\"wp-block-image size-large\"><img fetchpriority=\"high\" decoding=\"async\" width=\"1024\" height=\"576\" src=\"https:\/\/losperiodistas.com.mx\/portal\/wp-content\/uploads\/2025\/04\/VOQ5MW7MEVDSHPZKHYZIXQI6NA-1-1024x576.avif\" alt=\"\" class=\"wp-image-98422\" srcset=\"https:\/\/losperiodistas.com.mx\/portal\/wp-content\/uploads\/2025\/04\/VOQ5MW7MEVDSHPZKHYZIXQI6NA-1-1024x576.avif 1024w, https:\/\/losperiodistas.com.mx\/portal\/wp-content\/uploads\/2025\/04\/VOQ5MW7MEVDSHPZKHYZIXQI6NA-1-300x169.avif 300w, https:\/\/losperiodistas.com.mx\/portal\/wp-content\/uploads\/2025\/04\/VOQ5MW7MEVDSHPZKHYZIXQI6NA-1-768x432.avif 768w, https:\/\/losperiodistas.com.mx\/portal\/wp-content\/uploads\/2025\/04\/VOQ5MW7MEVDSHPZKHYZIXQI6NA-1.avif 1200w\" sizes=\"(max-width: 1024px) 100vw, 1024px\" \/><figcaption class=\"wp-element-caption\">La presidenta Claudia Sheinbaum encabeza su conferencia \u2018ma\u00f1anera\u2019 desde Palacio Nacional este viernes 25 de abril de 2025&nbsp;(Presidencia)<\/figcaption><\/figure>\n\n\n\n<p class=\"has-vivid-red-color has-text-color has-link-color has-medium-font-size wp-elements-6d7ddd13d7f9ef1c631347f880b15a61\"><strong>Por\u00a0Redacci\u00f3n El Financiero<\/strong><\/p>\n\n\n\n<p><\/p>\n\n\n\n<p>Despu\u00e9s de que&nbsp;<a href=\"https:\/\/www.elfinanciero.com.mx\/nacional\/2025\/04\/24\/claudia-sheinbaum-mananera-temas-hoy-24-de-abril-de-2025-en-vivo\/\" target=\"_blank\" rel=\"noreferrer noopener\">Claudia Sheinbaum anunciara una inversi\u00f3n de 3 mil 600 millones de d\u00f3lares del Grupo Modelo para el periodo 2025-2027<\/a>, alineada con el&nbsp;<strong>Plan M\u00e9xico<\/strong>, la presidenta encabeza su conferencia en Palacio Nacional este viernes 25 de abril.<\/p>\n\n\n\n<p>La inversi\u00f3n que fue presentada el jueves 24 de abril en Sal\u00f3n de Tesorer\u00eda tiene&nbsp;<strong>cinco grandes ejes<\/strong>: modernizar las cervecer\u00edas en todas las verticales, impulsar la econom\u00eda circular, modernizar a clientes con tecnolog\u00eda y cr\u00e9ditos, reforzar proveedur\u00eda local e impulsar experiencias positivas para los mexicanos, como los festivales musicales y actividades deportivas.<\/p>\n\n\n\n<p>Al respecto, Sheinbaum agradeci\u00f3 a&nbsp;<a href=\"https:\/\/www.elfinanciero.com.mx\/tags\/grupo-modelo\/\" target=\"_blank\" rel=\"noreferrer noopener\">Grupo Modelo<\/a>&nbsp;y record\u00f3 que cuando lleg\u00f3 la&nbsp;<strong>pandemia de COVID-19<\/strong>, la empresa apoy\u00f3 en CDMX con un hospital para atender la enfermedad, que ahora ser\u00e1 destinado a&nbsp;<strong>atender c\u00e1ncer de mama<\/strong>.<\/p>\n\n\n\n<p><\/p>\n\n\n\n<h2 class=\"wp-block-heading\">Sheinbaum pide quitar o corregir art\u00edculo 109 de reforma a Ley de Telecomunicaciones<\/h2>\n\n\n\n<p>Ante la pol\u00e9mica por las&nbsp;<a href=\"https:\/\/www.elfinanciero.com.mx\/nacional\/2025\/04\/24\/morena-va-por-censura-a-plataformas-digitales-estos-dice-el-articulo-109-de-la-ley-de-telecom\/\" target=\"_blank\" rel=\"noreferrer noopener\">modificaciones a la Ley en Materia de Telecomunicaciones y Radiodifusi\u00f3n<\/a>, la presidenta Claudia Sheinbaum pidi\u00f3 este viernes corregir el&nbsp;<strong>art\u00edculo 109 de la reforma&nbsp;<\/strong>y asegur\u00f3 que su Gobierno no busca \u201ccensurar a nadie\u201d.<\/p>\n\n\n\n<p><a href=\"https:\/\/www.elfinanciero.com.mx\/nacional\/2025\/04\/24\/el-tepjf-debe-depurar-perfiles-que-no-son-aptos-aclara-sheinbaum\/\"><\/a><a href=\"https:\/\/www.elfinanciero.com.mx\/nacional\/2025\/04\/24\/el-tepjf-debe-depurar-perfiles-que-no-son-aptos-aclara-sheinbaum\/\"><\/a><\/p>\n\n\n\n<h2 class=\"wp-block-heading has-medium-font-size\"><a href=\"https:\/\/www.elfinanciero.com.mx\/nacional\/2025\/04\/24\/el-tepjf-debe-depurar-perfiles-que-no-son-aptos-aclara-sheinbaum\/\">\u2018El TEPJF debe depurar perfiles que no son aptos\u2019, aclara Sheinbaum<\/a><\/h2>\n\n\n\n<hr class=\"wp-block-separator has-alpha-channel-opacity\"\/>\n\n\n\n<p>\u201cSe piensa que es para censurar, pero nunca ha sido ese el objetivo. En todo caso, que se quite el art\u00edculo o se modifique la redacci\u00f3n para que quede absolutamente claro que el Gobierno de M\u00e9xico no va a censurar a nadie, mucho menos lo que se publica en plataformas digitales. Sobre ese art\u00edculo se ha armado un esc\u00e1ndalo tremendo, entonces quitamos ese art\u00edculo. El tema ven\u00eda de otras instituciones del Gobierno de M\u00e9xico, pero si hay alguna duda, no hay ning\u00fan problema: que se modifique la redacci\u00f3n\u201d, dijo.<\/p>\n\n\n\n<p>En comisiones unidas del Senado avanzaron las modificaciones a la<strong>&nbsp;Ley en Materia de Telecomunicaciones y Radiodifusi\u00f3n<\/strong>&nbsp;para&nbsp;<a href=\"https:\/\/www.elfinanciero.com.mx\/nacional\/2025\/04\/24\/prohibicion-de-spots-de-eu-comisiones-de-senado-avalan-iniciativa\/\">prohibir la difusi\u00f3n de propaganda de gobiernos extranjeros en M\u00e9xico<\/a>, luego de que en d\u00edas recientes se transmitiera en cadenas de televisi\u00f3n mexicanas un&nbsp;<a href=\"https:\/\/www.elfinanciero.com.mx\/nacional\/2025\/04\/23\/uno-no-es-suficiente-preparan-segundo-comercial-anti-migrante-para-la-tv-mexicana-abierta\/\">spot antiinmigrante de Estados Unidos.<\/a><\/p>\n\n\n\n<figure class=\"wp-block-embed is-type-rich is-provider-twitter wp-block-embed-twitter\"><div class=\"wp-block-embed__wrapper\">\n<blockquote class=\"twitter-tweet\" data-width=\"500\" data-dnt=\"true\"><p lang=\"es\" dir=\"ltr\"><a href=\"https:\/\/twitter.com\/hashtag\/EnLaMa%C3%B1anera?src=hash&amp;ref_src=twsrc%5Etfw\">#EnLaMa\u00f1anera<\/a> | La presidenta Claudia Sheinbaum se\u00f1ala que la iniciativa de Ley de Telecomunicaciones \u201cse viene trabajando desde hace meses\u201d; se modific\u00f3 a ra\u00edz de los anuncios antiinmigrantes que el gobierno de <a href=\"https:\/\/twitter.com\/hashtag\/EU?src=hash&amp;ref_src=twsrc%5Etfw\">#EU<\/a> expuso en <a href=\"https:\/\/twitter.com\/hashtag\/M%C3%A9xico?src=hash&amp;ref_src=twsrc%5Etfw\">#M\u00e9xico<\/a>: \u201ccensurar nunca ha sido el objetivo\u201d <a href=\"https:\/\/t.co\/acrNxZ7CnA\">pic.twitter.com\/acrNxZ7CnA<\/a><\/p>&mdash; El Financiero (@ElFinanciero_Mx) <a href=\"https:\/\/twitter.com\/ElFinanciero_Mx\/status\/1915780038756049176?ref_src=twsrc%5Etfw\">April 25, 2025<\/a><\/blockquote><script async src=\"https:\/\/platform.twitter.com\/widgets.js\" charset=\"utf-8\"><\/script>\n<\/div><\/figure>\n\n\n\n<h2 class=\"wp-block-heading\">\u2018A M\u00e9xico se le respeta\u2019: Sheinbaum sobre protesta contra un extranjero en Mazatl\u00e1n por correr a alba\u00f1il<\/h2>\n\n\n\n<p>\u201cA M\u00e9xico y a los mexicanos se nos respeta\u201d, expres\u00f3 la presidenta Claudia Sheinbaum, luego de que se viralizara un video en el que ciudadanos se manifestaron frente a la casa de un extranjero en&nbsp;<a href=\"https:\/\/www.elfinanciero.com.mx\/tags\/mazatlan\/\" target=\"_blank\" rel=\"noreferrer noopener\">Mazatl\u00e1n<\/a>, quien&nbsp;<strong>presuntamente corri\u00f3 a un alba\u00f1il por almorzar frente a su vivienda<\/strong>.<\/p>\n\n\n\n<p>\u201cA M\u00e9xico y a los mexicanos se les respeta. Las actitudes clasistas y racistas no son aceptadas en nuestro pa\u00eds. Expresamos nuestra solidaridad con \u00e9l y con todas y todos los mexicanos. Este no es un asunto exclusivo de personas extranjeras; tambi\u00e9n hay muchos mexicanos que a\u00fan mantienen actitudes racistas y clasistas, y eso debe erradicarse. En M\u00e9xico, todos somos iguales, y quienes nos visitan deben respetar a las y los mexicanos\u201d, coment\u00f3.<\/p>\n\n\n\n<p><a href=\"https:\/\/www.elfinanciero.com.mx\/nacional\/2025\/04\/24\/claudia-sheinbaum-mananera-temas-hoy-24-de-abril-de-2025-en-vivo\/\"><\/a><a href=\"https:\/\/www.elfinanciero.com.mx\/nacional\/2025\/04\/24\/claudia-sheinbaum-mananera-temas-hoy-24-de-abril-de-2025-en-vivo\/\"><\/a><\/p>\n\n\n\n<h2 class=\"wp-block-heading\"><a href=\"https:\/\/www.elfinanciero.com.mx\/nacional\/2025\/04\/24\/claudia-sheinbaum-mananera-temas-hoy-24-de-abril-de-2025-en-vivo\/\">Sheinbaum \u2018saca las fr\u00edas\u2019: Grupo Modelo invertir\u00e1 3,600 mdd en Plan M\u00e9xico<\/a><\/h2>\n\n\n\n<hr class=\"wp-block-separator has-alpha-channel-opacity\"\/>\n\n\n\n<p>Los hechos ocurrieron el mi\u00e9rcoles 24 de abril cuando un grupo de manifestantes se aglomeraron en las afueras de la vivienda en donde&nbsp;<strong>exigieron respeto para los mexicanos<\/strong>.<\/p>\n\n\n\n<figure class=\"wp-block-embed is-type-rich is-provider-twitter wp-block-embed-twitter\"><div class=\"wp-block-embed__wrapper\">\n<blockquote class=\"twitter-tweet\" data-width=\"500\" data-dnt=\"true\"><p lang=\"es\" dir=\"ltr\"><a href=\"https:\/\/twitter.com\/hashtag\/EnLaMa%C3%B1anera?src=hash&amp;ref_src=twsrc%5Etfw\">#EnLaMa\u00f1anera<\/a> | \u201cA <a href=\"https:\/\/twitter.com\/hashtag\/M%C3%A9xico?src=hash&amp;ref_src=twsrc%5Etfw\">#M\u00e9xico<\/a> y a los mexicanos se nos respeta\u201d: Claudia Sheinbaum se expres\u00f3 a favor de las protestas ciudadanas que se manifestaron frente a la casa de un extranjero en Mazatl\u00e1n, quien previamente \u201ccorri\u00f3\u201d a un alba\u00f1il que almorzaba frente a su vivienda <a href=\"https:\/\/t.co\/ojuCpH2Bc8\">pic.twitter.com\/ojuCpH2Bc8<\/a><\/p>&mdash; El Financiero (@ElFinanciero_Mx) <a href=\"https:\/\/twitter.com\/ElFinanciero_Mx\/status\/1915795496351784975?ref_src=twsrc%5Etfw\">April 25, 2025<\/a><\/blockquote><script async src=\"https:\/\/platform.twitter.com\/widgets.js\" charset=\"utf-8\"><\/script>\n<\/div><\/figure>\n\n\n\n<h2 class=\"wp-block-heading\">\u2018Se debe investigar a fondo\u2019: Sheinbaum sobre asesinato de Madre buscadora e hijo<\/h2>\n\n\n\n<p>Claudia Sheinbaum pidi\u00f3 a la&nbsp;<strong>Fiscal\u00eda del Estado de Jalisco<\/strong>&nbsp;que investigue a fondo el&nbsp;<a href=\"https:\/\/www.elfinanciero.com.mx\/estados\/2025\/04\/24\/asesinan-a-maria-del-carmen-morales-madre-buscadora-y-su-hijo-en-jalisco-colectivos-exigen-justicia\/\" target=\"_blank\" rel=\"noreferrer noopener\">asesinato de la madre buscadora Mar\u00eda del Carmen Morales y su hijo Jaime Daniel Ram\u00edrez<\/a>, quienes fueron asesinados la madrugada del jueves en el fraccionamiento Las Villas, en&nbsp;<strong>Tlajomulco de Z\u00fa\u00f1iga<\/strong>.<\/p>\n\n\n\n<p>\u201cEs un hecho muy lamentable. Nuestra solidaridad est\u00e1 con todos los familiares de personas desaparecidas, y en particular con los allegados a este tr\u00e1gico acontecimiento. La Subsecretar\u00eda de Derechos Humanos ya est\u00e1 en comunicaci\u00f3n con la familia, busc\u00e1ndolos para brindarles todo el apoyo que necesiten. Se tiene que investigar a fondo. No puede pasarse por alto con la idea de que no tuvo relaci\u00f3n con su labor como buscadora; eso debe aclararse. Recibimos una carta donde nos piden que intervengamos en el caso de Jalisco para que haya justicia. Y por supuesto, vamos a estar atentos. Se debe investigar realmente a fondo lo que ocurri\u00f3\u201d, reiter\u00f3.<\/p>\n\n\n\n<p>En un comunicado, el&nbsp;<a href=\"https:\/\/www.elfinanciero.com.mx\/tags\/madres-buscadoras\/\" target=\"_blank\" rel=\"noreferrer noopener\">colectivo de madres b\u00fasqueda de desaparecidos<\/a>&nbsp;dijo que Mar\u00eda del Carmen buscaba a uno de sus hijos,<strong>&nbsp;Ernesto Ram\u00edrez<\/strong>, quien fue visto por \u00faltima vez el 24 de febrero de 2024 en la misma zona donde ahora murieron su madre y su hermano.<\/p>\n\n\n\n<figure class=\"wp-block-embed is-type-rich is-provider-twitter wp-block-embed-twitter\"><div class=\"wp-block-embed__wrapper\">\n<blockquote class=\"twitter-tweet\" data-width=\"500\" data-dnt=\"true\"><p lang=\"es\" dir=\"ltr\"><a href=\"https:\/\/twitter.com\/hashtag\/EnLaMa%C3%B1anera?src=hash&amp;ref_src=twsrc%5Etfw\">#EnLaMa\u00f1anera<\/a> | \u201cEs muy lamentable. Tiene que investigarse a fondo\u201d: La presidenta Claudia Sheinbaum solicita a la Fiscal\u00eda de Jalisco (<a href=\"https:\/\/twitter.com\/FiscaliaJal?ref_src=twsrc%5Etfw\">@FiscaliaJal<\/a>) indagar el asesinato de la madre buscadora Mar\u00eda del Carmen Morales  su hijo Jaime Daniel Ram\u00edrez <a href=\"https:\/\/t.co\/lYbINdpwrg\">pic.twitter.com\/lYbINdpwrg<\/a><\/p>&mdash; El Financiero (@ElFinanciero_Mx) <a href=\"https:\/\/twitter.com\/ElFinanciero_Mx\/status\/1915794096335016269?ref_src=twsrc%5Etfw\">April 25, 2025<\/a><\/blockquote><script async src=\"https:\/\/platform.twitter.com\/widgets.js\" charset=\"utf-8\"><\/script>\n<\/div><\/figure>\n\n\n\n<h2 class=\"wp-block-heading\">Sheinbaum dar\u00e1 banderazo de salida a vagones de carga del Tren Maya: \u00bfEn qu\u00e9 tramo?<\/h2>\n\n\n\n<p>La presidenta de M\u00e9xico anunci\u00f3 este viernes que el s\u00e1bado 26 de abril dar\u00e1 el banderazo de salida a los&nbsp;<a href=\"https:\/\/www.elfinanciero.com.mx\/empresas\/2025\/04\/02\/ferrocarril-carguero-del-tren-maya-comenzara-operaciones-en-julio-del-2026\/\" target=\"_blank\" rel=\"noreferrer noopener\">vagones de carga del Tren Maya<\/a>&nbsp;en&nbsp;<strong>Puerto Progreso<\/strong>, Yucat\u00e1n.<\/p>\n\n\n\n<p>\u201cEl s\u00e1bado damos el banderazo de salida a los vagones de carga del Tren Maya, que ir\u00e1 desde la l\u00ednea actual hasta Progreso, en Yucat\u00e1n. Este fin de semana estaremos en Canc\u00fan, luego en Yucat\u00e1n, y despu\u00e9s en Quintana Roo, Yucat\u00e1n nuevamente, y posteriormente en Campeche\u201d, expres\u00f3.<\/p>\n\n\n\n<p>El&nbsp;<a href=\"https:\/\/www.elfinanciero.com.mx\/economia\/2024\/11\/15\/tren-maya-pide-ayuda-a-sheinbaum-hacienda-solicita-40-mil-mdp-para-consolidar-la-obra-en-2025\/\">Tren Maya es un proyecto ferroviario<\/a>&nbsp;de&nbsp;<strong>pasajeros<\/strong>&nbsp;que pasa por cinco estados a lo largo de mil 550 kil\u00f3metros en el&nbsp;<strong>sureste de M\u00e9xico<\/strong>; como la mayor parte de este tipo de transporte de pasajeros.<\/p>\n\n\n\n<figure class=\"wp-block-embed is-type-rich is-provider-twitter wp-block-embed-twitter\"><div class=\"wp-block-embed__wrapper\">\n<blockquote class=\"twitter-tweet\" data-width=\"500\" data-dnt=\"true\"><p lang=\"es\" dir=\"ltr\"><a href=\"https:\/\/twitter.com\/hashtag\/EnLaMa%C3%B1anera?src=hash&amp;ref_src=twsrc%5Etfw\">#EnLaMa\u00f1anera<\/a> | Claudia Sheinbaum, presidenta de M\u00e9xico, anunci\u00f3 que el s\u00e1bado 26 de abril se dar\u00e1 el \u201cbanderazo de salida\u201d a los vagones de carga del <a href=\"https:\/\/twitter.com\/hashtag\/TrenMaya?src=hash&amp;ref_src=twsrc%5Etfw\">#TrenMaya<\/a> en Puerto Progreso, Yucat\u00e1n. <a href=\"https:\/\/t.co\/axgxS9OwKW\">pic.twitter.com\/axgxS9OwKW<\/a><\/p>&mdash; El Financiero (@ElFinanciero_Mx) <a href=\"https:\/\/twitter.com\/ElFinanciero_Mx\/status\/1915791278261850607?ref_src=twsrc%5Etfw\">April 25, 2025<\/a><\/blockquote><script async src=\"https:\/\/platform.twitter.com\/widgets.js\" charset=\"utf-8\"><\/script>\n<\/div><\/figure>\n\n\n\n<h2 class=\"wp-block-heading\">Primer Simulacro Nacional incluir\u00e1 alerta por tsunami<\/h2>\n\n\n\n<p>La&nbsp;<a href=\"https:\/\/www.elfinanciero.com.mx\/nacional\/2022\/08\/26\/laura-velazquez-coordinadora-del-rescate-minero-estudio-arte-y-no-tiene-experiencia-en-proteccion-civil\/\" target=\"_blank\" rel=\"noreferrer noopener\">titular de Protecci\u00f3n Civil, Laura Vel\u00e1zquez<\/a>, detall\u00f3 este viernes que el&nbsp;<a href=\"https:\/\/www.elfinanciero.com.mx\/nacional\/2025\/04\/22\/simulacro-nacional-2025-la-tercera-es-la-vencida-celulares-recibiran-alerta\/\" target=\"_blank\" rel=\"noreferrer noopener\">Primer Simulacro Nacional 2025<\/a>, que se llevar\u00e1 a cabo el pr\u00f3ximo martes 29 de abril,&nbsp;<strong>incluir\u00e1 una alerta por tsunami<\/strong>.<\/p>\n\n\n\n<p>El ejercicio se realizar\u00e1 en los estados de&nbsp;<strong>Oaxaca<\/strong>,<strong>&nbsp;Chiapas<\/strong>,<strong>&nbsp;Tabasco<\/strong>,<strong>&nbsp;Veracruz<\/strong>,&nbsp;<strong>Guerrero<\/strong>,<strong>&nbsp;Puebla<\/strong>&nbsp;y en la&nbsp;<strong>Ciudad de M\u00e9xico<\/strong>. La hip\u00f3tesis principal contempla posibles afectaciones a viviendas, infraestructura, edificios hist\u00f3ricos, instalaciones estrat\u00e9gicas y l\u00edneas vitales.<\/p>\n\n\n\n<p>\u201cLa Secretar\u00eda de la Marina realizar\u00e1 simult\u00e1neamente un Ejercicio (simulacro) de&nbsp;<strong>Alerta de Tsunami<\/strong>&nbsp;en el Oc\u00e9ano Pac\u00edfico, con la finalidad de examinar los procedimientos y protocolos de respuesta ante la posible llegada de un tsunami\u201d, declar\u00f3.<\/p>\n\n\n\n<p>Ese d\u00eda, en punto de las<strong>&nbsp;11:30 horas se activar\u00e1 la alerta s\u00edsmica en todo el pa\u00eds<\/strong>, adem\u00e1s de volver a probar el env\u00edo de&nbsp;<a href=\"https:\/\/www.elfinanciero.com.mx\/nacional\/2023\/11\/30\/alerta-sismica-cuando-comenzara-a-emitirse-en-el-celular\/\">notificaciones v\u00eda celular a los miles de dispositivos m\u00f3viles en la Ciudad de M\u00e9xico<\/a>.<\/p>\n\n\n\n<figure class=\"wp-block-embed is-type-rich is-provider-twitter wp-block-embed-twitter\"><div class=\"wp-block-embed__wrapper\">\n<blockquote class=\"twitter-tweet\" data-width=\"500\" data-dnt=\"true\"><p lang=\"es\" dir=\"ltr\"><a href=\"https:\/\/twitter.com\/hashtag\/EnLaMa%C3%B1anera?src=hash&amp;ref_src=twsrc%5Etfw\">#EnLaMa\u00f1anera<\/a> | Laura Vel\u00e1zquez (<a href=\"https:\/\/twitter.com\/laualzua?ref_src=twsrc%5Etfw\">@laualzua<\/a>), titular de Protecci\u00f3n Civil (<a href=\"https:\/\/twitter.com\/CNPC_MX?ref_src=twsrc%5Etfw\">@CNPC_MX<\/a>), informo que el martes 29 de abril, a las 11:30 hrs, se realizar\u00e1 el Primer Simulacro Nacional 2025 en todo <a href=\"https:\/\/twitter.com\/hashtag\/M%C3%A9xico?src=hash&amp;ref_src=twsrc%5Etfw\">#M\u00e9xico<\/a>; la <a href=\"https:\/\/twitter.com\/hashtag\/AlertaS%C3%ADsmica?src=hash&amp;ref_src=twsrc%5Etfw\">#AlertaS\u00edsmica<\/a> sonar\u00e1 en 11 entidades y en <a href=\"https:\/\/twitter.com\/hashtag\/CDMX?src=hash&amp;ref_src=twsrc%5Etfw\">#CDMX<\/a> se notificar\u00e1 v\u00eda celular <a href=\"https:\/\/t.co\/Ym4Yx5ftPt\">pic.twitter.com\/Ym4Yx5ftPt<\/a><\/p>&mdash; El Financiero (@ElFinanciero_Mx) <a href=\"https:\/\/twitter.com\/ElFinanciero_Mx\/status\/1915775560191537227?ref_src=twsrc%5Etfw\">April 25, 2025<\/a><\/blockquote><script async src=\"https:\/\/platform.twitter.com\/widgets.js\" charset=\"utf-8\"><\/script>\n<\/div><\/figure>\n\n\n\n<h2 class=\"wp-block-heading\">J\u00f3venes Construyendo el Futuro 2025: \u00bfQu\u00e9 d\u00eda caer\u00e1 el pago?<\/h2>\n\n\n\n<p>Marath Bola\u00f1os adelant\u00f3 la pr\u00f3xima fecha de pago de la beca&nbsp;<a href=\"https:\/\/www.elfinanciero.com.mx\/tags\/jovenes-construyendo-el-futuro\/\" target=\"_blank\" rel=\"noreferrer noopener\">J\u00f3venes Construyendo el Futuro<\/a>&nbsp;y anunci\u00f3 que, para 2025, se tiene prevista una inversi\u00f3n de 24 millones de pesos, con una&nbsp;<strong>meta de beneficiar a 450 mil j\u00f3venes<\/strong>.<\/p>\n\n\n\n<p>\u201c<strong>El pr\u00f3ximo pago se realizar\u00e1 el 28 de abril<\/strong>. Asimismo, los j\u00f3venes que se incorporaron durante este mes de abril iniciar\u00e1n su capacitaci\u00f3n el pr\u00f3ximo 6 de mayo, lo que representa laparticipaci\u00f3n de 80 mil nuevas y nuevos j\u00f3venes\u201d, mencion\u00f3.<\/p>\n\n\n\n<p>Asimismo, adelant\u00f3 que a los beneficiarios se les brindar\u00e1 un&nbsp;<strong>apoyo econ\u00f3mico mensual de 8 mil 480 pesos<\/strong>&nbsp;este a\u00f1o.<\/p>\n\n\n\n<h2 class=\"wp-block-heading\">\u00bfCu\u00e1ndo y en d\u00f3nde se llevar\u00e1 a cabo la pr\u00f3xima Feria Nacional del Empleo 2025?<\/h2>\n\n\n\n<p>El&nbsp;<a href=\"https:\/\/www.elfinanciero.com.mx\/nacional\/2023\/06\/20\/perfil-marath-baruch-bolanos-el-millennial-que-sera-el-nuevo-secretario-del-trabajo\/\" target=\"_blank\" rel=\"noreferrer noopener\">secretario del Trabajo y Previsi\u00f3n Social, Marath Bola\u00f1os<\/a>, anunci\u00f3 este viernes desde Palacio Nacional la realizaci\u00f3n de&nbsp;<strong>tres Ferias Nacionales de Empleo<\/strong>, la primera de las cuales se llevar\u00e1 a cabo&nbsp;<strong>a partir del 9 de junio de 2025<\/strong>. Las siguientes est\u00e1n programadas para los meses de&nbsp;<strong>agosto y noviembre<\/strong>&nbsp;del mismo a\u00f1o.<\/p>\n\n\n\n<p>\u201cPara el mes de mayo, ya est\u00e1 desplegado el calendario con ferias en Sonora, Chiapas, Tabasco, Nuevo Le\u00f3n, Baja California, Estado de M\u00e9xico, Puebla, Guanajuato, Morelos, Coahuila, Jalisco, Aguascalientes, Colima, entre otras entidades. Pr\u00e1cticamente estaremos presentes en todo el pa\u00eds a lo largo del mes, como parte del esfuerzo previo a esta gran jornada nacional que se realizar\u00e1 en junio. Much\u00edsimas gracias por sumarse a este despliegue que busca brindar claridad y oportunidades para todas y todos\u201d, se\u00f1al\u00f3 el funcionario.<\/p>\n\n\n\n<p>Las&nbsp;<a href=\"https:\/\/www.elfinanciero.com.mx\/cdmx\/2025\/03\/19\/clara-brugada-inaugura-feria-nacional-del-empleo-para-mujeres\/\" target=\"_blank\" rel=\"noreferrer noopener\">Ferias Nacionales del Empleo<\/a>&nbsp;se realizar\u00e1n en colaboraci\u00f3n con los 32 gobiernos estatales, en coordinaci\u00f3n con el sector productivo, y estar\u00e1n enfocadas especialmente en<strong>&nbsp;atender a grupos en situaci\u00f3n de vulnerabilidad<\/strong>.<\/p>\n\n\n\n<figure class=\"wp-block-embed is-type-rich is-provider-twitter wp-block-embed-twitter\"><div class=\"wp-block-embed__wrapper\">\n<blockquote class=\"twitter-tweet\" data-width=\"500\" data-dnt=\"true\"><p lang=\"es\" dir=\"ltr\"><a href=\"https:\/\/twitter.com\/hashtag\/EnLaMa%C3%B1anera?src=hash&amp;ref_src=twsrc%5Etfw\">#EnLaMa\u00f1anera<\/a> | <a href=\"https:\/\/twitter.com\/marathb?ref_src=twsrc%5Etfw\">@marathb<\/a>, titular del Trabajo (<a href=\"https:\/\/twitter.com\/STPS_mx?ref_src=twsrc%5Etfw\">@STPS_mx<\/a>), explica que actualmente hay m\u00e1s de 22 millones de empleos formales, y el salario promedio est\u00e1 en $18,837 pesos; este 2025 se han creado 226,731 empleos; adem\u00e1s como parte del <a href=\"https:\/\/twitter.com\/hashtag\/PlanM%C3%A9xico?src=hash&amp;ref_src=twsrc%5Etfw\">#PlanM\u00e9xico<\/a> se realizar\u00e1n 400 ferias de empleo <a href=\"https:\/\/t.co\/hbtEPtDkcZ\">pic.twitter.com\/hbtEPtDkcZ<\/a><\/p>&mdash; El Financiero (@ElFinanciero_Mx) <a href=\"https:\/\/twitter.com\/ElFinanciero_Mx\/status\/1915772435044978833?ref_src=twsrc%5Etfw\">April 25, 2025<\/a><\/blockquote><script async src=\"https:\/\/platform.twitter.com\/widgets.js\" charset=\"utf-8\"><\/script>\n<\/div><\/figure>\n\n\n\n<p>Fuente: <a href=\"https:\/\/www.elfinanciero.com.mx\/nacional\/2025\/04\/25\/claudia-sheinbaum-mananera-temas-hoy-25-de-abril-de-2025-en-vivo\/\">https:\/\/www.elfinanciero.com.mx\/nacional\/2025\/04\/25\/claudia-sheinbaum-mananera-temas-hoy-25-de-abril-de-2025-en-vivo\/<\/a><\/p>\n","protected":false},"excerpt":{"rendered":"<p>Estos fueron los temas m\u00e1s importantes de la conferencia matutina de la presidenta Claudia Sheinbaum el viernes 25 de abril. [&hellip;]<\/p>\n","protected":false},"author":1,"featured_media":98421,"comment_status":"open","ping_status":"open","sticky":false,"template":"","format":"standard","meta":{"site-sidebar-layout":"default","site-content-layout":"","ast-site-content-layout":"default","site-content-style":"default","site-sidebar-style":"default","ast-global-header-display":"","ast-banner-title-visibility":"","ast-main-header-display":"","ast-hfb-above-header-display":"","ast-hfb-below-header-display":"","ast-hfb-mobile-header-display":"","site-post-title":"","ast-breadcrumbs-content":"","ast-featured-img":"","footer-sml-layout":"","theme-transparent-header-meta":"","adv-header-id-meta":"","stick-header-meta":"","header-above-stick-meta":"","header-main-stick-meta":"","header-below-stick-meta":"","astra-migrate-meta-layouts":"default","ast-page-background-enabled":"default","ast-page-background-meta":{"desktop":{"background-color":"var(--ast-global-color-4)","background-image":"","background-repeat":"repeat","background-position":"center center","background-size":"auto","background-attachment":"scroll","background-type":"","background-media":"","overlay-type":"","overlay-color":"","overlay-opacity":"","overlay-gradient":""},"tablet":{"background-color":"","background-image":"","background-repeat":"repeat","background-position":"center center","background-size":"auto","background-attachment":"scroll","background-type":"","background-media":"","overlay-type":"","overlay-color":"","overlay-opacity":"","overlay-gradient":""},"mobile":{"background-color":"","background-image":"","background-repeat":"repeat","background-position":"center center","background-size":"auto","background-attachment":"scroll","background-type":"","background-media":"","overlay-type":"","overlay-color":"","overlay-opacity":"","overlay-gradient":""}},"ast-content-background-meta":{"desktop":{"background-color":"var(--ast-global-color-5)","background-image":"","background-repeat":"repeat","background-position":"center center","background-size":"auto","background-attachment":"scroll","background-type":"","background-media":"","overlay-type":"","overlay-color":"","overlay-opacity":"","overlay-gradient":""},"tablet":{"background-color":"var(--ast-global-color-5)","background-image":"","background-repeat":"repeat","background-position":"center center","background-size":"auto","background-attachment":"scroll","background-type":"","background-media":"","overlay-type":"","overlay-color":"","overlay-opacity":"","overlay-gradient":""},"mobile":{"background-color":"var(--ast-global-color-5)","background-image":"","background-repeat":"repeat","background-position":"center center","background-size":"auto","background-attachment":"scroll","background-type":"","background-media":"","overlay-type":"","overlay-color":"","overlay-opacity":"","overlay-gradient":""}},"footnotes":""},"categories":[8],"tags":[37803,37804,37802],"class_list":["post-98418","post","type-post","status-publish","format-standard","has-post-thumbnail","hentry","category-noticias","tag-articulo-109","tag-ley-de-telecomunicaciones","tag-sheinbaum-no-a-la-censura-en-inteernet"],"_links":{"self":[{"href":"https:\/\/losperiodistas.com.mx\/portal\/wp-json\/wp\/v2\/posts\/98418","targetHints":{"allow":["GET"]}}],"collection":[{"href":"https:\/\/losperiodistas.com.mx\/portal\/wp-json\/wp\/v2\/posts"}],"about":[{"href":"https:\/\/losperiodistas.com.mx\/portal\/wp-json\/wp\/v2\/types\/post"}],"author":[{"embeddable":true,"href":"https:\/\/losperiodistas.com.mx\/portal\/wp-json\/wp\/v2\/users\/1"}],"replies":[{"embeddable":true,"href":"https:\/\/losperiodistas.com.mx\/portal\/wp-json\/wp\/v2\/comments?post=98418"}],"version-history":[{"count":2,"href":"https:\/\/losperiodistas.com.mx\/portal\/wp-json\/wp\/v2\/posts\/98418\/revisions"}],"predecessor-version":[{"id":98423,"href":"https:\/\/losperiodistas.com.mx\/portal\/wp-json\/wp\/v2\/posts\/98418\/revisions\/98423"}],"wp:featuredmedia":[{"embeddable":true,"href":"https:\/\/losperiodistas.com.mx\/portal\/wp-json\/wp\/v2\/media\/98421"}],"wp:attachment":[{"href":"https:\/\/losperiodistas.com.mx\/portal\/wp-json\/wp\/v2\/media?parent=98418"}],"wp:term":[{"taxonomy":"category","embeddable":true,"href":"https:\/\/losperiodistas.com.mx\/portal\/wp-json\/wp\/v2\/categories?post=98418"},{"taxonomy":"post_tag","embeddable":true,"href":"https:\/\/losperiodistas.com.mx\/portal\/wp-json\/wp\/v2\/tags?post=98418"}],"curies":[{"name":"wp","href":"https:\/\/api.w.org\/{rel}","templated":true}]}}