{"id":984,"date":"2020-11-08T20:25:58","date_gmt":"2020-11-09T02:25:58","guid":{"rendered":"http:\/\/losperiodistas.com.mx\/portal\/?p=984"},"modified":"2020-11-08T20:25:58","modified_gmt":"2020-11-09T02:25:58","slug":"biden-el-catolico","status":"publish","type":"post","link":"https:\/\/losperiodistas.com.mx\/portal\/biden-el-catolico\/","title":{"rendered":"Biden, \u201cel cat\u00f3lico\u201d"},"content":{"rendered":"\n<p style=\"font-size:22px\"><em>Por Jes\u00fas Manuel Hern\u00e1ndez<\/em><\/p>\n\n\n\n<p>A muchos habr\u00e1 sorprendido que el Presidente del Episcopado de Estados Unidos, el arzobispo de Los \u00c1ngeles, Jos\u00e9 G\u00f3mez, mexicano de nacimiento, haya enviado un mensaje muy directo a Joe Biden al sab\u00e9rsele ganador de las elecciones y reiterar, en el mensaje, que es el segundo practicante de la fe cat\u00f3lica en llegar a la Casa Blanca.<\/p>\n\n\n\n<p>El propio G\u00f3mez se\u00f1alo que el primero fue John F. Kennedy, el presidente asesinado.<\/p>\n\n\n\n<p>Mes y medio antes de las elecciones las comunidades cat\u00f3licas y la Compa\u00f1\u00eda de Jes\u00fas se dedicaron a alentar el voto por Biden. En Estados Unidos hay 72 millones de cat\u00f3licos bautizados, de ellos 52 en edad de votar y acudieron a las urnas seguramente para impedir la reelecci\u00f3n de Trump.<\/p>\n\n\n\n<p>Hay que recordar que Donald Trump gan\u00f3 en 2016 con un 80 por ciento de los votos de los evangelistas que optaron por respaldar a quien les garantizaba los alcances pol\u00edticos internos y externos de la variedad de objetivos que los pastores apoyan y promueven.<\/p>\n\n\n\n<p>Donald Trump mantuvo excelentes relaciones con varios pastores que rezaban con \u00e9l en el Despacho Oval de la Casa Blanca. Ten\u00eda una pastora personal, evangelista, Paula White de Florida y mantuvo contacto siempre y escuch\u00f3 consejos de Johnnie Moore, Pat Robertson, Franklin Graham y Ralph Kim Dollinger, todos ellos herederos de la fuerza trabajada por varias d\u00e9cadas por el famoso&nbsp; Douglas Evans Coe, el director asociado de The Followship, considerado por la revista Time uno de los 25 evang\u00e9licos m\u00e1s influyentes en la Casa Blanca, un ministro laico de la Iglesia Presbiteriana, promotor de las fundaciones The Family y otras que se mantuvieron como consejeras de varios presidentes de Estados Unidos e influyentes en las decisiones de pol\u00edtica exterior.<\/p>\n\n\n\n<p>Investigaciones del Columbia Journalism Investigations (CJI), el Centro Latinoamericano de Investigaci\u00f3n Period\u00edstica (CLIP) y 15 medios internacionales han documentado la influencia y acuerdos con pol\u00edticos latinoamericanos como Daniel Ortega en Nicaragua, Jimmy Morales en Guatemala, &nbsp;Juan Orlando Hern\u00e1ndez en Honduras, Bolsonaro en Brasil, e incluso se especula sobre el acercamiento provocado por los evangelistas entre L\u00f3pez Obrador y Donald Trump.<\/p>\n\n\n\n<p>Trump rebas\u00f3 a todos en dar posiciones a los evangelistas, no s\u00f3lo en el gabinete, el vicepresidente Mike Pence es el pol\u00edtico m\u00e1s importante dentro de los evangelistas practicantes. En el gabinete hay 10 evangelistas de primer nivel, el Secretario de Estado, Mike Pompeo; la Secretaria de Educaci\u00f3n, Betsy DeVos; el Secretario de Energ\u00eda, Rick Perry; el Fiscal General, Jeff Sessions, entre otros.<\/p>\n\n\n\n<p>La fuerza de los evangelistas en el gobierno de Trump provoc\u00f3 que en 2018 se hiciera una cena para 100 l\u00edderes evang\u00e9licos en un encuentro cuyo protocolo fue del nivel de una \u201ccena de Estado\u201d.<\/p>\n\n\n\n<p>Samuel Rodr\u00edguez es otro de los personajes m\u00e1s cercanos a Trump, preside la Conferencia Nacional de L\u00edderes Cristianos Hispanos (NHCLC, por sus siglas en ingl\u00e9s), la mayor organizaci\u00f3n hispano-evang\u00e9lica del pa\u00eds.<\/p>\n\n\n\n<p>En la campa\u00f1a los evangelistas apostaron todo por la reelecci\u00f3n de Trump, mientras que por el otro lado a Biden lo protegieron los obispos cat\u00f3licos, las asociaciones de religiosos y religiosas, principalmente los jesu\u00edtas; los discursos, aparte de las diferencias ideol\u00f3gicas, se marcaron por las inclinaciones religiosas. Joe Biden no ocult\u00f3 su fe cat\u00f3lica y practicante, acud\u00eda a misa a veces diario o por lo menos cada semana a una peque\u00f1a iglesia, St. Joseph&#8217;s, en Wilmington.<\/p>\n\n\n\n<p>Y tampoco ocult\u00f3 nunca el rosario pendiente de su mu\u00f1eca izquierda y que reza cotidianamente, un asunto que tiene, bajo la \u00f3ptica de la fe cat\u00f3lica, el objetivo de alejar al demonio.<\/p>\n\n\n\n<p>Dos asuntos a destacar finalmente, el primer discurso de Biden al saberse ganador us\u00f3 un calificativo que deja mucho qu\u00e9 pensar: \u201cEs el momento de sanar\u2026 <strong>Dejemos que esta sombr\u00eda era de demonizaci\u00f3n en Estados Unidos comience a terminar, aqu\u00ed y ahora\u2026<\/strong> Prometo ser un presidente que no busca dividir, sino unificar. Uno que no ve estados rojo y azul, sino a Estados Unidos. Y que trabajar\u00e1 con todo mi coraz\u00f3n para ganarme la confianza de todo el pueblo\u201d.<\/p>\n\n\n\n<p>Y la otra, la actitud de Andr\u00e9s Manuel L\u00f3pez Obrador de no reconocer a\u00fan el triunfo de Biden, quiz\u00e1, por el enorme peso que los evang\u00e9licos ejercen sobre \u00e9l.<\/p>\n\n\n\n<p>O por lo menos, as\u00ed me lo parece.<\/p>\n\n\n\n<figure class=\"wp-block-embed-youtube wp-block-embed is-type-video is-provider-youtube wp-embed-aspect-16-9 wp-has-aspect-ratio\"><div class=\"wp-block-embed__wrapper\">\n<iframe title=\"Biden, &quot;el cat\u00f3lico&quot;\" width=\"500\" height=\"281\" src=\"https:\/\/www.youtube.com\/embed\/wsKUbN916N8?feature=oembed\" frameborder=\"0\" allow=\"accelerometer; autoplay; clipboard-write; encrypted-media; gyroscope; picture-in-picture; web-share\" referrerpolicy=\"strict-origin-when-cross-origin\" allowfullscreen><\/iframe>\n<\/div><\/figure>\n\n\n\n<p><a href=\"mailto:losperiodistas.com.mx@gmail.com\">losperiodistas.com.mx@gmail.com<\/a><\/p>\n\n\n\n<p><\/p>\n","protected":false},"excerpt":{"rendered":"<p>Por Jes\u00fas Manuel Hern\u00e1ndez A muchos habr\u00e1 sorprendido que el Presidente del Episcopado de Estados Unidos, el arzobispo de Los [&hellip;]<\/p>\n","protected":false},"author":1,"featured_media":985,"comment_status":"open","ping_status":"open","sticky":false,"template":"","format":"standard","meta":{"site-sidebar-layout":"default","site-content-layout":"","ast-site-content-layout":"default","site-content-style":"default","site-sidebar-style":"default","ast-global-header-display":"","ast-banner-title-visibility":"","ast-main-header-display":"","ast-hfb-above-header-display":"","ast-hfb-below-header-display":"","ast-hfb-mobile-header-display":"","site-post-title":"","ast-breadcrumbs-content":"","ast-featured-img":"","footer-sml-layout":"","theme-transparent-header-meta":"","adv-header-id-meta":"","stick-header-meta":"","header-above-stick-meta":"","header-main-stick-meta":"","header-below-stick-meta":"","astra-migrate-meta-layouts":"default","ast-page-background-enabled":"default","ast-page-background-meta":{"desktop":{"background-color":"var(--ast-global-color-4)","background-image":"","background-repeat":"repeat","background-position":"center center","background-size":"auto","background-attachment":"scroll","background-type":"","background-media":"","overlay-type":"","overlay-color":"","overlay-opacity":"","overlay-gradient":""},"tablet":{"background-color":"","background-image":"","background-repeat":"repeat","background-position":"center center","background-size":"auto","background-attachment":"scroll","background-type":"","background-media":"","overlay-type":"","overlay-color":"","overlay-opacity":"","overlay-gradient":""},"mobile":{"background-color":"","background-image":"","background-repeat":"repeat","background-position":"center center","background-size":"auto","background-attachment":"scroll","background-type":"","background-media":"","overlay-type":"","overlay-color":"","overlay-opacity":"","overlay-gradient":""}},"ast-content-background-meta":{"desktop":{"background-color":"var(--ast-global-color-5)","background-image":"","background-repeat":"repeat","background-position":"center center","background-size":"auto","background-attachment":"scroll","background-type":"","background-media":"","overlay-type":"","overlay-color":"","overlay-opacity":"","overlay-gradient":""},"tablet":{"background-color":"var(--ast-global-color-5)","background-image":"","background-repeat":"repeat","background-position":"center center","background-size":"auto","background-attachment":"scroll","background-type":"","background-media":"","overlay-type":"","overlay-color":"","overlay-opacity":"","overlay-gradient":""},"mobile":{"background-color":"var(--ast-global-color-5)","background-image":"","background-repeat":"repeat","background-position":"center center","background-size":"auto","background-attachment":"scroll","background-type":"","background-media":"","overlay-type":"","overlay-color":"","overlay-opacity":"","overlay-gradient":""}},"footnotes":""},"categories":[5],"tags":[],"class_list":["post-984","post","type-post","status-publish","format-standard","has-post-thumbnail","hentry","category-por-soleares"],"_links":{"self":[{"href":"https:\/\/losperiodistas.com.mx\/portal\/wp-json\/wp\/v2\/posts\/984","targetHints":{"allow":["GET"]}}],"collection":[{"href":"https:\/\/losperiodistas.com.mx\/portal\/wp-json\/wp\/v2\/posts"}],"about":[{"href":"https:\/\/losperiodistas.com.mx\/portal\/wp-json\/wp\/v2\/types\/post"}],"author":[{"embeddable":true,"href":"https:\/\/losperiodistas.com.mx\/portal\/wp-json\/wp\/v2\/users\/1"}],"replies":[{"embeddable":true,"href":"https:\/\/losperiodistas.com.mx\/portal\/wp-json\/wp\/v2\/comments?post=984"}],"version-history":[{"count":1,"href":"https:\/\/losperiodistas.com.mx\/portal\/wp-json\/wp\/v2\/posts\/984\/revisions"}],"predecessor-version":[{"id":986,"href":"https:\/\/losperiodistas.com.mx\/portal\/wp-json\/wp\/v2\/posts\/984\/revisions\/986"}],"wp:featuredmedia":[{"embeddable":true,"href":"https:\/\/losperiodistas.com.mx\/portal\/wp-json\/wp\/v2\/media\/985"}],"wp:attachment":[{"href":"https:\/\/losperiodistas.com.mx\/portal\/wp-json\/wp\/v2\/media?parent=984"}],"wp:term":[{"taxonomy":"category","embeddable":true,"href":"https:\/\/losperiodistas.com.mx\/portal\/wp-json\/wp\/v2\/categories?post=984"},{"taxonomy":"post_tag","embeddable":true,"href":"https:\/\/losperiodistas.com.mx\/portal\/wp-json\/wp\/v2\/tags?post=984"}],"curies":[{"name":"wp","href":"https:\/\/api.w.org\/{rel}","templated":true}]}}