{"id":98265,"date":"2025-04-23T05:45:40","date_gmt":"2025-04-23T11:45:40","guid":{"rendered":"https:\/\/losperiodistas.com.mx\/portal\/?p=98265"},"modified":"2025-04-23T05:45:42","modified_gmt":"2025-04-23T11:45:42","slug":"este-viernes-25-de-abril-se-cerrara-el-feretro-del-papa-francisco-vatican-news","status":"publish","type":"post","link":"https:\/\/losperiodistas.com.mx\/portal\/este-viernes-25-de-abril-se-cerrara-el-feretro-del-papa-francisco-vatican-news\/","title":{"rendered":"Este viernes 25 de abril se cerrar\u00e1 el f\u00e9retro del Papa Francisco | Vatican News"},"content":{"rendered":"\n<p class=\"has-luminous-vivid-amber-background-color has-background has-medium-font-size\">Este viernes 25 de abril, a las 20.00 horas, en la Bas\u00edlica de San Pedro, el cardenal Camarlengo de la Santa Romana Iglesia, presidir\u00e1 el rito del cierre del f\u00e9retro del Romano Pont\u00edfice Francisco. Y el s\u00e1bado 26 de abril, al final de la Misa exequial, el f\u00e9retro del Papa Francisco ser\u00e1 acompa\u00f1ado a la Bas\u00edlica Papal de Santa Mar\u00eda la Mayor para su sepultura.<\/p>\n\n\n\n<figure class=\"wp-block-image size-large\"><img fetchpriority=\"high\" decoding=\"async\" width=\"1024\" height=\"675\" src=\"https:\/\/losperiodistas.com.mx\/portal\/wp-content\/uploads\/2025\/04\/cq5dam.thumbnail.cropped.1500.844-1-1-1024x675.jpeg\" alt=\"\" class=\"wp-image-98266\" srcset=\"https:\/\/losperiodistas.com.mx\/portal\/wp-content\/uploads\/2025\/04\/cq5dam.thumbnail.cropped.1500.844-1-1-1024x675.jpeg 1024w, https:\/\/losperiodistas.com.mx\/portal\/wp-content\/uploads\/2025\/04\/cq5dam.thumbnail.cropped.1500.844-1-1-300x198.jpeg 300w, https:\/\/losperiodistas.com.mx\/portal\/wp-content\/uploads\/2025\/04\/cq5dam.thumbnail.cropped.1500.844-1-1-768x506.jpeg 768w, https:\/\/losperiodistas.com.mx\/portal\/wp-content\/uploads\/2025\/04\/cq5dam.thumbnail.cropped.1500.844-1-1.jpeg 1280w\" sizes=\"(max-width: 1024px) 100vw, 1024px\" \/><figcaption class=\"wp-element-caption\">El f\u00e9retro del Papa Francisco fue colocado en la Bas\u00edlica de San Pedro<\/figcaption><\/figure>\n\n\n\n<p class=\"has-vivid-red-color has-text-color has-link-color has-medium-font-size wp-elements-5155ea6f34947892dae48f078d690925\"><strong>Vatican News<\/strong><\/p>\n\n\n\n<p>La ma\u00f1ana de este mi\u00e9rcoles, 23 de abril, la Oficina de las Celebraciones Lit\u00fargicas del Sumo Pont\u00edfice comunic\u00f3 que, \u201ceste viernes 25 de abril, a las 20.00 horas, en la Bas\u00edlica de San Pedro, el cardenal Kevin Joseph Farrell, Camarlengo de la Santa Romana Iglesia, presidir\u00e1 el rito del cierre del f\u00e9retro del Romano Pont\u00edfice Francisco, seg\u00fan lo previsto en el&nbsp;<em>Ordo Exsequiarum Romani Pontificis<\/em>&nbsp;(nn. 66-81)\u201d.<\/p>\n\n\n\n<p>Asimismo, la Oficina de las Celebraciones Lit\u00fargicas del Sumo Pont\u00edfice se\u00f1al\u00f3 que, en esta celebraci\u00f3n participar\u00e1n el cardenal Kevin Joseph Farrell, Camarlengo de la Santa Iglesia Romana; el cardenal Giovanni Battista Re, Decano del Colegio Cardenalicio; el cardenal Roger Michael Mahony, Cardenal Presb\u00edtero; el cardenal Dominique Mamberti, Cardenal Protodi\u00e1cono; el cardenal Mauro Gambetti, Arcipreste de la Bas\u00edlica Papal de San Pedro en el Vaticano.<\/p>\n\n\n\n<p>Adem\u00e1s, estar\u00e1n presentes el cardenal Pietro Parolin, exsecretario de Estado; el cardenal Baldassare Reina, Vicario General de Su Santidad para la Di\u00f3cesis de Roma; el cardenal Konrad Krajewski, Limosnero de Su Santidad; monse\u00f1or Edgar Pe\u00f1a Parra, Sustituto de la Secretar\u00eda de Estado; monse\u00f1or Ilson de Jesus Montanari, Vice Camarlengo de la Santa Iglesia Romana; monse\u00f1or Leonardo Sapienza, Regente de la Casa Pontificia; los Can\u00f3nigos del Cap\u00edtulo Vaticano, los Penitenciarios Menores Vaticanos Ordinarios; los secretarios del Santo Padre y otras personas admitidas por el Maestro de las Celebraciones Lit\u00fargicas Pontificias, monse\u00f1or Diego Ravelli.<\/p>\n","protected":false},"excerpt":{"rendered":"<p>Este viernes 25 de abril, a las 20.00 horas, en la Bas\u00edlica de San Pedro, el cardenal Camarlengo de la [&hellip;]<\/p>\n","protected":false},"author":1,"featured_media":98266,"comment_status":"open","ping_status":"open","sticky":false,"template":"","format":"standard","meta":{"site-sidebar-layout":"default","site-content-layout":"","ast-site-content-layout":"default","site-content-style":"default","site-sidebar-style":"default","ast-global-header-display":"","ast-banner-title-visibility":"","ast-main-header-display":"","ast-hfb-above-header-display":"","ast-hfb-below-header-display":"","ast-hfb-mobile-header-display":"","site-post-title":"","ast-breadcrumbs-content":"","ast-featured-img":"","footer-sml-layout":"","theme-transparent-header-meta":"","adv-header-id-meta":"","stick-header-meta":"","header-above-stick-meta":"","header-main-stick-meta":"","header-below-stick-meta":"","astra-migrate-meta-layouts":"default","ast-page-background-enabled":"default","ast-page-background-meta":{"desktop":{"background-color":"var(--ast-global-color-4)","background-image":"","background-repeat":"repeat","background-position":"center center","background-size":"auto","background-attachment":"scroll","background-type":"","background-media":"","overlay-type":"","overlay-color":"","overlay-opacity":"","overlay-gradient":""},"tablet":{"background-color":"","background-image":"","background-repeat":"repeat","background-position":"center center","background-size":"auto","background-attachment":"scroll","background-type":"","background-media":"","overlay-type":"","overlay-color":"","overlay-opacity":"","overlay-gradient":""},"mobile":{"background-color":"","background-image":"","background-repeat":"repeat","background-position":"center center","background-size":"auto","background-attachment":"scroll","background-type":"","background-media":"","overlay-type":"","overlay-color":"","overlay-opacity":"","overlay-gradient":""}},"ast-content-background-meta":{"desktop":{"background-color":"var(--ast-global-color-5)","background-image":"","background-repeat":"repeat","background-position":"center center","background-size":"auto","background-attachment":"scroll","background-type":"","background-media":"","overlay-type":"","overlay-color":"","overlay-opacity":"","overlay-gradient":""},"tablet":{"background-color":"var(--ast-global-color-5)","background-image":"","background-repeat":"repeat","background-position":"center center","background-size":"auto","background-attachment":"scroll","background-type":"","background-media":"","overlay-type":"","overlay-color":"","overlay-opacity":"","overlay-gradient":""},"mobile":{"background-color":"var(--ast-global-color-5)","background-image":"","background-repeat":"repeat","background-position":"center center","background-size":"auto","background-attachment":"scroll","background-type":"","background-media":"","overlay-type":"","overlay-color":"","overlay-opacity":"","overlay-gradient":""}},"footnotes":""},"categories":[8],"tags":[37628,37725,37724],"class_list":["post-98265","post","type-post","status-publish","format-standard","has-post-thumbnail","hentry","category-noticias","tag-exequias-papa-francisco","tag-ordo-exsequiarum-romani-pontificis","tag-papa-francisco-feretro"],"_links":{"self":[{"href":"https:\/\/losperiodistas.com.mx\/portal\/wp-json\/wp\/v2\/posts\/98265","targetHints":{"allow":["GET"]}}],"collection":[{"href":"https:\/\/losperiodistas.com.mx\/portal\/wp-json\/wp\/v2\/posts"}],"about":[{"href":"https:\/\/losperiodistas.com.mx\/portal\/wp-json\/wp\/v2\/types\/post"}],"author":[{"embeddable":true,"href":"https:\/\/losperiodistas.com.mx\/portal\/wp-json\/wp\/v2\/users\/1"}],"replies":[{"embeddable":true,"href":"https:\/\/losperiodistas.com.mx\/portal\/wp-json\/wp\/v2\/comments?post=98265"}],"version-history":[{"count":1,"href":"https:\/\/losperiodistas.com.mx\/portal\/wp-json\/wp\/v2\/posts\/98265\/revisions"}],"predecessor-version":[{"id":98267,"href":"https:\/\/losperiodistas.com.mx\/portal\/wp-json\/wp\/v2\/posts\/98265\/revisions\/98267"}],"wp:featuredmedia":[{"embeddable":true,"href":"https:\/\/losperiodistas.com.mx\/portal\/wp-json\/wp\/v2\/media\/98266"}],"wp:attachment":[{"href":"https:\/\/losperiodistas.com.mx\/portal\/wp-json\/wp\/v2\/media?parent=98265"}],"wp:term":[{"taxonomy":"category","embeddable":true,"href":"https:\/\/losperiodistas.com.mx\/portal\/wp-json\/wp\/v2\/categories?post=98265"},{"taxonomy":"post_tag","embeddable":true,"href":"https:\/\/losperiodistas.com.mx\/portal\/wp-json\/wp\/v2\/tags?post=98265"}],"curies":[{"name":"wp","href":"https:\/\/api.w.org\/{rel}","templated":true}]}}