{"id":98261,"date":"2025-04-23T05:40:05","date_gmt":"2025-04-23T11:40:05","guid":{"rendered":"https:\/\/losperiodistas.com.mx\/portal\/?p=98261"},"modified":"2025-04-23T05:40:07","modified_gmt":"2025-04-23T11:40:07","slug":"alvaro-pombo-una-fragilidad-feliz-con-el-premio-cervantes-nos-hemos-convertido-en-influencers-y-mercachifles-rtve","status":"publish","type":"post","link":"https:\/\/losperiodistas.com.mx\/portal\/alvaro-pombo-una-fragilidad-feliz-con-el-premio-cervantes-nos-hemos-convertido-en-influencers-y-mercachifles-rtve\/","title":{"rendered":"\u00c1lvaro Pombo, una \u201cfragilidad\u201d feliz con el Premio Cervantes: \u00abNos hemos convertido en &#8216;influencers&#8217; y mercachifles\u00bb | Rtve"},"content":{"rendered":"\n<ul class=\"wp-block-list\">\n<li class=\"has-medium-font-size\">El escritor recibe el m\u00e1ximo galard\u00f3n de las letras espa\u00f1olas de manos de los reyes con un discurso le\u00eddo por su acad\u00e9mico y \u00abamigo\u00bb Mart\u00edn Crespo<\/li>\n\n\n\n<li class=\"has-medium-font-size\">Pombo ha glosado la obra de Cervantes y reflexionado sobre la recuperaci\u00f3n de la \u201cgrandeza de Espa\u00f1a\u201d<\/li>\n<\/ul>\n\n\n\n<p><\/p>\n\n\n\n<figure class=\"wp-block-image\"><a href=\"https:\/\/www.rtve.es\/play\/videos\/premios-cervantes-en-el-archivo-de-rtve\/discurso-alvaro-pombo-ganador-del-premio-cervantes-2024\/16550962\/\"><img decoding=\"async\" src=\"https:\/\/img2.rtve.es\/v\/16550962?w=1600&amp;preview=01745405880594.jpg\" alt=\"Discurso de \u00c1lvaro Pombo, ganador del Premio Cervantes 2024\" title=\"Discurso de \u00c1lvaro Pombo, ganador del Premio Cervantes 2024\"\/><\/a><figcaption class=\"wp-element-caption\">Discurso de \u00c1lvaro Pombo, ganador del Premio Cervantes 2024<\/figcaption><\/figure>\n\n\n\n<p><a href=\"https:\/\/www.rtve.es\/play\/videos\/premios-cervantes-en-el-archivo-de-rtve\/discurso-alvaro-pombo-ganador-del-premio-cervantes-2024\/16550962\">VIDEO CEREMONIA<\/a><\/p>\n\n\n\n<p>Por <em>ESTEBAN RAM\u00d3N<\/em> \/ Rtve<\/p>\n\n\n\n<p>Y&nbsp;<a href=\"https:\/\/www.rtve.es\/noticias\/20241112\/alvaro-pombo-gana-premio-cervantes-2024\/16327810.shtml\">\u00c1lvaro Pombo<\/a>, 85 a\u00f1os, silla de ruedas, gafas y gorro de invierno, entr\u00f3 finalmente en la Universidad de Alcal\u00e1 de Henares. El escritor<a href=\"https:\/\/www.rtve.es\/noticias\/20250422\/alvaro-pombo-discurso-premio-cervantes-motivos-salud\/16549478.shtml\">&nbsp;hab\u00eda puesto en duda su presencia y hab\u00eda avisado que no leer\u00eda su agradecimiento por sentirse \u201cfr\u00e1gil\u201d<\/a>&nbsp;y, precisamente, su discurso se ha titulado&nbsp;<em>Una fenomenolog\u00eda de la fragilidad<\/em>, le\u00eddo en su lugar por el acad\u00e9mico \u201cy buen amigo\u201d&nbsp;<strong>Mart\u00edn Crespo<\/strong>. Fr\u00e1gil, pero sonriente, \u00abcon un noble aspecto quijotesco\u00bb en palabras de Felipe VI, ha recibido el Premio Cervantes 2024 glosando la obra de Cervantes y reflexionado sobre la recuperaci\u00f3n de la \u201cgrandeza de Espa\u00f1a\u201d.<\/p>\n\n\n\n<p>Otra fragilidad,&nbsp;<a href=\"https:\/\/www.rtve.es\/noticias\/muere-papa-francisco-conclave-vaticano\/\">la del papa Francisco<\/a>, ha te\u00f1ido de negro vestimentas de reyes y autoridades (el ministro de Cultura,&nbsp;<strong>Ernest Urasun,<\/strong>&nbsp;y la presidenta de la Comunidad de Madrid,&nbsp;<strong>Isabel D\u00edaz Ayuso<\/strong>), anulando tambi\u00e9n los tradicionales honores militares al rey debido al luto. Tampoco Pombo ha recibido a los reyes en el patio de la Universidad de Alcal\u00e1 de Henares, sino ya dentro del Paraninfo.<\/p>\n\n\n\n<p>Por boca de Mart\u00edn, Pombo ha entrado pronto a desmenuzar<em>&nbsp;El Quijote<\/em>&nbsp;y a refutar el mismo concepto de fragilidad. \u201cLa narrativa de la fragilidad no tiene por qu\u00e9 ser una narrativa quebradiza. Puede ser tan inquebrantable como el propio texto de Don Quijote de la Mancha\u201d. Y como ejemplo, citas del propio Cervantes por boca de Sancho:&nbsp;<em>La mayor locura que puede hacer un hombre es dejarse morir sin m\u00e1s, sin que nadie le mate ni otras manos le acaben que las de la melancol\u00eda<\/em>.<\/p>\n\n\n\n<p>\u201cLa fragilidad es el gran tema que va con nosotros en toda nuestra vida y en todo nuestro d\u00eda a d\u00eda\u201d, ha defendido. \u201c<strong>Sigue siendo el gran tema: la fragilidad ante la enfermedad, ante la falta de convicciones, ante las causas perdidas<\/strong>. La fragilidad del ser humano ante las m\u00e1s diversas instituciones\u201d.<\/p>\n\n\n\n<figure class=\"wp-block-image\"><img decoding=\"async\" src=\"https:\/\/img2.rtve.es\/im\/16550995\/?w=900\" alt=\"Los reyes junto al ministro de Cultura, Ernest Urtasun, la presidenta de la Comunidad de Madrid, Isabel D\u00edaz Ayuso y el rector de la Universidad de Alcal\u00e1 de Henares, Jos\u00e9 Vicente Saz P\u00e9rez\"\/><figcaption class=\"wp-element-caption\">Los reyes junto al ministro de Cultura, Ernest Urtasun, la presidenta de la Comunidad de Madrid, Isabel D\u00edaz Ayuso y el rector de la Universidad de Alcal\u00e1 de Henares, Jos\u00e9 Vicente Saz P\u00e9rez&nbsp;<em>EFE \/ Fernando Villar<\/em><\/figcaption><\/figure>\n\n\n\n<p>Pombo, que pese a la fragilidad ha recordado en su discurso que est\u00e1 escribiendo una novela sobre la \u201cliquidaci\u00f3n del colonialismo espa\u00f1ol\u201d, ha apuntado a la fragilidad del nacionalismo \u201cAhora nadie se bate en duelo por su honor ni por el honor de Espa\u00f1a ni por el del tato. Nos hemos convertido en<em>&nbsp;influenciers<\/em>&nbsp;y mercachifles\u201d.<\/p>\n\n\n\n<h2 class=\"wp-block-heading\">Llegar a la \u00abprofundidad y la pobreza\u00bb para recuperar \u00abla grandeza de Espa\u00f1a\u00bb<\/h2>\n\n\n\n<p>En un discurso pleno de citas cervantinas (Mart\u00edn ha le\u00eddo el soneto&nbsp;<em>Al t\u00famulo de Felipe II en Sevilla<\/em>, para Pombo el \u201cmejor soneto de la literatura castellana\u201d), el escritor ha reconocido que si alguna vez ganaba el Cervantes se imaginaba hablando de&nbsp;<em>El licenciado Vidriera<\/em>, una de las&nbsp;<em>Novelas ejemplares<\/em>&nbsp;de Cervantes, la historia de un estudiante al que un membrillo le hace imaginar que todo est\u00e1 hecho de vidrio que Pombo ha glosado convirtiendo a sus personajes en&nbsp;<em>influencers<\/em>&nbsp;o al membrillo en \u201cviagra\u201d.<\/p>\n\n\n\n<p>Y del vidrio ha extra\u00eddo Pombo otra met\u00e1fora de la fragilidad. \u201c\u00bfQu\u00e9 quiere decir el vidrio? El vidrio es lo rompible, lo fr\u00e1gil, lo opuesto a El Escorial, lo opuesto a la victoria. \u00bfQui\u00e9n habla de victorias? Sobreponerse es todo, salir airosamente es todo\u201d.<\/p>\n\n\n\n<figure class=\"wp-block-image\"><img decoding=\"async\" src=\"https:\/\/img2.rtve.es\/im\/16551004\/?w=900\" alt=\"Los reyes Felipe y Letizia entregan al escritor \u00c1lvaro Pombo el Premio Cervantes 2024\"\/><figcaption class=\"wp-element-caption\">Los reyes Felipe y Letizia entregan al escritor \u00c1lvaro Pombo el Premio Cervantes 2024&nbsp;<em>EFE \/ Ballesteros<\/em><\/figcaption><\/figure>\n\n\n\n<p>Pombo ha apostado por la teor\u00eda que apunta a que en el<em>&nbsp;El licenciado vidriera&nbsp;<\/em>Cervantes aprovech\u00f3 para hablar de s\u00ed mismo para cerrar con la idea de que, tras cualquier crisis, puede renacer algo nuevo. \u201cEs muy posible que para alcanzar la grandeza de Espa\u00f1a,<strong>&nbsp;para superar la fragilidad, tengamos todos que llegar a la profundidad y la pobreza<\/strong>. Ah\u00ed se deshar\u00e1n los encantamientos. Ah\u00ed se romper\u00e1 por fin el cristal. Ah\u00ed se har\u00e1 fuerte lo fr\u00e1gil. Y los h\u00e9roes seguir\u00e1n recorriendo el imperio de su palabra incesante\u201d.<\/p>\n\n\n\n<p>El escritor santanderino toma el relevo de&nbsp;<a href=\"https:\/\/www.rtve.es\/noticias\/20231107\/luis-mateo-diez-premio-cervantes-2023\/2460318.shtml\">Luis Mateo D\u00edez<\/a>, premiado en 2023,&nbsp;<a href=\"https:\/\/www.rtve.es\/noticias\/20221110\/rafael-cadenas-premio-cervantes-2022\/2408596.shtml\">Rafael Cadenas<\/a>, premiado en 2022,&nbsp;<a href=\"https:\/\/www.rtve.es\/noticias\/20211110\/premio-cervantes-2021\/2221061.shtm\">Cristina Peri Rossi<\/a>&nbsp;(2021),&nbsp;<a href=\"https:\/\/www.rtve.es\/noticias\/20201116\/francisco-brines-premio-cervantes-2020\/2056712.shtml\">Francisco Brines, (2020<\/a>),&nbsp;<a href=\"https:\/\/www.rtve.es\/noticias\/20191114\/poeta-joan-margarit-gana-premio-cervantes-2019\/1990711.shtml\">Joan Margarit (2019)<\/a>,&nbsp;<a href=\"https:\/\/www.rtve.es\/noticias\/20190423\/ida-vitale-poeta-humilde-don-quijote-no-imagino-jamas\/1927128.shtml\">Ida Vitale (2018)<\/a>&nbsp;y&nbsp;<a href=\"https:\/\/www.rtve.es\/noticias\/20180423\/sergio-ramirez-dedico-premio-memoria-nicaraguenses-asesinados-reclamar-justicia\/1720183.shtml\">Sergio Ram\u00edrez (2017)<\/a>.<\/p>\n\n\n\n<figure class=\"wp-block-image\"><img decoding=\"async\" src=\"https:\/\/img2.rtve.es\/css\/i\/blank.gif\" alt=\"Compartir en Facebook\"\/><\/figure>\n\n\n\n<ul class=\"wp-block-list\">\n<li><img decoding=\"async\" src=\"https:\/\/img.rtve.es\/n\/16549478?w=800&amp;preview=01745325515263.jpg\" alt=\"\u00c1lvaro Pombo no pronunciar\u00e1 el discurso del Premio Cervantes por problemas de salud\"><a href=\"https:\/\/www.rtve.es\/noticias\/20250422\/alvaro-pombo-discurso-premio-cervantes-motivos-salud\/16549478.shtml\"><\/a>\u00c1lvaro Pombo no pronunciar\u00e1 el discurso del Premio Cervantes por problemas de salud<strong>22.04.2025<\/strong><\/li>\n\n\n\n<li><img decoding=\"async\" src=\"https:\/\/img.rtve.es\/n\/16543322?w=800&amp;preview=01744803932004.jpg\" alt=\"Siete libros de \u00c1lvaro Pombo que no te puedes perder\"><a href=\"https:\/\/www.rtve.es\/noticias\/20250422\/siete-libros-alvaro-pombo-no-puedes-perder\/16543322.shtml\"><\/a>Siete libros de \u00c1lvaro Pombo que no te puedes perder<strong>22.04.2025<\/strong><\/li>\n\n\n\n<li><img decoding=\"async\" src=\"https:\/\/img.rtve.es\/n\/16328866?w=800&amp;preview=01731514439678.jpg\" alt=\"\u00c1lvaro Pombo agradece el dinero del Cervantes porque &quot;es lo \u00faltimo que voy a ganar un poco s\u00f3lido&quot;\"><a href=\"https:\/\/www.rtve.es\/noticias\/20241113\/alvaro-pombo-agradece-dinero-del-cervantes-porque-ultimo-voy-a-ganar-poco-solido\/16328866.shtml\"><\/a>\u00c1lvaro Pombo agradece el dinero del Cervantes porque \u00abes lo \u00faltimo que voy a ganar un poco s\u00f3lido\u00bb<strong>13.11.2024<\/strong><\/li>\n\n\n\n<li><img decoding=\"async\" src=\"https:\/\/img.rtve.es\/n\/16327982?w=800&amp;preview=01731441222510.jpg\" alt=\"Autorretrato de \u00c1lvaro Pombo: el poeta, el fil\u00f3sofo y el divertido\"><a href=\"https:\/\/www.rtve.es\/noticias\/20241112\/autorretrato-alvaro-pombo-poeta-filosofo-divertido-premio-cervantes-2024\/16327982.shtml\"><\/a>Autorretrato de \u00c1lvaro Pombo: el poeta, el fil\u00f3sofo y el divertido<strong>12.11.2024<\/strong><\/li>\n\n\n\n<li><img decoding=\"async\" src=\"https:\/\/img.rtve.es\/n\/16327810?w=800&amp;preview=01731438009372.png\" alt=\"El poeta y novelista \u00c1lvaro Pombo gana el Premio Cervantes 2024\"><a href=\"https:\/\/www.rtve.es\/noticias\/20241112\/alvaro-pombo-gana-premio-cervantes-2024\/16327810.shtml\"><\/a>El poeta y novelista \u00c1lvaro Pombo gana el Premio Cervantes 2024<strong>12.11.2024<\/strong><\/li>\n<\/ul>\n\n\n\n<p>Fuente: <a href=\"https:\/\/www.rtve.es\/noticias\/20250423\/premio-cervantes-directo-ceremonia-entrega-alvaro-pombo-discurso\/16550698.shtml\">https:\/\/www.rtve.es\/noticias\/20250423\/premio-cervantes-directo-ceremonia-entrega-alvaro-pombo-discurso\/16550698.shtml<\/a><\/p>\n","protected":false},"excerpt":{"rendered":"<p>VIDEO CEREMONIA Por ESTEBAN RAM\u00d3N \/ Rtve Y&nbsp;\u00c1lvaro Pombo, 85 a\u00f1os, silla de ruedas, gafas y gorro de invierno, entr\u00f3 [&hellip;]<\/p>\n","protected":false},"author":1,"featured_media":98263,"comment_status":"open","ping_status":"open","sticky":false,"template":"","format":"standard","meta":{"site-sidebar-layout":"default","site-content-layout":"","ast-site-content-layout":"default","site-content-style":"default","site-sidebar-style":"default","ast-global-header-display":"","ast-banner-title-visibility":"","ast-main-header-display":"","ast-hfb-above-header-display":"","ast-hfb-below-header-display":"","ast-hfb-mobile-header-display":"","site-post-title":"","ast-breadcrumbs-content":"","ast-featured-img":"","footer-sml-layout":"","theme-transparent-header-meta":"","adv-header-id-meta":"","stick-header-meta":"","header-above-stick-meta":"","header-main-stick-meta":"","header-below-stick-meta":"","astra-migrate-meta-layouts":"default","ast-page-background-enabled":"default","ast-page-background-meta":{"desktop":{"background-color":"var(--ast-global-color-4)","background-image":"","background-repeat":"repeat","background-position":"center center","background-size":"auto","background-attachment":"scroll","background-type":"","background-media":"","overlay-type":"","overlay-color":"","overlay-opacity":"","overlay-gradient":""},"tablet":{"background-color":"","background-image":"","background-repeat":"repeat","background-position":"center center","background-size":"auto","background-attachment":"scroll","background-type":"","background-media":"","overlay-type":"","overlay-color":"","overlay-opacity":"","overlay-gradient":""},"mobile":{"background-color":"","background-image":"","background-repeat":"repeat","background-position":"center center","background-size":"auto","background-attachment":"scroll","background-type":"","background-media":"","overlay-type":"","overlay-color":"","overlay-opacity":"","overlay-gradient":""}},"ast-content-background-meta":{"desktop":{"background-color":"var(--ast-global-color-5)","background-image":"","background-repeat":"repeat","background-position":"center center","background-size":"auto","background-attachment":"scroll","background-type":"","background-media":"","overlay-type":"","overlay-color":"","overlay-opacity":"","overlay-gradient":""},"tablet":{"background-color":"var(--ast-global-color-5)","background-image":"","background-repeat":"repeat","background-position":"center center","background-size":"auto","background-attachment":"scroll","background-type":"","background-media":"","overlay-type":"","overlay-color":"","overlay-opacity":"","overlay-gradient":""},"mobile":{"background-color":"var(--ast-global-color-5)","background-image":"","background-repeat":"repeat","background-position":"center center","background-size":"auto","background-attachment":"scroll","background-type":"","background-media":"","overlay-type":"","overlay-color":"","overlay-opacity":"","overlay-gradient":""}},"footnotes":""},"categories":[8],"tags":[32793,37723,36991,37721,37720,37722],"class_list":["post-98261","post","type-post","status-publish","format-standard","has-post-thumbnail","hentry","category-noticias","tag-alvaro-pombo","tag-don-quijote-de-la-mancha","tag-infnuencers","tag-mercachifles","tag-premio-cervantes","tag-una-fenomenologia-de-la-fragilidad"],"_links":{"self":[{"href":"https:\/\/losperiodistas.com.mx\/portal\/wp-json\/wp\/v2\/posts\/98261","targetHints":{"allow":["GET"]}}],"collection":[{"href":"https:\/\/losperiodistas.com.mx\/portal\/wp-json\/wp\/v2\/posts"}],"about":[{"href":"https:\/\/losperiodistas.com.mx\/portal\/wp-json\/wp\/v2\/types\/post"}],"author":[{"embeddable":true,"href":"https:\/\/losperiodistas.com.mx\/portal\/wp-json\/wp\/v2\/users\/1"}],"replies":[{"embeddable":true,"href":"https:\/\/losperiodistas.com.mx\/portal\/wp-json\/wp\/v2\/comments?post=98261"}],"version-history":[{"count":1,"href":"https:\/\/losperiodistas.com.mx\/portal\/wp-json\/wp\/v2\/posts\/98261\/revisions"}],"predecessor-version":[{"id":98264,"href":"https:\/\/losperiodistas.com.mx\/portal\/wp-json\/wp\/v2\/posts\/98261\/revisions\/98264"}],"wp:featuredmedia":[{"embeddable":true,"href":"https:\/\/losperiodistas.com.mx\/portal\/wp-json\/wp\/v2\/media\/98263"}],"wp:attachment":[{"href":"https:\/\/losperiodistas.com.mx\/portal\/wp-json\/wp\/v2\/media?parent=98261"}],"wp:term":[{"taxonomy":"category","embeddable":true,"href":"https:\/\/losperiodistas.com.mx\/portal\/wp-json\/wp\/v2\/categories?post=98261"},{"taxonomy":"post_tag","embeddable":true,"href":"https:\/\/losperiodistas.com.mx\/portal\/wp-json\/wp\/v2\/tags?post=98261"}],"curies":[{"name":"wp","href":"https:\/\/api.w.org\/{rel}","templated":true}]}}