{"id":97758,"date":"2025-04-14T06:26:24","date_gmt":"2025-04-14T12:26:24","guid":{"rendered":"https:\/\/losperiodistas.com.mx\/portal\/?p=97758"},"modified":"2025-04-14T06:26:43","modified_gmt":"2025-04-14T12:26:43","slug":"el-pelicano-que-da-de-comer-a-sus-crias-con-su-sangre-simbolo-del-amor-en-la-semana-santa-sevillana-aci","status":"publish","type":"post","link":"https:\/\/losperiodistas.com.mx\/portal\/el-pelicano-que-da-de-comer-a-sus-crias-con-su-sangre-simbolo-del-amor-en-la-semana-santa-sevillana-aci\/","title":{"rendered":"El pel\u00edcano que da de comer a sus cr\u00edas con su sangre: s\u00edmbolo del amor en la Semana Santa sevillana | ACI"},"content":{"rendered":"\n<figure class=\"wp-block-image size-full\"><img fetchpriority=\"high\" decoding=\"async\" width=\"672\" height=\"448\" src=\"https:\/\/losperiodistas.com.mx\/portal\/wp-content\/uploads\/2025\/04\/pelicano.webp\" alt=\"\" class=\"wp-image-97759\" srcset=\"https:\/\/losperiodistas.com.mx\/portal\/wp-content\/uploads\/2025\/04\/pelicano.webp 672w, https:\/\/losperiodistas.com.mx\/portal\/wp-content\/uploads\/2025\/04\/pelicano-300x200.webp 300w\" sizes=\"(max-width: 672px) 100vw, 672px\" \/><figcaption class=\"wp-element-caption\">El pel\u00edcano a los pies del Sant\u00edsimo Cristo del Amor el Domingo de Ramos en Sevilla | Cr\u00e9dito: Almudena Mart\u00ednez-Bordi\u00fa<\/figcaption><\/figure>\n\n\n\n<p class=\"has-vivid-red-color has-text-color has-link-color has-medium-font-size wp-elements-51715d2959db6b7cf30de46e08990f1d\"><strong>Por\u00a0<a href=\"https:\/\/www.aciprensa.com\/autor\/52\/almudena-martinez-bordiu\">Almudena Mart\u00ednez-Bordi\u00fa<\/a> \/ ACI<\/strong><\/p>\n\n\n\n<p>En la noche del Domingo de Ramos, un solemne silencio inund\u00f3 las estrechas calles del centro de Sevilla al paso del Sant\u00edsimo Cristo del Amor, una de las im\u00e1genes m\u00e1s caracter\u00edsticas de las procesiones de Semana Santa.<\/p>\n\n\n\n<figure class=\"wp-block-video\"><video height=\"480\" style=\"aspect-ratio: 848 \/ 480;\" width=\"848\" controls src=\"https:\/\/losperiodistas.com.mx\/portal\/wp-content\/uploads\/2025\/04\/whatsapp-video-2025-04-14-at-13.05.48.mp4\"><\/video><\/figure>\n\n\n\n<h4 class=\"wp-block-heading\"><\/h4>\n\n\n\n<p>En este gran espect\u00e1culo de piedad popular en el que conviven el arte y la devoci\u00f3n, una gran multitud de fieles acompa\u00f1\u00f3 con fervor al Cristo crucificado, una talla del siglo XVII obra del arquitecto y escultor Juan de Mesa.&nbsp;<\/p>\n\n\n\n<p>Entre los candelabros dorados flanqueados por \u00e1ngeles y el llamativo mont\u00edculo de flores rojas, se divisa a los pies de Jes\u00fas una curiosa imagen: la de un pel\u00edcano que alimenta a sus tres cr\u00edas con la sangre de su propio coraz\u00f3n.&nbsp;<\/p>\n\n\n\n<figure class=\"wp-block-image\"><img decoding=\"async\" src=\"https:\/\/www.aciprensa.com\/imagespp\/whatsapp-image-2025-04-14-at-13.05.44.jpeg?w=600\" alt=\"El pel\u00edcano que alimenta a sus tres cr\u00edas con la sangre de su propio coraz\u00f3n. Cr\u00e9dito: Almudena Mart\u00ednez-Bordi\u00fa\"\/><figcaption class=\"wp-element-caption\">El pel\u00edcano que alimenta a sus tres cr\u00edas con la sangre de su propio coraz\u00f3n. Cr\u00e9dito: Almudena Mart\u00ednez-Bordi\u00fa<\/figcaption><\/figure>\n\n\n\n<p>La escultura de este pel\u00edcano que se abre el pecho con el pico mientras envuelve con las alas a sus cr\u00edas es de 1694 y es obra del arquitecto Francisco Antonio Ruiz Gij\u00f3n.<\/p>\n\n\n\n<p>El pel\u00edcano, en caso de necesidad, da de comer a sus cr\u00edas con su propia carne para mantenerlas con vida, s\u00edmbolo del sacrificio eucar\u00edstico.<\/p>\n\n\n\n<p>La entrega magn\u00e1nima de este ave que se hiere a s\u00ed misma por amor simboliza el sacrificio que Cristo hizo por los hombres, al derramar su sangre por nuestra salvaci\u00f3n.<\/p>\n\n\n\n<figure class=\"wp-block-image\"><img decoding=\"async\" src=\"https:\/\/www.aciprensa.com\/imagespp\/whatsapp-image-2025-04-14-at-13.16.14.jpeg?w=600\" alt=\"Sant\u00edsimo Cristo del Amor. Cr\u00e9dito: Almudena Mart\u00ednez-Bordi\u00fa\"\/><figcaption class=\"wp-element-caption\">Sant\u00edsimo Cristo del Amor. Cr\u00e9dito: Almudena Mart\u00ednez-Bordi\u00fa<\/figcaption><\/figure>\n\n\n\n<p>Por ello, a lo largo de la historia, la imagen del pel\u00edcano se ha consolidado en el cristianismo como signo de la Pasi\u00f3n de Cristo.<\/p>\n\n\n\n<p>De hecho, Santo Tom\u00e1s de Aquino, en su himno&nbsp;<em>Adoro te devote<\/em>, se refiri\u00f3 a Jes\u00fas como \u201cpel\u00edcano bueno\u201d. Tambi\u00e9n San Isidoro de Sevilla hizo referencia a este simbolismo en su obra&nbsp;<em>Etimolog\u00edas<\/em>.<\/p>\n\n\n\n<p>Fuente: <a href=\"https:\/\/www.aciprensa.com\/noticias\/112293\/el-pelicano-que-da-de-comer-a-sus-crias-con-su-sangre-simbolo-del-amor-en-la-semana-santa-sevillana\">https:\/\/www.aciprensa.com\/noticias\/112293\/el-pelicano-que-da-de-comer-a-sus-crias-con-su-sangre-simbolo-del-amor-en-la-semana-santa-sevillana<\/a><\/p>\n\n\n\n<p><\/p>\n","protected":false},"excerpt":{"rendered":"<p>Por\u00a0Almudena Mart\u00ednez-Bordi\u00fa \/ ACI En la noche del Domingo de Ramos, un solemne silencio inund\u00f3 las estrechas calles del centro [&hellip;]<\/p>\n","protected":false},"author":1,"featured_media":97759,"comment_status":"open","ping_status":"open","sticky":false,"template":"","format":"standard","meta":{"site-sidebar-layout":"default","site-content-layout":"","ast-site-content-layout":"default","site-content-style":"default","site-sidebar-style":"default","ast-global-header-display":"","ast-banner-title-visibility":"","ast-main-header-display":"","ast-hfb-above-header-display":"","ast-hfb-below-header-display":"","ast-hfb-mobile-header-display":"","site-post-title":"","ast-breadcrumbs-content":"","ast-featured-img":"","footer-sml-layout":"","theme-transparent-header-meta":"","adv-header-id-meta":"","stick-header-meta":"","header-above-stick-meta":"","header-main-stick-meta":"","header-below-stick-meta":"","astra-migrate-meta-layouts":"default","ast-page-background-enabled":"default","ast-page-background-meta":{"desktop":{"background-color":"var(--ast-global-color-4)","background-image":"","background-repeat":"repeat","background-position":"center center","background-size":"auto","background-attachment":"scroll","background-type":"","background-media":"","overlay-type":"","overlay-color":"","overlay-opacity":"","overlay-gradient":""},"tablet":{"background-color":"","background-image":"","background-repeat":"repeat","background-position":"center center","background-size":"auto","background-attachment":"scroll","background-type":"","background-media":"","overlay-type":"","overlay-color":"","overlay-opacity":"","overlay-gradient":""},"mobile":{"background-color":"","background-image":"","background-repeat":"repeat","background-position":"center center","background-size":"auto","background-attachment":"scroll","background-type":"","background-media":"","overlay-type":"","overlay-color":"","overlay-opacity":"","overlay-gradient":""}},"ast-content-background-meta":{"desktop":{"background-color":"var(--ast-global-color-5)","background-image":"","background-repeat":"repeat","background-position":"center center","background-size":"auto","background-attachment":"scroll","background-type":"","background-media":"","overlay-type":"","overlay-color":"","overlay-opacity":"","overlay-gradient":""},"tablet":{"background-color":"var(--ast-global-color-5)","background-image":"","background-repeat":"repeat","background-position":"center center","background-size":"auto","background-attachment":"scroll","background-type":"","background-media":"","overlay-type":"","overlay-color":"","overlay-opacity":"","overlay-gradient":""},"mobile":{"background-color":"var(--ast-global-color-5)","background-image":"","background-repeat":"repeat","background-position":"center center","background-size":"auto","background-attachment":"scroll","background-type":"","background-media":"","overlay-type":"","overlay-color":"","overlay-opacity":"","overlay-gradient":""}},"footnotes":""},"categories":[8],"tags":[37439,37440],"class_list":["post-97758","post","type-post","status-publish","format-standard","has-post-thumbnail","hentry","category-noticias","tag-procesiones-sevilla","tag-semana-santa-2025"],"_links":{"self":[{"href":"https:\/\/losperiodistas.com.mx\/portal\/wp-json\/wp\/v2\/posts\/97758","targetHints":{"allow":["GET"]}}],"collection":[{"href":"https:\/\/losperiodistas.com.mx\/portal\/wp-json\/wp\/v2\/posts"}],"about":[{"href":"https:\/\/losperiodistas.com.mx\/portal\/wp-json\/wp\/v2\/types\/post"}],"author":[{"embeddable":true,"href":"https:\/\/losperiodistas.com.mx\/portal\/wp-json\/wp\/v2\/users\/1"}],"replies":[{"embeddable":true,"href":"https:\/\/losperiodistas.com.mx\/portal\/wp-json\/wp\/v2\/comments?post=97758"}],"version-history":[{"count":1,"href":"https:\/\/losperiodistas.com.mx\/portal\/wp-json\/wp\/v2\/posts\/97758\/revisions"}],"predecessor-version":[{"id":97761,"href":"https:\/\/losperiodistas.com.mx\/portal\/wp-json\/wp\/v2\/posts\/97758\/revisions\/97761"}],"wp:featuredmedia":[{"embeddable":true,"href":"https:\/\/losperiodistas.com.mx\/portal\/wp-json\/wp\/v2\/media\/97759"}],"wp:attachment":[{"href":"https:\/\/losperiodistas.com.mx\/portal\/wp-json\/wp\/v2\/media?parent=97758"}],"wp:term":[{"taxonomy":"category","embeddable":true,"href":"https:\/\/losperiodistas.com.mx\/portal\/wp-json\/wp\/v2\/categories?post=97758"},{"taxonomy":"post_tag","embeddable":true,"href":"https:\/\/losperiodistas.com.mx\/portal\/wp-json\/wp\/v2\/tags?post=97758"}],"curies":[{"name":"wp","href":"https:\/\/api.w.org\/{rel}","templated":true}]}}