{"id":97755,"date":"2025-04-14T06:10:43","date_gmt":"2025-04-14T12:10:43","guid":{"rendered":"https:\/\/losperiodistas.com.mx\/portal\/?p=97755"},"modified":"2025-04-14T06:10:44","modified_gmt":"2025-04-14T12:10:44","slug":"chedraui-confirma-denuncias-ante-la-ase-y-asf-contra-eduardo-rivera-y-adan-dominguez-ciudad-cero","status":"publish","type":"post","link":"https:\/\/losperiodistas.com.mx\/portal\/chedraui-confirma-denuncias-ante-la-ase-y-asf-contra-eduardo-rivera-y-adan-dominguez-ciudad-cero\/","title":{"rendered":"Chedraui confirma denuncias ante la ASE y ASF contra Eduardo Rivera y Ad\u00e1n Dom\u00ednguez | Ciudad Cero"},"content":{"rendered":"\n<figure class=\"wp-block-image size-full\"><img fetchpriority=\"high\" decoding=\"async\" width=\"800\" height=\"600\" src=\"https:\/\/losperiodistas.com.mx\/portal\/wp-content\/uploads\/2025\/04\/eduadan.jpeg\" alt=\"\" class=\"wp-image-97756\" srcset=\"https:\/\/losperiodistas.com.mx\/portal\/wp-content\/uploads\/2025\/04\/eduadan.jpeg 800w, https:\/\/losperiodistas.com.mx\/portal\/wp-content\/uploads\/2025\/04\/eduadan-300x225.jpeg 300w, https:\/\/losperiodistas.com.mx\/portal\/wp-content\/uploads\/2025\/04\/eduadan-768x576.jpeg 768w\" sizes=\"(max-width: 800px) 100vw, 800px\" \/><\/figure>\n\n\n\n<p><\/p>\n\n\n\n<p class=\"has-vivid-red-color has-text-color has-link-color has-medium-font-size wp-elements-1e58bc944cc377916fbef4da6e108062\"><strong>Redacci\u00f3n Ciudad Cero<\/strong><\/p>\n\n\n\n<p>El presidente municipal de Puebla, Jos\u00e9 Chedraui Budib, inform\u00f3 que fueron interpuestas denuncias ante la Auditor\u00eda Superior del Estado (ASE) y la Auditor\u00eda Superior de la Federaci\u00f3n (ASF) en contra de los exalcaldes panistas Eduardo Rivera P\u00e9rez y Ad\u00e1n Dom\u00ednguez S\u00e1nchez, por presuntas anomal\u00edas detectadas durante sus respectivas administraciones.<\/p>\n\n\n\n<p>En entrevista, Chedraui expres\u00f3 su expectativa de que ambos exfuncionarios solventen las observaciones se\u00f1aladas por los \u00f3rganos fiscalizadores estatal y federal, dentro del plazo establecido. No obstante, advirti\u00f3 que, de no hacerlo, podr\u00edan enfrentar sanciones por el presunto uso inadecuado de recursos p\u00fablicos.<\/p>\n\n\n\n<p>\u201cEsperemos que tengan la capacidad de poder solventar, y si no, ahora s\u00ed que lo que resulte de las sanciones que tengan que salir desde la Auditor\u00eda. Hay muchas denuncias y muchas observaciones\u201d, declar\u00f3 el alcalde capitalino.<\/p>\n\n\n\n<p>Aunque no dio cifras o detalles sobre las observaciones, Chedraui Budib afirm\u00f3 que su gobierno ya interpuso las denuncias correspondientes con el objetivo de deslindarse de cualquier responsabilidad administrativa o legal que pudiera derivarse de gestiones anteriores.<\/p>\n\n\n\n<p>Desde su llegada al cargo, Jos\u00e9 Chedraui ha se\u00f1alado p\u00fablicamente irregularidades en la administraci\u00f3n pasada, encabezada primero por Eduardo Rivera y posteriormente por Ad\u00e1n Dom\u00ednguez, quienes \u2014seg\u00fan acusaciones del actual gobierno municipal\u2014 habr\u00edan dejado un presunto boquete financiero superior a los 540 millones de pesos.<\/p>\n\n\n\n<p>El edil indic\u00f3 que estas inconsistencias fueron detectadas durante el proceso de entrega-recepci\u00f3n, lo que motiv\u00f3 la presentaci\u00f3n de las denuncias. Sin embargo, ser\u00e1 competencia de la ASE y la ASF determinar si existen responsabilidades y proceder, en su caso, con las sanciones correspondientes.<\/p>\n\n\n\n<p>Fuente: <a href=\"https:\/\/ciudadcero.com.mx\/2025\/04\/14\/chedraui-confirma-denuncias-ante-la-ase-y-asf-contra-eduardo-rivera-y-adan-dominguez\/\">https:\/\/ciudadcero.com.mx\/2025\/04\/14\/chedraui-confirma-denuncias-ante-la-ase-y-asf-contra-eduardo-rivera-y-adan-dominguez\/<\/a><\/p>\n","protected":false},"excerpt":{"rendered":"<p>Redacci\u00f3n Ciudad Cero El presidente municipal de Puebla, Jos\u00e9 Chedraui Budib, inform\u00f3 que fueron interpuestas denuncias ante la Auditor\u00eda Superior [&hellip;]<\/p>\n","protected":false},"author":1,"featured_media":97756,"comment_status":"open","ping_status":"open","sticky":false,"template":"","format":"standard","meta":{"site-sidebar-layout":"default","site-content-layout":"","ast-site-content-layout":"default","site-content-style":"default","site-sidebar-style":"default","ast-global-header-display":"","ast-banner-title-visibility":"","ast-main-header-display":"","ast-hfb-above-header-display":"","ast-hfb-below-header-display":"","ast-hfb-mobile-header-display":"","site-post-title":"","ast-breadcrumbs-content":"","ast-featured-img":"","footer-sml-layout":"","theme-transparent-header-meta":"","adv-header-id-meta":"","stick-header-meta":"","header-above-stick-meta":"","header-main-stick-meta":"","header-below-stick-meta":"","astra-migrate-meta-layouts":"default","ast-page-background-enabled":"default","ast-page-background-meta":{"desktop":{"background-color":"var(--ast-global-color-4)","background-image":"","background-repeat":"repeat","background-position":"center center","background-size":"auto","background-attachment":"scroll","background-type":"","background-media":"","overlay-type":"","overlay-color":"","overlay-opacity":"","overlay-gradient":""},"tablet":{"background-color":"","background-image":"","background-repeat":"repeat","background-position":"center center","background-size":"auto","background-attachment":"scroll","background-type":"","background-media":"","overlay-type":"","overlay-color":"","overlay-opacity":"","overlay-gradient":""},"mobile":{"background-color":"","background-image":"","background-repeat":"repeat","background-position":"center center","background-size":"auto","background-attachment":"scroll","background-type":"","background-media":"","overlay-type":"","overlay-color":"","overlay-opacity":"","overlay-gradient":""}},"ast-content-background-meta":{"desktop":{"background-color":"var(--ast-global-color-5)","background-image":"","background-repeat":"repeat","background-position":"center center","background-size":"auto","background-attachment":"scroll","background-type":"","background-media":"","overlay-type":"","overlay-color":"","overlay-opacity":"","overlay-gradient":""},"tablet":{"background-color":"var(--ast-global-color-5)","background-image":"","background-repeat":"repeat","background-position":"center center","background-size":"auto","background-attachment":"scroll","background-type":"","background-media":"","overlay-type":"","overlay-color":"","overlay-opacity":"","overlay-gradient":""},"mobile":{"background-color":"var(--ast-global-color-5)","background-image":"","background-repeat":"repeat","background-position":"center center","background-size":"auto","background-attachment":"scroll","background-type":"","background-media":"","overlay-type":"","overlay-color":"","overlay-opacity":"","overlay-gradient":""}},"footnotes":""},"categories":[8],"tags":[37437,7369,162,37436,14193],"class_list":["post-97755","post","type-post","status-publish","format-standard","has-post-thumbnail","hentry","category-noticias","tag-adan-dominguez-anomalias","tag-ase","tag-asf","tag-eduardo-rivera-anomalias","tag-pepe-chedraui"],"_links":{"self":[{"href":"https:\/\/losperiodistas.com.mx\/portal\/wp-json\/wp\/v2\/posts\/97755","targetHints":{"allow":["GET"]}}],"collection":[{"href":"https:\/\/losperiodistas.com.mx\/portal\/wp-json\/wp\/v2\/posts"}],"about":[{"href":"https:\/\/losperiodistas.com.mx\/portal\/wp-json\/wp\/v2\/types\/post"}],"author":[{"embeddable":true,"href":"https:\/\/losperiodistas.com.mx\/portal\/wp-json\/wp\/v2\/users\/1"}],"replies":[{"embeddable":true,"href":"https:\/\/losperiodistas.com.mx\/portal\/wp-json\/wp\/v2\/comments?post=97755"}],"version-history":[{"count":1,"href":"https:\/\/losperiodistas.com.mx\/portal\/wp-json\/wp\/v2\/posts\/97755\/revisions"}],"predecessor-version":[{"id":97757,"href":"https:\/\/losperiodistas.com.mx\/portal\/wp-json\/wp\/v2\/posts\/97755\/revisions\/97757"}],"wp:featuredmedia":[{"embeddable":true,"href":"https:\/\/losperiodistas.com.mx\/portal\/wp-json\/wp\/v2\/media\/97756"}],"wp:attachment":[{"href":"https:\/\/losperiodistas.com.mx\/portal\/wp-json\/wp\/v2\/media?parent=97755"}],"wp:term":[{"taxonomy":"category","embeddable":true,"href":"https:\/\/losperiodistas.com.mx\/portal\/wp-json\/wp\/v2\/categories?post=97755"},{"taxonomy":"post_tag","embeddable":true,"href":"https:\/\/losperiodistas.com.mx\/portal\/wp-json\/wp\/v2\/tags?post=97755"}],"curies":[{"name":"wp","href":"https:\/\/api.w.org\/{rel}","templated":true}]}}