{"id":97748,"date":"2025-04-14T01:42:54","date_gmt":"2025-04-14T07:42:54","guid":{"rendered":"https:\/\/losperiodistas.com.mx\/portal\/?p=97748"},"modified":"2025-04-14T01:42:55","modified_gmt":"2025-04-14T07:42:55","slug":"rusia-ataca-la-ciudad-ucraniana-de-sumi-el-domingo-de-ramos-y-deja-al-menos-34-civiles-muertos-abc","status":"publish","type":"post","link":"https:\/\/losperiodistas.com.mx\/portal\/rusia-ataca-la-ciudad-ucraniana-de-sumi-el-domingo-de-ramos-y-deja-al-menos-34-civiles-muertos-abc\/","title":{"rendered":"Rusia ataca la ciudad ucraniana de Sumi el Domingo de Ramos y deja al menos 34 civiles muertos | ABC"},"content":{"rendered":"\n<h2 class=\"wp-block-heading\">Los heridos ascienden a casi 100, incluidos 10 ni\u00f1os, seg\u00fan el Servicio Estatal de Emergencia<\/h2>\n\n\n\n<h2 class=\"wp-block-heading\">Las fuerzas del Kremlin lanzaron dos misiles bal\u00edsticos contra el centro de la urbe cuando las calles estaban repletas de ciudadanos<\/h2>\n\n\n\n<h2 class=\"wp-block-heading has-medium-font-size\"><a href=\"https:\/\/www.abc.es\/internacional\/ataque-ruso-domingo-ramos-deja-muertos-sumi-20250413153443-ga.html\">Fotogaler\u00eda | El ataque ruso durante el Domingo de Ramos que deja 34 muertos en Sumi (Ucrania)<\/a><\/h2>\n\n\n\n<h2 class=\"wp-block-heading has-medium-font-size\"><a href=\"https:\/\/www.abc.es\/internacional\/negociaciones-sobre-acuerdo-minerales-ucrania-eeuu-enquistan-20250412161734-nt.html\">Las negociaciones sobre el acuerdo de minerales entre Ucrania y EE.UU. se enquistan tras las mayores exigencias de Washington<\/a><\/h2>\n\n\n\n<figure class=\"wp-block-image size-large\"><img fetchpriority=\"high\" decoding=\"async\" width=\"1024\" height=\"584\" src=\"https:\/\/losperiodistas.com.mx\/portal\/wp-content\/uploads\/2025\/04\/Captura-de-pantalla-2025-04-14-a-las-1.39.33\u202fa.m-1024x584.png\" alt=\"\" class=\"wp-image-97749\" srcset=\"https:\/\/losperiodistas.com.mx\/portal\/wp-content\/uploads\/2025\/04\/Captura-de-pantalla-2025-04-14-a-las-1.39.33\u202fa.m-1024x584.png 1024w, https:\/\/losperiodistas.com.mx\/portal\/wp-content\/uploads\/2025\/04\/Captura-de-pantalla-2025-04-14-a-las-1.39.33\u202fa.m-300x171.png 300w, https:\/\/losperiodistas.com.mx\/portal\/wp-content\/uploads\/2025\/04\/Captura-de-pantalla-2025-04-14-a-las-1.39.33\u202fa.m-768x438.png 768w, https:\/\/losperiodistas.com.mx\/portal\/wp-content\/uploads\/2025\/04\/Captura-de-pantalla-2025-04-14-a-las-1.39.33\u202fa.m.png 1502w\" sizes=\"(max-width: 1024px) 100vw, 1024px\" \/><figcaption class=\"wp-element-caption\"><a href=\"https:\/\/players.brightcove.net\/55814260001\/Bki6qnWf_default\/index.html?videoId=6371438203112\">VIDEO AFP<\/a><\/figcaption><\/figure>\n\n\n\n<p><\/p>\n\n\n\n<p><\/p>\n\n\n\n<p class=\"has-vivid-red-color has-text-color has-link-color has-medium-font-size wp-elements-ac1f41864eb4c4981f161145cdb651a9\"><strong><a href=\"https:\/\/www.abc.es\/autor\/miriam-gonzalez-6371\/\">Miriam Gonz\u00e1lez<\/a> \/ ABC<\/strong><\/p>\n\n\n\n<p>Kiev<\/p>\n\n\n\n<p><\/p>\n\n\n\n<p>La escena que el ataque con misiles rusos ha dejado en la ciudad de Sumi es dantesca. En plena ma\u00f1ana de un Domingo de Ramos soleado, el Kremlin ha decidido castigar, otra vez m\u00e1s, a la poblaci\u00f3n civil de Ucrania. De nada han servido las&nbsp;largas conversaciones mediadas por Estados Unidos: Rusia demuestra con este tipo de bombardeos que su intenci\u00f3n es seguir adelante con la guerra&nbsp;<a href=\"https:\/\/www.abc.es\/internacional\/joan-mercenario-espanol-ucrania-guerra-gente-muriendo-20250401153530-nt.html\">el sufrimiento de la sociedad ucraniana<\/a>.<\/p>\n\n\n\n<p>Las im\u00e1genes y filmaciones que han emergido en las redes sociales muestran los cuerpos sin vida de los civiles tendidos en el suelo. Los supervivientes heridos, todav\u00eda en shock, ayudan a cargar los cad\u00e1veres de sus vecinos. Hay varios veh\u00edculos en llamas, entre ellos un autob\u00fas urbano con pasajeros dentro en el momento del impacto. Adem\u00e1s se han registrado cuantiosos da\u00f1os en edificios residenciales.<\/p>\n\n\n\n<p>En otro de los v\u00eddeos publicados por los medios estatales ucraniana, una madre con el rostro parcialmente cubierto de sangre consuela a su hija tambi\u00e9n herida. El Servicio Estatal de Emergencias de Ucrania ha confirmado hasta el momento al menos 34 muertos, entre ellos dos ni\u00f1os, y 117 heridos. Lo que convierte este ataque en uno de los m\u00e1s mort\u00edferos desde el a\u00f1o 2023.Noticia Relacionada<\/p>\n\n\n\n<figure class=\"wp-block-image\"><img decoding=\"async\" width=\"1200\" height=\"840\" src=\"https:\/\/losperiodistas.com.mx\/portal\/wp-content\/uploads\/2025\/04\/ucrania-kAzB-RWSZmTZ6XVCWTAZD0IRCSUM-1200x840@diario_abc.jpg\" alt=\"\" class=\"wp-image-97750\" srcset=\"https:\/\/losperiodistas.com.mx\/portal\/wp-content\/uploads\/2025\/04\/ucrania-kAzB-RWSZmTZ6XVCWTAZD0IRCSUM-1200x840@diario_abc.jpg 1200w, https:\/\/losperiodistas.com.mx\/portal\/wp-content\/uploads\/2025\/04\/ucrania-kAzB-RWSZmTZ6XVCWTAZD0IRCSUM-1200x840@diario_abc-300x210.jpg 300w, https:\/\/losperiodistas.com.mx\/portal\/wp-content\/uploads\/2025\/04\/ucrania-kAzB-RWSZmTZ6XVCWTAZD0IRCSUM-1200x840@diario_abc-1024x717.jpg 1024w, https:\/\/losperiodistas.com.mx\/portal\/wp-content\/uploads\/2025\/04\/ucrania-kAzB-RWSZmTZ6XVCWTAZD0IRCSUM-1200x840@diario_abc-768x538.jpg 768w\" sizes=\"(max-width: 1200px) 100vw, 1200px\" \/><\/figure>\n\n\n\n<h3 class=\"wp-block-heading\"><a href=\"https:\/\/www.abc.es\/internacional\/rusia-aprovecha-tregua-fallida-tratar-avanzar-ucrania-20250412235843-nt.html#vca=modulo-rel-uno&amp;vso=abc&amp;vmc=noticias-rel&amp;vli=internacional\">Rusia aprovecha la tregua fallida para tratar de avanzar en Ucrania<\/a><\/h3>\n\n\n\n<p>Miriam Gonz\u00e1lez | Kiev<\/p>\n\n\n\n<p>La Fuerza A\u00e9rea de Ucrania ha lanzado una alerta por misiles bal\u00edsticos en varias regiones del pa\u00eds aproximadamente a las 10:20 de esta ma\u00f1ana, hora local. El alcalde de Sumi,&nbsp;<strong>Artem Kozbar<\/strong>, ha informado una media hora mas m\u00e1s tarde del nuevo bombardeo ruso contra la poblaci\u00f3n civil. \u00abMuchas personas murieron hoy como resultado del ataque con misiles\u00ab, se\u00f1ala el regidor.&nbsp;<strong>Volod\u00edmir Artyukh<\/strong>, gobernador de Sumi, provincia nororiental de Ucrania que comparte frontera con Rusia, ha se\u00f1alado que en el momento del impacto \u00abhab\u00eda mucha gente en la calle.<\/p>\n\n\n\n<p>La indignaci\u00f3n de los ucranianos se ha disparado por este nuevo ataque deliberado contra los civiles en plena celebraci\u00f3n de la festividad cristiana. Este a\u00f1o, adem\u00e1s, coincide la celebraci\u00f3n de la Pascua entre los pa\u00edses occidentales y los ortodoxos.<\/p>\n\n\n\n<p>El presidente&nbsp;<strong>Volod\u00edmir Zelenski&nbsp;<\/strong>ha condenado el ataque en un mensaje publicado en redes sociales. \u00abSolo una escoria inmunda puede actuar as\u00ed, arrebatando la vida a gente com\u00fan. Mis condolencias a las familias y seres queridos\u00bb, apunta. El mandatario ucraniano ha \u00f1adido que \u00ablos misiles rusos impactaron en una calle corriente, la vida cotidiana: edificios residenciales, instituciones educativas, coches en la calle&#8230; Y eso ocurri\u00f3 el d\u00eda en que la gente iba a la iglesia: el Domingo de Ramos, la festividad de la Entrada del Se\u00f1or en Jerusal\u00e9n\u00bb.<\/p>\n\n\n\n<p>Zelenski ha instado a Estados Unidos y a Europa a responder con firmeza&nbsp;<a href=\"https:\/\/www.abc.es\/internacional\/grupo-contacto-ucrania-pide-reforzar-apoyo-kiev-20250411120554-nt.html\">aumentando la presi\u00f3n sobre Rusia<\/a>. \u00abLas conversaciones nunca han detenido los misiles bal\u00edsticos y las bombas a\u00e9reas. Lo que se necesita es una actitud hacia Rusia que un terrorista merece\u00bb, sentencia el l\u00edder del pa\u00eds invadido. En un segundo mensaje, el jefe de Estado de Ucrania ha informado de que el n\u00famero total de v\u00edctimas hab\u00eda ascendido a 31 y afirma que \u00abes crucial que el mundo no permanezca en silencio ni indiferente\u00bb.<\/p>\n\n\n\n<p>El titular de Exteriores de Ucrania,&nbsp;<strong>Andrii Sybiha<\/strong>, ha calificado de \u00abaut\u00e9ntica maldad\u00bb lanzar un bombardeo de estas caracter\u00edsticas durante las celebraciones de una festividad cristiana. Sybiha ha pedido a los aliados de Ucrania que proporcionen mayores capacidades para la defensa a\u00e9rea del pa\u00eds. La jefa de la diplomacia europea,&nbsp;<strong>Kaja Kallas&nbsp;<\/strong>ha publicado un mensaje de apoyo a Ucrania en su cuenta de X. Kallas destaca que \u00abRusia intensifica sus ataques mientras Ucrania ha aceptado un alto el fuego incondicional\u00bb.<\/p>\n\n\n\n<p>Por su parte la diputada ucraniana&nbsp;<strong>Mariana Bezuhla<\/strong>&nbsp;ha hecho un llamamiento al jefe del&nbsp;<a href=\"https:\/\/www.abc.es\/internacional\/zelenski-afirma-haber-capturado-dos-soldados-chinos-20250408160859-nt.html\">Ej\u00e9rcito Ucraniano<\/a>&nbsp;y al comandante del Departamento de Defensa Territorial para evitar las reuniones de personal militar. Seg\u00fan Bezuhla hab\u00eda una entrega de condecoraciones y \u00abuna vez m\u00e1s, los rusos ten\u00edan informaci\u00f3n sobre la reuni\u00f3n\u00bb.<\/p>\n\n\n\n<p>En una segunda publicaci\u00f3n la legisladora ucraniana recalca las intenciones de Rusia de provocar el mayor n\u00famero de v\u00edctimas posibles entre toda la poblaci\u00f3n, pero hace referencia a diferentes ataques en los que las fuerzas de Mosc\u00fa habr\u00edan recibido \u00abinformaci\u00f3n sobre los militares en las grandes ciudades\u00bb. \u00abNo podemos tolerar que los jefes indiferentes de algunas administraciones difundan abiertamente informaci\u00f3n sobre las reuniones y luego permanezcan en el cargo, como ya ha sucedido varias veces\u00bb, destaca la diputada.<\/p>\n\n\n\n<p>Fuente: <a href=\"https:\/\/www.abc.es\/internacional\/muertos-ataque-ruso-ciudad-sumi-20250413112832-nt.html#\">https:\/\/www.abc.es\/internacional\/muertos-ataque-ruso-ciudad-sumi-20250413112832-nt.html#<\/a><\/p>\n","protected":false},"excerpt":{"rendered":"<p>Los heridos ascienden a casi 100, incluidos 10 ni\u00f1os, seg\u00fan el Servicio Estatal de Emergencia Las fuerzas del Kremlin lanzaron [&hellip;]<\/p>\n","protected":false},"author":1,"featured_media":97749,"comment_status":"open","ping_status":"open","sticky":false,"template":"","format":"standard","meta":{"site-sidebar-layout":"default","site-content-layout":"","ast-site-content-layout":"default","site-content-style":"default","site-sidebar-style":"default","ast-global-header-display":"","ast-banner-title-visibility":"","ast-main-header-display":"","ast-hfb-above-header-display":"","ast-hfb-below-header-display":"","ast-hfb-mobile-header-display":"","site-post-title":"","ast-breadcrumbs-content":"","ast-featured-img":"","footer-sml-layout":"","theme-transparent-header-meta":"","adv-header-id-meta":"","stick-header-meta":"","header-above-stick-meta":"","header-main-stick-meta":"","header-below-stick-meta":"","astra-migrate-meta-layouts":"default","ast-page-background-enabled":"default","ast-page-background-meta":{"desktop":{"background-color":"var(--ast-global-color-4)","background-image":"","background-repeat":"repeat","background-position":"center center","background-size":"auto","background-attachment":"scroll","background-type":"","background-media":"","overlay-type":"","overlay-color":"","overlay-opacity":"","overlay-gradient":""},"tablet":{"background-color":"","background-image":"","background-repeat":"repeat","background-position":"center center","background-size":"auto","background-attachment":"scroll","background-type":"","background-media":"","overlay-type":"","overlay-color":"","overlay-opacity":"","overlay-gradient":""},"mobile":{"background-color":"","background-image":"","background-repeat":"repeat","background-position":"center center","background-size":"auto","background-attachment":"scroll","background-type":"","background-media":"","overlay-type":"","overlay-color":"","overlay-opacity":"","overlay-gradient":""}},"ast-content-background-meta":{"desktop":{"background-color":"var(--ast-global-color-5)","background-image":"","background-repeat":"repeat","background-position":"center center","background-size":"auto","background-attachment":"scroll","background-type":"","background-media":"","overlay-type":"","overlay-color":"","overlay-opacity":"","overlay-gradient":""},"tablet":{"background-color":"var(--ast-global-color-5)","background-image":"","background-repeat":"repeat","background-position":"center center","background-size":"auto","background-attachment":"scroll","background-type":"","background-media":"","overlay-type":"","overlay-color":"","overlay-opacity":"","overlay-gradient":""},"mobile":{"background-color":"var(--ast-global-color-5)","background-image":"","background-repeat":"repeat","background-position":"center center","background-size":"auto","background-attachment":"scroll","background-type":"","background-media":"","overlay-type":"","overlay-color":"","overlay-opacity":"","overlay-gradient":""}},"footnotes":""},"categories":[8],"tags":[37433,37432,37431,37430],"class_list":["post-97748","post","type-post","status-publish","format-standard","has-post-thumbnail","hentry","category-noticias","tag-100-heridos","tag-34-civiles-muertos","tag-kremlin-ataca-sumi","tag-sumi-bombardeo"],"_links":{"self":[{"href":"https:\/\/losperiodistas.com.mx\/portal\/wp-json\/wp\/v2\/posts\/97748","targetHints":{"allow":["GET"]}}],"collection":[{"href":"https:\/\/losperiodistas.com.mx\/portal\/wp-json\/wp\/v2\/posts"}],"about":[{"href":"https:\/\/losperiodistas.com.mx\/portal\/wp-json\/wp\/v2\/types\/post"}],"author":[{"embeddable":true,"href":"https:\/\/losperiodistas.com.mx\/portal\/wp-json\/wp\/v2\/users\/1"}],"replies":[{"embeddable":true,"href":"https:\/\/losperiodistas.com.mx\/portal\/wp-json\/wp\/v2\/comments?post=97748"}],"version-history":[{"count":1,"href":"https:\/\/losperiodistas.com.mx\/portal\/wp-json\/wp\/v2\/posts\/97748\/revisions"}],"predecessor-version":[{"id":97751,"href":"https:\/\/losperiodistas.com.mx\/portal\/wp-json\/wp\/v2\/posts\/97748\/revisions\/97751"}],"wp:featuredmedia":[{"embeddable":true,"href":"https:\/\/losperiodistas.com.mx\/portal\/wp-json\/wp\/v2\/media\/97749"}],"wp:attachment":[{"href":"https:\/\/losperiodistas.com.mx\/portal\/wp-json\/wp\/v2\/media?parent=97748"}],"wp:term":[{"taxonomy":"category","embeddable":true,"href":"https:\/\/losperiodistas.com.mx\/portal\/wp-json\/wp\/v2\/categories?post=97748"},{"taxonomy":"post_tag","embeddable":true,"href":"https:\/\/losperiodistas.com.mx\/portal\/wp-json\/wp\/v2\/tags?post=97748"}],"curies":[{"name":"wp","href":"https:\/\/api.w.org\/{rel}","templated":true}]}}