{"id":97733,"date":"2025-04-14T01:19:06","date_gmt":"2025-04-14T07:19:06","guid":{"rendered":"https:\/\/losperiodistas.com.mx\/portal\/?p=97733"},"modified":"2025-04-14T01:19:07","modified_gmt":"2025-04-14T07:19:07","slug":"me-gustaria-que-la-muerte-me-hallara-escribiendo-como-un-accidente-la-ultima-entrevista-de-mario-vargas-llosa-con-bbc-mundo","status":"publish","type":"post","link":"https:\/\/losperiodistas.com.mx\/portal\/me-gustaria-que-la-muerte-me-hallara-escribiendo-como-un-accidente-la-ultima-entrevista-de-mario-vargas-llosa-con-bbc-mundo\/","title":{"rendered":"\u00abMe gustar\u00eda que la muerte me hallara escribiendo, como un accidente\u00bb: la \u00faltima entrevista de Mario Vargas Llosa con BBC Mundo"},"content":{"rendered":"\n<figure class=\"wp-block-image size-full\"><img fetchpriority=\"high\" decoding=\"async\" width=\"799\" height=\"449\" src=\"https:\/\/losperiodistas.com.mx\/portal\/wp-content\/uploads\/2025\/04\/7ddd2890-18d2-11f0-bfe8-2152c476d793.jpg-1.jpeg\" alt=\"\" class=\"wp-image-97734\" srcset=\"https:\/\/losperiodistas.com.mx\/portal\/wp-content\/uploads\/2025\/04\/7ddd2890-18d2-11f0-bfe8-2152c476d793.jpg-1.jpeg 799w, https:\/\/losperiodistas.com.mx\/portal\/wp-content\/uploads\/2025\/04\/7ddd2890-18d2-11f0-bfe8-2152c476d793.jpg-1-300x169.jpeg 300w, https:\/\/losperiodistas.com.mx\/portal\/wp-content\/uploads\/2025\/04\/7ddd2890-18d2-11f0-bfe8-2152c476d793.jpg-1-768x432.jpeg 768w\" sizes=\"(max-width: 799px) 100vw, 799px\" \/><figcaption class=\"wp-element-caption\">Mario Vargas Llosa desde la casa donde viv\u00eda en Madrid.<\/figcaption><\/figure>\n\n\n\n<ul class=\"wp-block-list\">\n<li class=\"has-vivid-red-color has-text-color has-link-color has-medium-font-size wp-elements-a8e407b88d4cb994c0dabaf7f479cab7\"><strong>Juan Carlos P\u00e9rez Salazar<\/strong> \/ <strong>BBC News Mundo<\/strong><\/li>\n\n\n\n<li><a href=\"https:\/\/twitter.com\/JCPerezSalazar\">Twitter,<strong>@JCPerezSalazar<\/strong><\/a><\/li>\n<\/ul>\n\n\n\n<p><em><strong>El escritor peruano Mario Vargas Llosa falleci\u00f3 este domingo en Lima a los 89 a\u00f1os, seg\u00fan informaron sus hijos en un comunicado. A continuaci\u00f3n reproducimos la \u00faltima entrevista que el Premio Nobel de literatura le concedi\u00f3 a BBC Mundo y que fue publicada originalmente en mayo de 2019.<\/strong><\/em><\/p>\n\n\n\n<p><strong>Sobre su escritorio, en el que se sienta todos los d\u00edas de 10 de la ma\u00f1ana a 2 de la tarde a trabajar, est\u00e1n la \u00faltima edici\u00f3n del Times Literary Suplement, un busto de Balzac, una copia de su \u00faltimo art\u00edculo de prensa y un libro sobre el Congo, pa\u00eds en el que transcurre buena parte de su novela \u00abEl sue\u00f1o del celta\u00bb.<\/strong><\/p>\n\n\n\n<p>La casa de dos pisos en la que vive el escritor peruano Mario Vargas Llosa cuando est\u00e1 en Madrid es silenciosa y rodeada de verde.<\/p>\n\n\n\n<p>Por debajo pasa un r\u00edo subterr\u00e1neo que hace que la temperatura en los agobiantes veranos madrile\u00f1os sea varios grados menor a la normal. Las paredes, por supuesto, est\u00e1n repletas de bibliotecas con libros: literatura, pero tambi\u00e9n mec\u00e1nica cu\u00e1ntica, electrodin\u00e1mica, Picasso, historia del antiguo Egipto&#8230;<\/p>\n\n\n\n<p>La excusa para estar aqu\u00ed -si es que se necesita una para hablar con \u00e9l- es conversar sobre la vejez, a prop\u00f3sito de un evento que sobre el tema realiza la Fundaci\u00f3n Nobel en Madrid.<\/p>\n\n\n\n<p>s un buen tema de conversaci\u00f3n. A sus 83 a\u00f1os, Mario Vargas Llosa es el \u00faltimo premio Nobel de literatura vivo de Am\u00e9rica Latina. Y el \u00faltimo que queda en pie de una generaci\u00f3n prodigiosa que -de alguna manera- va de Borges, Carpentier y Onetti a \u00e9l, pasando por Octavio Paz, Juan Rulfo, Guillermo Cabrera Infante, Gabriel Garc\u00eda M\u00e1rquez o Julio Cort\u00e1zar.<\/p>\n\n\n\n<p>Una generaci\u00f3n que cambi\u00f3 no solo la literatura latinoamericana, sino mundial.<\/p>\n\n\n\n<figure class=\"wp-block-image\"><img decoding=\"async\" width=\"640\" height=\"360\" src=\"https:\/\/losperiodistas.com.mx\/portal\/wp-content\/uploads\/2025\/04\/bfc16740-18d1-11f0-8a1e-3ff815141b98.jpg.webp\" alt=\"Escritorio de Vargas Llosa\" class=\"wp-image-97737\" srcset=\"https:\/\/losperiodistas.com.mx\/portal\/wp-content\/uploads\/2025\/04\/bfc16740-18d1-11f0-8a1e-3ff815141b98.jpg.webp 640w, https:\/\/losperiodistas.com.mx\/portal\/wp-content\/uploads\/2025\/04\/bfc16740-18d1-11f0-8a1e-3ff815141b98.jpg-300x169.webp 300w\" sizes=\"(max-width: 640px) 100vw, 640px\" \/><figcaption class=\"wp-element-caption\">Vargas Llosa escrib\u00eda cada d\u00eda desde las 10 de la ma\u00f1ana a las 2 de la tarde.<\/figcaption><\/figure>\n\n\n\n<p><strong>Usted es uno de esos casos extraordinarios de un escritor que a los 83 a\u00f1os de edad sigue escribiendo y publicando. Se vienen a la mente Tolstoi, Saul Bellow o Wis\u0142awa Szymborska&#8230; \u00bfC\u00f3mo es posible mantener esa longevidad? \u00bfEs cuesti\u00f3n de disciplina, de genes&#8230;?<\/strong><\/p>\n\n\n\n<p>Yo creo que es cuesti\u00f3n de disciplina. Yo trabajo de una manera bastante met\u00f3dica, soy muy ordenado para mi trabajo, no para el resto.<\/p>\n\n\n\n<p>Trabajo siete d\u00edas por semana, 12 meses al a\u00f1o. Y no tengo la sensaci\u00f3n de que es un trabajo. Realmente escribir es para m\u00ed un placer, aunque me cueste y tenga per\u00edodos muy dif\u00edciles.<\/p>\n\n\n\n<p>Creo que en funci\u00f3n de mi trabajo se organiza mi vida, que no est\u00e1 caracterizada por los excesos. Dej\u00e9 de fumar hace muchos a\u00f1os, nunca he bebido, solo tomo vino con las comidas y de vez en cuando.<\/p>\n\n\n\n<p>Mi gran placer es la lectura y mi propio trabajo. Quiz\u00e1 eso ha hecho que mi vida no se haya gastado como ocurre en el caso de muchas otras personas.<\/p>\n\n\n\n<p>Aunque tampoco soy un obseso de cuidarme a la hora de comer o dormir. Hago una hora de ejercicio todos los d\u00edas antes de comenzar a trabajar.<\/p>\n\n\n\n<p>Quiz\u00e1 esa disciplina, esa organizaci\u00f3n que ha sido siempre en funci\u00f3n de mi trabajo, pues ha hecho que viva hasta ahora.<\/p>\n\n\n\n<p><strong>Otra caracter\u00edstica suya es que no es s\u00f3lo un intelectual, sino una persona de acci\u00f3n, como lo muestra, por ejemplo, su investigaci\u00f3n por los asesinatos de periodistas en Ayacucho en 1983, su campa\u00f1a para la presidencia del Per\u00fa en 1990, o su viaje a Irak del que sali\u00f3 un libro de reportajes&#8230; \u00bfCree que eso lo ha beneficiado?<\/strong><\/p>\n\n\n\n<p>En mi caso mi trabajo se alimenta de la vida misma. Nunca he sido una persona pasiva, siempre me he interesado por lo que ocurr\u00eda a mi alrededor.<\/p>\n\n\n\n<p>Desde muy joven he cre\u00eddo que ser escritor significa tambi\u00e9n una responsabilidad de tipo social y pol\u00edtico.<\/p>\n\n\n\n<p>Creo que la participaci\u00f3n en lo que es la vida de la ciudad, del pa\u00eds, del tiempo en que uno vive, es tambi\u00e9n una obligaci\u00f3n de tipo moral.<\/p>\n\n\n\n<figure class=\"wp-block-image\"><img decoding=\"async\" width=\"640\" height=\"360\" src=\"https:\/\/losperiodistas.com.mx\/portal\/wp-content\/uploads\/2025\/04\/04aa6500-18d2-11f0-a455-cf1d5f751d2f.jpg.webp\" alt=\"Vargas Llosa en campa\u00f1a electoral.\" class=\"wp-image-97735\" srcset=\"https:\/\/losperiodistas.com.mx\/portal\/wp-content\/uploads\/2025\/04\/04aa6500-18d2-11f0-a455-cf1d5f751d2f.jpg.webp 640w, https:\/\/losperiodistas.com.mx\/portal\/wp-content\/uploads\/2025\/04\/04aa6500-18d2-11f0-a455-cf1d5f751d2f.jpg-300x169.webp 300w\" sizes=\"(max-width: 640px) 100vw, 640px\" \/><figcaption class=\"wp-element-caption\">Vargas Llosa fue candidato a la presidencia del Per\u00fa en 1990. Perdi\u00f3 en segunda vuelta ante Alberto Fujimori.<\/figcaption><\/figure>\n\n\n\n<p>Si uno cree que los libros y las ideas importan, que la pol\u00edtica debe estar gobernada no por pasiones sino fundamentalmente por ideas, entonces la participaci\u00f3n es una obligaci\u00f3n.<\/p>\n\n\n\n<p>He participado en las cosas de mi tiempo, en la vida pol\u00edtica, no d\u00e1ndole preferencia sobre la literatura, que para m\u00ed es mi primera actividad, pero una participaci\u00f3n activa forma parte de las tareas no solo de un escritor sino de un ciudadano.<\/p>\n\n\n\n<p>Nunca me ha seducido la idea del escritor retirado, que vive encerrado en un cuarto de corcho como Proust. Para m\u00ed eso ser\u00eda absolutamente inconcebible.<\/p>\n\n\n\n<p><strong>Pero usted es quiz\u00e1s el \u00faltimo representante en Am\u00e9rica Latina del escritor como gran figura intelectual p\u00fablica, lo que antes fueron Octavio Paz, Gabriel Garc\u00eda M\u00e1rquez, Carlos Fuentes, Ernesto S\u00e1bato&#8230; En su ahora larga vida ha visto c\u00f3mo esa figura ha ido desapareciendo.<\/strong><\/p>\n\n\n\n<p>Y creo que es una pena porque significa que en nuestra \u00e9poca las ideas son menos importantes que las im\u00e1genes.<\/p>\n\n\n\n<p>Por eso las figuras con que un pol\u00edtico profesional le gustar\u00eda retratarse no son los escritores, son los futbolistas, los artistas, los actores. Y eso me parece que es un empobrecimiento.<\/p>\n\n\n\n<p>Las im\u00e1genes son m\u00e1s perecederas que las ideas, menos importantes a largo y mediano plazo.<\/p>\n\n\n\n<p>Y es una de las razones por las que la cultura en general se ha banalizado y frivolizado.<\/p>\n\n\n\n<figure class=\"wp-block-image\"><img loading=\"lazy\" decoding=\"async\" width=\"640\" height=\"360\" src=\"https:\/\/losperiodistas.com.mx\/portal\/wp-content\/uploads\/2025\/04\/3dfa2d90-18d2-11f0-8a1e-3ff815141b98.jpg.webp\" alt=\"Octavio Paz\" class=\"wp-image-97736\" srcset=\"https:\/\/losperiodistas.com.mx\/portal\/wp-content\/uploads\/2025\/04\/3dfa2d90-18d2-11f0-8a1e-3ff815141b98.jpg.webp 640w, https:\/\/losperiodistas.com.mx\/portal\/wp-content\/uploads\/2025\/04\/3dfa2d90-18d2-11f0-8a1e-3ff815141b98.jpg-300x169.webp 300w\" sizes=\"(max-width: 640px) 100vw, 640px\" \/><figcaption class=\"wp-element-caption\">El escritor mexicano Octavio Paz, premio nobel de 1990, tambi\u00e9n realiz\u00f3 un viraje de la izquierda hacia posturas m\u00e1s liberales y socialdem\u00f3cratas. En el cap\u00edtulo dedicado a Paz de su libro \u00abRedentores, ideas y poder en Am\u00e9rica Latina\u00bb, Enrique Krauze habla de la perplejidad que sent\u00eda al final de su vida ante lo que acontec\u00eda en M\u00e9xico y el mundo.<\/figcaption><\/figure>\n\n\n\n<p>Creo que hay un hecho muy importante en nuestra \u00e9poca: una participaci\u00f3n much\u00edsimo mayor (a trav\u00e9s de las redes sociales), antes era m\u00e1s reducida y menos democr\u00e1tica, pero quienes participaban entonces creo que estaban m\u00e1s movidos por convicciones firmes que hoy d\u00eda, cuando muchas veces se hace de una manera muy superficial.<\/p>\n\n\n\n<p><strong>Volviendo al tema de la vejez, una cosa es la disciplina f\u00e9rrea para escribir, pero otra distinta es la creatividad. Mantenerla tan viva a su edad no debe ser solo cuesti\u00f3n de disciplina.<\/strong><\/p>\n\n\n\n<p>Pues mire, desde las primeras cosas que escrib\u00ed cuando era todav\u00eda muy joven, casi ni\u00f1o, mi imaginaci\u00f3n siempre se ha alimentado de la memoria, es decir, ciertas experiencias vividas, ciertos recuerdos (no s\u00e9 por qu\u00e9 algunos y no todos) tienen esa capacidad estimulante que me hacen crear peque\u00f1as fantas\u00edas que son las que est\u00e1n siempre en el punto de partida de todos los cuentos, novelas, obras de teatro.<\/p>\n\n\n\n<p>Pero nunca creo haber concebido una historia a partir de nada, por un simple movimiento de la imaginaci\u00f3n.<\/p>\n\n\n\n<p>El punto de partida es alguna experiencia vivida que me deja im\u00e1genes que luego se convierten en algo obsesivo y de pronto me doy cuenta de que he comenzado a trabajar una peque\u00f1a historia a partir de ciertos recuerdos que muchas veces, ya en el proceso de redacci\u00f3n, desaparecen o pasan a ser algo secundario.<\/p>\n\n\n\n<p><strong>Usted siempre que habla de su trabajo como escritor destaca la disciplina, pero, en todos estos a\u00f1os \u00bfhan cambiado en algo sus h\u00e1bitos de escritura?<\/strong><\/p>\n\n\n\n<p>No, en eso sigo siendo el mismo que era cuando comenc\u00e9 a escribir.<\/p>\n\n\n\n<p>Hay escritores que son muy espont\u00e1neos. Yo recuerdo por ejemplo en los a\u00f1os 60, que es una \u00e9poca en que nos vimos mucho con Julio Cort\u00e1zar, \u00e9l estaba escribiendo Rayuela, que es una novela un poco s\u00edmbolo de la \u00e9poca.<\/p>\n\n\n\n<p>Y me impresion\u00f3 enormemente que \u00e9l me dec\u00eda \u00abmira, muchas veces yo me siento a la m\u00e1quina de escribir y no s\u00e9 sobre qu\u00e9 voy a escribir\u00bb.<\/p>\n\n\n\n<p>Y yo le preguntaba: \u00bfpero no tienes un plan?<\/p>\n\n\n\n<p>Y \u00e9l me dec\u00eda \u00abno, no para nada. Si tengo alguno debe ser subconsciente\u00bb. Eso nadie lo dir\u00eda leyendo Rayuela, que es una novela que parece tan armada, tan compleja adem\u00e1s de construcci\u00f3n&#8230;<\/p>\n\n\n\n<figure class=\"wp-block-image\"><img loading=\"lazy\" decoding=\"async\" width=\"640\" height=\"360\" src=\"https:\/\/losperiodistas.com.mx\/portal\/wp-content\/uploads\/2025\/04\/a4764ae0-18d2-11f0-b1b3-7358f8d35a35.jpg.webp\" alt=\"Rayuela\" class=\"wp-image-97738\" srcset=\"https:\/\/losperiodistas.com.mx\/portal\/wp-content\/uploads\/2025\/04\/a4764ae0-18d2-11f0-b1b3-7358f8d35a35.jpg.webp 640w, https:\/\/losperiodistas.com.mx\/portal\/wp-content\/uploads\/2025\/04\/a4764ae0-18d2-11f0-b1b3-7358f8d35a35.jpg-300x169.webp 300w\" sizes=\"(max-width: 640px) 100vw, 640px\" \/><figcaption class=\"wp-element-caption\">De los libros que publicaron los escritores del llamado boom de la literatura latinoamericana, Rayuela de Julio Cort\u00e1zar es la m\u00e1s experimental. En la imagen, rayuela en homenaje a Julio Cort\u00e1zar en Buenos Aires.<\/figcaption><\/figure>\n\n\n\n<p>Ese no es mi caso para nada.<\/p>\n\n\n\n<p>Antes de comenzar a escribir una historia hago muchos esquemas, aunque luego no los respete, pero los necesito mucho como punto de partida. Tener algunas fichas sobre los personajes&#8230; Sobre todo la organizaci\u00f3n del tiempo, saber d\u00f3nde va a comenzar y d\u00f3nde va a terminar la historia.<\/p>\n\n\n\n<p>Por eso la disciplina es tan importante. Por eso procuro, adem\u00e1s, trabajar todos los d\u00edas. Si no, sentir\u00eda que la historia se me deshace, se me dispersa.<\/p>\n\n\n\n<p>Necesito trabajar incluso durante los viajes -yo viajo bastante- y procuro mantener ese ritmo diario.<\/p>\n\n\n\n<p><strong>Usted ha escrito de manera abundante -y muy cr\u00edtica- sobre las utop\u00edas sociales. Ahora creo que se puede hablar de una utop\u00eda individual: vivir m\u00e1s y mejor. Hay grandes inversiones en Silicon Valley -muchas de ellas secretas- no solo para combatir la vejez sino, aparentemente, la misma muerte&#8230; \u00bfQu\u00e9 piensa de esto?<\/strong><\/p>\n\n\n\n<p>La muerte a m\u00ed no me angustia. Hombre, la vida tiene eso de maravilloso: si vivi\u00e9ramos para siempre ser\u00eda enormemente aburrida, mec\u00e1nica. Si fu\u00e9ramos eternos ser\u00eda algo espantoso.<\/p>\n\n\n\n<p>Creo que la vida es tan maravillosa precisamente porque tiene un fin.<\/p>\n\n\n\n<p>Lo que me parece muy importante es tratar de aprovechar esa vida, no desperdiciar las oportunidades. Creo que es muy importante tener una vocaci\u00f3n y poder materializarla, aunque desde luego mucha gente no puede hacerlo.<\/p>\n\n\n\n<p>La vida se ha alargado much\u00edsimo, desde luego, Y eso tiene muchos valores pero tambi\u00e9n muchos problema: que cada vez menos gente va a tener que apoyar y alimentar a m\u00e1s gente. Significa que tendremos que aguzar la imaginaci\u00f3n para que ello sea posible.<\/p>\n\n\n\n<p>Nada de eso es f\u00e1cil. Las viejas utop\u00edas han ido desapareciendo todas, vivimos en un mundo que es mucho m\u00e1s realista y, sin embargo, ese problema no hemos sido capaces de resolverlo, salvo en un n\u00famero muy contado de pa\u00edses en el mundo.<\/p>\n\n\n\n<figure class=\"wp-block-image\"><img loading=\"lazy\" decoding=\"async\" width=\"640\" height=\"360\" src=\"https:\/\/losperiodistas.com.mx\/portal\/wp-content\/uploads\/2025\/04\/d68cb5f0-18d2-11f0-b1b3-7358f8d35a35.jpg.webp\" alt=\"Afiche de Calico\" class=\"wp-image-97741\" srcset=\"https:\/\/losperiodistas.com.mx\/portal\/wp-content\/uploads\/2025\/04\/d68cb5f0-18d2-11f0-b1b3-7358f8d35a35.jpg.webp 640w, https:\/\/losperiodistas.com.mx\/portal\/wp-content\/uploads\/2025\/04\/d68cb5f0-18d2-11f0-b1b3-7358f8d35a35.jpg-300x169.webp 300w\" sizes=\"(max-width: 640px) 100vw, 640px\" \/><figcaption class=\"wp-element-caption\">Calico, empresa fundada por Google y dedicada a investigar sobre la vejez y a combatirla.<\/figcaption><\/figure>\n\n\n\n<p><strong>Preparando esta entrevista pensaba en grandes personajes suyos que fueran de edad provecta. \u00bfQuiz\u00e1 el conselheiro en \u00abLa guerra del fin del mundo? \u00bfUrania en \u00abLa fiesta del chivo\u00bb? \u00bfDon Rigoberto? Y est\u00e1 por supuesto Juan Peineta en su \u00faltima novela \u00abLas cinco esquinas\u00bb. \u00bfPero ha escrito alg\u00fan personaje pens\u00e1ndolo as\u00ed?<\/strong><\/p>\n\n\n\n<p>No lo pienso en ese sentido de hacer personajes que sean m\u00e1s positivos que negativos.<\/p>\n\n\n\n<p>Lo que tengo claro es que los personajes que me seducen m\u00e1s son los inconformes. Personajes que quisieran cambiar, si no el mundo, por lo menos su entorno, porque no lo resisten tal como es.<\/p>\n\n\n\n<p>Y entonces algunos son m\u00e1s ut\u00f3picos, tienen una visi\u00f3n m\u00e1s mesi\u00e1nica de las cosas y otros se mueven en mundos m\u00e1s limitados, pero creo que el conformista, o no aparece, o aparece con tintes muy negativos en mis historias.<\/p>\n\n\n\n<p>Los personajes que m\u00e1s descuellan son aquellos que no se conforman con el mundo tal como es para hacerlo m\u00e1s vivible.<\/p>\n\n\n\n<p><strong>Usted siempre ha dicho que el escritor, de entrada, tiene un gran desacuerdo con la realidad&#8230;<\/strong><\/p>\n\n\n\n<p>Creo que s\u00ed. Si uno inventa historias es porque la que vive no le basta o no le gusta, y escribir es una manera de cambiar mundo, de ofrecer a los dem\u00e1s mundos alternativos. Creo que esas son las ficciones.<\/p>\n\n\n\n<p><strong>A la generaci\u00f3n de ustedes en Am\u00e9rica Latina la distingui\u00f3 la \u00abnovela total\u00bb, \u00bfno?: \u00abRayuela\u00bb, \u00abCien A\u00f1os de Soledad\u00bb, \u00abCambio de piel\u00bb, \u00abConversaci\u00f3n en la catedral\u00bb&#8230;<\/strong><\/p>\n\n\n\n<p>Claro, novelas muy ambiciosas, que quieren desafiar el mundo de igual a igual&#8230;<\/p>\n\n\n\n<p><strong>Cuando Carlos Fuentes ten\u00eda 76 a\u00f1os le pregunt\u00e9 si se sent\u00eda con fuerzas para escribir algo de largo aliento como\u00bbTerra Nostra\u00bb y me dijo que no. \u00bfUsted se siente con las fuerzas y la creatividad para acometer otra una novela as\u00ed?<\/strong><\/p>\n\n\n\n<p>Pues mire, yo creo que uno debe mantenerse vivo, que lo ideal es que la muerte sea un accidente, que venga a interrumpir como algo accidental una vida que est\u00e1 en plena efervescencia. Ese ser\u00eda mi ideal.<\/p>\n\n\n\n<p>Yo escribo todav\u00eda a mano, con tinta, en cuadernos, como empec\u00e9. Y me gustar\u00eda que la muerte me hallara escribiendo, como un accidente&#8230;<\/p>\n\n\n\n<p>Haber vivido la vida hasta el final y sobre todo no haberme muerto en vida, que es el espect\u00e1culo que me parece m\u00e1s triste para un ser humano.<\/p>\n\n\n\n<figure class=\"wp-block-image\"><img loading=\"lazy\" decoding=\"async\" width=\"640\" height=\"360\" src=\"https:\/\/losperiodistas.com.mx\/portal\/wp-content\/uploads\/2025\/04\/3857a740-18d3-11f0-b1b3-7358f8d35a35.jpg.webp\" alt=\"Vargas Llosa\" class=\"wp-image-97739\" srcset=\"https:\/\/losperiodistas.com.mx\/portal\/wp-content\/uploads\/2025\/04\/3857a740-18d3-11f0-b1b3-7358f8d35a35.jpg.webp 640w, https:\/\/losperiodistas.com.mx\/portal\/wp-content\/uploads\/2025\/04\/3857a740-18d3-11f0-b1b3-7358f8d35a35.jpg-300x169.webp 300w\" sizes=\"(max-width: 640px) 100vw, 640px\" \/><figcaption class=\"wp-element-caption\">La novela \u00abLa ciudad y los perros\u00bb de Vargas Llosa fue la que dio inicio al boom de la literatura latinoamericana. quiz\u00e1s el \u00fanico movimiento literario de la historia que ha producido dos premios Nobel: Gabriel Garc\u00eda M\u00e1rquez y el propio Vargas Llosa.<\/figcaption><\/figure>\n\n\n\n<p><strong>\u00bfO sea que todav\u00eda podemos esperar una \u00abFiesta del chivo\u00bb o una \u00abGuerra del fin del mundo\u00bb?<\/strong><\/p>\n\n\n\n<p>Pues ojal\u00e1 (risas). Bueno, acabo de terminar una novela, estoy todav\u00eda corrigiendo un poquito, pero ya est\u00e1 pr\u00e1cticamente terminada. Y espero que no sea la \u00faltima (risas).<\/p>\n\n\n\n<p>Creo que en Am\u00e9rica Latina no se ha escrito mucha ficci\u00f3n sobre la vejez. Quiz\u00e1s lo m\u00e1s destacado sea \u00abEl amor en los tiempos del c\u00f3lera\u00bb, que -pienso que no por casualidad- es la obra m\u00e1s popular de Garc\u00eda M\u00e1rquez en el mundo anglosaj\u00f3n, incluso por encima de \u00abCien a\u00f1os de soledad\u00bb&#8230;<\/p>\n\n\n\n<p>Tiene usted raz\u00f3n, estoy tratando de recordar novelas dedicadas a la vejez. No hay muchas&#8230; Hay viejos en las novelas, pero suelen ser personajes m\u00e1s bien secundarios, un poco de paso.<\/p>\n\n\n\n<p>Pero una novela enteramente centrada en la vejez&#8230; Estoy recordando una novela de un escritor venezolano, Adriano Gonz\u00e1lez Le\u00f3n, que se llamaba \u00abViejo\u00bb (1994). Es dedicada a la vejez y de una manera muy conmovida, la escribi\u00f3 un poco cuando estaba ya en decadencia f\u00edsica, no mental, porque la novela est\u00e1 muy bien escrita.<\/p>\n\n\n\n<p>Es una de las pocas que recuerdo.<\/p>\n\n\n\n<p><strong>Cuando ten\u00edan 80 a\u00f1os, dos de las mentes m\u00e1s l\u00facidas del siglo XX en Am\u00e9rica Latina, Octavio Paz y Carlos Fuentes -a quienes usted conoci\u00f3 muy bien-, manifestaron estar perplejos ante el mundo que los rodeaba&#8230; No lo entend\u00edan. Y eso fue antes de la llegada de Donald Trump al poder y del ascenso de los nacionalismos y el populismo de extrema derecha&#8230; \u00bfA usted el mundo de ahora le causa perplejidad?<\/strong><\/p>\n\n\n\n<p>Hombre, digamos que uno puede sorprenderse mucho, pero&#8230; Uno tiene ese maravilloso instrumento que es la raz\u00f3n, \u00bfno es verdad?, que nos permite aprehender aquello que est\u00e1 detr\u00e1s de lo sorprendente, lo excepcional, lo misterioso.<\/p>\n\n\n\n<p>La historia de la humanidad es justamente haber ido desvelando todos estos misterios poco a poco, llegando a lo rec\u00f3ndito de la realidad, de la experiencia humana.<\/p>\n\n\n\n<figure class=\"wp-block-image\"><img loading=\"lazy\" decoding=\"async\" width=\"640\" height=\"360\" src=\"https:\/\/losperiodistas.com.mx\/portal\/wp-content\/uploads\/2025\/04\/756429b0-18d3-11f0-b1b3-7358f8d35a35.jpg.webp\" alt=\"Carlos Fuentes\" class=\"wp-image-97742\" srcset=\"https:\/\/losperiodistas.com.mx\/portal\/wp-content\/uploads\/2025\/04\/756429b0-18d3-11f0-b1b3-7358f8d35a35.jpg.webp 640w, https:\/\/losperiodistas.com.mx\/portal\/wp-content\/uploads\/2025\/04\/756429b0-18d3-11f0-b1b3-7358f8d35a35.jpg-300x169.webp 300w\" sizes=\"(max-width: 640px) 100vw, 640px\" \/><figcaption class=\"wp-element-caption\">En su libro de conversaciones con el expresidente chileno Ricardo Lagos, \u00abEl siglo que despierta\u00bb, Carlos Fuentes confes\u00f3 sentir perplejidad ante el mundo actual.<\/figcaption><\/figure>\n\n\n\n<p>No creo que nuestra \u00e9poca sea una de las peores de la Historia ni much\u00edsimo menos.<\/p>\n\n\n\n<p>Recuerdo la \u00faltima conferencia que dio Karl Popper la Universidad Men\u00e9ndez y Pelayo, en Espa\u00f1a, pocos meses antes de morirse.<\/p>\n\n\n\n<p>Yo estuve all\u00ed porque lo admiro much\u00edsimo, y en una conferencia de prensa en la que los periodistas le hablaban de los horrores de nuestra \u00e9poca, \u00e9l dijo: \u00abs\u00ed, en nuestra \u00e9poca pasan cosas terribles, pero cuando ese pensamiento nos asalte, piensen al mismo tiempo que nunca hemos estado mejor. Nunca, en la larga historia de la Humanidad, hemos tenido tantas oportunidades. Los avances de la medicina, del conocimiento son tan extraordinarios que nos han permitido avanzar, derrotar enfermedades, derrotar al hambre, derrotar a lo que eran los grandes imperios donde los seres humanos eran objetos&#8230;\u00bb.<\/p>\n\n\n\n<p>Yo creo que eso es verdad. Hoy d\u00eda estamos much\u00edsimo mejor y por lo menos con instrumentos much\u00edsimo m\u00e1s valiosos para enfrentar los desaf\u00edos que tenemos.<\/p>\n\n\n\n<p>Ahora, que ocurren muchas&#8230; Por ejemplo, algo que ocurre en nuestra \u00e9poca que para m\u00ed es una verdadera sorpresa es el rebrote de los nacionalismos. Sobre todo en en Europa occidental, que probablemente es una regi\u00f3n que ha padecido m\u00e1s que ninguna otra los estragos que causan los nacionalismos.<\/p>\n\n\n\n<p>\u00a1Las guerras mundiales fueron causadas por ellos! Y sin embargo est\u00e1n rebrotando, lo cual quiere decir que, por lo menos en ese campo, la experiencia acumulada no sirve de nada, que incurrimos en los mismos errores a pesar de saber que los nacionalismos son una fuente de violencia tan espantosa.<\/p>\n\n\n\n<p>Y a veces en los pa\u00edses m\u00e1s civilizados, en los que parecer\u00edan vacunados contra esta reca\u00edda en los viej\u00edsimos errores.<\/p>\n\n\n\n<figure class=\"wp-block-image\"><img loading=\"lazy\" decoding=\"async\" width=\"640\" height=\"360\" src=\"https:\/\/losperiodistas.com.mx\/portal\/wp-content\/uploads\/2025\/04\/ab734630-18d3-11f0-a455-cf1d5f751d2f.jpg.webp\" alt=\"Protesta de nacionalistas en Italia\" class=\"wp-image-97740\" srcset=\"https:\/\/losperiodistas.com.mx\/portal\/wp-content\/uploads\/2025\/04\/ab734630-18d3-11f0-a455-cf1d5f751d2f.jpg.webp 640w, https:\/\/losperiodistas.com.mx\/portal\/wp-content\/uploads\/2025\/04\/ab734630-18d3-11f0-a455-cf1d5f751d2f.jpg-300x169.webp 300w\" sizes=\"(max-width: 640px) 100vw, 640px\" \/><figcaption class=\"wp-element-caption\">,Los movimientos populistas y nacionalistas de derecha, como el del ministro del Interior de Italia Matteo Salvini, han proliferado en Europa y otras partes del mundo.<\/figcaption><\/figure>\n\n\n\n<p>Esa es una realidad de nuestro tiempo, pero la historia est\u00e1 llena de casos as\u00ed. Lo cual significa que no debemos dormirnos nunca sobre nuestros laureles, que los problemas van a seguir surgiendo y muchas veces los mismos problemas a los que con la experiencia acumulada deber\u00edamos responder de una manera m\u00e1s inmediata y en\u00e9rgica.<\/p>\n\n\n\n<p><strong>Su \u00faltimo libro de ensayos, \u00abLa llamada de la tribu\u00bb, es una especie de balance intelectual de la segunda etapa de su vida, cuando se vuelve liberal en el sentido cl\u00e1sico, y es un homenaje a siete autores que lo influyeron (como Adam Smith, Isaiah Berlin, Karl Popper u Ortega y Gasset).<\/strong><\/p>\n\n\n\n<p>Exactamente. Es un libro en cierta forma autobiogr\u00e1fico, porque he aprendido a trav\u00e9s de esos pensadores (y otros, pero esos son los m\u00e1s importantes para m\u00ed), cu\u00e1l es el tipo de mundo que est\u00e1 m\u00e1s defendido contra las injusticias, la precariedad, los abusos, la violencia.<\/p>\n\n\n\n<p>Y yo creo que es la democracia en esa forma m\u00e1s extrema y radical que representan las ideas liberales. Hay muchos pensadores que han contribuido a eso, pero los que me marcaron m\u00e1s son los que aparecen en ese libro.<\/p>\n\n\n\n<p><strong>Ha habido cr\u00edticas muy fuertes al liberalismo por su papel en la crisis actual. En Inglaterra, por ejemplo, est\u00e1 el fil\u00f3sofo John Gray que ha sido dur\u00edsimo&#8230;<\/strong><\/p>\n\n\n\n<p>&#8230; Despu\u00e9s de haber sido un gran liberal, porque \u00e9l fue disc\u00edpulo de Isaiah Berlin, sobre quien escribi\u00f3 un libro muy interesante. Pero yo no creo que sean verdad (las cr\u00edticas).<\/p>\n\n\n\n<p>El liberalismo est\u00e1 asociado a la idea de la libertad y creo que la defensa de las libertades es algo absolutamente esencial&#8230; Hombre, que hay liberales que han llegado a ser sectarios, pues s\u00ed, se da.<\/p>\n\n\n\n<p>Hay quienes creen que el mercado resuelve todo, yo no creo eso, ni much\u00edsimo menos, ni creo que sea la esencia del liberalismo.<\/p>\n\n\n\n<p>El liberalismo da una gran importancia a la vida econ\u00f3mica, pero de ninguna manera piensa que sea lo esencial. Para el liberalismo lo esencial son las ideas, los valores y dentro de ellos la idea de la libertad es absolutamente esencial. Una idea que no se puede disociar, dividir o fragmentar.<\/p>\n\n\n\n<p>La libertad, seg\u00fan los liberales, es una sola y debe darse simult\u00e1neamente en el campo econ\u00f3mico, pol\u00edtico, social, individual. Y que todo lo que signifique mayor libertad es bueno para el conjunto de la sociedad.<\/p>\n\n\n\n<figure class=\"wp-block-image\"><img loading=\"lazy\" decoding=\"async\" width=\"640\" height=\"360\" src=\"https:\/\/losperiodistas.com.mx\/portal\/wp-content\/uploads\/2025\/04\/19847590-18d4-11f0-8a1e-3ff815141b98.jpg.webp\" alt=\"Fil\u00f3sofo ingl\u00e9s John Gray\" class=\"wp-image-97743\" srcset=\"https:\/\/losperiodistas.com.mx\/portal\/wp-content\/uploads\/2025\/04\/19847590-18d4-11f0-8a1e-3ff815141b98.jpg.webp 640w, https:\/\/losperiodistas.com.mx\/portal\/wp-content\/uploads\/2025\/04\/19847590-18d4-11f0-8a1e-3ff815141b98.jpg-300x169.webp 300w\" sizes=\"(max-width: 640px) 100vw, 640px\" \/><figcaption class=\"wp-element-caption\">En una entrevista para la revista mexicana Letras Libres, el fil\u00f3sofo ingl\u00e9s John Gray dijo: \u00abUno de los rasgos principales de la pol\u00edtica contempor\u00e1nea es que los liberales niegan su responsabilidad en el ascenso de los movimientos iliberales a base de alinearse de manera acr\u00edtica con la globalizaci\u00f3n. Los liberales han creado las condiciones para el iliberalismo\u00bb.<\/figcaption><\/figure>\n\n\n\n<p>Dicho esto, las divergencias dentro del pensamiento liberal son muy grandes. Basta asistir a cualquier congreso o reuni\u00f3n de liberales para saber que los puntos de vista no pueden ser m\u00e1s divergentes.<\/p>\n\n\n\n<p>Pero lo que es interesante en el caso concreto del \u00abpadre del liberalismo\u00bb, como se le llama a Adam Smith, es que era un hombre pragm\u00e1tico, de ninguna manera actuaba con una visi\u00f3n inflexible de las ideas. Lo que s\u00ed ten\u00eda era una especie de motivaci\u00f3n, la lucha contra la injusticia era absolutamente fundamental.<\/p>\n\n\n\n<p>Seg\u00fan \u00e9l, la mejor manera de realizar esas reformas era adapt\u00e1ndose a las posibilidades reales, de tal manera que cada pa\u00eds no pod\u00eda adoptar la misma receta de la misma manera si quer\u00eda disminuir la violencia.<\/p>\n\n\n\n<p>Yo creo que es una caracter\u00edstica del liberalismo que ha sido m\u00e1s fecunda en las democracias que lo han aplicado.<\/p>\n\n\n\n<p>Si uno cree en la libertad, si uno cree en las instituciones democr\u00e1ticas, en los derechos humanos, si uno es sensible a la miseria, a la injusticia, a la igualdad de oportunidades, pues yo creo que es un liberal. Lo sepa o no.<\/p>\n\n\n\n<p><strong>En estos momentos, a sus 83 a\u00f1os, ganador del premio Nobel de literatura, uno de los grandes escritores latinoamericanos de todos los tiempos&#8230; \u00bfle preocupa la posteridad, la inmortalidad, le preocupa c\u00f3mo va a ser recordado?<\/strong><\/p>\n\n\n\n<p>No me preocupa tanto. He hecho muchas cosas en la vida&#8230;<\/p>\n\n\n\n<p>Hombre, si pudiera elegir, me gustar\u00eda ser recordado fundamentalmente como escritor, aunque uno no sabe en qu\u00e9 forma va a ser recordado., si es que va a ser recordado.<\/p>\n\n\n\n<p>Tampoco es una preocupaci\u00f3n central. No trabajo yo para la muerte, trabajo para la vida.<\/p>\n\n\n\n<p>Fuente: <a href=\"https:\/\/www.bbc.com\/mundo\/articles\/c793q244yj1o\">https:\/\/www.bbc.com\/mundo\/articles\/c793q244yj1o<\/a><\/p>\n\n\n\n<p><\/p>\n","protected":false},"excerpt":{"rendered":"<p>El escritor peruano Mario Vargas Llosa falleci\u00f3 este domingo en Lima a los 89 a\u00f1os, seg\u00fan informaron sus hijos en [&hellip;]<\/p>\n","protected":false},"author":1,"featured_media":97734,"comment_status":"open","ping_status":"open","sticky":false,"template":"","format":"standard","meta":{"site-sidebar-layout":"default","site-content-layout":"","ast-site-content-layout":"default","site-content-style":"default","site-sidebar-style":"default","ast-global-header-display":"","ast-banner-title-visibility":"","ast-main-header-display":"","ast-hfb-above-header-display":"","ast-hfb-below-header-display":"","ast-hfb-mobile-header-display":"","site-post-title":"","ast-breadcrumbs-content":"","ast-featured-img":"","footer-sml-layout":"","theme-transparent-header-meta":"","adv-header-id-meta":"","stick-header-meta":"","header-above-stick-meta":"","header-main-stick-meta":"","header-below-stick-meta":"","astra-migrate-meta-layouts":"default","ast-page-background-enabled":"default","ast-page-background-meta":{"desktop":{"background-color":"var(--ast-global-color-4)","background-image":"","background-repeat":"repeat","background-position":"center center","background-size":"auto","background-attachment":"scroll","background-type":"","background-media":"","overlay-type":"","overlay-color":"","overlay-opacity":"","overlay-gradient":""},"tablet":{"background-color":"","background-image":"","background-repeat":"repeat","background-position":"center center","background-size":"auto","background-attachment":"scroll","background-type":"","background-media":"","overlay-type":"","overlay-color":"","overlay-opacity":"","overlay-gradient":""},"mobile":{"background-color":"","background-image":"","background-repeat":"repeat","background-position":"center center","background-size":"auto","background-attachment":"scroll","background-type":"","background-media":"","overlay-type":"","overlay-color":"","overlay-opacity":"","overlay-gradient":""}},"ast-content-background-meta":{"desktop":{"background-color":"var(--ast-global-color-5)","background-image":"","background-repeat":"repeat","background-position":"center center","background-size":"auto","background-attachment":"scroll","background-type":"","background-media":"","overlay-type":"","overlay-color":"","overlay-opacity":"","overlay-gradient":""},"tablet":{"background-color":"var(--ast-global-color-5)","background-image":"","background-repeat":"repeat","background-position":"center center","background-size":"auto","background-attachment":"scroll","background-type":"","background-media":"","overlay-type":"","overlay-color":"","overlay-opacity":"","overlay-gradient":""},"mobile":{"background-color":"var(--ast-global-color-5)","background-image":"","background-repeat":"repeat","background-position":"center center","background-size":"auto","background-attachment":"scroll","background-type":"","background-media":"","overlay-type":"","overlay-color":"","overlay-opacity":"","overlay-gradient":""}},"footnotes":""},"categories":[8],"tags":[3885,37426,37428],"class_list":["post-97733","post","type-post","status-publish","format-standard","has-post-thumbnail","hentry","category-noticias","tag-mario-vargas-llosa","tag-vargas-llosa-en-madrid","tag-vargas-llosa-y-la-vejez"],"_links":{"self":[{"href":"https:\/\/losperiodistas.com.mx\/portal\/wp-json\/wp\/v2\/posts\/97733","targetHints":{"allow":["GET"]}}],"collection":[{"href":"https:\/\/losperiodistas.com.mx\/portal\/wp-json\/wp\/v2\/posts"}],"about":[{"href":"https:\/\/losperiodistas.com.mx\/portal\/wp-json\/wp\/v2\/types\/post"}],"author":[{"embeddable":true,"href":"https:\/\/losperiodistas.com.mx\/portal\/wp-json\/wp\/v2\/users\/1"}],"replies":[{"embeddable":true,"href":"https:\/\/losperiodistas.com.mx\/portal\/wp-json\/wp\/v2\/comments?post=97733"}],"version-history":[{"count":1,"href":"https:\/\/losperiodistas.com.mx\/portal\/wp-json\/wp\/v2\/posts\/97733\/revisions"}],"predecessor-version":[{"id":97744,"href":"https:\/\/losperiodistas.com.mx\/portal\/wp-json\/wp\/v2\/posts\/97733\/revisions\/97744"}],"wp:featuredmedia":[{"embeddable":true,"href":"https:\/\/losperiodistas.com.mx\/portal\/wp-json\/wp\/v2\/media\/97734"}],"wp:attachment":[{"href":"https:\/\/losperiodistas.com.mx\/portal\/wp-json\/wp\/v2\/media?parent=97733"}],"wp:term":[{"taxonomy":"category","embeddable":true,"href":"https:\/\/losperiodistas.com.mx\/portal\/wp-json\/wp\/v2\/categories?post=97733"},{"taxonomy":"post_tag","embeddable":true,"href":"https:\/\/losperiodistas.com.mx\/portal\/wp-json\/wp\/v2\/tags?post=97733"}],"curies":[{"name":"wp","href":"https:\/\/api.w.org\/{rel}","templated":true}]}}