{"id":97730,"date":"2025-04-14T01:31:44","date_gmt":"2025-04-14T07:31:44","guid":{"rendered":"https:\/\/losperiodistas.com.mx\/portal\/?p=97730"},"modified":"2025-04-14T01:31:46","modified_gmt":"2025-04-14T07:31:46","slug":"vargas-llosa-y-los-toros-la-defensa-de-la-libertad-y-el-derecho-a-la-diferencia-cultural-frente-a-la-censura-el-mundo","status":"publish","type":"post","link":"https:\/\/losperiodistas.com.mx\/portal\/vargas-llosa-y-los-toros-la-defensa-de-la-libertad-y-el-derecho-a-la-diferencia-cultural-frente-a-la-censura-el-mundo\/","title":{"rendered":"Vargas Llosa y los toros: la defensa de la libertad y el derecho a la diferencia cultural frente a la censura | El Mundo"},"content":{"rendered":"\n<p>Le distinguimos en 2010 con el premio Paquiro de EL MUNDO,&nbsp;<em>ex aequo<\/em>&nbsp;con Pere Gimferrer, y \u00e9l mismo se lo entreg\u00f3, como antorcha de la libertad, a Roca Rey en 2019<\/p>\n\n\n\n<figure class=\"wp-block-image size-large\"><img fetchpriority=\"high\" decoding=\"async\" width=\"1024\" height=\"682\" src=\"https:\/\/losperiodistas.com.mx\/portal\/wp-content\/uploads\/2025\/04\/17446119287942-1-1024x682.jpeg\" alt=\"\" class=\"wp-image-97731\" srcset=\"https:\/\/losperiodistas.com.mx\/portal\/wp-content\/uploads\/2025\/04\/17446119287942-1-1024x682.jpeg 1024w, https:\/\/losperiodistas.com.mx\/portal\/wp-content\/uploads\/2025\/04\/17446119287942-1-300x200.jpeg 300w, https:\/\/losperiodistas.com.mx\/portal\/wp-content\/uploads\/2025\/04\/17446119287942-1-768x512.jpeg 768w, https:\/\/losperiodistas.com.mx\/portal\/wp-content\/uploads\/2025\/04\/17446119287942-1.jpeg 1220w\" sizes=\"(max-width: 1024px) 100vw, 1024px\" \/><figcaption class=\"wp-element-caption\">Vargas Llosa entrega a Roca Rey el Premio Paquiro de EL MUNDO 2019<\/figcaption><\/figure>\n\n\n\n<p><a href=\"https:\/\/www.elmundo.es\/autor\/zabala-de-la-serna.html\"><br><\/a><strong><a href=\"https:\/\/www.elmundo.es\/autor\/zabala-de-la-serna.html\">Zabala de la Serna<\/a> \/ El Mundo<\/strong><\/p>\n\n\n\n<p><\/p>\n\n\n\n<ul class=\"wp-block-list\">\n<li><strong>Galard\u00f3n<\/strong><a href=\"https:\/\/www.elmundo.es\/cultura\/toros\/2019\/03\/04\/5c7d9bf121efa05e678b45a3.html\">\u00a0Vargas Llosa corona a Roca Rey con el X Paquiro<\/a><\/li>\n\n\n\n<li><strong>Distinci\u00f3n<\/strong><a href=\"https:\/\/www.elmundo.es\/elmundo\/2010\/11\/17\/toros\/1290011906.html\">\u00a0Ex aequoGimferrer y Vargas Llosa, Premio Paquiro de EL MUNDO<\/a><\/li>\n<\/ul>\n\n\n\n<p>En tiempos de zozobra para la fiesta brava, cuando lo pol\u00edticamente correcto amenazaba con arrasarlo todo,<strong>&nbsp;la voz de Vargas Llosa siempre se alz\u00f3 entre las voces como dique de contenci\u00f3n<\/strong>. Ninguna resonaba como la suya, con esa autoridad, hondura intelectual y valent\u00eda sin complejos. No hablamos de un aficionado ocasional ni de un converso tard\u00edo; hablamos de un compromiso vital, de una defensa razonada y apasionada que hunde sus ra\u00edces en la su concepci\u00f3n del mundo, del arte y de la libertad.<\/p>\n\n\n\n<p>Que un Premio Nobel de Literatura, un tit\u00e1n de las letras universales, dedicase&nbsp;<strong>tiempo, reflexi\u00f3n y tinta<\/strong>&nbsp;a defender la tauromaquia fue un privilegio may\u00fasculo. Es un ment\u00eds rotundo a quienes pretenden confinar la tauromaquia en el rinc\u00f3n de la barbarie<strong>. Llosa entendi\u00f3 como pocos la dimensi\u00f3n trascendente<\/strong>&nbsp;de lo que ocurre en el ruedo, el puente que vertebra Espa\u00f1a y Am\u00e9rica, la historia de dos mundos<\/p>\n\n\n\n<p>No se quedaba Vargas Llosa en la superficie del espect\u00e1culo. Su defensa era un alegato profundo que apelaba a<strong>&nbsp;la \u00e9tica, a la est\u00e9tica y, sobre todo, a la libertad<\/strong>. Supo ver y explicar que la tauromaquia no es solo el combate entre un hombre y un toro bravo, sino una compleja manifestaci\u00f3n cultural, un arte ef\u00edmero y tr\u00e1gico cargado de simbolismo, belleza y verdad. Por todo ello le distinguimos en 2010 con el premio Paquiro de EL MUNDO,&nbsp;<em>ex aequo<\/em>&nbsp;con Pere Gimferrer, y por eso mismo se lo entreg\u00f3, como antorcha de la libertad, a Roca Rey en 2019, en Las Ventas, epicentro de la tauromaquia.<\/p>\n\n\n\n<p>Frente al simplismo del argumentario animalista, que ignora deliberadamente la ecolog\u00eda del toro de lidia y la \u00e9tica intr\u00ednseca del ritual taurino, Vargas Llosa opon\u00eda su complejidad.&nbsp;<strong>Recordaba que las culturas son diversas<\/strong>, que no se pueden juzgar con los anteojos miopes de una moral urbana y uniformadora que aspira a erradicar toda diferencia, toda sombra, toda pasi\u00f3n que escape a su control. Defender los toros, para \u00e9l, era defender el derecho a la diferencia, la libertad de expresi\u00f3n cultural frente a la censura y la prohibici\u00f3n.<\/p>\n\n\n\n<p>Escribi\u00f3 sobre la liturgia de la corrida, sobre la danza mortal entre el torero y la bestia.&nbsp;<strong>No rehuy\u00f3 la dureza del espect\u00e1culo<\/strong>, pero la enmarcaba en su contexto ritual y art\u00edstico, lejos de la sensibler\u00eda que tanto abunda. La presencia de Vargas Llosa en los tendidos de Madrid, de Sevilla o de Acho sucedi\u00f3 en los \u00faltimos tiempos en pos de Roca Rey, esa satisfacci\u00f3n \u00edntima de contemplar a un peruano en lo m\u00e1s alto del toreo. Su figura en la barrera era, en s\u00ed misma, un argumento.<\/p>\n\n\n\n<p>En un panorama donde tantos intelectuales guardan un<strong>&nbsp;silencio c\u00f3mplice o se suman al coro de la condena f\u00e1cil<\/strong>, la voz clara y contundente de Mario Vargas Llosa se erigi\u00f3 como un faro que nos recuerda que la defensa de la tauromaquia no es una nostalgia reaccionaria, sino una apuesta por la riqueza cultural, por la libertad individual y por la permanencia de ritos. La tauromaquias, pese a quien pese, siguen interpelando al hombre contempor\u00e1neo.&nbsp;<strong>Y lo hace, o lo hizo, con la inteligencia, la prosa y la voz de Mario Vargas Llosa<\/strong>.<\/p>\n\n\n\n<p>Fuente: <a href=\"https:\/\/www.elmundo.es\/cultura\/toros\/2025\/04\/14\/67fcac0efc6c8324528b4571.html\">https:\/\/www.elmundo.es\/cultura\/toros\/2025\/04\/14\/67fcac0efc6c8324528b4571.html<\/a><\/p>\n\n\n\n<p><\/p>\n","protected":false},"excerpt":{"rendered":"<p>Le distinguimos en 2010 con el premio Paquiro de EL MUNDO,&nbsp;ex aequo&nbsp;con Pere Gimferrer, y \u00e9l mismo se lo entreg\u00f3, [&hellip;]<\/p>\n","protected":false},"author":1,"featured_media":97746,"comment_status":"open","ping_status":"open","sticky":false,"template":"","format":"standard","meta":{"site-sidebar-layout":"default","site-content-layout":"","ast-site-content-layout":"default","site-content-style":"default","site-sidebar-style":"default","ast-global-header-display":"","ast-banner-title-visibility":"","ast-main-header-display":"","ast-hfb-above-header-display":"","ast-hfb-below-header-display":"","ast-hfb-mobile-header-display":"","site-post-title":"","ast-breadcrumbs-content":"","ast-featured-img":"","footer-sml-layout":"","theme-transparent-header-meta":"","adv-header-id-meta":"","stick-header-meta":"","header-above-stick-meta":"","header-main-stick-meta":"","header-below-stick-meta":"","astra-migrate-meta-layouts":"default","ast-page-background-enabled":"default","ast-page-background-meta":{"desktop":{"background-color":"var(--ast-global-color-4)","background-image":"","background-repeat":"repeat","background-position":"center center","background-size":"auto","background-attachment":"scroll","background-type":"","background-media":"","overlay-type":"","overlay-color":"","overlay-opacity":"","overlay-gradient":""},"tablet":{"background-color":"","background-image":"","background-repeat":"repeat","background-position":"center center","background-size":"auto","background-attachment":"scroll","background-type":"","background-media":"","overlay-type":"","overlay-color":"","overlay-opacity":"","overlay-gradient":""},"mobile":{"background-color":"","background-image":"","background-repeat":"repeat","background-position":"center center","background-size":"auto","background-attachment":"scroll","background-type":"","background-media":"","overlay-type":"","overlay-color":"","overlay-opacity":"","overlay-gradient":""}},"ast-content-background-meta":{"desktop":{"background-color":"var(--ast-global-color-5)","background-image":"","background-repeat":"repeat","background-position":"center center","background-size":"auto","background-attachment":"scroll","background-type":"","background-media":"","overlay-type":"","overlay-color":"","overlay-opacity":"","overlay-gradient":""},"tablet":{"background-color":"var(--ast-global-color-5)","background-image":"","background-repeat":"repeat","background-position":"center center","background-size":"auto","background-attachment":"scroll","background-type":"","background-media":"","overlay-type":"","overlay-color":"","overlay-opacity":"","overlay-gradient":""},"mobile":{"background-color":"var(--ast-global-color-5)","background-image":"","background-repeat":"repeat","background-position":"center center","background-size":"auto","background-attachment":"scroll","background-type":"","background-media":"","overlay-type":"","overlay-color":"","overlay-opacity":"","overlay-gradient":""}},"footnotes":""},"categories":[8],"tags":[21890,37429],"class_list":["post-97730","post","type-post","status-publish","format-standard","has-post-thumbnail","hentry","category-noticias","tag-roca-rey","tag-vargas-llosa-y-los-toros"],"_links":{"self":[{"href":"https:\/\/losperiodistas.com.mx\/portal\/wp-json\/wp\/v2\/posts\/97730","targetHints":{"allow":["GET"]}}],"collection":[{"href":"https:\/\/losperiodistas.com.mx\/portal\/wp-json\/wp\/v2\/posts"}],"about":[{"href":"https:\/\/losperiodistas.com.mx\/portal\/wp-json\/wp\/v2\/types\/post"}],"author":[{"embeddable":true,"href":"https:\/\/losperiodistas.com.mx\/portal\/wp-json\/wp\/v2\/users\/1"}],"replies":[{"embeddable":true,"href":"https:\/\/losperiodistas.com.mx\/portal\/wp-json\/wp\/v2\/comments?post=97730"}],"version-history":[{"count":2,"href":"https:\/\/losperiodistas.com.mx\/portal\/wp-json\/wp\/v2\/posts\/97730\/revisions"}],"predecessor-version":[{"id":97747,"href":"https:\/\/losperiodistas.com.mx\/portal\/wp-json\/wp\/v2\/posts\/97730\/revisions\/97747"}],"wp:featuredmedia":[{"embeddable":true,"href":"https:\/\/losperiodistas.com.mx\/portal\/wp-json\/wp\/v2\/media\/97746"}],"wp:attachment":[{"href":"https:\/\/losperiodistas.com.mx\/portal\/wp-json\/wp\/v2\/media?parent=97730"}],"wp:term":[{"taxonomy":"category","embeddable":true,"href":"https:\/\/losperiodistas.com.mx\/portal\/wp-json\/wp\/v2\/categories?post=97730"},{"taxonomy":"post_tag","embeddable":true,"href":"https:\/\/losperiodistas.com.mx\/portal\/wp-json\/wp\/v2\/tags?post=97730"}],"curies":[{"name":"wp","href":"https:\/\/api.w.org\/{rel}","templated":true}]}}